{"id":44946,"date":"2025-09-02T13:21:26","date_gmt":"2025-09-02T16:21:26","guid":{"rendered":"https:\/\/newsinfoco.com.br\/inicio\/?p=44946"},"modified":"2025-09-02T13:22:25","modified_gmt":"2025-09-02T16:22:25","slug":"moraes-diz-que-stf-nao-aceitara-coacoes-durante-julgamento-de-bolsonaro","status":"publish","type":"post","link":"https:\/\/newsinfoco.com.br\/inicio\/moraes-diz-que-stf-nao-aceitara-coacoes-durante-julgamento-de-bolsonaro\/","title":{"rendered":"Moraes diz que STF \u2018n\u00e3o aceitar\u00e1 coa\u00e7\u00f5es\u2019 durante julgamento de Bolsonaro"},"content":{"rendered":"<p>O ministro Alexandre de Moraes, do Supremo Tribunal Federal (STF), afirmou na manh\u00e3 desta ter\u00e7a-feira, 2, na\u00a0<a href=\"https:\/\/bahia.ba\/politica\/stf-julgamento-de-bolsonaro-e-outros-sete-reus-pela-trama-golpista-comeca-hoje\/\" target=\"_blank\" rel=\"noopener\"><strong>abertura do julgamento do ex-presidente Jair Bolsonaro (PL) e outros setes r\u00e9us<\/strong>\u00a0<\/a>por tentativa de golpe de Estado que \u201cn\u00e3o aceitar\u00e1 coa\u00e7\u00e3o\u201d no curso do processo judicial. No in\u00edcio da leitura do seu relat\u00f3rio, o magistrado mencionou o papel da Corte perante a sociedade.<\/p>\n<p>\u201cEsse \u00e9 o papel do Supremo Tribunal Federal, julgar com imparcialidade e aplicar a Justi\u00e7a a cada um dos casos concretos. Independentemente de amea\u00e7as ou coa\u00e7\u00f5es. Ignorando press\u00f5es internas ou externas\u201d, afirmou Moraes.<\/p>\n<p>As declara\u00e7\u00f5es do ministro faz uma refer\u00eancia indireta a tentativa de interfer\u00eancia do presidente americano Donald Trump no caso, que aumentou a sobretaxa de exporta\u00e7\u00e3o dos produtos brasileiros, sob justificativa de \u201cca\u00e7a \u00e0s bruxas\u201d do magistrado contra o ex-presidente.<\/p>\n<p>Ap\u00f3s o rito tradicional feito pelo presidente da Primeira Turma da Corte, ministro Cristiano Zanin, Moraes iniciou a leitura do seu parecer final sobre a trama golpista ap\u00f3s as elei\u00e7\u00f5es de 2022, tendo o seu \u00e1pice na invas\u00e3o do pr\u00e9dio dos Tr\u00eas Poderes, no dia 8 de janeiro de 2023.<\/p>\n<p>Na ocais\u00e3o, o magistrado ainda chamou as interfer\u00eancias no processo como \u201cmaneira covarde e trai\u00e7oeira na tentativa de tentar coagir\u201d \u00e0 Corte, mencionando uma organiza\u00e7\u00e3o criminosa que tentou \u201csubmeter o funcionamento da Corte ao crivo de outro estado estrangeiro\u201d.<\/p>\n<p>\u201cLamentavelmente, no curso dessa a\u00e7\u00e3o penal, se constatou a exist\u00eancia de condutas dolosas e conscientes de uma verdadeira organiza\u00e7\u00e3o criminosa, de maneira jamais vista em nosso pa\u00eds passou a agir de maneira covarde e trai\u00e7oeira na tentativa de tentar coagir o sistema Judici\u00e1rio, em especial, esse Supremo Tribunal Federal e submeter o funcionamento da Corte ao crivo de outro estado estrangeiro\u201d, disse o ministro.<\/p>\n<p>As a\u00e7\u00f5es dos Estados Unidos (EUA) contra o Brasil e o sistema Judici\u00e1rio ainda teve apoio do deputado federal licenciado Eduardo Bolsonaro (PL-SP), que pediu para se afastar do mandato para residir no pa\u00eds. Ao fixar resid\u00eancia no local, o filho do ex-preisdente instigou o chefe da Casa Branca a adotar san\u00e7\u00f5es ao pa\u00eds de Lula (PT), incluindo a aplica\u00e7\u00e3o da\u00a0<a href=\"https:\/\/bahia.ba\/politica\/cartao-de-credito-de-moraes-e-bloqueado-apos-sancoes-da-lei-magnitsky\/\" target=\"_blank\" rel=\"noopener\"><strong>Lei Magnitsky contra Moraes.<\/strong><\/a><\/p>\n<p>Apesar disso, o magistrado afirmou que o STF conduzir\u00e1 o julgamento de forma \u201cimparcial\u201d.<\/p>\n<p>\u201cEssa coa\u00e7\u00e3o, essa tentativa de obstru\u00e7\u00e3o, elas n\u00e3o afetaram a imparcialidade e a independ\u00eancia desses ju\u00edzes do Supremo Tribunal Federal que dar\u00e3o, como estamos dando hoje, a normal sequ\u00eancia do processo legal que \u00e9 acompanhado por toda a sociedade e a imprensa brasileira. Publicidade e transpar\u00eancia que n\u00e3o encontram em nenhuma Corte do mundo\u201d.<\/p>\n<p>O julgamento por tentativa de golpe de Estado segue o cronograma, com a leitura do relat\u00f3rio de Alexandre de Moraes, seguido pela fala do procurador-geral da Rep\u00fablica (PGR), Paulo Gonet.<\/p>\n<p><b>Crimes que ser\u00e3o julgados<\/b><\/p>\n<p>Bolsonaro e os demais integrantes respondem por at\u00e9 cinco crimes, s\u00e3o eles:<\/p>\n<p>Organiza\u00e7\u00e3o criminosa armada;<\/p>\n<p>Tentativa de aboli\u00e7\u00e3o violenta do Estado Democr\u00e1tico de Direito;<\/p>\n<p>Golpe de Estado;<\/p>\n<p>Dano qualificado pela viol\u00eancia e grave amea\u00e7a;<\/p>\n<p>Deteriora\u00e7\u00e3o de patrim\u00f4nio tombado.<\/p>\n<p><b>Saiba quem s\u00e3o os r\u00e9us<\/b><\/p>\n<p>Jair Bolsonaro, ex-presidente;<\/p>\n<p>Alexandre Ramagem, ex-diretor da Abin;<\/p>\n<p>Almir Garnier, ex-comandante da Marinha;<\/p>\n<p>Anderson Torres, ex-ministro da Justi\u00e7a;<\/p>\n<p>Augusto Heleno, ex-ministro do GSI;<\/p>\n<p>Mauro Cid, ex-ajudante de ordens da Presid\u00eancia;<\/p>\n<div>\n<div>\n<div class=\"trv-player-container\">\n<div class=\"trv-wrapper\">\n<div id=\"br_video_player_6430b34e738af24c399cf4e8b908579dc3c659f9\" class=\"trvd_video_player trvdinstream\">\n<div class=\"media-player\">\n<div class=\"trv-video\">\n<div id=\"truvid_ima_container88890\" class=\"truvid_ima_container\">\n<div>\n<div>\n<p>Paulo S\u00e9rgio Nogueira, ex-ministro da Defesa;<\/p>\n<div class=\"conteudo_post\">\n<p>Walter Braga Netto, ex-ministro da Casa Civil.<\/p>\n<\/div>\n<div class=\"ui items\">\n<div class=\"item\">Bahia.Ba<\/div>\n<\/div>\n<\/div>\n<\/div>\n<\/div>\n<\/div>\n<\/div>\n<\/div>\n<\/div>\n<\/div>\n<\/div>\n<\/div>\n<div class='share-to-whatsapp-wrapper'><div class='share-on-whsp'>Share on: <\/div><a data-text='Moraes diz que STF \u2018n\u00e3o aceitar\u00e1 coa\u00e7\u00f5es\u2019 durante julgamento de Bolsonaro' data-link='https:\/\/newsinfoco.com.br\/inicio\/moraes-diz-que-stf-nao-aceitara-coacoes-durante-julgamento-de-bolsonaro\/' class='whatsapp-button whatsapp-share'>WhatsApp<\/a><div class='clear '><\/div><\/div>","protected":false},"excerpt":{"rendered":"<p>O ministro Alexandre de Moraes, do Supremo Tribunal Federal (STF), afirmou na manh\u00e3 desta ter\u00e7a-feira, 2, na\u00a0abertura do julgamento do ex-presidente Jair Bolsonaro (PL) e outros setes r\u00e9us\u00a0por tentativa de golpe de Estado que \u201cn\u00e3o aceitar\u00e1 coa\u00e7\u00e3o\u201d no curso do processo judicial. No in\u00edcio da leitura do seu relat\u00f3rio, o magistrado mencionou o papel da [&hellip;]<\/p>\n","protected":false},"author":1,"featured_media":44947,"comment_status":"closed","ping_status":"closed","sticky":false,"template":"","format":"standard","meta":{"om_disable_all_campaigns":false,"rop_custom_images_group":[],"rop_custom_messages_group":[],"rop_publish_now":"initial","rop_publish_now_accounts":[],"rop_publish_now_history":[],"rop_publish_now_status":"pending","_exactmetrics_skip_tracking":false,"footnotes":""},"categories":[21],"tags":[],"class_list":["post-44946","post","type-post","status-publish","format-standard","has-post-thumbnail","hentry","category-brasil"],"aioseo_notices":[],"aioseo_head":"\n\t\t<!-- All in One SEO 4.9.10 - aioseo.com -->\n\t<meta name=\"description\" content=\"O ministro Alexandre de Moraes, do Supremo Tribunal Federal (STF), afirmou na manh\u00e3 desta ter\u00e7a-feira, 2, na abertura do julgamento do ex-presidente Jair Bolsonaro (PL) e outros setes r\u00e9us por tentativa de golpe de Estado que \u201cn\u00e3o aceitar\u00e1 coa\u00e7\u00e3o\u201d no curso do processo judicial. No in\u00edcio da leitura do seu relat\u00f3rio, o magistrado mencionou o papel da\" \/>\n\t<meta name=\"robots\" content=\"max-image-preview:large\" \/>\n\t<meta name=\"author\" content=\"administrador\"\/>\n\t<link rel=\"canonical\" href=\"https:\/\/newsinfoco.com.br\/inicio\/moraes-diz-que-stf-nao-aceitara-coacoes-durante-julgamento-de-bolsonaro\/\" \/>\n\t<meta name=\"generator\" content=\"All in One SEO (AIOSEO) 4.9.10\" \/>\n\t\t<meta property=\"og:locale\" content=\"pt_BR\" \/>\n\t\t<meta property=\"og:site_name\" content=\"News In Foco - Editado por Caio Pimenta - O principal site de noticias de Alagoinhas e regi\u00e3o\" \/>\n\t\t<meta property=\"og:type\" content=\"article\" \/>\n\t\t<meta property=\"og:title\" content=\"Moraes diz que STF \u2018n\u00e3o aceitar\u00e1 coa\u00e7\u00f5es\u2019 durante julgamento de Bolsonaro - News In Foco - Editado por Caio Pimenta\" \/>\n\t\t<meta property=\"og:description\" content=\"O ministro Alexandre de Moraes, do Supremo Tribunal Federal (STF), afirmou na manh\u00e3 desta ter\u00e7a-feira, 2, na abertura do julgamento do ex-presidente Jair Bolsonaro (PL) e outros setes r\u00e9us por tentativa de golpe de Estado que \u201cn\u00e3o aceitar\u00e1 coa\u00e7\u00e3o\u201d no curso do processo judicial. No in\u00edcio da leitura do seu relat\u00f3rio, o magistrado mencionou o papel da\" \/>\n\t\t<meta property=\"og:url\" content=\"https:\/\/newsinfoco.com.br\/inicio\/moraes-diz-que-stf-nao-aceitara-coacoes-durante-julgamento-de-bolsonaro\/\" \/>\n\t\t<meta property=\"article:published_time\" content=\"2025-09-02T16:21:26+00:00\" \/>\n\t\t<meta property=\"article:modified_time\" content=\"2025-09-02T16:22:25+00:00\" \/>\n\t\t<meta name=\"twitter:card\" content=\"summary_large_image\" \/>\n\t\t<meta name=\"twitter:title\" content=\"Moraes diz que STF \u2018n\u00e3o aceitar\u00e1 coa\u00e7\u00f5es\u2019 durante julgamento de Bolsonaro - News In Foco - Editado por Caio Pimenta\" \/>\n\t\t<meta name=\"twitter:description\" content=\"O ministro Alexandre de Moraes, do Supremo Tribunal Federal (STF), afirmou na manh\u00e3 desta ter\u00e7a-feira, 2, na abertura do julgamento do ex-presidente Jair Bolsonaro (PL) e outros setes r\u00e9us por tentativa de golpe de Estado que \u201cn\u00e3o aceitar\u00e1 coa\u00e7\u00e3o\u201d no curso do processo judicial. No in\u00edcio da leitura do seu relat\u00f3rio, o magistrado mencionou o papel da\" \/>\n\t\t<script type=\"application\/ld+json\" class=\"aioseo-schema\">\n\t\t\t{\"@context\":\"https:\\\/\\\/schema.org\",\"@graph\":[{\"@type\":\"BlogPosting\",\"@id\":\"https:\\\/\\\/newsinfoco.com.br\\\/inicio\\\/moraes-diz-que-stf-nao-aceitara-coacoes-durante-julgamento-de-bolsonaro\\\/#blogposting\",\"name\":\"Moraes diz que STF \\u2018n\\u00e3o aceitar\\u00e1 coa\\u00e7\\u00f5es\\u2019 durante julgamento de Bolsonaro - News In Foco - Editado por Caio Pimenta\",\"headline\":\"Moraes diz que STF \\u2018n\\u00e3o aceitar\\u00e1 coa\\u00e7\\u00f5es\\u2019 durante julgamento de Bolsonaro\",\"author\":{\"@id\":\"https:\\\/\\\/newsinfoco.com.br\\\/inicio\\\/author\\\/administrador\\\/#author\"},\"publisher\":{\"@id\":\"https:\\\/\\\/newsinfoco.com.br\\\/inicio\\\/#organization\"},\"image\":{\"@type\":\"ImageObject\",\"url\":\"https:\\\/\\\/newsinfoco.com.br\\\/inicio\\\/wp-content\\\/uploads\\\/2025\\\/09\\\/ministro-Alexandre-de-Moraes.jpg\",\"width\":600,\"height\":420},\"datePublished\":\"2025-09-02T13:21:26-03:00\",\"dateModified\":\"2025-09-02T13:22:25-03:00\",\"inLanguage\":\"pt-BR\",\"mainEntityOfPage\":{\"@id\":\"https:\\\/\\\/newsinfoco.com.br\\\/inicio\\\/moraes-diz-que-stf-nao-aceitara-coacoes-durante-julgamento-de-bolsonaro\\\/#webpage\"},\"isPartOf\":{\"@id\":\"https:\\\/\\\/newsinfoco.com.br\\\/inicio\\\/moraes-diz-que-stf-nao-aceitara-coacoes-durante-julgamento-de-bolsonaro\\\/#webpage\"},\"articleSection\":\"Brasil\"},{\"@type\":\"BreadcrumbList\",\"@id\":\"https:\\\/\\\/newsinfoco.com.br\\\/inicio\\\/moraes-diz-que-stf-nao-aceitara-coacoes-durante-julgamento-de-bolsonaro\\\/#breadcrumblist\",\"itemListElement\":[{\"@type\":\"ListItem\",\"@id\":\"https:\\\/\\\/newsinfoco.com.br\\\/inicio#listItem\",\"position\":1,\"name\":\"In\\u00edcio\",\"item\":\"https:\\\/\\\/newsinfoco.com.br\\\/inicio\",\"nextItem\":{\"@type\":\"ListItem\",\"@id\":\"https:\\\/\\\/newsinfoco.com.br\\\/inicio\\\/category\\\/brasil\\\/#listItem\",\"name\":\"Brasil\"}},{\"@type\":\"ListItem\",\"@id\":\"https:\\\/\\\/newsinfoco.com.br\\\/inicio\\\/category\\\/brasil\\\/#listItem\",\"position\":2,\"name\":\"Brasil\",\"item\":\"https:\\\/\\\/newsinfoco.com.br\\\/inicio\\\/category\\\/brasil\\\/\",\"nextItem\":{\"@type\":\"ListItem\",\"@id\":\"https:\\\/\\\/newsinfoco.com.br\\\/inicio\\\/moraes-diz-que-stf-nao-aceitara-coacoes-durante-julgamento-de-bolsonaro\\\/#listItem\",\"name\":\"Moraes diz que STF \\u2018n\\u00e3o aceitar\\u00e1 coa\\u00e7\\u00f5es\\u2019 durante julgamento de Bolsonaro\"},\"previousItem\":{\"@type\":\"ListItem\",\"@id\":\"https:\\\/\\\/newsinfoco.com.br\\\/inicio#listItem\",\"name\":\"In\\u00edcio\"}},{\"@type\":\"ListItem\",\"@id\":\"https:\\\/\\\/newsinfoco.com.br\\\/inicio\\\/moraes-diz-que-stf-nao-aceitara-coacoes-durante-julgamento-de-bolsonaro\\\/#listItem\",\"position\":3,\"name\":\"Moraes diz que STF \\u2018n\\u00e3o aceitar\\u00e1 coa\\u00e7\\u00f5es\\u2019 durante julgamento de Bolsonaro\",\"previousItem\":{\"@type\":\"ListItem\",\"@id\":\"https:\\\/\\\/newsinfoco.com.br\\\/inicio\\\/category\\\/brasil\\\/#listItem\",\"name\":\"Brasil\"}}]},{\"@type\":\"Organization\",\"@id\":\"https:\\\/\\\/newsinfoco.com.br\\\/inicio\\\/#organization\",\"name\":\"News In Foco - Editado por Caio Pimenta\",\"description\":\"O principal site de noticias de Alagoinhas e regi\\u00e3o\",\"url\":\"https:\\\/\\\/newsinfoco.com.br\\\/inicio\\\/\"},{\"@type\":\"Person\",\"@id\":\"https:\\\/\\\/newsinfoco.com.br\\\/inicio\\\/author\\\/administrador\\\/#author\",\"url\":\"https:\\\/\\\/newsinfoco.com.br\\\/inicio\\\/author\\\/administrador\\\/\",\"name\":\"administrador\",\"image\":{\"@type\":\"ImageObject\",\"@id\":\"https:\\\/\\\/newsinfoco.com.br\\\/inicio\\\/moraes-diz-que-stf-nao-aceitara-coacoes-durante-julgamento-de-bolsonaro\\\/#authorImage\",\"url\":\"https:\\\/\\\/secure.gravatar.com\\\/avatar\\\/c17a617433de8c1dc9584bb79aab7563b46f5bb7e1728c9b17d9cc3ce6a08e49?s=96&d=mm&r=g\",\"width\":96,\"height\":96,\"caption\":\"administrador\"}},{\"@type\":\"WebPage\",\"@id\":\"https:\\\/\\\/newsinfoco.com.br\\\/inicio\\\/moraes-diz-que-stf-nao-aceitara-coacoes-durante-julgamento-de-bolsonaro\\\/#webpage\",\"url\":\"https:\\\/\\\/newsinfoco.com.br\\\/inicio\\\/moraes-diz-que-stf-nao-aceitara-coacoes-durante-julgamento-de-bolsonaro\\\/\",\"name\":\"Moraes diz que STF \\u2018n\\u00e3o aceitar\\u00e1 coa\\u00e7\\u00f5es\\u2019 durante julgamento de Bolsonaro - News In Foco - Editado por Caio Pimenta\",\"description\":\"O ministro Alexandre de Moraes, do Supremo Tribunal Federal (STF), afirmou na manh\\u00e3 desta ter\\u00e7a-feira, 2, na abertura do julgamento do ex-presidente Jair Bolsonaro (PL) e outros setes r\\u00e9us por tentativa de golpe de Estado que \\u201cn\\u00e3o aceitar\\u00e1 coa\\u00e7\\u00e3o\\u201d no curso do processo judicial. No in\\u00edcio da leitura do seu relat\\u00f3rio, o magistrado mencionou o papel da\",\"inLanguage\":\"pt-BR\",\"isPartOf\":{\"@id\":\"https:\\\/\\\/newsinfoco.com.br\\\/inicio\\\/#website\"},\"breadcrumb\":{\"@id\":\"https:\\\/\\\/newsinfoco.com.br\\\/inicio\\\/moraes-diz-que-stf-nao-aceitara-coacoes-durante-julgamento-de-bolsonaro\\\/#breadcrumblist\"},\"author\":{\"@id\":\"https:\\\/\\\/newsinfoco.com.br\\\/inicio\\\/author\\\/administrador\\\/#author\"},\"creator\":{\"@id\":\"https:\\\/\\\/newsinfoco.com.br\\\/inicio\\\/author\\\/administrador\\\/#author\"},\"image\":{\"@type\":\"ImageObject\",\"url\":\"https:\\\/\\\/newsinfoco.com.br\\\/inicio\\\/wp-content\\\/uploads\\\/2025\\\/09\\\/ministro-Alexandre-de-Moraes.jpg\",\"@id\":\"https:\\\/\\\/newsinfoco.com.br\\\/inicio\\\/moraes-diz-que-stf-nao-aceitara-coacoes-durante-julgamento-de-bolsonaro\\\/#mainImage\",\"width\":600,\"height\":420},\"primaryImageOfPage\":{\"@id\":\"https:\\\/\\\/newsinfoco.com.br\\\/inicio\\\/moraes-diz-que-stf-nao-aceitara-coacoes-durante-julgamento-de-bolsonaro\\\/#mainImage\"},\"datePublished\":\"2025-09-02T13:21:26-03:00\",\"dateModified\":\"2025-09-02T13:22:25-03:00\"},{\"@type\":\"WebSite\",\"@id\":\"https:\\\/\\\/newsinfoco.com.br\\\/inicio\\\/#website\",\"url\":\"https:\\\/\\\/newsinfoco.com.br\\\/inicio\\\/\",\"name\":\"News In Foco - Editado por Caio Pimenta\",\"description\":\"O principal site de noticias de Alagoinhas e regi\\u00e3o\",\"inLanguage\":\"pt-BR\",\"publisher\":{\"@id\":\"https:\\\/\\\/newsinfoco.com.br\\\/inicio\\\/#organization\"}}]}\n\t\t<\/script>\n\t\t<!-- All in One SEO -->\n\n","aioseo_head_json":{"title":"Moraes diz que STF \u2018n\u00e3o aceitar\u00e1 coa\u00e7\u00f5es\u2019 durante julgamento de Bolsonaro - News In Foco - Editado por Caio Pimenta","description":"O ministro Alexandre de Moraes, do Supremo Tribunal Federal (STF), afirmou na manh\u00e3 desta ter\u00e7a-feira, 2, na abertura do julgamento do ex-presidente Jair Bolsonaro (PL) e outros setes r\u00e9us por tentativa de golpe de Estado que \u201cn\u00e3o aceitar\u00e1 coa\u00e7\u00e3o\u201d no curso do processo judicial. No in\u00edcio da leitura do seu relat\u00f3rio, o magistrado mencionou o papel da","canonical_url":"https:\/\/newsinfoco.com.br\/inicio\/moraes-diz-que-stf-nao-aceitara-coacoes-durante-julgamento-de-bolsonaro\/","robots":"max-image-preview:large","keywords":"","webmasterTools":{"miscellaneous":""},"schema":{"@context":"https:\/\/schema.org","@graph":[{"@type":"BlogPosting","@id":"https:\/\/newsinfoco.com.br\/inicio\/moraes-diz-que-stf-nao-aceitara-coacoes-durante-julgamento-de-bolsonaro\/#blogposting","name":"Moraes diz que STF \u2018n\u00e3o aceitar\u00e1 coa\u00e7\u00f5es\u2019 durante julgamento de Bolsonaro - News In Foco - Editado por Caio Pimenta","headline":"Moraes diz que STF \u2018n\u00e3o aceitar\u00e1 coa\u00e7\u00f5es\u2019 durante julgamento de Bolsonaro","author":{"@id":"https:\/\/newsinfoco.com.br\/inicio\/author\/administrador\/#author"},"publisher":{"@id":"https:\/\/newsinfoco.com.br\/inicio\/#organization"},"image":{"@type":"ImageObject","url":"https:\/\/newsinfoco.com.br\/inicio\/wp-content\/uploads\/2025\/09\/ministro-Alexandre-de-Moraes.jpg","width":600,"height":420},"datePublished":"2025-09-02T13:21:26-03:00","dateModified":"2025-09-02T13:22:25-03:00","inLanguage":"pt-BR","mainEntityOfPage":{"@id":"https:\/\/newsinfoco.com.br\/inicio\/moraes-diz-que-stf-nao-aceitara-coacoes-durante-julgamento-de-bolsonaro\/#webpage"},"isPartOf":{"@id":"https:\/\/newsinfoco.com.br\/inicio\/moraes-diz-que-stf-nao-aceitara-coacoes-durante-julgamento-de-bolsonaro\/#webpage"},"articleSection":"Brasil"},{"@type":"BreadcrumbList","@id":"https:\/\/newsinfoco.com.br\/inicio\/moraes-diz-que-stf-nao-aceitara-coacoes-durante-julgamento-de-bolsonaro\/#breadcrumblist","itemListElement":[{"@type":"ListItem","@id":"https:\/\/newsinfoco.com.br\/inicio#listItem","position":1,"name":"In\u00edcio","item":"https:\/\/newsinfoco.com.br\/inicio","nextItem":{"@type":"ListItem","@id":"https:\/\/newsinfoco.com.br\/inicio\/category\/brasil\/#listItem","name":"Brasil"}},{"@type":"ListItem","@id":"https:\/\/newsinfoco.com.br\/inicio\/category\/brasil\/#listItem","position":2,"name":"Brasil","item":"https:\/\/newsinfoco.com.br\/inicio\/category\/brasil\/","nextItem":{"@type":"ListItem","@id":"https:\/\/newsinfoco.com.br\/inicio\/moraes-diz-que-stf-nao-aceitara-coacoes-durante-julgamento-de-bolsonaro\/#listItem","name":"Moraes diz que STF \u2018n\u00e3o aceitar\u00e1 coa\u00e7\u00f5es\u2019 durante julgamento de Bolsonaro"},"previousItem":{"@type":"ListItem","@id":"https:\/\/newsinfoco.com.br\/inicio#listItem","name":"In\u00edcio"}},{"@type":"ListItem","@id":"https:\/\/newsinfoco.com.br\/inicio\/moraes-diz-que-stf-nao-aceitara-coacoes-durante-julgamento-de-bolsonaro\/#listItem","position":3,"name":"Moraes diz que STF \u2018n\u00e3o aceitar\u00e1 coa\u00e7\u00f5es\u2019 durante julgamento de Bolsonaro","previousItem":{"@type":"ListItem","@id":"https:\/\/newsinfoco.com.br\/inicio\/category\/brasil\/#listItem","name":"Brasil"}}]},{"@type":"Organization","@id":"https:\/\/newsinfoco.com.br\/inicio\/#organization","name":"News In Foco - Editado por Caio Pimenta","description":"O principal site de noticias de Alagoinhas e regi\u00e3o","url":"https:\/\/newsinfoco.com.br\/inicio\/"},{"@type":"Person","@id":"https:\/\/newsinfoco.com.br\/inicio\/author\/administrador\/#author","url":"https:\/\/newsinfoco.com.br\/inicio\/author\/administrador\/","name":"administrador","image":{"@type":"ImageObject","@id":"https:\/\/newsinfoco.com.br\/inicio\/moraes-diz-que-stf-nao-aceitara-coacoes-durante-julgamento-de-bolsonaro\/#authorImage","url":"https:\/\/secure.gravatar.com\/avatar\/c17a617433de8c1dc9584bb79aab7563b46f5bb7e1728c9b17d9cc3ce6a08e49?s=96&d=mm&r=g","width":96,"height":96,"caption":"administrador"}},{"@type":"WebPage","@id":"https:\/\/newsinfoco.com.br\/inicio\/moraes-diz-que-stf-nao-aceitara-coacoes-durante-julgamento-de-bolsonaro\/#webpage","url":"https:\/\/newsinfoco.com.br\/inicio\/moraes-diz-que-stf-nao-aceitara-coacoes-durante-julgamento-de-bolsonaro\/","name":"Moraes diz que STF \u2018n\u00e3o aceitar\u00e1 coa\u00e7\u00f5es\u2019 durante julgamento de Bolsonaro - News In Foco - Editado por Caio Pimenta","description":"O ministro Alexandre de Moraes, do Supremo Tribunal Federal (STF), afirmou na manh\u00e3 desta ter\u00e7a-feira, 2, na abertura do julgamento do ex-presidente Jair Bolsonaro (PL) e outros setes r\u00e9us por tentativa de golpe de Estado que \u201cn\u00e3o aceitar\u00e1 coa\u00e7\u00e3o\u201d no curso do processo judicial. No in\u00edcio da leitura do seu relat\u00f3rio, o magistrado mencionou o papel da","inLanguage":"pt-BR","isPartOf":{"@id":"https:\/\/newsinfoco.com.br\/inicio\/#website"},"breadcrumb":{"@id":"https:\/\/newsinfoco.com.br\/inicio\/moraes-diz-que-stf-nao-aceitara-coacoes-durante-julgamento-de-bolsonaro\/#breadcrumblist"},"author":{"@id":"https:\/\/newsinfoco.com.br\/inicio\/author\/administrador\/#author"},"creator":{"@id":"https:\/\/newsinfoco.com.br\/inicio\/author\/administrador\/#author"},"image":{"@type":"ImageObject","url":"https:\/\/newsinfoco.com.br\/inicio\/wp-content\/uploads\/2025\/09\/ministro-Alexandre-de-Moraes.jpg","@id":"https:\/\/newsinfoco.com.br\/inicio\/moraes-diz-que-stf-nao-aceitara-coacoes-durante-julgamento-de-bolsonaro\/#mainImage","width":600,"height":420},"primaryImageOfPage":{"@id":"https:\/\/newsinfoco.com.br\/inicio\/moraes-diz-que-stf-nao-aceitara-coacoes-durante-julgamento-de-bolsonaro\/#mainImage"},"datePublished":"2025-09-02T13:21:26-03:00","dateModified":"2025-09-02T13:22:25-03:00"},{"@type":"WebSite","@id":"https:\/\/newsinfoco.com.br\/inicio\/#website","url":"https:\/\/newsinfoco.com.br\/inicio\/","name":"News In Foco - Editado por Caio Pimenta","description":"O principal site de noticias de Alagoinhas e regi\u00e3o","inLanguage":"pt-BR","publisher":{"@id":"https:\/\/newsinfoco.com.br\/inicio\/#organization"}}]},"og:locale":"pt_BR","og:site_name":"News In Foco - Editado por Caio Pimenta - O principal site de noticias de Alagoinhas e regi\u00e3o","og:type":"article","og:title":"Moraes diz que STF \u2018n\u00e3o aceitar\u00e1 coa\u00e7\u00f5es\u2019 durante julgamento de Bolsonaro - News In Foco - Editado por Caio Pimenta","og:description":"O ministro Alexandre de Moraes, do Supremo Tribunal Federal (STF), afirmou na manh\u00e3 desta ter\u00e7a-feira, 2, na abertura do julgamento do ex-presidente Jair Bolsonaro (PL) e outros setes r\u00e9us por tentativa de golpe de Estado que \u201cn\u00e3o aceitar\u00e1 coa\u00e7\u00e3o\u201d no curso do processo judicial. No in\u00edcio da leitura do seu relat\u00f3rio, o magistrado mencionou o papel da","og:url":"https:\/\/newsinfoco.com.br\/inicio\/moraes-diz-que-stf-nao-aceitara-coacoes-durante-julgamento-de-bolsonaro\/","article:published_time":"2025-09-02T16:21:26+00:00","article:modified_time":"2025-09-02T16:22:25+00:00","twitter:card":"summary_large_image","twitter:title":"Moraes diz que STF \u2018n\u00e3o aceitar\u00e1 coa\u00e7\u00f5es\u2019 durante julgamento de Bolsonaro - News In Foco - Editado por Caio Pimenta","twitter:description":"O ministro Alexandre de Moraes, do Supremo Tribunal Federal (STF), afirmou na manh\u00e3 desta ter\u00e7a-feira, 2, na abertura do julgamento do ex-presidente Jair Bolsonaro (PL) e outros setes r\u00e9us por tentativa de golpe de Estado que \u201cn\u00e3o aceitar\u00e1 coa\u00e7\u00e3o\u201d no curso do processo judicial. No in\u00edcio da leitura do seu relat\u00f3rio, o magistrado mencionou o papel da"},"aioseo_meta_data":{"post_id":"44946","title":null,"description":null,"keywords":null,"keyphrases":{"focus":{"keyphrase":"","score":0,"analysis":{"keyphraseInTitle":{"score":0,"maxScore":9,"error":1}}},"additional":[]},"primary_term":null,"canonical_url":null,"og_title":null,"og_description":null,"og_object_type":"default","og_image_type":"default","og_image_url":null,"og_image_width":null,"og_image_height":null,"og_image_custom_url":null,"og_image_custom_fields":null,"og_video":"","og_custom_url":null,"og_article_section":null,"og_article_tags":null,"twitter_use_og":false,"twitter_card":"default","twitter_image_type":"default","twitter_image_url":null,"twitter_image_custom_url":null,"twitter_image_custom_fields":null,"twitter_title":null,"twitter_description":null,"schema":{"blockGraphs":[],"customGraphs":[],"default":{"data":{"Article":[],"Course":[],"Dataset":[],"FAQPage":[],"Movie":[],"Person":[],"Product":[],"ProductReview":[],"Car":[],"Recipe":[],"Service":[],"SoftwareApplication":[],"WebPage":[]},"graphName":"BlogPosting","isEnabled":true},"graphs":[]},"schema_type":"default","schema_type_options":null,"pillar_content":false,"robots_default":true,"robots_noindex":false,"robots_noarchive":false,"robots_nosnippet":false,"robots_nofollow":false,"robots_noimageindex":false,"robots_noodp":false,"robots_notranslate":false,"robots_max_snippet":"-1","robots_max_videopreview":"-1","robots_max_imagepreview":"large","priority":null,"frequency":"default","local_seo":null,"breadcrumb_settings":null,"limit_modified_date":false,"ai":{"faqs":[],"keyPoints":[],"titles":[],"descriptions":[],"socialPosts":{"email":[],"linkedin":[],"twitter":[],"facebook":[],"instagram":[]}},"created":"2025-09-02 16:21:26","updated":"2025-09-02 16:28:31","seo_analyzer_scan_date":null},"aioseo_breadcrumb":"<div class=\"aioseo-breadcrumbs\"><span class=\"aioseo-breadcrumb\">\n\t\t\t<a href=\"https:\/\/newsinfoco.com.br\/inicio\" title=\"In\u00edcio\">In\u00edcio<\/a>\n\t\t<\/span><span class=\"aioseo-breadcrumb-separator\">&raquo;<\/span><span class=\"aioseo-breadcrumb\">\n\t\t\t<a href=\"https:\/\/newsinfoco.com.br\/inicio\/category\/brasil\/\" title=\"Brasil\">Brasil<\/a>\n\t\t<\/span><span class=\"aioseo-breadcrumb-separator\">&raquo;<\/span><span class=\"aioseo-breadcrumb\">\n\t\t\tMoraes diz que STF \u2018n\u00e3o aceitar\u00e1 coa\u00e7\u00f5es\u2019 durante julgamento de Bolsonaro\n\t\t<\/span><\/div>","aioseo_breadcrumb_json":[{"label":"In\u00edcio","link":"https:\/\/newsinfoco.com.br\/inicio"},{"label":"Brasil","link":"https:\/\/newsinfoco.com.br\/inicio\/category\/brasil\/"},{"label":"Moraes diz que STF \u2018n\u00e3o aceitar\u00e1 coa\u00e7\u00f5es\u2019 durante julgamento de Bolsonaro","link":"https:\/\/newsinfoco.com.br\/inicio\/moraes-diz-que-stf-nao-aceitara-coacoes-durante-julgamento-de-bolsonaro\/"}],"_links":{"self":[{"href":"https:\/\/newsinfoco.com.br\/inicio\/wp-json\/wp\/v2\/posts\/44946","targetHints":{"allow":["GET"]}}],"collection":[{"href":"https:\/\/newsinfoco.com.br\/inicio\/wp-json\/wp\/v2\/posts"}],"about":[{"href":"https:\/\/newsinfoco.com.br\/inicio\/wp-json\/wp\/v2\/types\/post"}],"author":[{"embeddable":true,"href":"https:\/\/newsinfoco.com.br\/inicio\/wp-json\/wp\/v2\/users\/1"}],"replies":[{"embeddable":true,"href":"https:\/\/newsinfoco.com.br\/inicio\/wp-json\/wp\/v2\/comments?post=44946"}],"version-history":[{"count":1,"href":"https:\/\/newsinfoco.com.br\/inicio\/wp-json\/wp\/v2\/posts\/44946\/revisions"}],"predecessor-version":[{"id":44948,"href":"https:\/\/newsinfoco.com.br\/inicio\/wp-json\/wp\/v2\/posts\/44946\/revisions\/44948"}],"wp:featuredmedia":[{"embeddable":true,"href":"https:\/\/newsinfoco.com.br\/inicio\/wp-json\/wp\/v2\/media\/44947"}],"wp:attachment":[{"href":"https:\/\/newsinfoco.com.br\/inicio\/wp-json\/wp\/v2\/media?parent=44946"}],"wp:term":[{"taxonomy":"category","embeddable":true,"href":"https:\/\/newsinfoco.com.br\/inicio\/wp-json\/wp\/v2\/categories?post=44946"},{"taxonomy":"post_tag","embeddable":true,"href":"https:\/\/newsinfoco.com.br\/inicio\/wp-json\/wp\/v2\/tags?post=44946"}],"curies":[{"name":"wp","href":"https:\/\/api.w.org\/{rel}","templated":true}]}}