{"id":44981,"date":"2025-09-02T14:39:22","date_gmt":"2025-09-02T17:39:22","guid":{"rendered":"https:\/\/newsinfoco.com.br\/inicio\/?p=44981"},"modified":"2025-09-02T14:39:22","modified_gmt":"2025-09-02T17:39:22","slug":"ivete-sangalo-fara-show-de-abertura-em-jogo-da-selecao-brasileira","status":"publish","type":"post","link":"https:\/\/newsinfoco.com.br\/inicio\/ivete-sangalo-fara-show-de-abertura-em-jogo-da-selecao-brasileira\/","title":{"rendered":"Ivete Sangalo far\u00e1 show de abertura em jogo da Sele\u00e7\u00e3o Brasileira"},"content":{"rendered":"<p>A\u00a0<strong>Sele\u00e7\u00e3o Brasileira<\/strong>\u00a0ter\u00e1 um tempero especial na pr\u00f3xima quinta-feira (4), no Maracan\u00e3, antes da partida contra o Chile, pelas Eliminat\u00f3rias da Copa do Mundo. A cantora baiana\u00a0<strong>Ivete Sangalo<\/strong>\u00a0foi escolhida para comandar o show de abertura e promete levar m\u00fasica, energia e emo\u00e7\u00e3o ao est\u00e1dio lotado.<\/p>\n<p>A presen\u00e7a da artista foi celebrada pelo presidente da Confedera\u00e7\u00e3o Brasileira de Futebol (CBF), Samir Xaud.<\/p>\n<p>\u201cA Ivete est\u00e1 entre as vozes mais conhecidas do Brasil e ningu\u00e9m melhor do que ela para abrilhantar ainda mais o espet\u00e1culo. Ela sempre foi uma torcedora da Sele\u00e7\u00e3o Brasileira e tenho certeza de que vai levantar o Maracan\u00e3\u201d, afirmou.<\/p>\n<p><a href=\"https:\/\/bahia.ba\/entretenimento\/ivete-sangalo-comenta-goleada-sofrida-pelo-vitoria-puxado\/\" target=\"_blank\" rel=\"noopener\">Torcedora fan\u00e1tica pelo Vit\u00f3ria<\/a>, Ivete destacou a liga\u00e7\u00e3o entre futebol e m\u00fasica.<\/p>\n<p>\u201cO futebol tem uma rela\u00e7\u00e3o direta com a energia da minha m\u00fasica. Ser\u00e1 um prazer cantar no Maraca para uma torcida gigante\u201d, disse a baiana.<\/p>\n<p><strong>Ivete Sangalo e Sele\u00e7\u00e3o Brasileira<\/strong><\/p>\n<p>A rela\u00e7\u00e3o da artista baiana com a Sele\u00e7\u00e3o n\u00e3o \u00e9 novidade. Sua m\u00fasica \u201cFesta\u201d, lan\u00e7ada em 2001, embalou a conquista do pentacampeonato em 2002 e se tornou trilha de celebra\u00e7\u00e3o dos jogadores.<\/p>\n<p>Logo ap\u00f3s a conquista no Jap\u00e3o, Ivete tamb\u00e9m recepcionou a delega\u00e7\u00e3o pentacampe\u00e3 em Bras\u00edlia, comandando a comemora\u00e7\u00e3o em um trio el\u00e9trico pelas ruas da capital.<\/p>\n<div>\n<div>\n<div class=\"trv-player-container\">\n<div class=\"trv-wrapper\">\n<div id=\"br_video_player_49290d58b3c7b2bd4235f4e8b908579dc3c659f9\" class=\"trvd_video_player trvdinstream\">\n<div class=\"media-player\">\n<div class=\"trv-video\">\n<div id=\"truvid_ima_container1082\" class=\"truvid_ima_container\">\n<div>\n<div>\n<div>\n<div class=\"conteudo_post\">\n<p>O duelo entre Brasil e Chile come\u00e7a \u00e0s 21h30 (de Bras\u00edlia), no Maracan\u00e3, com transmiss\u00e3o de Globo, SporTV e Globoplay.<\/p>\n<p>Segundo a \u00faltima parcial divulgada pela CBF, mais de 45 mil ingressos j\u00e1 foram vendidos para o confronto.<\/p>\n<\/div>\n<div class=\"ui items\">\n<div class=\"item\">Bahia.Ba<\/div>\n<\/div>\n<\/div>\n<\/div>\n<\/div>\n<\/div>\n<\/div>\n<\/div>\n<\/div>\n<\/div>\n<\/div>\n<\/div>\n<\/div>\n<div class='share-to-whatsapp-wrapper'><div class='share-on-whsp'>Share on: <\/div><a data-text='Ivete Sangalo far\u00e1 show de abertura em jogo da Sele\u00e7\u00e3o Brasileira' data-link='https:\/\/newsinfoco.com.br\/inicio\/ivete-sangalo-fara-show-de-abertura-em-jogo-da-selecao-brasileira\/' class='whatsapp-button whatsapp-share'>WhatsApp<\/a><div class='clear '><\/div><\/div>","protected":false},"excerpt":{"rendered":"<p>A\u00a0Sele\u00e7\u00e3o Brasileira\u00a0ter\u00e1 um tempero especial na pr\u00f3xima quinta-feira (4), no Maracan\u00e3, antes da partida contra o Chile, pelas Eliminat\u00f3rias da Copa do Mundo. A cantora baiana\u00a0Ivete Sangalo\u00a0foi escolhida para comandar o show de abertura e promete levar m\u00fasica, energia e emo\u00e7\u00e3o ao est\u00e1dio lotado. A presen\u00e7a da artista foi celebrada pelo presidente da Confedera\u00e7\u00e3o Brasileira [&hellip;]<\/p>\n","protected":false},"author":1,"featured_media":44982,"comment_status":"closed","ping_status":"closed","sticky":false,"template":"","format":"standard","meta":{"om_disable_all_campaigns":false,"rop_custom_images_group":[],"rop_custom_messages_group":[],"rop_publish_now":"initial","rop_publish_now_accounts":[],"rop_publish_now_history":[],"rop_publish_now_status":"pending","_exactmetrics_skip_tracking":false,"footnotes":""},"categories":[21],"tags":[],"class_list":["post-44981","post","type-post","status-publish","format-standard","has-post-thumbnail","hentry","category-brasil"],"aioseo_notices":[],"aioseo_head":"\n\t\t<!-- All in One SEO 4.9.10 - aioseo.com -->\n\t<meta name=\"description\" content=\"A Sele\u00e7\u00e3o Brasileira ter\u00e1 um tempero especial na pr\u00f3xima quinta-feira (4), no Maracan\u00e3, antes da partida contra o Chile, pelas Eliminat\u00f3rias da Copa do Mundo. A cantora baiana Ivete Sangalo foi escolhida para comandar o show de abertura e promete levar m\u00fasica, energia e emo\u00e7\u00e3o ao est\u00e1dio lotado. A presen\u00e7a da artista foi celebrada pelo presidente da Confedera\u00e7\u00e3o Brasileira\" \/>\n\t<meta name=\"robots\" content=\"max-image-preview:large\" \/>\n\t<meta name=\"author\" content=\"administrador\"\/>\n\t<link rel=\"canonical\" href=\"https:\/\/newsinfoco.com.br\/inicio\/ivete-sangalo-fara-show-de-abertura-em-jogo-da-selecao-brasileira\/\" \/>\n\t<meta name=\"generator\" content=\"All in One SEO (AIOSEO) 4.9.10\" \/>\n\t\t<meta property=\"og:locale\" content=\"pt_BR\" \/>\n\t\t<meta property=\"og:site_name\" content=\"News In Foco - Editado por Caio Pimenta - O principal site de noticias de Alagoinhas e regi\u00e3o\" \/>\n\t\t<meta property=\"og:type\" content=\"article\" \/>\n\t\t<meta property=\"og:title\" content=\"Ivete Sangalo far\u00e1 show de abertura em jogo da Sele\u00e7\u00e3o Brasileira - News In Foco - Editado por Caio Pimenta\" \/>\n\t\t<meta property=\"og:description\" content=\"A Sele\u00e7\u00e3o Brasileira ter\u00e1 um tempero especial na pr\u00f3xima quinta-feira (4), no Maracan\u00e3, antes da partida contra o Chile, pelas Eliminat\u00f3rias da Copa do Mundo. A cantora baiana Ivete Sangalo foi escolhida para comandar o show de abertura e promete levar m\u00fasica, energia e emo\u00e7\u00e3o ao est\u00e1dio lotado. A presen\u00e7a da artista foi celebrada pelo presidente da Confedera\u00e7\u00e3o Brasileira\" \/>\n\t\t<meta property=\"og:url\" content=\"https:\/\/newsinfoco.com.br\/inicio\/ivete-sangalo-fara-show-de-abertura-em-jogo-da-selecao-brasileira\/\" \/>\n\t\t<meta property=\"article:published_time\" content=\"2025-09-02T17:39:22+00:00\" \/>\n\t\t<meta property=\"article:modified_time\" content=\"2025-09-02T17:39:22+00:00\" \/>\n\t\t<meta name=\"twitter:card\" content=\"summary_large_image\" \/>\n\t\t<meta name=\"twitter:title\" content=\"Ivete Sangalo far\u00e1 show de abertura em jogo da Sele\u00e7\u00e3o Brasileira - News In Foco - Editado por Caio Pimenta\" \/>\n\t\t<meta name=\"twitter:description\" content=\"A Sele\u00e7\u00e3o Brasileira ter\u00e1 um tempero especial na pr\u00f3xima quinta-feira (4), no Maracan\u00e3, antes da partida contra o Chile, pelas Eliminat\u00f3rias da Copa do Mundo. A cantora baiana Ivete Sangalo foi escolhida para comandar o show de abertura e promete levar m\u00fasica, energia e emo\u00e7\u00e3o ao est\u00e1dio lotado. A presen\u00e7a da artista foi celebrada pelo presidente da Confedera\u00e7\u00e3o Brasileira\" \/>\n\t\t<script type=\"application\/ld+json\" class=\"aioseo-schema\">\n\t\t\t{\"@context\":\"https:\\\/\\\/schema.org\",\"@graph\":[{\"@type\":\"BlogPosting\",\"@id\":\"https:\\\/\\\/newsinfoco.com.br\\\/inicio\\\/ivete-sangalo-fara-show-de-abertura-em-jogo-da-selecao-brasileira\\\/#blogposting\",\"name\":\"Ivete Sangalo far\\u00e1 show de abertura em jogo da Sele\\u00e7\\u00e3o Brasileira - News In Foco - Editado por Caio Pimenta\",\"headline\":\"Ivete Sangalo far\\u00e1 show de abertura em jogo da Sele\\u00e7\\u00e3o Brasileira\",\"author\":{\"@id\":\"https:\\\/\\\/newsinfoco.com.br\\\/inicio\\\/author\\\/administrador\\\/#author\"},\"publisher\":{\"@id\":\"https:\\\/\\\/newsinfoco.com.br\\\/inicio\\\/#organization\"},\"image\":{\"@type\":\"ImageObject\",\"url\":\"https:\\\/\\\/newsinfoco.com.br\\\/inicio\\\/wp-content\\\/uploads\\\/2025\\\/09\\\/Ivete-Sangalo.png\",\"width\":600,\"height\":420},\"datePublished\":\"2025-09-02T14:39:22-03:00\",\"dateModified\":\"2025-09-02T14:39:22-03:00\",\"inLanguage\":\"pt-BR\",\"mainEntityOfPage\":{\"@id\":\"https:\\\/\\\/newsinfoco.com.br\\\/inicio\\\/ivete-sangalo-fara-show-de-abertura-em-jogo-da-selecao-brasileira\\\/#webpage\"},\"isPartOf\":{\"@id\":\"https:\\\/\\\/newsinfoco.com.br\\\/inicio\\\/ivete-sangalo-fara-show-de-abertura-em-jogo-da-selecao-brasileira\\\/#webpage\"},\"articleSection\":\"Brasil\"},{\"@type\":\"BreadcrumbList\",\"@id\":\"https:\\\/\\\/newsinfoco.com.br\\\/inicio\\\/ivete-sangalo-fara-show-de-abertura-em-jogo-da-selecao-brasileira\\\/#breadcrumblist\",\"itemListElement\":[{\"@type\":\"ListItem\",\"@id\":\"https:\\\/\\\/newsinfoco.com.br\\\/inicio#listItem\",\"position\":1,\"name\":\"In\\u00edcio\",\"item\":\"https:\\\/\\\/newsinfoco.com.br\\\/inicio\",\"nextItem\":{\"@type\":\"ListItem\",\"@id\":\"https:\\\/\\\/newsinfoco.com.br\\\/inicio\\\/category\\\/brasil\\\/#listItem\",\"name\":\"Brasil\"}},{\"@type\":\"ListItem\",\"@id\":\"https:\\\/\\\/newsinfoco.com.br\\\/inicio\\\/category\\\/brasil\\\/#listItem\",\"position\":2,\"name\":\"Brasil\",\"item\":\"https:\\\/\\\/newsinfoco.com.br\\\/inicio\\\/category\\\/brasil\\\/\",\"nextItem\":{\"@type\":\"ListItem\",\"@id\":\"https:\\\/\\\/newsinfoco.com.br\\\/inicio\\\/ivete-sangalo-fara-show-de-abertura-em-jogo-da-selecao-brasileira\\\/#listItem\",\"name\":\"Ivete Sangalo far\\u00e1 show de abertura em jogo da Sele\\u00e7\\u00e3o Brasileira\"},\"previousItem\":{\"@type\":\"ListItem\",\"@id\":\"https:\\\/\\\/newsinfoco.com.br\\\/inicio#listItem\",\"name\":\"In\\u00edcio\"}},{\"@type\":\"ListItem\",\"@id\":\"https:\\\/\\\/newsinfoco.com.br\\\/inicio\\\/ivete-sangalo-fara-show-de-abertura-em-jogo-da-selecao-brasileira\\\/#listItem\",\"position\":3,\"name\":\"Ivete Sangalo far\\u00e1 show de abertura em jogo da Sele\\u00e7\\u00e3o Brasileira\",\"previousItem\":{\"@type\":\"ListItem\",\"@id\":\"https:\\\/\\\/newsinfoco.com.br\\\/inicio\\\/category\\\/brasil\\\/#listItem\",\"name\":\"Brasil\"}}]},{\"@type\":\"Organization\",\"@id\":\"https:\\\/\\\/newsinfoco.com.br\\\/inicio\\\/#organization\",\"name\":\"News In Foco - Editado por Caio Pimenta\",\"description\":\"O principal site de noticias de Alagoinhas e regi\\u00e3o\",\"url\":\"https:\\\/\\\/newsinfoco.com.br\\\/inicio\\\/\"},{\"@type\":\"Person\",\"@id\":\"https:\\\/\\\/newsinfoco.com.br\\\/inicio\\\/author\\\/administrador\\\/#author\",\"url\":\"https:\\\/\\\/newsinfoco.com.br\\\/inicio\\\/author\\\/administrador\\\/\",\"name\":\"administrador\",\"image\":{\"@type\":\"ImageObject\",\"@id\":\"https:\\\/\\\/newsinfoco.com.br\\\/inicio\\\/ivete-sangalo-fara-show-de-abertura-em-jogo-da-selecao-brasileira\\\/#authorImage\",\"url\":\"https:\\\/\\\/secure.gravatar.com\\\/avatar\\\/c17a617433de8c1dc9584bb79aab7563b46f5bb7e1728c9b17d9cc3ce6a08e49?s=96&d=mm&r=g\",\"width\":96,\"height\":96,\"caption\":\"administrador\"}},{\"@type\":\"WebPage\",\"@id\":\"https:\\\/\\\/newsinfoco.com.br\\\/inicio\\\/ivete-sangalo-fara-show-de-abertura-em-jogo-da-selecao-brasileira\\\/#webpage\",\"url\":\"https:\\\/\\\/newsinfoco.com.br\\\/inicio\\\/ivete-sangalo-fara-show-de-abertura-em-jogo-da-selecao-brasileira\\\/\",\"name\":\"Ivete Sangalo far\\u00e1 show de abertura em jogo da Sele\\u00e7\\u00e3o Brasileira - News In Foco - Editado por Caio Pimenta\",\"description\":\"A Sele\\u00e7\\u00e3o Brasileira ter\\u00e1 um tempero especial na pr\\u00f3xima quinta-feira (4), no Maracan\\u00e3, antes da partida contra o Chile, pelas Eliminat\\u00f3rias da Copa do Mundo. A cantora baiana Ivete Sangalo foi escolhida para comandar o show de abertura e promete levar m\\u00fasica, energia e emo\\u00e7\\u00e3o ao est\\u00e1dio lotado. A presen\\u00e7a da artista foi celebrada pelo presidente da Confedera\\u00e7\\u00e3o Brasileira\",\"inLanguage\":\"pt-BR\",\"isPartOf\":{\"@id\":\"https:\\\/\\\/newsinfoco.com.br\\\/inicio\\\/#website\"},\"breadcrumb\":{\"@id\":\"https:\\\/\\\/newsinfoco.com.br\\\/inicio\\\/ivete-sangalo-fara-show-de-abertura-em-jogo-da-selecao-brasileira\\\/#breadcrumblist\"},\"author\":{\"@id\":\"https:\\\/\\\/newsinfoco.com.br\\\/inicio\\\/author\\\/administrador\\\/#author\"},\"creator\":{\"@id\":\"https:\\\/\\\/newsinfoco.com.br\\\/inicio\\\/author\\\/administrador\\\/#author\"},\"image\":{\"@type\":\"ImageObject\",\"url\":\"https:\\\/\\\/newsinfoco.com.br\\\/inicio\\\/wp-content\\\/uploads\\\/2025\\\/09\\\/Ivete-Sangalo.png\",\"@id\":\"https:\\\/\\\/newsinfoco.com.br\\\/inicio\\\/ivete-sangalo-fara-show-de-abertura-em-jogo-da-selecao-brasileira\\\/#mainImage\",\"width\":600,\"height\":420},\"primaryImageOfPage\":{\"@id\":\"https:\\\/\\\/newsinfoco.com.br\\\/inicio\\\/ivete-sangalo-fara-show-de-abertura-em-jogo-da-selecao-brasileira\\\/#mainImage\"},\"datePublished\":\"2025-09-02T14:39:22-03:00\",\"dateModified\":\"2025-09-02T14:39:22-03:00\"},{\"@type\":\"WebSite\",\"@id\":\"https:\\\/\\\/newsinfoco.com.br\\\/inicio\\\/#website\",\"url\":\"https:\\\/\\\/newsinfoco.com.br\\\/inicio\\\/\",\"name\":\"News In Foco - Editado por Caio Pimenta\",\"description\":\"O principal site de noticias de Alagoinhas e regi\\u00e3o\",\"inLanguage\":\"pt-BR\",\"publisher\":{\"@id\":\"https:\\\/\\\/newsinfoco.com.br\\\/inicio\\\/#organization\"}}]}\n\t\t<\/script>\n\t\t<!-- All in One SEO -->\n\n","aioseo_head_json":{"title":"Ivete Sangalo far\u00e1 show de abertura em jogo da Sele\u00e7\u00e3o Brasileira - News In Foco - Editado por Caio Pimenta","description":"A Sele\u00e7\u00e3o Brasileira ter\u00e1 um tempero especial na pr\u00f3xima quinta-feira (4), no Maracan\u00e3, antes da partida contra o Chile, pelas Eliminat\u00f3rias da Copa do Mundo. A cantora baiana Ivete Sangalo foi escolhida para comandar o show de abertura e promete levar m\u00fasica, energia e emo\u00e7\u00e3o ao est\u00e1dio lotado. A presen\u00e7a da artista foi celebrada pelo presidente da Confedera\u00e7\u00e3o Brasileira","canonical_url":"https:\/\/newsinfoco.com.br\/inicio\/ivete-sangalo-fara-show-de-abertura-em-jogo-da-selecao-brasileira\/","robots":"max-image-preview:large","keywords":"","webmasterTools":{"miscellaneous":""},"schema":{"@context":"https:\/\/schema.org","@graph":[{"@type":"BlogPosting","@id":"https:\/\/newsinfoco.com.br\/inicio\/ivete-sangalo-fara-show-de-abertura-em-jogo-da-selecao-brasileira\/#blogposting","name":"Ivete Sangalo far\u00e1 show de abertura em jogo da Sele\u00e7\u00e3o Brasileira - News In Foco - Editado por Caio Pimenta","headline":"Ivete Sangalo far\u00e1 show de abertura em jogo da Sele\u00e7\u00e3o Brasileira","author":{"@id":"https:\/\/newsinfoco.com.br\/inicio\/author\/administrador\/#author"},"publisher":{"@id":"https:\/\/newsinfoco.com.br\/inicio\/#organization"},"image":{"@type":"ImageObject","url":"https:\/\/newsinfoco.com.br\/inicio\/wp-content\/uploads\/2025\/09\/Ivete-Sangalo.png","width":600,"height":420},"datePublished":"2025-09-02T14:39:22-03:00","dateModified":"2025-09-02T14:39:22-03:00","inLanguage":"pt-BR","mainEntityOfPage":{"@id":"https:\/\/newsinfoco.com.br\/inicio\/ivete-sangalo-fara-show-de-abertura-em-jogo-da-selecao-brasileira\/#webpage"},"isPartOf":{"@id":"https:\/\/newsinfoco.com.br\/inicio\/ivete-sangalo-fara-show-de-abertura-em-jogo-da-selecao-brasileira\/#webpage"},"articleSection":"Brasil"},{"@type":"BreadcrumbList","@id":"https:\/\/newsinfoco.com.br\/inicio\/ivete-sangalo-fara-show-de-abertura-em-jogo-da-selecao-brasileira\/#breadcrumblist","itemListElement":[{"@type":"ListItem","@id":"https:\/\/newsinfoco.com.br\/inicio#listItem","position":1,"name":"In\u00edcio","item":"https:\/\/newsinfoco.com.br\/inicio","nextItem":{"@type":"ListItem","@id":"https:\/\/newsinfoco.com.br\/inicio\/category\/brasil\/#listItem","name":"Brasil"}},{"@type":"ListItem","@id":"https:\/\/newsinfoco.com.br\/inicio\/category\/brasil\/#listItem","position":2,"name":"Brasil","item":"https:\/\/newsinfoco.com.br\/inicio\/category\/brasil\/","nextItem":{"@type":"ListItem","@id":"https:\/\/newsinfoco.com.br\/inicio\/ivete-sangalo-fara-show-de-abertura-em-jogo-da-selecao-brasileira\/#listItem","name":"Ivete Sangalo far\u00e1 show de abertura em jogo da Sele\u00e7\u00e3o Brasileira"},"previousItem":{"@type":"ListItem","@id":"https:\/\/newsinfoco.com.br\/inicio#listItem","name":"In\u00edcio"}},{"@type":"ListItem","@id":"https:\/\/newsinfoco.com.br\/inicio\/ivete-sangalo-fara-show-de-abertura-em-jogo-da-selecao-brasileira\/#listItem","position":3,"name":"Ivete Sangalo far\u00e1 show de abertura em jogo da Sele\u00e7\u00e3o Brasileira","previousItem":{"@type":"ListItem","@id":"https:\/\/newsinfoco.com.br\/inicio\/category\/brasil\/#listItem","name":"Brasil"}}]},{"@type":"Organization","@id":"https:\/\/newsinfoco.com.br\/inicio\/#organization","name":"News In Foco - Editado por Caio Pimenta","description":"O principal site de noticias de Alagoinhas e regi\u00e3o","url":"https:\/\/newsinfoco.com.br\/inicio\/"},{"@type":"Person","@id":"https:\/\/newsinfoco.com.br\/inicio\/author\/administrador\/#author","url":"https:\/\/newsinfoco.com.br\/inicio\/author\/administrador\/","name":"administrador","image":{"@type":"ImageObject","@id":"https:\/\/newsinfoco.com.br\/inicio\/ivete-sangalo-fara-show-de-abertura-em-jogo-da-selecao-brasileira\/#authorImage","url":"https:\/\/secure.gravatar.com\/avatar\/c17a617433de8c1dc9584bb79aab7563b46f5bb7e1728c9b17d9cc3ce6a08e49?s=96&d=mm&r=g","width":96,"height":96,"caption":"administrador"}},{"@type":"WebPage","@id":"https:\/\/newsinfoco.com.br\/inicio\/ivete-sangalo-fara-show-de-abertura-em-jogo-da-selecao-brasileira\/#webpage","url":"https:\/\/newsinfoco.com.br\/inicio\/ivete-sangalo-fara-show-de-abertura-em-jogo-da-selecao-brasileira\/","name":"Ivete Sangalo far\u00e1 show de abertura em jogo da Sele\u00e7\u00e3o Brasileira - News In Foco - Editado por Caio Pimenta","description":"A Sele\u00e7\u00e3o Brasileira ter\u00e1 um tempero especial na pr\u00f3xima quinta-feira (4), no Maracan\u00e3, antes da partida contra o Chile, pelas Eliminat\u00f3rias da Copa do Mundo. A cantora baiana Ivete Sangalo foi escolhida para comandar o show de abertura e promete levar m\u00fasica, energia e emo\u00e7\u00e3o ao est\u00e1dio lotado. A presen\u00e7a da artista foi celebrada pelo presidente da Confedera\u00e7\u00e3o Brasileira","inLanguage":"pt-BR","isPartOf":{"@id":"https:\/\/newsinfoco.com.br\/inicio\/#website"},"breadcrumb":{"@id":"https:\/\/newsinfoco.com.br\/inicio\/ivete-sangalo-fara-show-de-abertura-em-jogo-da-selecao-brasileira\/#breadcrumblist"},"author":{"@id":"https:\/\/newsinfoco.com.br\/inicio\/author\/administrador\/#author"},"creator":{"@id":"https:\/\/newsinfoco.com.br\/inicio\/author\/administrador\/#author"},"image":{"@type":"ImageObject","url":"https:\/\/newsinfoco.com.br\/inicio\/wp-content\/uploads\/2025\/09\/Ivete-Sangalo.png","@id":"https:\/\/newsinfoco.com.br\/inicio\/ivete-sangalo-fara-show-de-abertura-em-jogo-da-selecao-brasileira\/#mainImage","width":600,"height":420},"primaryImageOfPage":{"@id":"https:\/\/newsinfoco.com.br\/inicio\/ivete-sangalo-fara-show-de-abertura-em-jogo-da-selecao-brasileira\/#mainImage"},"datePublished":"2025-09-02T14:39:22-03:00","dateModified":"2025-09-02T14:39:22-03:00"},{"@type":"WebSite","@id":"https:\/\/newsinfoco.com.br\/inicio\/#website","url":"https:\/\/newsinfoco.com.br\/inicio\/","name":"News In Foco - Editado por Caio Pimenta","description":"O principal site de noticias de Alagoinhas e regi\u00e3o","inLanguage":"pt-BR","publisher":{"@id":"https:\/\/newsinfoco.com.br\/inicio\/#organization"}}]},"og:locale":"pt_BR","og:site_name":"News In Foco - Editado por Caio Pimenta - O principal site de noticias de Alagoinhas e regi\u00e3o","og:type":"article","og:title":"Ivete Sangalo far\u00e1 show de abertura em jogo da Sele\u00e7\u00e3o Brasileira - News In Foco - Editado por Caio Pimenta","og:description":"A Sele\u00e7\u00e3o Brasileira ter\u00e1 um tempero especial na pr\u00f3xima quinta-feira (4), no Maracan\u00e3, antes da partida contra o Chile, pelas Eliminat\u00f3rias da Copa do Mundo. A cantora baiana Ivete Sangalo foi escolhida para comandar o show de abertura e promete levar m\u00fasica, energia e emo\u00e7\u00e3o ao est\u00e1dio lotado. A presen\u00e7a da artista foi celebrada pelo presidente da Confedera\u00e7\u00e3o Brasileira","og:url":"https:\/\/newsinfoco.com.br\/inicio\/ivete-sangalo-fara-show-de-abertura-em-jogo-da-selecao-brasileira\/","article:published_time":"2025-09-02T17:39:22+00:00","article:modified_time":"2025-09-02T17:39:22+00:00","twitter:card":"summary_large_image","twitter:title":"Ivete Sangalo far\u00e1 show de abertura em jogo da Sele\u00e7\u00e3o Brasileira - News In Foco - Editado por Caio Pimenta","twitter:description":"A Sele\u00e7\u00e3o Brasileira ter\u00e1 um tempero especial na pr\u00f3xima quinta-feira (4), no Maracan\u00e3, antes da partida contra o Chile, pelas Eliminat\u00f3rias da Copa do Mundo. A cantora baiana Ivete Sangalo foi escolhida para comandar o show de abertura e promete levar m\u00fasica, energia e emo\u00e7\u00e3o ao est\u00e1dio lotado. A presen\u00e7a da artista foi celebrada pelo presidente da Confedera\u00e7\u00e3o Brasileira"},"aioseo_meta_data":{"post_id":"44981","title":null,"description":null,"keywords":null,"keyphrases":{"focus":{"keyphrase":"","score":0,"analysis":{"keyphraseInTitle":{"score":0,"maxScore":9,"error":1}}},"additional":[]},"primary_term":null,"canonical_url":null,"og_title":null,"og_description":null,"og_object_type":"default","og_image_type":"default","og_image_url":null,"og_image_width":null,"og_image_height":null,"og_image_custom_url":null,"og_image_custom_fields":null,"og_video":"","og_custom_url":null,"og_article_section":null,"og_article_tags":null,"twitter_use_og":false,"twitter_card":"default","twitter_image_type":"default","twitter_image_url":null,"twitter_image_custom_url":null,"twitter_image_custom_fields":null,"twitter_title":null,"twitter_description":null,"schema":{"blockGraphs":[],"customGraphs":[],"default":{"data":{"Article":[],"Course":[],"Dataset":[],"FAQPage":[],"Movie":[],"Person":[],"Product":[],"ProductReview":[],"Car":[],"Recipe":[],"Service":[],"SoftwareApplication":[],"WebPage":[]},"graphName":"BlogPosting","isEnabled":true},"graphs":[]},"schema_type":"default","schema_type_options":null,"pillar_content":false,"robots_default":true,"robots_noindex":false,"robots_noarchive":false,"robots_nosnippet":false,"robots_nofollow":false,"robots_noimageindex":false,"robots_noodp":false,"robots_notranslate":false,"robots_max_snippet":"-1","robots_max_videopreview":"-1","robots_max_imagepreview":"large","priority":null,"frequency":"default","local_seo":null,"breadcrumb_settings":null,"limit_modified_date":false,"ai":{"faqs":[],"keyPoints":[],"titles":[],"descriptions":[],"socialPosts":{"email":[],"linkedin":[],"twitter":[],"facebook":[],"instagram":[]}},"created":"2025-09-02 17:39:22","updated":"2025-09-02 17:53:54","seo_analyzer_scan_date":null},"aioseo_breadcrumb":"<div class=\"aioseo-breadcrumbs\"><span class=\"aioseo-breadcrumb\">\n\t\t\t<a href=\"https:\/\/newsinfoco.com.br\/inicio\" title=\"In\u00edcio\">In\u00edcio<\/a>\n\t\t<\/span><span class=\"aioseo-breadcrumb-separator\">&raquo;<\/span><span class=\"aioseo-breadcrumb\">\n\t\t\t<a href=\"https:\/\/newsinfoco.com.br\/inicio\/category\/brasil\/\" title=\"Brasil\">Brasil<\/a>\n\t\t<\/span><span class=\"aioseo-breadcrumb-separator\">&raquo;<\/span><span class=\"aioseo-breadcrumb\">\n\t\t\tIvete Sangalo far\u00e1 show de abertura em jogo da Sele\u00e7\u00e3o Brasileira\n\t\t<\/span><\/div>","aioseo_breadcrumb_json":[{"label":"In\u00edcio","link":"https:\/\/newsinfoco.com.br\/inicio"},{"label":"Brasil","link":"https:\/\/newsinfoco.com.br\/inicio\/category\/brasil\/"},{"label":"Ivete Sangalo far\u00e1 show de abertura em jogo da Sele\u00e7\u00e3o Brasileira","link":"https:\/\/newsinfoco.com.br\/inicio\/ivete-sangalo-fara-show-de-abertura-em-jogo-da-selecao-brasileira\/"}],"_links":{"self":[{"href":"https:\/\/newsinfoco.com.br\/inicio\/wp-json\/wp\/v2\/posts\/44981","targetHints":{"allow":["GET"]}}],"collection":[{"href":"https:\/\/newsinfoco.com.br\/inicio\/wp-json\/wp\/v2\/posts"}],"about":[{"href":"https:\/\/newsinfoco.com.br\/inicio\/wp-json\/wp\/v2\/types\/post"}],"author":[{"embeddable":true,"href":"https:\/\/newsinfoco.com.br\/inicio\/wp-json\/wp\/v2\/users\/1"}],"replies":[{"embeddable":true,"href":"https:\/\/newsinfoco.com.br\/inicio\/wp-json\/wp\/v2\/comments?post=44981"}],"version-history":[{"count":1,"href":"https:\/\/newsinfoco.com.br\/inicio\/wp-json\/wp\/v2\/posts\/44981\/revisions"}],"predecessor-version":[{"id":44983,"href":"https:\/\/newsinfoco.com.br\/inicio\/wp-json\/wp\/v2\/posts\/44981\/revisions\/44983"}],"wp:featuredmedia":[{"embeddable":true,"href":"https:\/\/newsinfoco.com.br\/inicio\/wp-json\/wp\/v2\/media\/44982"}],"wp:attachment":[{"href":"https:\/\/newsinfoco.com.br\/inicio\/wp-json\/wp\/v2\/media?parent=44981"}],"wp:term":[{"taxonomy":"category","embeddable":true,"href":"https:\/\/newsinfoco.com.br\/inicio\/wp-json\/wp\/v2\/categories?post=44981"},{"taxonomy":"post_tag","embeddable":true,"href":"https:\/\/newsinfoco.com.br\/inicio\/wp-json\/wp\/v2\/tags?post=44981"}],"curies":[{"name":"wp","href":"https:\/\/api.w.org\/{rel}","templated":true}]}}