{"id":45003,"date":"2025-09-03T14:30:09","date_gmt":"2025-09-03T17:30:09","guid":{"rendered":"https:\/\/newsinfoco.com.br\/inicio\/?p=45003"},"modified":"2025-09-03T14:30:09","modified_gmt":"2025-09-03T17:30:09","slug":"vereador-luciano-almeida-critica-falta-de-transparencia-na-gestao-da-zona-azul-em-alagoinhas","status":"publish","type":"post","link":"https:\/\/newsinfoco.com.br\/inicio\/vereador-luciano-almeida-critica-falta-de-transparencia-na-gestao-da-zona-azul-em-alagoinhas\/","title":{"rendered":"Vereador Luciano Almeida critica falta de transpar\u00eancia na gest\u00e3o da Zona Azul em Alagoinhas"},"content":{"rendered":"<p>Na sess\u00e3o ordin\u00e1ria desta ter\u00e7a-feira (02), o vereador Luciano Almeida levou \u00e0 tribuna a discuss\u00e3o sobre a aplica\u00e7\u00e3o da Lei n\u00ba 2.381\/2017, que instituiu o Sistema de Estacionamento Rotativo Pago \u2013 Zona Azul \u2013 gerido pela empresa E-Parking. O parlamentar destacou que a legisla\u00e7\u00e3o prev\u00ea transpar\u00eancia na gest\u00e3o do servi\u00e7o, especialmente no repasse da outorga de 10% do faturamento bruto para o munic\u00edpio.<\/p>\n<p>De acordo com a lei, os recursos arrecadados devem ser destinados, obrigatoriamente, a investimentos, manuten\u00e7\u00e3o e educa\u00e7\u00e3o no tr\u00e2nsito. No entanto, Luciano criticou a aus\u00eancia de resultados concretos, ressaltando que, embora tenham sido instaladas novas placas de sinaliza\u00e7\u00e3o, n\u00e3o houve campanhas educativas financiadas com a outorga da Zona Azul.<\/p>\n<p>O vereador chamou aten\u00e7\u00e3o para o artigo 15 da lei, que determina a publica\u00e7\u00e3o no Di\u00e1rio Oficial e o envio \u00e0 C\u00e2mara Municipal das planilhas cont\u00e1beis com a arrecada\u00e7\u00e3o e destina\u00e7\u00e3o dos recursos ao final de cada exerc\u00edcio financeiro. \u201cNunca ocorreu uma presta\u00e7\u00e3o de contas da Zona Azul para esta Casa Legislativa\u201d, denunciou.<\/p>\n<p>Ele acrescentou que, durante a pandemia, um acordo interno da ent\u00e3o Superintend\u00eancia Municipal de Transporte e Tr\u00e2nsito- hoje apenas de Tr\u00e2nsito (SMT) \u2013 teria comprometido os repasses da outorga. Para ele, a solu\u00e7\u00e3o \u00e9 convocar o atual superintendente, Pedro Sobral, para prestar esclarecimentos.<\/p>\n<p>A l\u00edder da bancada de oposi\u00e7\u00e3o, vereadora Luma Menezes, refor\u00e7ou a cobran\u00e7a por transpar\u00eancia. Ela lembrou que j\u00e1 ingressou com representa\u00e7\u00e3o no Minist\u00e9rio P\u00fablico para obrigar a Prefeitura a cumprir a lei, mas destacou a morosidade do processo. \u201cSe temos uma lei que determina a presta\u00e7\u00e3o de contas anual da Zona Azul, por que n\u00e3o est\u00e1 sendo cumprida?\u201d, questionou, defendendo maior rigor na cobran\u00e7a direta \u00e0 Superintend\u00eancia.<\/p>\n<p>O vereador Jos\u00e9 Ed\u00e9sio \u2013 l\u00edder da bancada de situa\u00e7\u00e3o \u2013 tamb\u00e9m se somou ao debate, cobrando transpar\u00eancia e apontando cl\u00e1usulas contratuais que, em sua avalia\u00e7\u00e3o, n\u00e3o foram cumpridas pela concession\u00e1ria. Ele destacou que a E-Parking deveria garantir condi\u00e7\u00f5es m\u00ednimas de infraestrutura. \u201cUma das cl\u00e1usulas do contrato deveria assegurar, pelo menos, o piso onde os carros estacionam. Hoje vemos ve\u00edculos em buracos, acumulando \u00e1gua, causando danos e desrespeitando os usu\u00e1rios\u201d, criticou. Para Ed\u00e9sio, revisar esses pontos \u00e9 fundamental para que a Zona Azul cumpra sua fun\u00e7\u00e3o sem prejudicar motoristas e a mobilidade urbana.<\/p>\n<p>J\u00e1 o vereador Gleyser Soares relatou visita \u00e0 sede da SMT e elogiou a atua\u00e7\u00e3o do superintendente Pedro Sobral, ressaltando a valoriza\u00e7\u00e3o dos servidores, mas reconhecendo a necessidade de mais recursos. Lembrou ainda que j\u00e1 h\u00e1 acompanhamento interno do servi\u00e7o: \u201cH\u00e1 um agente da SMT designado para fiscalizar a E-Parking\u201d. Assim como Jos\u00e9 Ed\u00e9sio, avaliou que a presta\u00e7\u00e3o de contas deve ocorrer em dezembro, ao completar o primeiro ano da atual gest\u00e3o.<\/p>\n<p>Em contraponto, o vereador Luciano Almeida criticou a forma como a empresa tem conduzido a contrata\u00e7\u00e3o de m\u00e3o de obra. Segundo ele, a maior parte dos funcion\u00e1rios s\u00e3o estagi\u00e1rios, submetidos a condi\u00e7\u00f5es prec\u00e1rias. \u201cA maior contrata\u00e7\u00e3o da E-Parking \u00e9 de estagi\u00e1rios, que s\u00e3o explorados, tomam sol e chuva e recebem um m\u00edsero sal\u00e1rio chamado de \u2018bolsa\u2019\u201d, afirmou.<\/p>\n<p><strong>Promessas<\/strong><\/p>\n<p>O parlamentar tamb\u00e9m lembrou que o projeto de sua autoria, que isentava idosos e pessoas com defici\u00eancia do pagamento da Zona Azul, foi vetado pelo Executivo. \u201cEnquanto o governo municipal veta projetos que beneficiam aposentados e pessoas com defici\u00eancia, n\u00e3o fiscaliza a empresa concession\u00e1ria. Hoje a Zona Azul \u00e9 gerida pela E-Parking, mas n\u00e3o vemos clareza nem transpar\u00eancia\u201d, criticou.<\/p>\n<div class=\"wp-block-image\">\n<div class=\"elementor-column elementor-col-50 elementor-top-column elementor-element elementor-element-166fa74c\" data-id=\"166fa74c\" data-element_type=\"column\">\n<div class=\"elementor-widget-wrap elementor-element-populated\">\n<div class=\"elementor-element elementor-element-8956c80 elementor-widget elementor-widget-theme-post-content\" data-id=\"8956c80\" data-element_type=\"widget\" data-widget_type=\"theme-post-content.default\">\n<div class=\"elementor-widget-container\">\n<p>Em seguida, questionou o funcionamento do aplicativo SomaParkPay, sistema eletr\u00f4nico de gerenciamento das vagas, que, segundo ele, cobra per\u00edodos de duas horas mesmo quando o usu\u00e1rio permanece apenas meia hora. Para Luciano, embora a concep\u00e7\u00e3o inicial da lei fosse positiva, buscando melhorar a mobilidade e garantir a rotatividade do com\u00e9rcio, a pr\u00e1tica est\u00e1 distante do objetivo.<\/p>\n<p>\u201cQuando aprovamos o projeto, a ideia era organizar o centro da cidade, onde j\u00e1 havia dificuldade de estacionamento para quem vem de mais de 20 munic\u00edpios. Mas o governo municipal n\u00e3o fez o dever de casa. Nove meses se passaram da nova gest\u00e3o e ainda vemos vagas mal sinalizadas, inclusive as reservadas a pessoas com defici\u00eancia, em desacordo com as normas\u201d, criticou.<\/p>\n<p>Por fim, o vereador Luciano Almeida afirmou que a atual gest\u00e3o n\u00e3o cumpriu as promessas de renova\u00e7\u00e3o e transpar\u00eancia. \u201cO povo caiu em um estelionato eleitoral. A promessa de um novo tempo para Alagoinhas n\u00e3o se concretizou, vemos apenas a manuten\u00e7\u00e3o do retrocesso e a falta de respeito e transpar\u00eancia\u201d, concluiu.<\/p>\n<p><strong>Para assistir a sess\u00e3o na \u00edntegra, clique no link:\u00a0<\/strong><a href=\"https:\/\/www.youtube.com\/watch?v=QlgCNDV5QN0&amp;t=3205s\" target=\"_blank\" rel=\"noreferrer noopener\"><strong>TV C\u00e2mara Alagoinhas<\/strong><\/a><\/p>\n<p><strong>Ascom \u2013 C\u00e2mara Municipal de Alagoinhas<\/strong><\/p>\n<p><strong>Fotos \u2013 Jh\u00f4 Paz<\/strong><\/p>\n<\/div>\n<\/div>\n<\/div>\n<\/div>\n<div class=\"elementor-column elementor-col-50 elementor-top-column elementor-element elementor-element-263f143b\" data-id=\"263f143b\" data-element_type=\"column\">\n<div class=\"elementor-widget-wrap elementor-element-populated\">\n<div class=\"elementor-element elementor-element-19118fd7 elementor-widget elementor-widget-heading\" data-id=\"19118fd7\" data-element_type=\"widget\" data-widget_type=\"heading.default\">\n<div class=\"elementor-widget-container\"><\/div>\n<\/div>\n<\/div>\n<\/div>\n<\/div>\n<div class='share-to-whatsapp-wrapper'><div class='share-on-whsp'>Share on: <\/div><a data-text='Vereador Luciano Almeida critica falta de transpar\u00eancia na gest\u00e3o da Zona Azul em Alagoinhas' data-link='https:\/\/newsinfoco.com.br\/inicio\/vereador-luciano-almeida-critica-falta-de-transparencia-na-gestao-da-zona-azul-em-alagoinhas\/' class='whatsapp-button whatsapp-share'>WhatsApp<\/a><div class='clear '><\/div><\/div>","protected":false},"excerpt":{"rendered":"<p>Na sess\u00e3o ordin\u00e1ria desta ter\u00e7a-feira (02), o vereador Luciano Almeida levou \u00e0 tribuna a discuss\u00e3o sobre a aplica\u00e7\u00e3o da Lei n\u00ba 2.381\/2017, que instituiu o Sistema de Estacionamento Rotativo Pago \u2013 Zona Azul \u2013 gerido pela empresa E-Parking. O parlamentar destacou que a legisla\u00e7\u00e3o prev\u00ea transpar\u00eancia na gest\u00e3o do servi\u00e7o, especialmente no repasse da outorga [&hellip;]<\/p>\n","protected":false},"author":1,"featured_media":45004,"comment_status":"closed","ping_status":"closed","sticky":false,"template":"","format":"standard","meta":{"om_disable_all_campaigns":false,"rop_custom_images_group":[],"rop_custom_messages_group":[],"rop_publish_now":"initial","rop_publish_now_accounts":[],"rop_publish_now_history":[],"rop_publish_now_status":"pending","_exactmetrics_skip_tracking":false,"footnotes":""},"categories":[38,167],"tags":[],"class_list":["post-45003","post","type-post","status-publish","format-standard","has-post-thumbnail","hentry","category-alagoinhas-e-regiao","category-exclusivas"],"aioseo_notices":[],"aioseo_head":"\n\t\t<!-- All in One SEO 4.9.10 - aioseo.com -->\n\t<meta name=\"description\" content=\"Na sess\u00e3o ordin\u00e1ria desta ter\u00e7a-feira (02), o vereador Luciano Almeida levou \u00e0 tribuna a discuss\u00e3o sobre a aplica\u00e7\u00e3o da Lei n\u00ba 2.381\/2017, que instituiu o Sistema de Estacionamento Rotativo Pago \u2013 Zona Azul \u2013 gerido pela empresa E-Parking. O parlamentar destacou que a legisla\u00e7\u00e3o prev\u00ea transpar\u00eancia na gest\u00e3o do servi\u00e7o, especialmente no repasse da outorga\" \/>\n\t<meta name=\"robots\" content=\"max-image-preview:large\" \/>\n\t<meta name=\"author\" content=\"administrador\"\/>\n\t<link rel=\"canonical\" href=\"https:\/\/newsinfoco.com.br\/inicio\/vereador-luciano-almeida-critica-falta-de-transparencia-na-gestao-da-zona-azul-em-alagoinhas\/\" \/>\n\t<meta name=\"generator\" content=\"All in One SEO (AIOSEO) 4.9.10\" \/>\n\t\t<meta property=\"og:locale\" content=\"pt_BR\" \/>\n\t\t<meta property=\"og:site_name\" content=\"News In Foco - Editado por Caio Pimenta - O principal site de noticias de Alagoinhas e regi\u00e3o\" \/>\n\t\t<meta property=\"og:type\" content=\"article\" \/>\n\t\t<meta property=\"og:title\" content=\"Vereador Luciano Almeida critica falta de transpar\u00eancia na gest\u00e3o da Zona Azul em Alagoinhas - News In Foco - Editado por Caio Pimenta\" \/>\n\t\t<meta property=\"og:description\" content=\"Na sess\u00e3o ordin\u00e1ria desta ter\u00e7a-feira (02), o vereador Luciano Almeida levou \u00e0 tribuna a discuss\u00e3o sobre a aplica\u00e7\u00e3o da Lei n\u00ba 2.381\/2017, que instituiu o Sistema de Estacionamento Rotativo Pago \u2013 Zona Azul \u2013 gerido pela empresa E-Parking. O parlamentar destacou que a legisla\u00e7\u00e3o prev\u00ea transpar\u00eancia na gest\u00e3o do servi\u00e7o, especialmente no repasse da outorga\" \/>\n\t\t<meta property=\"og:url\" content=\"https:\/\/newsinfoco.com.br\/inicio\/vereador-luciano-almeida-critica-falta-de-transparencia-na-gestao-da-zona-azul-em-alagoinhas\/\" \/>\n\t\t<meta property=\"article:published_time\" content=\"2025-09-03T17:30:09+00:00\" \/>\n\t\t<meta property=\"article:modified_time\" content=\"2025-09-03T17:30:09+00:00\" \/>\n\t\t<meta name=\"twitter:card\" content=\"summary_large_image\" \/>\n\t\t<meta name=\"twitter:title\" content=\"Vereador Luciano Almeida critica falta de transpar\u00eancia na gest\u00e3o da Zona Azul em Alagoinhas - News In Foco - Editado por Caio Pimenta\" \/>\n\t\t<meta name=\"twitter:description\" content=\"Na sess\u00e3o ordin\u00e1ria desta ter\u00e7a-feira (02), o vereador Luciano Almeida levou \u00e0 tribuna a discuss\u00e3o sobre a aplica\u00e7\u00e3o da Lei n\u00ba 2.381\/2017, que instituiu o Sistema de Estacionamento Rotativo Pago \u2013 Zona Azul \u2013 gerido pela empresa E-Parking. O parlamentar destacou que a legisla\u00e7\u00e3o prev\u00ea transpar\u00eancia na gest\u00e3o do servi\u00e7o, especialmente no repasse da outorga\" \/>\n\t\t<script type=\"application\/ld+json\" class=\"aioseo-schema\">\n\t\t\t{\"@context\":\"https:\\\/\\\/schema.org\",\"@graph\":[{\"@type\":\"BlogPosting\",\"@id\":\"https:\\\/\\\/newsinfoco.com.br\\\/inicio\\\/vereador-luciano-almeida-critica-falta-de-transparencia-na-gestao-da-zona-azul-em-alagoinhas\\\/#blogposting\",\"name\":\"Vereador Luciano Almeida critica falta de transpar\\u00eancia na gest\\u00e3o da Zona Azul em Alagoinhas - News In Foco - Editado por Caio Pimenta\",\"headline\":\"Vereador Luciano Almeida critica falta de transpar\\u00eancia na gest\\u00e3o da Zona Azul em Alagoinhas\",\"author\":{\"@id\":\"https:\\\/\\\/newsinfoco.com.br\\\/inicio\\\/author\\\/administrador\\\/#author\"},\"publisher\":{\"@id\":\"https:\\\/\\\/newsinfoco.com.br\\\/inicio\\\/#organization\"},\"image\":{\"@type\":\"ImageObject\",\"url\":\"https:\\\/\\\/newsinfoco.com.br\\\/inicio\\\/wp-content\\\/uploads\\\/2025\\\/09\\\/WhatsApp-Image-2025-09-03-at-14.19.08.jpeg\",\"width\":1600,\"height\":900},\"datePublished\":\"2025-09-03T14:30:09-03:00\",\"dateModified\":\"2025-09-03T14:30:09-03:00\",\"inLanguage\":\"pt-BR\",\"mainEntityOfPage\":{\"@id\":\"https:\\\/\\\/newsinfoco.com.br\\\/inicio\\\/vereador-luciano-almeida-critica-falta-de-transparencia-na-gestao-da-zona-azul-em-alagoinhas\\\/#webpage\"},\"isPartOf\":{\"@id\":\"https:\\\/\\\/newsinfoco.com.br\\\/inicio\\\/vereador-luciano-almeida-critica-falta-de-transparencia-na-gestao-da-zona-azul-em-alagoinhas\\\/#webpage\"},\"articleSection\":\"Alagoinhas e Regi\\u00e3o, Manchete\"},{\"@type\":\"BreadcrumbList\",\"@id\":\"https:\\\/\\\/newsinfoco.com.br\\\/inicio\\\/vereador-luciano-almeida-critica-falta-de-transparencia-na-gestao-da-zona-azul-em-alagoinhas\\\/#breadcrumblist\",\"itemListElement\":[{\"@type\":\"ListItem\",\"@id\":\"https:\\\/\\\/newsinfoco.com.br\\\/inicio#listItem\",\"position\":1,\"name\":\"In\\u00edcio\",\"item\":\"https:\\\/\\\/newsinfoco.com.br\\\/inicio\",\"nextItem\":{\"@type\":\"ListItem\",\"@id\":\"https:\\\/\\\/newsinfoco.com.br\\\/inicio\\\/category\\\/alagoinhas-e-regiao\\\/#listItem\",\"name\":\"Alagoinhas e Regi\\u00e3o\"}},{\"@type\":\"ListItem\",\"@id\":\"https:\\\/\\\/newsinfoco.com.br\\\/inicio\\\/category\\\/alagoinhas-e-regiao\\\/#listItem\",\"position\":2,\"name\":\"Alagoinhas e Regi\\u00e3o\",\"item\":\"https:\\\/\\\/newsinfoco.com.br\\\/inicio\\\/category\\\/alagoinhas-e-regiao\\\/\",\"nextItem\":{\"@type\":\"ListItem\",\"@id\":\"https:\\\/\\\/newsinfoco.com.br\\\/inicio\\\/vereador-luciano-almeida-critica-falta-de-transparencia-na-gestao-da-zona-azul-em-alagoinhas\\\/#listItem\",\"name\":\"Vereador Luciano Almeida critica falta de transpar\\u00eancia na gest\\u00e3o da Zona Azul em Alagoinhas\"},\"previousItem\":{\"@type\":\"ListItem\",\"@id\":\"https:\\\/\\\/newsinfoco.com.br\\\/inicio#listItem\",\"name\":\"In\\u00edcio\"}},{\"@type\":\"ListItem\",\"@id\":\"https:\\\/\\\/newsinfoco.com.br\\\/inicio\\\/vereador-luciano-almeida-critica-falta-de-transparencia-na-gestao-da-zona-azul-em-alagoinhas\\\/#listItem\",\"position\":3,\"name\":\"Vereador Luciano Almeida critica falta de transpar\\u00eancia na gest\\u00e3o da Zona Azul em Alagoinhas\",\"previousItem\":{\"@type\":\"ListItem\",\"@id\":\"https:\\\/\\\/newsinfoco.com.br\\\/inicio\\\/category\\\/alagoinhas-e-regiao\\\/#listItem\",\"name\":\"Alagoinhas e Regi\\u00e3o\"}}]},{\"@type\":\"Organization\",\"@id\":\"https:\\\/\\\/newsinfoco.com.br\\\/inicio\\\/#organization\",\"name\":\"News In Foco - Editado por Caio Pimenta\",\"description\":\"O principal site de noticias de Alagoinhas e regi\\u00e3o\",\"url\":\"https:\\\/\\\/newsinfoco.com.br\\\/inicio\\\/\"},{\"@type\":\"Person\",\"@id\":\"https:\\\/\\\/newsinfoco.com.br\\\/inicio\\\/author\\\/administrador\\\/#author\",\"url\":\"https:\\\/\\\/newsinfoco.com.br\\\/inicio\\\/author\\\/administrador\\\/\",\"name\":\"administrador\",\"image\":{\"@type\":\"ImageObject\",\"@id\":\"https:\\\/\\\/newsinfoco.com.br\\\/inicio\\\/vereador-luciano-almeida-critica-falta-de-transparencia-na-gestao-da-zona-azul-em-alagoinhas\\\/#authorImage\",\"url\":\"https:\\\/\\\/secure.gravatar.com\\\/avatar\\\/c17a617433de8c1dc9584bb79aab7563b46f5bb7e1728c9b17d9cc3ce6a08e49?s=96&d=mm&r=g\",\"width\":96,\"height\":96,\"caption\":\"administrador\"}},{\"@type\":\"WebPage\",\"@id\":\"https:\\\/\\\/newsinfoco.com.br\\\/inicio\\\/vereador-luciano-almeida-critica-falta-de-transparencia-na-gestao-da-zona-azul-em-alagoinhas\\\/#webpage\",\"url\":\"https:\\\/\\\/newsinfoco.com.br\\\/inicio\\\/vereador-luciano-almeida-critica-falta-de-transparencia-na-gestao-da-zona-azul-em-alagoinhas\\\/\",\"name\":\"Vereador Luciano Almeida critica falta de transpar\\u00eancia na gest\\u00e3o da Zona Azul em Alagoinhas - News In Foco - Editado por Caio Pimenta\",\"description\":\"Na sess\\u00e3o ordin\\u00e1ria desta ter\\u00e7a-feira (02), o vereador Luciano Almeida levou \\u00e0 tribuna a discuss\\u00e3o sobre a aplica\\u00e7\\u00e3o da Lei n\\u00ba 2.381\\\/2017, que instituiu o Sistema de Estacionamento Rotativo Pago \\u2013 Zona Azul \\u2013 gerido pela empresa E-Parking. O parlamentar destacou que a legisla\\u00e7\\u00e3o prev\\u00ea transpar\\u00eancia na gest\\u00e3o do servi\\u00e7o, especialmente no repasse da outorga\",\"inLanguage\":\"pt-BR\",\"isPartOf\":{\"@id\":\"https:\\\/\\\/newsinfoco.com.br\\\/inicio\\\/#website\"},\"breadcrumb\":{\"@id\":\"https:\\\/\\\/newsinfoco.com.br\\\/inicio\\\/vereador-luciano-almeida-critica-falta-de-transparencia-na-gestao-da-zona-azul-em-alagoinhas\\\/#breadcrumblist\"},\"author\":{\"@id\":\"https:\\\/\\\/newsinfoco.com.br\\\/inicio\\\/author\\\/administrador\\\/#author\"},\"creator\":{\"@id\":\"https:\\\/\\\/newsinfoco.com.br\\\/inicio\\\/author\\\/administrador\\\/#author\"},\"image\":{\"@type\":\"ImageObject\",\"url\":\"https:\\\/\\\/newsinfoco.com.br\\\/inicio\\\/wp-content\\\/uploads\\\/2025\\\/09\\\/WhatsApp-Image-2025-09-03-at-14.19.08.jpeg\",\"@id\":\"https:\\\/\\\/newsinfoco.com.br\\\/inicio\\\/vereador-luciano-almeida-critica-falta-de-transparencia-na-gestao-da-zona-azul-em-alagoinhas\\\/#mainImage\",\"width\":1600,\"height\":900},\"primaryImageOfPage\":{\"@id\":\"https:\\\/\\\/newsinfoco.com.br\\\/inicio\\\/vereador-luciano-almeida-critica-falta-de-transparencia-na-gestao-da-zona-azul-em-alagoinhas\\\/#mainImage\"},\"datePublished\":\"2025-09-03T14:30:09-03:00\",\"dateModified\":\"2025-09-03T14:30:09-03:00\"},{\"@type\":\"WebSite\",\"@id\":\"https:\\\/\\\/newsinfoco.com.br\\\/inicio\\\/#website\",\"url\":\"https:\\\/\\\/newsinfoco.com.br\\\/inicio\\\/\",\"name\":\"News In Foco - Editado por Caio Pimenta\",\"description\":\"O principal site de noticias de Alagoinhas e regi\\u00e3o\",\"inLanguage\":\"pt-BR\",\"publisher\":{\"@id\":\"https:\\\/\\\/newsinfoco.com.br\\\/inicio\\\/#organization\"}}]}\n\t\t<\/script>\n\t\t<!-- All in One SEO -->\n\n","aioseo_head_json":{"title":"Vereador Luciano Almeida critica falta de transpar\u00eancia na gest\u00e3o da Zona Azul em Alagoinhas - News In Foco - Editado por Caio Pimenta","description":"Na sess\u00e3o ordin\u00e1ria desta ter\u00e7a-feira (02), o vereador Luciano Almeida levou \u00e0 tribuna a discuss\u00e3o sobre a aplica\u00e7\u00e3o da Lei n\u00ba 2.381\/2017, que instituiu o Sistema de Estacionamento Rotativo Pago \u2013 Zona Azul \u2013 gerido pela empresa E-Parking. O parlamentar destacou que a legisla\u00e7\u00e3o prev\u00ea transpar\u00eancia na gest\u00e3o do servi\u00e7o, especialmente no repasse da outorga","canonical_url":"https:\/\/newsinfoco.com.br\/inicio\/vereador-luciano-almeida-critica-falta-de-transparencia-na-gestao-da-zona-azul-em-alagoinhas\/","robots":"max-image-preview:large","keywords":"","webmasterTools":{"miscellaneous":""},"schema":{"@context":"https:\/\/schema.org","@graph":[{"@type":"BlogPosting","@id":"https:\/\/newsinfoco.com.br\/inicio\/vereador-luciano-almeida-critica-falta-de-transparencia-na-gestao-da-zona-azul-em-alagoinhas\/#blogposting","name":"Vereador Luciano Almeida critica falta de transpar\u00eancia na gest\u00e3o da Zona Azul em Alagoinhas - News In Foco - Editado por Caio Pimenta","headline":"Vereador Luciano Almeida critica falta de transpar\u00eancia na gest\u00e3o da Zona Azul em Alagoinhas","author":{"@id":"https:\/\/newsinfoco.com.br\/inicio\/author\/administrador\/#author"},"publisher":{"@id":"https:\/\/newsinfoco.com.br\/inicio\/#organization"},"image":{"@type":"ImageObject","url":"https:\/\/newsinfoco.com.br\/inicio\/wp-content\/uploads\/2025\/09\/WhatsApp-Image-2025-09-03-at-14.19.08.jpeg","width":1600,"height":900},"datePublished":"2025-09-03T14:30:09-03:00","dateModified":"2025-09-03T14:30:09-03:00","inLanguage":"pt-BR","mainEntityOfPage":{"@id":"https:\/\/newsinfoco.com.br\/inicio\/vereador-luciano-almeida-critica-falta-de-transparencia-na-gestao-da-zona-azul-em-alagoinhas\/#webpage"},"isPartOf":{"@id":"https:\/\/newsinfoco.com.br\/inicio\/vereador-luciano-almeida-critica-falta-de-transparencia-na-gestao-da-zona-azul-em-alagoinhas\/#webpage"},"articleSection":"Alagoinhas e Regi\u00e3o, Manchete"},{"@type":"BreadcrumbList","@id":"https:\/\/newsinfoco.com.br\/inicio\/vereador-luciano-almeida-critica-falta-de-transparencia-na-gestao-da-zona-azul-em-alagoinhas\/#breadcrumblist","itemListElement":[{"@type":"ListItem","@id":"https:\/\/newsinfoco.com.br\/inicio#listItem","position":1,"name":"In\u00edcio","item":"https:\/\/newsinfoco.com.br\/inicio","nextItem":{"@type":"ListItem","@id":"https:\/\/newsinfoco.com.br\/inicio\/category\/alagoinhas-e-regiao\/#listItem","name":"Alagoinhas e Regi\u00e3o"}},{"@type":"ListItem","@id":"https:\/\/newsinfoco.com.br\/inicio\/category\/alagoinhas-e-regiao\/#listItem","position":2,"name":"Alagoinhas e Regi\u00e3o","item":"https:\/\/newsinfoco.com.br\/inicio\/category\/alagoinhas-e-regiao\/","nextItem":{"@type":"ListItem","@id":"https:\/\/newsinfoco.com.br\/inicio\/vereador-luciano-almeida-critica-falta-de-transparencia-na-gestao-da-zona-azul-em-alagoinhas\/#listItem","name":"Vereador Luciano Almeida critica falta de transpar\u00eancia na gest\u00e3o da Zona Azul em Alagoinhas"},"previousItem":{"@type":"ListItem","@id":"https:\/\/newsinfoco.com.br\/inicio#listItem","name":"In\u00edcio"}},{"@type":"ListItem","@id":"https:\/\/newsinfoco.com.br\/inicio\/vereador-luciano-almeida-critica-falta-de-transparencia-na-gestao-da-zona-azul-em-alagoinhas\/#listItem","position":3,"name":"Vereador Luciano Almeida critica falta de transpar\u00eancia na gest\u00e3o da Zona Azul em Alagoinhas","previousItem":{"@type":"ListItem","@id":"https:\/\/newsinfoco.com.br\/inicio\/category\/alagoinhas-e-regiao\/#listItem","name":"Alagoinhas e Regi\u00e3o"}}]},{"@type":"Organization","@id":"https:\/\/newsinfoco.com.br\/inicio\/#organization","name":"News In Foco - Editado por Caio Pimenta","description":"O principal site de noticias de Alagoinhas e regi\u00e3o","url":"https:\/\/newsinfoco.com.br\/inicio\/"},{"@type":"Person","@id":"https:\/\/newsinfoco.com.br\/inicio\/author\/administrador\/#author","url":"https:\/\/newsinfoco.com.br\/inicio\/author\/administrador\/","name":"administrador","image":{"@type":"ImageObject","@id":"https:\/\/newsinfoco.com.br\/inicio\/vereador-luciano-almeida-critica-falta-de-transparencia-na-gestao-da-zona-azul-em-alagoinhas\/#authorImage","url":"https:\/\/secure.gravatar.com\/avatar\/c17a617433de8c1dc9584bb79aab7563b46f5bb7e1728c9b17d9cc3ce6a08e49?s=96&d=mm&r=g","width":96,"height":96,"caption":"administrador"}},{"@type":"WebPage","@id":"https:\/\/newsinfoco.com.br\/inicio\/vereador-luciano-almeida-critica-falta-de-transparencia-na-gestao-da-zona-azul-em-alagoinhas\/#webpage","url":"https:\/\/newsinfoco.com.br\/inicio\/vereador-luciano-almeida-critica-falta-de-transparencia-na-gestao-da-zona-azul-em-alagoinhas\/","name":"Vereador Luciano Almeida critica falta de transpar\u00eancia na gest\u00e3o da Zona Azul em Alagoinhas - News In Foco - Editado por Caio Pimenta","description":"Na sess\u00e3o ordin\u00e1ria desta ter\u00e7a-feira (02), o vereador Luciano Almeida levou \u00e0 tribuna a discuss\u00e3o sobre a aplica\u00e7\u00e3o da Lei n\u00ba 2.381\/2017, que instituiu o Sistema de Estacionamento Rotativo Pago \u2013 Zona Azul \u2013 gerido pela empresa E-Parking. O parlamentar destacou que a legisla\u00e7\u00e3o prev\u00ea transpar\u00eancia na gest\u00e3o do servi\u00e7o, especialmente no repasse da outorga","inLanguage":"pt-BR","isPartOf":{"@id":"https:\/\/newsinfoco.com.br\/inicio\/#website"},"breadcrumb":{"@id":"https:\/\/newsinfoco.com.br\/inicio\/vereador-luciano-almeida-critica-falta-de-transparencia-na-gestao-da-zona-azul-em-alagoinhas\/#breadcrumblist"},"author":{"@id":"https:\/\/newsinfoco.com.br\/inicio\/author\/administrador\/#author"},"creator":{"@id":"https:\/\/newsinfoco.com.br\/inicio\/author\/administrador\/#author"},"image":{"@type":"ImageObject","url":"https:\/\/newsinfoco.com.br\/inicio\/wp-content\/uploads\/2025\/09\/WhatsApp-Image-2025-09-03-at-14.19.08.jpeg","@id":"https:\/\/newsinfoco.com.br\/inicio\/vereador-luciano-almeida-critica-falta-de-transparencia-na-gestao-da-zona-azul-em-alagoinhas\/#mainImage","width":1600,"height":900},"primaryImageOfPage":{"@id":"https:\/\/newsinfoco.com.br\/inicio\/vereador-luciano-almeida-critica-falta-de-transparencia-na-gestao-da-zona-azul-em-alagoinhas\/#mainImage"},"datePublished":"2025-09-03T14:30:09-03:00","dateModified":"2025-09-03T14:30:09-03:00"},{"@type":"WebSite","@id":"https:\/\/newsinfoco.com.br\/inicio\/#website","url":"https:\/\/newsinfoco.com.br\/inicio\/","name":"News In Foco - Editado por Caio Pimenta","description":"O principal site de noticias de Alagoinhas e regi\u00e3o","inLanguage":"pt-BR","publisher":{"@id":"https:\/\/newsinfoco.com.br\/inicio\/#organization"}}]},"og:locale":"pt_BR","og:site_name":"News In Foco - Editado por Caio Pimenta - O principal site de noticias de Alagoinhas e regi\u00e3o","og:type":"article","og:title":"Vereador Luciano Almeida critica falta de transpar\u00eancia na gest\u00e3o da Zona Azul em Alagoinhas - News In Foco - Editado por Caio Pimenta","og:description":"Na sess\u00e3o ordin\u00e1ria desta ter\u00e7a-feira (02), o vereador Luciano Almeida levou \u00e0 tribuna a discuss\u00e3o sobre a aplica\u00e7\u00e3o da Lei n\u00ba 2.381\/2017, que instituiu o Sistema de Estacionamento Rotativo Pago \u2013 Zona Azul \u2013 gerido pela empresa E-Parking. O parlamentar destacou que a legisla\u00e7\u00e3o prev\u00ea transpar\u00eancia na gest\u00e3o do servi\u00e7o, especialmente no repasse da outorga","og:url":"https:\/\/newsinfoco.com.br\/inicio\/vereador-luciano-almeida-critica-falta-de-transparencia-na-gestao-da-zona-azul-em-alagoinhas\/","article:published_time":"2025-09-03T17:30:09+00:00","article:modified_time":"2025-09-03T17:30:09+00:00","twitter:card":"summary_large_image","twitter:title":"Vereador Luciano Almeida critica falta de transpar\u00eancia na gest\u00e3o da Zona Azul em Alagoinhas - News In Foco - Editado por Caio Pimenta","twitter:description":"Na sess\u00e3o ordin\u00e1ria desta ter\u00e7a-feira (02), o vereador Luciano Almeida levou \u00e0 tribuna a discuss\u00e3o sobre a aplica\u00e7\u00e3o da Lei n\u00ba 2.381\/2017, que instituiu o Sistema de Estacionamento Rotativo Pago \u2013 Zona Azul \u2013 gerido pela empresa E-Parking. O parlamentar destacou que a legisla\u00e7\u00e3o prev\u00ea transpar\u00eancia na gest\u00e3o do servi\u00e7o, especialmente no repasse da outorga"},"aioseo_meta_data":{"post_id":"45003","title":null,"description":null,"keywords":null,"keyphrases":{"focus":{"keyphrase":"","score":0,"analysis":{"keyphraseInTitle":{"score":0,"maxScore":9,"error":1}}},"additional":[]},"primary_term":null,"canonical_url":null,"og_title":null,"og_description":null,"og_object_type":"default","og_image_type":"default","og_image_url":null,"og_image_width":null,"og_image_height":null,"og_image_custom_url":null,"og_image_custom_fields":null,"og_video":"","og_custom_url":null,"og_article_section":null,"og_article_tags":null,"twitter_use_og":false,"twitter_card":"default","twitter_image_type":"default","twitter_image_url":null,"twitter_image_custom_url":null,"twitter_image_custom_fields":null,"twitter_title":null,"twitter_description":null,"schema":{"blockGraphs":[],"customGraphs":[],"default":{"data":{"Article":[],"Course":[],"Dataset":[],"FAQPage":[],"Movie":[],"Person":[],"Product":[],"ProductReview":[],"Car":[],"Recipe":[],"Service":[],"SoftwareApplication":[],"WebPage":[]},"graphName":"BlogPosting","isEnabled":true},"graphs":[]},"schema_type":"default","schema_type_options":null,"pillar_content":false,"robots_default":true,"robots_noindex":false,"robots_noarchive":false,"robots_nosnippet":false,"robots_nofollow":false,"robots_noimageindex":false,"robots_noodp":false,"robots_notranslate":false,"robots_max_snippet":"-1","robots_max_videopreview":"-1","robots_max_imagepreview":"large","priority":null,"frequency":"default","local_seo":null,"breadcrumb_settings":null,"limit_modified_date":false,"ai":{"faqs":[],"keyPoints":[],"titles":[],"descriptions":[],"socialPosts":{"email":[],"linkedin":[],"twitter":[],"facebook":[],"instagram":[]}},"created":"2025-09-03 17:30:11","updated":"2025-09-03 17:41:01","seo_analyzer_scan_date":null},"aioseo_breadcrumb":"<div class=\"aioseo-breadcrumbs\"><span class=\"aioseo-breadcrumb\">\n\t\t\t<a href=\"https:\/\/newsinfoco.com.br\/inicio\" title=\"In\u00edcio\">In\u00edcio<\/a>\n\t\t<\/span><span class=\"aioseo-breadcrumb-separator\">&raquo;<\/span><span class=\"aioseo-breadcrumb\">\n\t\t\t<a href=\"https:\/\/newsinfoco.com.br\/inicio\/category\/alagoinhas-e-regiao\/\" title=\"Alagoinhas e Regi\u00e3o\">Alagoinhas e Regi\u00e3o<\/a>\n\t\t<\/span><span class=\"aioseo-breadcrumb-separator\">&raquo;<\/span><span class=\"aioseo-breadcrumb\">\n\t\t\tVereador Luciano Almeida critica falta de transpar\u00eancia na gest\u00e3o da Zona Azul em Alagoinhas\n\t\t<\/span><\/div>","aioseo_breadcrumb_json":[{"label":"In\u00edcio","link":"https:\/\/newsinfoco.com.br\/inicio"},{"label":"Alagoinhas e Regi\u00e3o","link":"https:\/\/newsinfoco.com.br\/inicio\/category\/alagoinhas-e-regiao\/"},{"label":"Vereador Luciano Almeida critica falta de transpar\u00eancia na gest\u00e3o da Zona Azul em Alagoinhas","link":"https:\/\/newsinfoco.com.br\/inicio\/vereador-luciano-almeida-critica-falta-de-transparencia-na-gestao-da-zona-azul-em-alagoinhas\/"}],"_links":{"self":[{"href":"https:\/\/newsinfoco.com.br\/inicio\/wp-json\/wp\/v2\/posts\/45003","targetHints":{"allow":["GET"]}}],"collection":[{"href":"https:\/\/newsinfoco.com.br\/inicio\/wp-json\/wp\/v2\/posts"}],"about":[{"href":"https:\/\/newsinfoco.com.br\/inicio\/wp-json\/wp\/v2\/types\/post"}],"author":[{"embeddable":true,"href":"https:\/\/newsinfoco.com.br\/inicio\/wp-json\/wp\/v2\/users\/1"}],"replies":[{"embeddable":true,"href":"https:\/\/newsinfoco.com.br\/inicio\/wp-json\/wp\/v2\/comments?post=45003"}],"version-history":[{"count":1,"href":"https:\/\/newsinfoco.com.br\/inicio\/wp-json\/wp\/v2\/posts\/45003\/revisions"}],"predecessor-version":[{"id":45005,"href":"https:\/\/newsinfoco.com.br\/inicio\/wp-json\/wp\/v2\/posts\/45003\/revisions\/45005"}],"wp:featuredmedia":[{"embeddable":true,"href":"https:\/\/newsinfoco.com.br\/inicio\/wp-json\/wp\/v2\/media\/45004"}],"wp:attachment":[{"href":"https:\/\/newsinfoco.com.br\/inicio\/wp-json\/wp\/v2\/media?parent=45003"}],"wp:term":[{"taxonomy":"category","embeddable":true,"href":"https:\/\/newsinfoco.com.br\/inicio\/wp-json\/wp\/v2\/categories?post=45003"},{"taxonomy":"post_tag","embeddable":true,"href":"https:\/\/newsinfoco.com.br\/inicio\/wp-json\/wp\/v2\/tags?post=45003"}],"curies":[{"name":"wp","href":"https:\/\/api.w.org\/{rel}","templated":true}]}}