{"id":45006,"date":"2025-09-03T14:41:32","date_gmt":"2025-09-03T17:41:32","guid":{"rendered":"https:\/\/newsinfoco.com.br\/inicio\/?p=45006"},"modified":"2025-09-03T14:41:32","modified_gmt":"2025-09-03T17:41:32","slug":"oab-alagoinhas-solicita-apoio-da-camara-municipal-para-oficializar-congresso-de-direito-previdenciario-no-calendario-municipal","status":"publish","type":"post","link":"https:\/\/newsinfoco.com.br\/inicio\/oab-alagoinhas-solicita-apoio-da-camara-municipal-para-oficializar-congresso-de-direito-previdenciario-no-calendario-municipal\/","title":{"rendered":"OAB Alagoinhas solicita apoio da C\u00e2mara Municipal para oficializar Congresso de Direito Previdenci\u00e1rio no calend\u00e1rio municipal"},"content":{"rendered":"<p>Na sess\u00e3o ordin\u00e1ria realizada ontem (28), a advogada e jornalista Selma Nunes utilizou a tribuna popular para apresentar um pleito em nome da advocacia previdenci\u00e1ria. Atuando como vice-presidente da Comiss\u00e3o dos Direitos da Mulher e da Comiss\u00e3o de Direito Previdenci\u00e1rio da OAB Alagoinhas, solicitou apoio dos parlamentares para que o Congresso de Direito Previdenci\u00e1rio seja incorporado ao calend\u00e1rio oficial do munic\u00edpio.<\/p>\n<p>De acordo com Selma Nunes, a segunda edi\u00e7\u00e3o do Congresso, que ser\u00e1 realizado nos dias 6 e 7 de novembro deste ano no Hotel \u00c1ster refletir\u00e1 o tema \u201cTecnologia e Prospec\u00e7\u00e3o\u201d, com o objetivo de fortalecer a atua\u00e7\u00e3o dos advogados previdenci\u00e1rios da regi\u00e3o e ampliar o acesso da popula\u00e7\u00e3o aos benef\u00edcios. Em seguida, destacou que o Brasil deve enfrentar uma nova reforma previdenci\u00e1ria nos pr\u00f3ximos anos e que \u00e9 preciso preparar a sociedade desde j\u00e1 para evitar preju\u00edzos aos mais vulner\u00e1veis.<\/p>\n<p>\u201cPrecisamos estar unidos com a popula\u00e7\u00e3o, porque em 2026 ou 2027 teremos uma nova mudan\u00e7a que provocar\u00e1 impactos na entrega de benef\u00edcios. \u00c9 fundamental que essa reforma n\u00e3o penalize ainda mais a popula\u00e7\u00e3o carente, sobretudo a comunidade rural, que depende dos recursos previdenci\u00e1rios para sobreviver\u201d, afirmou.<\/p>\n<div class=\"wp-block-image\">\n<p>Em seu pronunciamento, ainda defendeu a tecnologia e a capacita\u00e7\u00e3o profissional como instrumentos fundamentais para garantir direitos. \u201cN\u00e3o podemos viver mais sem a tecnologia. Este congresso busca capacitar advogados e fortalecer escrit\u00f3rios de previdenci\u00e1rio, para que possamos oferecer melhores servi\u00e7os \u00e0 popula\u00e7\u00e3o. \u00c9 o momento adequado para que este congresso fa\u00e7a parte do calend\u00e1rio municipal\u201d, defendeu.<\/p>\n<p>Ap\u00f3s salientar as contribui\u00e7\u00f5es de Selma Nunes para o munic\u00edpio, o vereador Thor de Ninha tamb\u00e9m a parabenizou pela relev\u00e2ncia da proposta apresentada. \u201cSeu pleito \u00e9 leg\u00edtimo e necess\u00e1rio, pois a for\u00e7a que a OAB tem em nosso pa\u00eds \u00e9 muito grande e a quest\u00e3o previdenci\u00e1ria precisa ser debatida com muita responsabilidade, principalmente porque atinge aqueles que est\u00e3o em situa\u00e7\u00e3o de vulnerabilidade, como idosos e pessoas com defici\u00eancia\u201d, disse.<\/p>\n<div class=\"wp-block-image\">\n<p>No mesmo sentido, o presidente da C\u00e2mara Municipal, Cleto da Banana, refor\u00e7ou a abertura da Casa Legislativa ao di\u00e1logo com a advocacia previdenci\u00e1ria. \u201cEsta Casa Legislativa est\u00e1 \u00e0 disposi\u00e7\u00e3o do segmento e pode ter certeza de que este pleito ser\u00e1 discutido, faremos tudo que estiver ao nosso alcance\u201d, concluiu.<\/p>\n<div class=\"wp-block-image\">\n<div class=\"elementor-column elementor-col-50 elementor-top-column elementor-element elementor-element-166fa74c\" data-id=\"166fa74c\" data-element_type=\"column\">\n<div class=\"elementor-widget-wrap elementor-element-populated\">\n<div class=\"elementor-element elementor-element-8956c80 elementor-widget elementor-widget-theme-post-content\" data-id=\"8956c80\" data-element_type=\"widget\" data-widget_type=\"theme-post-content.default\">\n<div class=\"elementor-widget-container\">\n<p><strong>Para assistir a sess\u00e3o na \u00edntegra, clique no link:\u00a0<\/strong><a href=\"https:\/\/www.youtube.com\/watch?v=VMq96KEkYHk\" target=\"_blank\" rel=\"noreferrer noopener\"><strong>TV C\u00e2mara Alagoinhas<\/strong><\/a><\/p>\n<p><strong>Ascom \u2013 C\u00e2mara Municipal de Alagoinhas<\/strong><\/p>\n<p><strong>Fotos \u2013 Jh\u00f4 Paz<\/strong><\/p>\n<p>&nbsp;<\/p>\n<\/div>\n<\/div>\n<\/div>\n<\/div>\n<div class=\"elementor-column elementor-col-50 elementor-top-column elementor-element elementor-element-263f143b\" data-id=\"263f143b\" data-element_type=\"column\">\n<div class=\"elementor-widget-wrap elementor-element-populated\">\n<div class=\"elementor-element elementor-element-19118fd7 elementor-widget elementor-widget-heading\" data-id=\"19118fd7\" data-element_type=\"widget\" data-widget_type=\"heading.default\">\n<div class=\"elementor-widget-container\"><\/div>\n<\/div>\n<\/div>\n<\/div>\n<\/div>\n<\/div>\n<\/div>\n<div class='share-to-whatsapp-wrapper'><div class='share-on-whsp'>Share on: <\/div><a data-text='OAB Alagoinhas solicita apoio da C\u00e2mara Municipal para oficializar Congresso de Direito Previdenci\u00e1rio no calend\u00e1rio municipal' data-link='https:\/\/newsinfoco.com.br\/inicio\/oab-alagoinhas-solicita-apoio-da-camara-municipal-para-oficializar-congresso-de-direito-previdenciario-no-calendario-municipal\/' class='whatsapp-button whatsapp-share'>WhatsApp<\/a><div class='clear '><\/div><\/div>","protected":false},"excerpt":{"rendered":"<p>Na sess\u00e3o ordin\u00e1ria realizada ontem (28), a advogada e jornalista Selma Nunes utilizou a tribuna popular para apresentar um pleito em nome da advocacia previdenci\u00e1ria. Atuando como vice-presidente da Comiss\u00e3o dos Direitos da Mulher e da Comiss\u00e3o de Direito Previdenci\u00e1rio da OAB Alagoinhas, solicitou apoio dos parlamentares para que o Congresso de Direito Previdenci\u00e1rio seja [&hellip;]<\/p>\n","protected":false},"author":1,"featured_media":45008,"comment_status":"closed","ping_status":"closed","sticky":false,"template":"","format":"standard","meta":{"om_disable_all_campaigns":false,"rop_custom_images_group":[],"rop_custom_messages_group":[],"rop_publish_now":"initial","rop_publish_now_accounts":[],"rop_publish_now_history":[],"rop_publish_now_status":"pending","_exactmetrics_skip_tracking":false,"footnotes":""},"categories":[38,167],"tags":[],"class_list":["post-45006","post","type-post","status-publish","format-standard","has-post-thumbnail","hentry","category-alagoinhas-e-regiao","category-exclusivas"],"aioseo_notices":[],"aioseo_head":"\n\t\t<!-- All in One SEO 4.9.10 - aioseo.com -->\n\t<meta name=\"description\" content=\"Na sess\u00e3o ordin\u00e1ria realizada ontem (28), a advogada e jornalista Selma Nunes utilizou a tribuna popular para apresentar um pleito em nome da advocacia previdenci\u00e1ria. Atuando como vice-presidente da Comiss\u00e3o dos Direitos da Mulher e da Comiss\u00e3o de Direito Previdenci\u00e1rio da OAB Alagoinhas, solicitou apoio dos parlamentares para que o Congresso de Direito Previdenci\u00e1rio seja\" \/>\n\t<meta name=\"robots\" content=\"max-image-preview:large\" \/>\n\t<meta name=\"author\" content=\"administrador\"\/>\n\t<link rel=\"canonical\" href=\"https:\/\/newsinfoco.com.br\/inicio\/oab-alagoinhas-solicita-apoio-da-camara-municipal-para-oficializar-congresso-de-direito-previdenciario-no-calendario-municipal\/\" \/>\n\t<meta name=\"generator\" content=\"All in One SEO (AIOSEO) 4.9.10\" \/>\n\t\t<meta property=\"og:locale\" content=\"pt_BR\" \/>\n\t\t<meta property=\"og:site_name\" content=\"News In Foco - Editado por Caio Pimenta - O principal site de noticias de Alagoinhas e regi\u00e3o\" \/>\n\t\t<meta property=\"og:type\" content=\"article\" \/>\n\t\t<meta property=\"og:title\" content=\"OAB Alagoinhas solicita apoio da C\u00e2mara Municipal para oficializar Congresso de Direito Previdenci\u00e1rio no calend\u00e1rio municipal - News In Foco - Editado por Caio Pimenta\" \/>\n\t\t<meta property=\"og:description\" content=\"Na sess\u00e3o ordin\u00e1ria realizada ontem (28), a advogada e jornalista Selma Nunes utilizou a tribuna popular para apresentar um pleito em nome da advocacia previdenci\u00e1ria. Atuando como vice-presidente da Comiss\u00e3o dos Direitos da Mulher e da Comiss\u00e3o de Direito Previdenci\u00e1rio da OAB Alagoinhas, solicitou apoio dos parlamentares para que o Congresso de Direito Previdenci\u00e1rio seja\" \/>\n\t\t<meta property=\"og:url\" content=\"https:\/\/newsinfoco.com.br\/inicio\/oab-alagoinhas-solicita-apoio-da-camara-municipal-para-oficializar-congresso-de-direito-previdenciario-no-calendario-municipal\/\" \/>\n\t\t<meta property=\"article:published_time\" content=\"2025-09-03T17:41:32+00:00\" \/>\n\t\t<meta property=\"article:modified_time\" content=\"2025-09-03T17:41:32+00:00\" \/>\n\t\t<meta name=\"twitter:card\" content=\"summary_large_image\" \/>\n\t\t<meta name=\"twitter:title\" content=\"OAB Alagoinhas solicita apoio da C\u00e2mara Municipal para oficializar Congresso de Direito Previdenci\u00e1rio no calend\u00e1rio municipal - News In Foco - Editado por Caio Pimenta\" \/>\n\t\t<meta name=\"twitter:description\" content=\"Na sess\u00e3o ordin\u00e1ria realizada ontem (28), a advogada e jornalista Selma Nunes utilizou a tribuna popular para apresentar um pleito em nome da advocacia previdenci\u00e1ria. Atuando como vice-presidente da Comiss\u00e3o dos Direitos da Mulher e da Comiss\u00e3o de Direito Previdenci\u00e1rio da OAB Alagoinhas, solicitou apoio dos parlamentares para que o Congresso de Direito Previdenci\u00e1rio seja\" \/>\n\t\t<script type=\"application\/ld+json\" class=\"aioseo-schema\">\n\t\t\t{\"@context\":\"https:\\\/\\\/schema.org\",\"@graph\":[{\"@type\":\"BlogPosting\",\"@id\":\"https:\\\/\\\/newsinfoco.com.br\\\/inicio\\\/oab-alagoinhas-solicita-apoio-da-camara-municipal-para-oficializar-congresso-de-direito-previdenciario-no-calendario-municipal\\\/#blogposting\",\"name\":\"OAB Alagoinhas solicita apoio da C\\u00e2mara Municipal para oficializar Congresso de Direito Previdenci\\u00e1rio no calend\\u00e1rio municipal - News In Foco - Editado por Caio Pimenta\",\"headline\":\"OAB Alagoinhas solicita apoio da C\\u00e2mara Municipal para oficializar Congresso de Direito Previdenci\\u00e1rio no calend\\u00e1rio municipal\",\"author\":{\"@id\":\"https:\\\/\\\/newsinfoco.com.br\\\/inicio\\\/author\\\/administrador\\\/#author\"},\"publisher\":{\"@id\":\"https:\\\/\\\/newsinfoco.com.br\\\/inicio\\\/#organization\"},\"image\":{\"@type\":\"ImageObject\",\"url\":\"https:\\\/\\\/newsinfoco.com.br\\\/inicio\\\/wp-content\\\/uploads\\\/2025\\\/09\\\/9353da90-8b76-4c74-b558-6166440ce380-2048x1152-1.jpg\",\"width\":2048,\"height\":1152},\"datePublished\":\"2025-09-03T14:41:32-03:00\",\"dateModified\":\"2025-09-03T14:41:32-03:00\",\"inLanguage\":\"pt-BR\",\"mainEntityOfPage\":{\"@id\":\"https:\\\/\\\/newsinfoco.com.br\\\/inicio\\\/oab-alagoinhas-solicita-apoio-da-camara-municipal-para-oficializar-congresso-de-direito-previdenciario-no-calendario-municipal\\\/#webpage\"},\"isPartOf\":{\"@id\":\"https:\\\/\\\/newsinfoco.com.br\\\/inicio\\\/oab-alagoinhas-solicita-apoio-da-camara-municipal-para-oficializar-congresso-de-direito-previdenciario-no-calendario-municipal\\\/#webpage\"},\"articleSection\":\"Alagoinhas e Regi\\u00e3o, Manchete\"},{\"@type\":\"BreadcrumbList\",\"@id\":\"https:\\\/\\\/newsinfoco.com.br\\\/inicio\\\/oab-alagoinhas-solicita-apoio-da-camara-municipal-para-oficializar-congresso-de-direito-previdenciario-no-calendario-municipal\\\/#breadcrumblist\",\"itemListElement\":[{\"@type\":\"ListItem\",\"@id\":\"https:\\\/\\\/newsinfoco.com.br\\\/inicio#listItem\",\"position\":1,\"name\":\"In\\u00edcio\",\"item\":\"https:\\\/\\\/newsinfoco.com.br\\\/inicio\",\"nextItem\":{\"@type\":\"ListItem\",\"@id\":\"https:\\\/\\\/newsinfoco.com.br\\\/inicio\\\/category\\\/alagoinhas-e-regiao\\\/#listItem\",\"name\":\"Alagoinhas e Regi\\u00e3o\"}},{\"@type\":\"ListItem\",\"@id\":\"https:\\\/\\\/newsinfoco.com.br\\\/inicio\\\/category\\\/alagoinhas-e-regiao\\\/#listItem\",\"position\":2,\"name\":\"Alagoinhas e Regi\\u00e3o\",\"item\":\"https:\\\/\\\/newsinfoco.com.br\\\/inicio\\\/category\\\/alagoinhas-e-regiao\\\/\",\"nextItem\":{\"@type\":\"ListItem\",\"@id\":\"https:\\\/\\\/newsinfoco.com.br\\\/inicio\\\/oab-alagoinhas-solicita-apoio-da-camara-municipal-para-oficializar-congresso-de-direito-previdenciario-no-calendario-municipal\\\/#listItem\",\"name\":\"OAB Alagoinhas solicita apoio da C\\u00e2mara Municipal para oficializar Congresso de Direito Previdenci\\u00e1rio no calend\\u00e1rio municipal\"},\"previousItem\":{\"@type\":\"ListItem\",\"@id\":\"https:\\\/\\\/newsinfoco.com.br\\\/inicio#listItem\",\"name\":\"In\\u00edcio\"}},{\"@type\":\"ListItem\",\"@id\":\"https:\\\/\\\/newsinfoco.com.br\\\/inicio\\\/oab-alagoinhas-solicita-apoio-da-camara-municipal-para-oficializar-congresso-de-direito-previdenciario-no-calendario-municipal\\\/#listItem\",\"position\":3,\"name\":\"OAB Alagoinhas solicita apoio da C\\u00e2mara Municipal para oficializar Congresso de Direito Previdenci\\u00e1rio no calend\\u00e1rio municipal\",\"previousItem\":{\"@type\":\"ListItem\",\"@id\":\"https:\\\/\\\/newsinfoco.com.br\\\/inicio\\\/category\\\/alagoinhas-e-regiao\\\/#listItem\",\"name\":\"Alagoinhas e Regi\\u00e3o\"}}]},{\"@type\":\"Organization\",\"@id\":\"https:\\\/\\\/newsinfoco.com.br\\\/inicio\\\/#organization\",\"name\":\"News In Foco - Editado por Caio Pimenta\",\"description\":\"O principal site de noticias de Alagoinhas e regi\\u00e3o\",\"url\":\"https:\\\/\\\/newsinfoco.com.br\\\/inicio\\\/\"},{\"@type\":\"Person\",\"@id\":\"https:\\\/\\\/newsinfoco.com.br\\\/inicio\\\/author\\\/administrador\\\/#author\",\"url\":\"https:\\\/\\\/newsinfoco.com.br\\\/inicio\\\/author\\\/administrador\\\/\",\"name\":\"administrador\",\"image\":{\"@type\":\"ImageObject\",\"@id\":\"https:\\\/\\\/newsinfoco.com.br\\\/inicio\\\/oab-alagoinhas-solicita-apoio-da-camara-municipal-para-oficializar-congresso-de-direito-previdenciario-no-calendario-municipal\\\/#authorImage\",\"url\":\"https:\\\/\\\/secure.gravatar.com\\\/avatar\\\/c17a617433de8c1dc9584bb79aab7563b46f5bb7e1728c9b17d9cc3ce6a08e49?s=96&d=mm&r=g\",\"width\":96,\"height\":96,\"caption\":\"administrador\"}},{\"@type\":\"WebPage\",\"@id\":\"https:\\\/\\\/newsinfoco.com.br\\\/inicio\\\/oab-alagoinhas-solicita-apoio-da-camara-municipal-para-oficializar-congresso-de-direito-previdenciario-no-calendario-municipal\\\/#webpage\",\"url\":\"https:\\\/\\\/newsinfoco.com.br\\\/inicio\\\/oab-alagoinhas-solicita-apoio-da-camara-municipal-para-oficializar-congresso-de-direito-previdenciario-no-calendario-municipal\\\/\",\"name\":\"OAB Alagoinhas solicita apoio da C\\u00e2mara Municipal para oficializar Congresso de Direito Previdenci\\u00e1rio no calend\\u00e1rio municipal - News In Foco - Editado por Caio Pimenta\",\"description\":\"Na sess\\u00e3o ordin\\u00e1ria realizada ontem (28), a advogada e jornalista Selma Nunes utilizou a tribuna popular para apresentar um pleito em nome da advocacia previdenci\\u00e1ria. Atuando como vice-presidente da Comiss\\u00e3o dos Direitos da Mulher e da Comiss\\u00e3o de Direito Previdenci\\u00e1rio da OAB Alagoinhas, solicitou apoio dos parlamentares para que o Congresso de Direito Previdenci\\u00e1rio seja\",\"inLanguage\":\"pt-BR\",\"isPartOf\":{\"@id\":\"https:\\\/\\\/newsinfoco.com.br\\\/inicio\\\/#website\"},\"breadcrumb\":{\"@id\":\"https:\\\/\\\/newsinfoco.com.br\\\/inicio\\\/oab-alagoinhas-solicita-apoio-da-camara-municipal-para-oficializar-congresso-de-direito-previdenciario-no-calendario-municipal\\\/#breadcrumblist\"},\"author\":{\"@id\":\"https:\\\/\\\/newsinfoco.com.br\\\/inicio\\\/author\\\/administrador\\\/#author\"},\"creator\":{\"@id\":\"https:\\\/\\\/newsinfoco.com.br\\\/inicio\\\/author\\\/administrador\\\/#author\"},\"image\":{\"@type\":\"ImageObject\",\"url\":\"https:\\\/\\\/newsinfoco.com.br\\\/inicio\\\/wp-content\\\/uploads\\\/2025\\\/09\\\/9353da90-8b76-4c74-b558-6166440ce380-2048x1152-1.jpg\",\"@id\":\"https:\\\/\\\/newsinfoco.com.br\\\/inicio\\\/oab-alagoinhas-solicita-apoio-da-camara-municipal-para-oficializar-congresso-de-direito-previdenciario-no-calendario-municipal\\\/#mainImage\",\"width\":2048,\"height\":1152},\"primaryImageOfPage\":{\"@id\":\"https:\\\/\\\/newsinfoco.com.br\\\/inicio\\\/oab-alagoinhas-solicita-apoio-da-camara-municipal-para-oficializar-congresso-de-direito-previdenciario-no-calendario-municipal\\\/#mainImage\"},\"datePublished\":\"2025-09-03T14:41:32-03:00\",\"dateModified\":\"2025-09-03T14:41:32-03:00\"},{\"@type\":\"WebSite\",\"@id\":\"https:\\\/\\\/newsinfoco.com.br\\\/inicio\\\/#website\",\"url\":\"https:\\\/\\\/newsinfoco.com.br\\\/inicio\\\/\",\"name\":\"News In Foco - Editado por Caio Pimenta\",\"description\":\"O principal site de noticias de Alagoinhas e regi\\u00e3o\",\"inLanguage\":\"pt-BR\",\"publisher\":{\"@id\":\"https:\\\/\\\/newsinfoco.com.br\\\/inicio\\\/#organization\"}}]}\n\t\t<\/script>\n\t\t<!-- All in One SEO -->\n\n","aioseo_head_json":{"title":"OAB Alagoinhas solicita apoio da C\u00e2mara Municipal para oficializar Congresso de Direito Previdenci\u00e1rio no calend\u00e1rio municipal - News In Foco - Editado por Caio Pimenta","description":"Na sess\u00e3o ordin\u00e1ria realizada ontem (28), a advogada e jornalista Selma Nunes utilizou a tribuna popular para apresentar um pleito em nome da advocacia previdenci\u00e1ria. Atuando como vice-presidente da Comiss\u00e3o dos Direitos da Mulher e da Comiss\u00e3o de Direito Previdenci\u00e1rio da OAB Alagoinhas, solicitou apoio dos parlamentares para que o Congresso de Direito Previdenci\u00e1rio seja","canonical_url":"https:\/\/newsinfoco.com.br\/inicio\/oab-alagoinhas-solicita-apoio-da-camara-municipal-para-oficializar-congresso-de-direito-previdenciario-no-calendario-municipal\/","robots":"max-image-preview:large","keywords":"","webmasterTools":{"miscellaneous":""},"schema":{"@context":"https:\/\/schema.org","@graph":[{"@type":"BlogPosting","@id":"https:\/\/newsinfoco.com.br\/inicio\/oab-alagoinhas-solicita-apoio-da-camara-municipal-para-oficializar-congresso-de-direito-previdenciario-no-calendario-municipal\/#blogposting","name":"OAB Alagoinhas solicita apoio da C\u00e2mara Municipal para oficializar Congresso de Direito Previdenci\u00e1rio no calend\u00e1rio municipal - News In Foco - Editado por Caio Pimenta","headline":"OAB Alagoinhas solicita apoio da C\u00e2mara Municipal para oficializar Congresso de Direito Previdenci\u00e1rio no calend\u00e1rio municipal","author":{"@id":"https:\/\/newsinfoco.com.br\/inicio\/author\/administrador\/#author"},"publisher":{"@id":"https:\/\/newsinfoco.com.br\/inicio\/#organization"},"image":{"@type":"ImageObject","url":"https:\/\/newsinfoco.com.br\/inicio\/wp-content\/uploads\/2025\/09\/9353da90-8b76-4c74-b558-6166440ce380-2048x1152-1.jpg","width":2048,"height":1152},"datePublished":"2025-09-03T14:41:32-03:00","dateModified":"2025-09-03T14:41:32-03:00","inLanguage":"pt-BR","mainEntityOfPage":{"@id":"https:\/\/newsinfoco.com.br\/inicio\/oab-alagoinhas-solicita-apoio-da-camara-municipal-para-oficializar-congresso-de-direito-previdenciario-no-calendario-municipal\/#webpage"},"isPartOf":{"@id":"https:\/\/newsinfoco.com.br\/inicio\/oab-alagoinhas-solicita-apoio-da-camara-municipal-para-oficializar-congresso-de-direito-previdenciario-no-calendario-municipal\/#webpage"},"articleSection":"Alagoinhas e Regi\u00e3o, Manchete"},{"@type":"BreadcrumbList","@id":"https:\/\/newsinfoco.com.br\/inicio\/oab-alagoinhas-solicita-apoio-da-camara-municipal-para-oficializar-congresso-de-direito-previdenciario-no-calendario-municipal\/#breadcrumblist","itemListElement":[{"@type":"ListItem","@id":"https:\/\/newsinfoco.com.br\/inicio#listItem","position":1,"name":"In\u00edcio","item":"https:\/\/newsinfoco.com.br\/inicio","nextItem":{"@type":"ListItem","@id":"https:\/\/newsinfoco.com.br\/inicio\/category\/alagoinhas-e-regiao\/#listItem","name":"Alagoinhas e Regi\u00e3o"}},{"@type":"ListItem","@id":"https:\/\/newsinfoco.com.br\/inicio\/category\/alagoinhas-e-regiao\/#listItem","position":2,"name":"Alagoinhas e Regi\u00e3o","item":"https:\/\/newsinfoco.com.br\/inicio\/category\/alagoinhas-e-regiao\/","nextItem":{"@type":"ListItem","@id":"https:\/\/newsinfoco.com.br\/inicio\/oab-alagoinhas-solicita-apoio-da-camara-municipal-para-oficializar-congresso-de-direito-previdenciario-no-calendario-municipal\/#listItem","name":"OAB Alagoinhas solicita apoio da C\u00e2mara Municipal para oficializar Congresso de Direito Previdenci\u00e1rio no calend\u00e1rio municipal"},"previousItem":{"@type":"ListItem","@id":"https:\/\/newsinfoco.com.br\/inicio#listItem","name":"In\u00edcio"}},{"@type":"ListItem","@id":"https:\/\/newsinfoco.com.br\/inicio\/oab-alagoinhas-solicita-apoio-da-camara-municipal-para-oficializar-congresso-de-direito-previdenciario-no-calendario-municipal\/#listItem","position":3,"name":"OAB Alagoinhas solicita apoio da C\u00e2mara Municipal para oficializar Congresso de Direito Previdenci\u00e1rio no calend\u00e1rio municipal","previousItem":{"@type":"ListItem","@id":"https:\/\/newsinfoco.com.br\/inicio\/category\/alagoinhas-e-regiao\/#listItem","name":"Alagoinhas e Regi\u00e3o"}}]},{"@type":"Organization","@id":"https:\/\/newsinfoco.com.br\/inicio\/#organization","name":"News In Foco - Editado por Caio Pimenta","description":"O principal site de noticias de Alagoinhas e regi\u00e3o","url":"https:\/\/newsinfoco.com.br\/inicio\/"},{"@type":"Person","@id":"https:\/\/newsinfoco.com.br\/inicio\/author\/administrador\/#author","url":"https:\/\/newsinfoco.com.br\/inicio\/author\/administrador\/","name":"administrador","image":{"@type":"ImageObject","@id":"https:\/\/newsinfoco.com.br\/inicio\/oab-alagoinhas-solicita-apoio-da-camara-municipal-para-oficializar-congresso-de-direito-previdenciario-no-calendario-municipal\/#authorImage","url":"https:\/\/secure.gravatar.com\/avatar\/c17a617433de8c1dc9584bb79aab7563b46f5bb7e1728c9b17d9cc3ce6a08e49?s=96&d=mm&r=g","width":96,"height":96,"caption":"administrador"}},{"@type":"WebPage","@id":"https:\/\/newsinfoco.com.br\/inicio\/oab-alagoinhas-solicita-apoio-da-camara-municipal-para-oficializar-congresso-de-direito-previdenciario-no-calendario-municipal\/#webpage","url":"https:\/\/newsinfoco.com.br\/inicio\/oab-alagoinhas-solicita-apoio-da-camara-municipal-para-oficializar-congresso-de-direito-previdenciario-no-calendario-municipal\/","name":"OAB Alagoinhas solicita apoio da C\u00e2mara Municipal para oficializar Congresso de Direito Previdenci\u00e1rio no calend\u00e1rio municipal - News In Foco - Editado por Caio Pimenta","description":"Na sess\u00e3o ordin\u00e1ria realizada ontem (28), a advogada e jornalista Selma Nunes utilizou a tribuna popular para apresentar um pleito em nome da advocacia previdenci\u00e1ria. Atuando como vice-presidente da Comiss\u00e3o dos Direitos da Mulher e da Comiss\u00e3o de Direito Previdenci\u00e1rio da OAB Alagoinhas, solicitou apoio dos parlamentares para que o Congresso de Direito Previdenci\u00e1rio seja","inLanguage":"pt-BR","isPartOf":{"@id":"https:\/\/newsinfoco.com.br\/inicio\/#website"},"breadcrumb":{"@id":"https:\/\/newsinfoco.com.br\/inicio\/oab-alagoinhas-solicita-apoio-da-camara-municipal-para-oficializar-congresso-de-direito-previdenciario-no-calendario-municipal\/#breadcrumblist"},"author":{"@id":"https:\/\/newsinfoco.com.br\/inicio\/author\/administrador\/#author"},"creator":{"@id":"https:\/\/newsinfoco.com.br\/inicio\/author\/administrador\/#author"},"image":{"@type":"ImageObject","url":"https:\/\/newsinfoco.com.br\/inicio\/wp-content\/uploads\/2025\/09\/9353da90-8b76-4c74-b558-6166440ce380-2048x1152-1.jpg","@id":"https:\/\/newsinfoco.com.br\/inicio\/oab-alagoinhas-solicita-apoio-da-camara-municipal-para-oficializar-congresso-de-direito-previdenciario-no-calendario-municipal\/#mainImage","width":2048,"height":1152},"primaryImageOfPage":{"@id":"https:\/\/newsinfoco.com.br\/inicio\/oab-alagoinhas-solicita-apoio-da-camara-municipal-para-oficializar-congresso-de-direito-previdenciario-no-calendario-municipal\/#mainImage"},"datePublished":"2025-09-03T14:41:32-03:00","dateModified":"2025-09-03T14:41:32-03:00"},{"@type":"WebSite","@id":"https:\/\/newsinfoco.com.br\/inicio\/#website","url":"https:\/\/newsinfoco.com.br\/inicio\/","name":"News In Foco - Editado por Caio Pimenta","description":"O principal site de noticias de Alagoinhas e regi\u00e3o","inLanguage":"pt-BR","publisher":{"@id":"https:\/\/newsinfoco.com.br\/inicio\/#organization"}}]},"og:locale":"pt_BR","og:site_name":"News In Foco - Editado por Caio Pimenta - O principal site de noticias de Alagoinhas e regi\u00e3o","og:type":"article","og:title":"OAB Alagoinhas solicita apoio da C\u00e2mara Municipal para oficializar Congresso de Direito Previdenci\u00e1rio no calend\u00e1rio municipal - News In Foco - Editado por Caio Pimenta","og:description":"Na sess\u00e3o ordin\u00e1ria realizada ontem (28), a advogada e jornalista Selma Nunes utilizou a tribuna popular para apresentar um pleito em nome da advocacia previdenci\u00e1ria. Atuando como vice-presidente da Comiss\u00e3o dos Direitos da Mulher e da Comiss\u00e3o de Direito Previdenci\u00e1rio da OAB Alagoinhas, solicitou apoio dos parlamentares para que o Congresso de Direito Previdenci\u00e1rio seja","og:url":"https:\/\/newsinfoco.com.br\/inicio\/oab-alagoinhas-solicita-apoio-da-camara-municipal-para-oficializar-congresso-de-direito-previdenciario-no-calendario-municipal\/","article:published_time":"2025-09-03T17:41:32+00:00","article:modified_time":"2025-09-03T17:41:32+00:00","twitter:card":"summary_large_image","twitter:title":"OAB Alagoinhas solicita apoio da C\u00e2mara Municipal para oficializar Congresso de Direito Previdenci\u00e1rio no calend\u00e1rio municipal - News In Foco - Editado por Caio Pimenta","twitter:description":"Na sess\u00e3o ordin\u00e1ria realizada ontem (28), a advogada e jornalista Selma Nunes utilizou a tribuna popular para apresentar um pleito em nome da advocacia previdenci\u00e1ria. Atuando como vice-presidente da Comiss\u00e3o dos Direitos da Mulher e da Comiss\u00e3o de Direito Previdenci\u00e1rio da OAB Alagoinhas, solicitou apoio dos parlamentares para que o Congresso de Direito Previdenci\u00e1rio seja"},"aioseo_meta_data":{"post_id":"45006","title":null,"description":null,"keywords":null,"keyphrases":{"focus":{"keyphrase":"","score":0,"analysis":{"keyphraseInTitle":{"score":0,"maxScore":9,"error":1}}},"additional":[]},"primary_term":null,"canonical_url":null,"og_title":null,"og_description":null,"og_object_type":"default","og_image_type":"default","og_image_url":null,"og_image_width":null,"og_image_height":null,"og_image_custom_url":null,"og_image_custom_fields":null,"og_video":"","og_custom_url":null,"og_article_section":null,"og_article_tags":null,"twitter_use_og":false,"twitter_card":"default","twitter_image_type":"default","twitter_image_url":null,"twitter_image_custom_url":null,"twitter_image_custom_fields":null,"twitter_title":null,"twitter_description":null,"schema":{"blockGraphs":[],"customGraphs":[],"default":{"data":{"Article":[],"Course":[],"Dataset":[],"FAQPage":[],"Movie":[],"Person":[],"Product":[],"ProductReview":[],"Car":[],"Recipe":[],"Service":[],"SoftwareApplication":[],"WebPage":[]},"graphName":"BlogPosting","isEnabled":true},"graphs":[]},"schema_type":"default","schema_type_options":null,"pillar_content":false,"robots_default":true,"robots_noindex":false,"robots_noarchive":false,"robots_nosnippet":false,"robots_nofollow":false,"robots_noimageindex":false,"robots_noodp":false,"robots_notranslate":false,"robots_max_snippet":"-1","robots_max_videopreview":"-1","robots_max_imagepreview":"large","priority":null,"frequency":"default","local_seo":null,"breadcrumb_settings":null,"limit_modified_date":false,"ai":{"faqs":[],"keyPoints":[],"titles":[],"descriptions":[],"socialPosts":{"email":[],"linkedin":[],"twitter":[],"facebook":[],"instagram":[]}},"created":"2025-09-03 17:41:32","updated":"2025-09-03 17:42:37","seo_analyzer_scan_date":null},"aioseo_breadcrumb":"<div class=\"aioseo-breadcrumbs\"><span class=\"aioseo-breadcrumb\">\n\t\t\t<a href=\"https:\/\/newsinfoco.com.br\/inicio\" title=\"In\u00edcio\">In\u00edcio<\/a>\n\t\t<\/span><span class=\"aioseo-breadcrumb-separator\">&raquo;<\/span><span class=\"aioseo-breadcrumb\">\n\t\t\t<a href=\"https:\/\/newsinfoco.com.br\/inicio\/category\/alagoinhas-e-regiao\/\" title=\"Alagoinhas e Regi\u00e3o\">Alagoinhas e Regi\u00e3o<\/a>\n\t\t<\/span><span class=\"aioseo-breadcrumb-separator\">&raquo;<\/span><span class=\"aioseo-breadcrumb\">\n\t\t\tOAB Alagoinhas solicita apoio da C\u00e2mara Municipal para oficializar Congresso de Direito Previdenci\u00e1rio no calend\u00e1rio municipal\n\t\t<\/span><\/div>","aioseo_breadcrumb_json":[{"label":"In\u00edcio","link":"https:\/\/newsinfoco.com.br\/inicio"},{"label":"Alagoinhas e Regi\u00e3o","link":"https:\/\/newsinfoco.com.br\/inicio\/category\/alagoinhas-e-regiao\/"},{"label":"OAB Alagoinhas solicita apoio da C\u00e2mara Municipal para oficializar Congresso de Direito Previdenci\u00e1rio no calend\u00e1rio municipal","link":"https:\/\/newsinfoco.com.br\/inicio\/oab-alagoinhas-solicita-apoio-da-camara-municipal-para-oficializar-congresso-de-direito-previdenciario-no-calendario-municipal\/"}],"_links":{"self":[{"href":"https:\/\/newsinfoco.com.br\/inicio\/wp-json\/wp\/v2\/posts\/45006","targetHints":{"allow":["GET"]}}],"collection":[{"href":"https:\/\/newsinfoco.com.br\/inicio\/wp-json\/wp\/v2\/posts"}],"about":[{"href":"https:\/\/newsinfoco.com.br\/inicio\/wp-json\/wp\/v2\/types\/post"}],"author":[{"embeddable":true,"href":"https:\/\/newsinfoco.com.br\/inicio\/wp-json\/wp\/v2\/users\/1"}],"replies":[{"embeddable":true,"href":"https:\/\/newsinfoco.com.br\/inicio\/wp-json\/wp\/v2\/comments?post=45006"}],"version-history":[{"count":1,"href":"https:\/\/newsinfoco.com.br\/inicio\/wp-json\/wp\/v2\/posts\/45006\/revisions"}],"predecessor-version":[{"id":45009,"href":"https:\/\/newsinfoco.com.br\/inicio\/wp-json\/wp\/v2\/posts\/45006\/revisions\/45009"}],"wp:featuredmedia":[{"embeddable":true,"href":"https:\/\/newsinfoco.com.br\/inicio\/wp-json\/wp\/v2\/media\/45008"}],"wp:attachment":[{"href":"https:\/\/newsinfoco.com.br\/inicio\/wp-json\/wp\/v2\/media?parent=45006"}],"wp:term":[{"taxonomy":"category","embeddable":true,"href":"https:\/\/newsinfoco.com.br\/inicio\/wp-json\/wp\/v2\/categories?post=45006"},{"taxonomy":"post_tag","embeddable":true,"href":"https:\/\/newsinfoco.com.br\/inicio\/wp-json\/wp\/v2\/tags?post=45006"}],"curies":[{"name":"wp","href":"https:\/\/api.w.org\/{rel}","templated":true}]}}