{"id":45013,"date":"2025-09-03T15:02:05","date_gmt":"2025-09-03T18:02:05","guid":{"rendered":"https:\/\/newsinfoco.com.br\/inicio\/?p=45013"},"modified":"2025-09-03T15:02:05","modified_gmt":"2025-09-03T18:02:05","slug":"no-stf-defesa-de-bolsonaro-contesta-acusacoes-e-pena-de-30-anos","status":"publish","type":"post","link":"https:\/\/newsinfoco.com.br\/inicio\/no-stf-defesa-de-bolsonaro-contesta-acusacoes-e-pena-de-30-anos\/","title":{"rendered":"No STF, defesa de Bolsonaro contesta acusa\u00e7\u00f5es e pena de 30 anos"},"content":{"rendered":"<p>O Supremo Tribunal Federal (STF) retomou nesta quarta-feira (3) o julgamento do ex-presidente Jair Bolsonaro (PL) e de outros sete r\u00e9us acusados de supostamente participar de uma trama golpista em 2022 para impedir a posse de Luiz In\u00e1cio Lula da Silva (PT). A Procuradoria-Geral da Rep\u00fablica (PGR) aponta o ex-presidente como mentor do plano. As informa\u00e7\u00f5es s\u00e3o do portal InfoMoney.<\/p>\n<p>A defesa de Bolsonaro, no entanto, questiona a validade do posicionamento da PGR, com o advogado Celso Vilardi afirmando que a acusa\u00e7\u00e3o n\u00e3o apresenta provas de que o ex-presidente tenha participado da execu\u00e7\u00e3o de qualquer ato violento e criticou o enquadramento jur\u00eddico proposto pela PGR.<\/p><div class=\"newsi-conteudo_19\" id=\"newsi-226542508\"><a href=\"https:\/\/www.instagram.com\/prefeituraalagoinhas?igsh=YzgzdDJ1bWR3aWI4\" aria-label=\"SAVE_20251006_221555\"><img loading=\"lazy\" decoding=\"async\" src=\"https:\/\/newsinfoco.com.br\/inicio\/wp-content\/uploads\/2025\/10\/SAVE_20251006_221555-rotated.jpg\" alt=\"\"  srcset=\"https:\/\/newsinfoco.com.br\/inicio\/wp-content\/uploads\/2025\/10\/SAVE_20251006_221555-rotated.jpg 1140w, https:\/\/newsinfoco.com.br\/inicio\/wp-content\/uploads\/2025\/10\/SAVE_20251006_221555-300x52.jpg 300w, https:\/\/newsinfoco.com.br\/inicio\/wp-content\/uploads\/2025\/10\/SAVE_20251006_221555-1024x177.jpg 1024w, https:\/\/newsinfoco.com.br\/inicio\/wp-content\/uploads\/2025\/10\/SAVE_20251006_221555-768x133.jpg 768w, https:\/\/newsinfoco.com.br\/inicio\/wp-content\/uploads\/2025\/10\/SAVE_20251006_221555-600x104.jpg 600w, https:\/\/newsinfoco.com.br\/inicio\/wp-content\/uploads\/2025\/10\/SAVE_20251006_221555-696x120.jpg 696w, https:\/\/newsinfoco.com.br\/inicio\/wp-content\/uploads\/2025\/10\/SAVE_20251006_221555-1068x185.jpg 1068w\" sizes=\"(max-width: 1140px) 100vw, 1140px\" width=\"1140\" height=\"197\"   \/><\/a><\/div>\n<p>\u201cN\u00e3o \u00e9 poss\u00edvel se falar em in\u00edcio da execu\u00e7\u00e3o de um golpe em uma live sobre urnas eletr\u00f4nicas. Onde est\u00e1 a viol\u00eancia ou grave amea\u00e7a?\u201d, questionou.<\/p>\n<p>A sess\u00e3o desta quarta foi a primeira em que a defesa do ex-presidente se manifestou desde o in\u00edcio do julgamento, na ter\u00e7a-feira (2). \u201cO assunto foi encerrado naquela conversa. Transformar isso em uma pena de mais de 30 anos n\u00e3o \u00e9 razo\u00e1vel\u201d, disse.<\/p>\n<p>Vilardi ainda rebateu o argumento de que as reuni\u00f5es de Bolsonaro com chefes militares configurariam crime. Segundo ele, o encontro de 7 de dezembro de 2022, citado pela den\u00fancia, terminou sem qualquer encaminhamento.<\/p>\n<p>O advogado ainda acusou a Procuradoria de contradi\u00e7\u00e3o ao afirmar que o golpe n\u00e3o se consumou gra\u00e7as \u00e0 resist\u00eancia das For\u00e7as Armadas, mas que teria atingido seu auge com a persegui\u00e7\u00e3o a opositores. \u201cSe ele n\u00e3o se consumou, como poderia ter atingido o auge?\u201d, questionou.<\/p>\n<p>Defendendo o argumento de que Bolsonaro teria buscado garantir a ordem durante o per\u00edodo eleitoral, Vilardi relembrou a ocasi\u00e3o em que caminhoneiros bloquearam rodovias ap\u00f3s a vit\u00f3ria de Lula em 2022. Naquele momento, disse o advogado, o ent\u00e3o presidente pediu formalmente o fim da obstru\u00e7\u00e3o.<\/p>\n<div>\n<div>\n<div class=\"trv-player-container\">\n<div class=\"trv-wrapper\">\n<div id=\"br_video_player_764a4afaed71e255843df4e8b908579dc3c659f9\" class=\"trvd_video_player trvdinstream\">\n<div class=\"conteudo_post\">\n<p>Para Vilardi, associar esse contexto a uma tentativa de golpe \u00e9 inflar artificialmente as acusa\u00e7\u00f5es. \u201cO que est\u00e1 acontecendo \u00e9 trazer para Bolsonaro responsabilidades ligadas a crimes contra a vida, como os de 8 de janeiro, sem que exista prova de que ele tenha ordenado ou participado desses atos\u201d, concluiu.<\/p>\n<p>Na sess\u00e3o anterior, em seu pronunciamento, a PGR defendeu a condena\u00e7\u00e3o de todos os acusados por tentativa de golpe de Estado e aboli\u00e7\u00e3o violenta do Estado Democr\u00e1tico de Direito.<\/p>\n<\/div>\n<div id=\"div-share\">Bahia.Ba<\/div>\n<\/div>\n<\/div>\n<\/div>\n<\/div>\n<\/div>\n<div class='share-to-whatsapp-wrapper'><div class='share-on-whsp'>Share on: <\/div><a data-text='No STF, defesa de Bolsonaro contesta acusa\u00e7\u00f5es e pena de 30 anos' data-link='https:\/\/newsinfoco.com.br\/inicio\/no-stf-defesa-de-bolsonaro-contesta-acusacoes-e-pena-de-30-anos\/' class='whatsapp-button whatsapp-share'>WhatsApp<\/a><div class='clear '><\/div><\/div>","protected":false},"excerpt":{"rendered":"<p>O Supremo Tribunal Federal (STF) retomou nesta quarta-feira (3) o julgamento do ex-presidente Jair Bolsonaro (PL) e de outros sete r\u00e9us acusados de supostamente participar de uma trama golpista em 2022 para impedir a posse de Luiz In\u00e1cio Lula da Silva (PT). A Procuradoria-Geral da Rep\u00fablica (PGR) aponta o ex-presidente como mentor do plano. As [&hellip;]<\/p>\n","protected":false},"author":1,"featured_media":45014,"comment_status":"closed","ping_status":"closed","sticky":false,"template":"","format":"standard","meta":{"om_disable_all_campaigns":false,"_exactmetrics_skip_tracking":false,"_exactmetrics_sitenote_active":false,"_exactmetrics_sitenote_note":"","_exactmetrics_sitenote_category":0,"footnotes":""},"categories":[21],"tags":[],"class_list":["post-45013","post","type-post","status-publish","format-standard","has-post-thumbnail","hentry","category-brasil"],"aioseo_notices":[],"_links":{"self":[{"href":"https:\/\/newsinfoco.com.br\/inicio\/wp-json\/wp\/v2\/posts\/45013","targetHints":{"allow":["GET"]}}],"collection":[{"href":"https:\/\/newsinfoco.com.br\/inicio\/wp-json\/wp\/v2\/posts"}],"about":[{"href":"https:\/\/newsinfoco.com.br\/inicio\/wp-json\/wp\/v2\/types\/post"}],"author":[{"embeddable":true,"href":"https:\/\/newsinfoco.com.br\/inicio\/wp-json\/wp\/v2\/users\/1"}],"replies":[{"embeddable":true,"href":"https:\/\/newsinfoco.com.br\/inicio\/wp-json\/wp\/v2\/comments?post=45013"}],"version-history":[{"count":1,"href":"https:\/\/newsinfoco.com.br\/inicio\/wp-json\/wp\/v2\/posts\/45013\/revisions"}],"predecessor-version":[{"id":45015,"href":"https:\/\/newsinfoco.com.br\/inicio\/wp-json\/wp\/v2\/posts\/45013\/revisions\/45015"}],"wp:featuredmedia":[{"embeddable":true,"href":"https:\/\/newsinfoco.com.br\/inicio\/wp-json\/wp\/v2\/media\/45014"}],"wp:attachment":[{"href":"https:\/\/newsinfoco.com.br\/inicio\/wp-json\/wp\/v2\/media?parent=45013"}],"wp:term":[{"taxonomy":"category","embeddable":true,"href":"https:\/\/newsinfoco.com.br\/inicio\/wp-json\/wp\/v2\/categories?post=45013"},{"taxonomy":"post_tag","embeddable":true,"href":"https:\/\/newsinfoco.com.br\/inicio\/wp-json\/wp\/v2\/tags?post=45013"}],"curies":[{"name":"wp","href":"https:\/\/api.w.org\/{rel}","templated":true}]}}