{"id":45110,"date":"2025-09-05T14:02:05","date_gmt":"2025-09-05T17:02:05","guid":{"rendered":"https:\/\/newsinfoco.com.br\/inicio\/?p=45110"},"modified":"2025-09-05T14:02:05","modified_gmt":"2025-09-05T17:02:05","slug":"hugo-motta-diz-que-camara-ainda-nao-definiu-votacao-sobre-pl-da-anistia","status":"publish","type":"post","link":"https:\/\/newsinfoco.com.br\/inicio\/hugo-motta-diz-que-camara-ainda-nao-definiu-votacao-sobre-pl-da-anistia\/","title":{"rendered":"Hugo Motta diz que C\u00e2mara ainda n\u00e3o definiu vota\u00e7\u00e3o sobre PL da Anistia"},"content":{"rendered":"<p>O presidente da C\u00e2mara dos Deputados, Hugo Motta (Republicanos-PB), afirmou nesta quinta-feira (4) que ainda n\u00e3o h\u00e1 decis\u00e3o sobre a vota\u00e7\u00e3o do Projeto de Lei que prev\u00ea anistia para os condenados pelos atos golpistas de 8 de janeiro de 2023.<\/p>\n<p>Segundo ele, o tema segue em discuss\u00e3o com os l\u00edderes partid\u00e1rios. \u201cEstamos muito tranquilos com rela\u00e7\u00e3o \u00e0 discuss\u00e3o dessa pauta. N\u00e3o h\u00e1 ainda nenhuma defini\u00e7\u00e3o. N\u00f3s estamos sempre ouvindo o col\u00e9gio de l\u00edderes nessas pautas\u201d, disse.<\/p><div class=\"newsi-conteudo_19\" id=\"newsi-275260445\"><a href=\"https:\/\/www.instagram.com\/prefeituraalagoinhas?igsh=YzgzdDJ1bWR3aWI4\" aria-label=\"SAVE_20251006_221555\"><img loading=\"lazy\" decoding=\"async\" src=\"https:\/\/newsinfoco.com.br\/inicio\/wp-content\/uploads\/2025\/10\/SAVE_20251006_221555-rotated.jpg\" alt=\"\"  srcset=\"https:\/\/newsinfoco.com.br\/inicio\/wp-content\/uploads\/2025\/10\/SAVE_20251006_221555-rotated.jpg 1140w, https:\/\/newsinfoco.com.br\/inicio\/wp-content\/uploads\/2025\/10\/SAVE_20251006_221555-300x52.jpg 300w, https:\/\/newsinfoco.com.br\/inicio\/wp-content\/uploads\/2025\/10\/SAVE_20251006_221555-1024x177.jpg 1024w, https:\/\/newsinfoco.com.br\/inicio\/wp-content\/uploads\/2025\/10\/SAVE_20251006_221555-768x133.jpg 768w, https:\/\/newsinfoco.com.br\/inicio\/wp-content\/uploads\/2025\/10\/SAVE_20251006_221555-600x104.jpg 600w, https:\/\/newsinfoco.com.br\/inicio\/wp-content\/uploads\/2025\/10\/SAVE_20251006_221555-696x120.jpg 696w, https:\/\/newsinfoco.com.br\/inicio\/wp-content\/uploads\/2025\/10\/SAVE_20251006_221555-1068x185.jpg 1068w\" sizes=\"(max-width: 1140px) 100vw, 1140px\" width=\"1140\" height=\"197\"   \/><\/a><\/div>\n<div>\n<div>\n<div class=\"trv-player-container\">\n<div class=\"trv-wrapper\">\n<div id=\"br_video_player_8e1574fb89df42c4aa0df4e8b908579dc3c659f9\" class=\"trvd_video_player trvdinstream\">\n<div class=\"media-player\">\n<div class=\"trv-video\">\n<div id=\"truvid_ima_container99432\" class=\"truvid_ima_container trv-ima-container-hidden\">\n<div>\n<div>\n<div class=\"trv-player-container\">\n<div class=\"trv-wrapper\">\n<div id=\"br_video_player_8e1574fb89df42c4aa0df4e8b908579dc3c659f9\" class=\"trvd_video_player trvdinstream\">\n<div class=\"media-player\">\n<div class=\"trv-video\">\n<div id=\"truvid_ima_container99432\" class=\"truvid_ima_container trv-ima-container-hidden\">\n<p>O debate sobre a anistia ganhou for\u00e7a ap\u00f3s o Supremo Tribunal Federal (STF) iniciar o julgamento do ex-presidente Jair Bolsonaro (PL), acusado de tentativa de golpe de Estado.<\/p>\n<p>Motta ressaltou que tem dialogado com parlamentares de diferentes posi\u00e7\u00f5es pol\u00edticas, incluindo os que defendem e os que rejeitam a proposta.<\/p>\n<p>Bahia.Ba<\/p>\n<\/div>\n<\/div>\n<\/div>\n<\/div>\n<\/div>\n<\/div>\n<\/div>\n<\/div>\n<\/div>\n<\/div>\n<\/div>\n<\/div>\n<\/div>\n<\/div>\n<\/div>\n<\/div>\n<div class='share-to-whatsapp-wrapper'><div class='share-on-whsp'>Share on: <\/div><a data-text='Hugo Motta diz que C\u00e2mara ainda n\u00e3o definiu vota\u00e7\u00e3o sobre PL da Anistia' data-link='https:\/\/newsinfoco.com.br\/inicio\/hugo-motta-diz-que-camara-ainda-nao-definiu-votacao-sobre-pl-da-anistia\/' class='whatsapp-button whatsapp-share'>WhatsApp<\/a><div class='clear '><\/div><\/div>","protected":false},"excerpt":{"rendered":"<p>O presidente da C\u00e2mara dos Deputados, Hugo Motta (Republicanos-PB), afirmou nesta quinta-feira (4) que ainda n\u00e3o h\u00e1 decis\u00e3o sobre a vota\u00e7\u00e3o do Projeto de Lei que prev\u00ea anistia para os condenados pelos atos golpistas de 8 de janeiro de 2023. Segundo ele, o tema segue em discuss\u00e3o com os l\u00edderes partid\u00e1rios. \u201cEstamos muito tranquilos com [&hellip;]<\/p>\n","protected":false},"author":1,"featured_media":45111,"comment_status":"closed","ping_status":"closed","sticky":false,"template":"","format":"standard","meta":{"om_disable_all_campaigns":false,"_exactmetrics_skip_tracking":false,"_exactmetrics_sitenote_active":false,"_exactmetrics_sitenote_note":"","_exactmetrics_sitenote_category":0,"footnotes":""},"categories":[21],"tags":[],"class_list":["post-45110","post","type-post","status-publish","format-standard","has-post-thumbnail","hentry","category-brasil"],"aioseo_notices":[],"_links":{"self":[{"href":"https:\/\/newsinfoco.com.br\/inicio\/wp-json\/wp\/v2\/posts\/45110","targetHints":{"allow":["GET"]}}],"collection":[{"href":"https:\/\/newsinfoco.com.br\/inicio\/wp-json\/wp\/v2\/posts"}],"about":[{"href":"https:\/\/newsinfoco.com.br\/inicio\/wp-json\/wp\/v2\/types\/post"}],"author":[{"embeddable":true,"href":"https:\/\/newsinfoco.com.br\/inicio\/wp-json\/wp\/v2\/users\/1"}],"replies":[{"embeddable":true,"href":"https:\/\/newsinfoco.com.br\/inicio\/wp-json\/wp\/v2\/comments?post=45110"}],"version-history":[{"count":1,"href":"https:\/\/newsinfoco.com.br\/inicio\/wp-json\/wp\/v2\/posts\/45110\/revisions"}],"predecessor-version":[{"id":45112,"href":"https:\/\/newsinfoco.com.br\/inicio\/wp-json\/wp\/v2\/posts\/45110\/revisions\/45112"}],"wp:featuredmedia":[{"embeddable":true,"href":"https:\/\/newsinfoco.com.br\/inicio\/wp-json\/wp\/v2\/media\/45111"}],"wp:attachment":[{"href":"https:\/\/newsinfoco.com.br\/inicio\/wp-json\/wp\/v2\/media?parent=45110"}],"wp:term":[{"taxonomy":"category","embeddable":true,"href":"https:\/\/newsinfoco.com.br\/inicio\/wp-json\/wp\/v2\/categories?post=45110"},{"taxonomy":"post_tag","embeddable":true,"href":"https:\/\/newsinfoco.com.br\/inicio\/wp-json\/wp\/v2\/tags?post=45110"}],"curies":[{"name":"wp","href":"https:\/\/api.w.org\/{rel}","templated":true}]}}