{"id":45122,"date":"2025-09-06T13:19:42","date_gmt":"2025-09-06T16:19:42","guid":{"rendered":"https:\/\/newsinfoco.com.br\/inicio\/?p=45122"},"modified":"2025-09-06T13:19:42","modified_gmt":"2025-09-06T16:19:42","slug":"empresa-ligada-a-familia-de-alexandre-de-moraes-entra-no-radar-dos-eua","status":"publish","type":"post","link":"https:\/\/newsinfoco.com.br\/inicio\/empresa-ligada-a-familia-de-alexandre-de-moraes-entra-no-radar-dos-eua\/","title":{"rendered":"Empresa ligada \u00e0 fam\u00edlia de Alexandre de Moraes entra no radar dos EUA"},"content":{"rendered":"<p>O Lex Instituto de Estudos Jur\u00eddicos, empresa vinculada \u00e0 mulher e aos filhos do ministro do Supremo Tribunal Federal (STF) Alexandre de Moraes, passou a ser monitorada pelo governo dos Estados Unidos. Segundo a colunista Malu Gaspar, de O Globo, a gest\u00e3o Donald Trump avalia incluir os familiares do ministro no alcance das san\u00e7\u00f5es da Lei Magnitsky, aplicadas a ele no fim de julho.<\/p>\n<p>O instituto \u00e9 propriet\u00e1rio de 11 im\u00f3veis declarados no valor de R$ 12,4 milh\u00f5es. Entre os bens est\u00e3o a resid\u00eancia de Moraes, em S\u00e3o Paulo, a sede do escrit\u00f3rio da advogada Viviane Barci de Moraes, mulher do ministro, al\u00e9m de dois apartamentos em Campos do Jord\u00e3o (SP).<\/p><div class=\"newsi-conteudo_19\" id=\"newsi-2566147548\"><a href=\"https:\/\/www.instagram.com\/prefeituraalagoinhas?igsh=YzgzdDJ1bWR3aWI4\" aria-label=\"SAVE_20251006_221555\"><img loading=\"lazy\" decoding=\"async\" src=\"https:\/\/newsinfoco.com.br\/inicio\/wp-content\/uploads\/2025\/10\/SAVE_20251006_221555-rotated.jpg\" alt=\"\"  srcset=\"https:\/\/newsinfoco.com.br\/inicio\/wp-content\/uploads\/2025\/10\/SAVE_20251006_221555-rotated.jpg 1140w, https:\/\/newsinfoco.com.br\/inicio\/wp-content\/uploads\/2025\/10\/SAVE_20251006_221555-300x52.jpg 300w, https:\/\/newsinfoco.com.br\/inicio\/wp-content\/uploads\/2025\/10\/SAVE_20251006_221555-1024x177.jpg 1024w, https:\/\/newsinfoco.com.br\/inicio\/wp-content\/uploads\/2025\/10\/SAVE_20251006_221555-768x133.jpg 768w, https:\/\/newsinfoco.com.br\/inicio\/wp-content\/uploads\/2025\/10\/SAVE_20251006_221555-600x104.jpg 600w, https:\/\/newsinfoco.com.br\/inicio\/wp-content\/uploads\/2025\/10\/SAVE_20251006_221555-696x120.jpg 696w, https:\/\/newsinfoco.com.br\/inicio\/wp-content\/uploads\/2025\/10\/SAVE_20251006_221555-1068x185.jpg 1068w\" sizes=\"(max-width: 1140px) 100vw, 1140px\" width=\"1140\" height=\"197\"   \/><\/a><\/div>\n<p>A press\u00e3o pela amplia\u00e7\u00e3o das san\u00e7\u00f5es parte do deputado Eduardo Bolsonaro (PL-SP) e do ex-comentarista Paulo Figueiredo, que t\u00eam articulado em Washington contra o STF e o julgamento do ex-presidente Jair Bolsonaro. Nos \u00faltimos dias, os dois se reuniram com diplomatas e secret\u00e1rios da Casa Branca e do Departamento de Estado.<\/p>\n<div>\n<div>\n<div class=\"trv-player-container\">\n<div class=\"trv-wrapper\">\n<div id=\"br_video_player_f7edec5eb261bba9a2fef4e8b908579dc3c659f9\" class=\"trvd_video_player trvdinstream\">\n<div class=\"media-player\">\n<div class=\"trv-video\">\n<div id=\"truvid_ima_container7991\" class=\"truvid_ima_container trv-ima-container-hidden\">\n<div class=\"conteudo_post\">\n<p>Nos bastidores, aliados de Bolsonaro defendem que as penalidades s\u00f3 ter\u00e3o efeito se alcan\u00e7arem tamb\u00e9m os familiares de Moraes e o Lex Instituto, tratado como pe\u00e7a-chave para o avan\u00e7o da estrat\u00e9gia. Um levantamento obtido pela administra\u00e7\u00e3o Trump aponta que a empresa funcionaria como uma holding destinada \u00e0 blindagem de patrim\u00f4nio.<\/p>\n<p>Al\u00e9m do im\u00f3vel no Jardim Europa, bairro nobre de S\u00e3o Paulo, e da sede do escrit\u00f3rio Barci de Moraes, a listagem inclui outras propriedades espalhadas pelo estado, refor\u00e7ando a suspeita de que o instituto sirva para concentrar ativos milion\u00e1rios.<\/p>\n<\/div>\n<div id=\"div-share\">Bahia.Ba<\/div>\n<\/div>\n<\/div>\n<\/div>\n<\/div>\n<\/div>\n<\/div>\n<\/div>\n<\/div>\n<div class='share-to-whatsapp-wrapper'><div class='share-on-whsp'>Share on: <\/div><a data-text='Empresa ligada \u00e0 fam\u00edlia de Alexandre de Moraes entra no radar dos EUA' data-link='https:\/\/newsinfoco.com.br\/inicio\/empresa-ligada-a-familia-de-alexandre-de-moraes-entra-no-radar-dos-eua\/' class='whatsapp-button whatsapp-share'>WhatsApp<\/a><div class='clear '><\/div><\/div>","protected":false},"excerpt":{"rendered":"<p>O Lex Instituto de Estudos Jur\u00eddicos, empresa vinculada \u00e0 mulher e aos filhos do ministro do Supremo Tribunal Federal (STF) Alexandre de Moraes, passou a ser monitorada pelo governo dos Estados Unidos. Segundo a colunista Malu Gaspar, de O Globo, a gest\u00e3o Donald Trump avalia incluir os familiares do ministro no alcance das san\u00e7\u00f5es da [&hellip;]<\/p>\n","protected":false},"author":1,"featured_media":45123,"comment_status":"closed","ping_status":"closed","sticky":false,"template":"","format":"standard","meta":{"om_disable_all_campaigns":false,"_exactmetrics_skip_tracking":false,"_exactmetrics_sitenote_active":false,"_exactmetrics_sitenote_note":"","_exactmetrics_sitenote_category":0,"footnotes":""},"categories":[21],"tags":[],"class_list":["post-45122","post","type-post","status-publish","format-standard","has-post-thumbnail","hentry","category-brasil"],"aioseo_notices":[],"_links":{"self":[{"href":"https:\/\/newsinfoco.com.br\/inicio\/wp-json\/wp\/v2\/posts\/45122","targetHints":{"allow":["GET"]}}],"collection":[{"href":"https:\/\/newsinfoco.com.br\/inicio\/wp-json\/wp\/v2\/posts"}],"about":[{"href":"https:\/\/newsinfoco.com.br\/inicio\/wp-json\/wp\/v2\/types\/post"}],"author":[{"embeddable":true,"href":"https:\/\/newsinfoco.com.br\/inicio\/wp-json\/wp\/v2\/users\/1"}],"replies":[{"embeddable":true,"href":"https:\/\/newsinfoco.com.br\/inicio\/wp-json\/wp\/v2\/comments?post=45122"}],"version-history":[{"count":1,"href":"https:\/\/newsinfoco.com.br\/inicio\/wp-json\/wp\/v2\/posts\/45122\/revisions"}],"predecessor-version":[{"id":45124,"href":"https:\/\/newsinfoco.com.br\/inicio\/wp-json\/wp\/v2\/posts\/45122\/revisions\/45124"}],"wp:featuredmedia":[{"embeddable":true,"href":"https:\/\/newsinfoco.com.br\/inicio\/wp-json\/wp\/v2\/media\/45123"}],"wp:attachment":[{"href":"https:\/\/newsinfoco.com.br\/inicio\/wp-json\/wp\/v2\/media?parent=45122"}],"wp:term":[{"taxonomy":"category","embeddable":true,"href":"https:\/\/newsinfoco.com.br\/inicio\/wp-json\/wp\/v2\/categories?post=45122"},{"taxonomy":"post_tag","embeddable":true,"href":"https:\/\/newsinfoco.com.br\/inicio\/wp-json\/wp\/v2\/tags?post=45122"}],"curies":[{"name":"wp","href":"https:\/\/api.w.org\/{rel}","templated":true}]}}