{"id":45168,"date":"2025-09-08T13:50:54","date_gmt":"2025-09-08T16:50:54","guid":{"rendered":"https:\/\/newsinfoco.com.br\/inicio\/?p=45168"},"modified":"2025-09-08T13:50:54","modified_gmt":"2025-09-08T16:50:54","slug":"advocacia-do-senado-pede-prisao-preventiva-de-ciro-gomes","status":"publish","type":"post","link":"https:\/\/newsinfoco.com.br\/inicio\/advocacia-do-senado-pede-prisao-preventiva-de-ciro-gomes\/","title":{"rendered":"Advocacia do Senado pede pris\u00e3o preventiva de Ciro Gomes"},"content":{"rendered":"<p>A Advocacia do Senado pediu a pris\u00e3o preventiva do ex-governador do Cear\u00e1, Ciro Gomes (PDT), por ofensas, ataques e persegui\u00e7\u00e3o contra Jana\u00edna Farias (PT), ex-senadora e prefeita de Crate\u00fas (CE). Ele \u00e9 r\u00e9u por viol\u00eancia pol\u00edtica de g\u00eanero.<\/p>\n<p>O juiz respons\u00e1vel pelo caso na Justi\u00e7a Eleitoral do Cear\u00e1 ainda n\u00e3o analisou a solicita\u00e7\u00e3o, protocolada em dois documentos nos dias 1\u00ba e 4 de setembro.<\/p><div class=\"newsi-conteudo_19\" id=\"newsi-3539142152\"><a href=\"https:\/\/www.instagram.com\/prefeituraalagoinhas?igsh=YzgzdDJ1bWR3aWI4\" aria-label=\"SAVE_20251006_221555\"><img loading=\"lazy\" decoding=\"async\" src=\"https:\/\/newsinfoco.com.br\/inicio\/wp-content\/uploads\/2025\/10\/SAVE_20251006_221555-rotated.jpg\" alt=\"\"  srcset=\"https:\/\/newsinfoco.com.br\/inicio\/wp-content\/uploads\/2025\/10\/SAVE_20251006_221555-rotated.jpg 1140w, https:\/\/newsinfoco.com.br\/inicio\/wp-content\/uploads\/2025\/10\/SAVE_20251006_221555-300x52.jpg 300w, https:\/\/newsinfoco.com.br\/inicio\/wp-content\/uploads\/2025\/10\/SAVE_20251006_221555-1024x177.jpg 1024w, https:\/\/newsinfoco.com.br\/inicio\/wp-content\/uploads\/2025\/10\/SAVE_20251006_221555-768x133.jpg 768w, https:\/\/newsinfoco.com.br\/inicio\/wp-content\/uploads\/2025\/10\/SAVE_20251006_221555-600x104.jpg 600w, https:\/\/newsinfoco.com.br\/inicio\/wp-content\/uploads\/2025\/10\/SAVE_20251006_221555-696x120.jpg 696w, https:\/\/newsinfoco.com.br\/inicio\/wp-content\/uploads\/2025\/10\/SAVE_20251006_221555-1068x185.jpg 1068w\" sizes=\"(max-width: 1140px) 100vw, 1140px\" width=\"1140\" height=\"197\"   \/><\/a><\/div>\n<p>Segundo as den\u00fancias, Ciro come\u00e7ou a fazer declara\u00e7\u00f5es sobre Jana\u00edna em abril de 2024, quando ela assumiu como senadora no lugar do ministro da Educa\u00e7\u00e3o, Camilo Santana. Ele afirmou em discurso que a senadora assumiu por ser \u201cassessora de assuntos de cama\u201d e \u201ccavalo\u201d de Camilo.<\/p>\n<p>Conforme a apura\u00e7\u00e3o, ele continuou fazendo declara\u00e7\u00f5es semelhantes nos meses seguintes. Perto das elei\u00e7\u00f5es municipais, os ataques foram denunciados ao Minist\u00e9rio P\u00fablico Eleitoral do Cear\u00e1. Como Jana\u00edna era senadora \u00e0 \u00e9poca, a Advocacia do Senado entrou e permaneceu como assistente de acusa\u00e7\u00e3o.<\/p>\n<p>Em agosto deste ano, Ciro voltou a citar Jana\u00edna em entrevistas. \u201cA pessoa que recrutava mo\u00e7as pobres de boa apar\u00eancia para fazer o servi\u00e7o sexual sujo do senhor Camilo Santana virou senadora pelo Cear\u00e1 e agora \u00e9 prefeita de um munic\u00edpio do estado. E isso \u00e9 um desafio para o qual os meus queridos amigos est\u00e3o me chamando para encarar. \u00c9 para eu encarar? Eu vou encarar\u201d, disse Ciro.<\/p>\n<p>Segundo a Advocacia do Senado, Ciro Gomes continuou a cometer os crimes com essas falas, mesmo depois de j\u00e1 ter se tornado r\u00e9u, o que abre caminho para que ele seja preso preventivamente por risco \u00e0 ordem p\u00fablica. A procuradoria ainda n\u00e3o se manifestou sobre o pedido de pris\u00e3o preventiva apresentado pela Advocacia do Senado.<\/p>\n<p>A den\u00fancia do MP contra o ex-governador o acusa de assediar, constranger, humilhar, perseguir ou amea\u00e7ar, por qualquer meio, a candidata a cargo eletivo ou detentora de mandato eletivo. A pena \u00e9 de reclus\u00e3o de um a quatro anos.<\/p>\n<div>\n<div>\n<div class=\"trv-player-container\">\n<div class=\"trv-wrapper\">\n<div id=\"br_video_player_5f236ab4352c06e585ddf4e8b908579dc3c659f9\" class=\"trvd_video_player trvdinstream\">\n<div class=\"media-player\">\n<div class=\"trv-video\">\n<div id=\"truvid_ima_container1632\" class=\"truvid_ima_container\">\n<div>\n<div>\n<div class=\"conteudo_post\">\n<p>Neste m\u00eas, a Justi\u00e7a Eleitoral do Cear\u00e1 pediu \u00e0 Superintend\u00eancia da Pol\u00edcia Federal no Cear\u00e1 a abertura de apura\u00e7\u00e3o de eventual crime de persegui\u00e7\u00e3o de Ciro contra Jana\u00edna.<\/p>\n<p>Em maio deste ano, Ciro foi condenado pelo Tribunal de Justi\u00e7a do Distrito Federal a pagar indeniza\u00e7\u00e3o de R$ 52 mil reais para Jana\u00edna por danos morais.<\/p>\n<\/div>\n<div id=\"div-share\">Bahia.Ba<\/div>\n<\/div>\n<\/div>\n<\/div>\n<\/div>\n<\/div>\n<\/div>\n<\/div>\n<\/div>\n<\/div>\n<\/div>\n<div class='share-to-whatsapp-wrapper'><div class='share-on-whsp'>Share on: <\/div><a data-text='Advocacia do Senado pede pris\u00e3o preventiva de Ciro Gomes' data-link='https:\/\/newsinfoco.com.br\/inicio\/advocacia-do-senado-pede-prisao-preventiva-de-ciro-gomes\/' class='whatsapp-button whatsapp-share'>WhatsApp<\/a><div class='clear '><\/div><\/div>","protected":false},"excerpt":{"rendered":"<p>A Advocacia do Senado pediu a pris\u00e3o preventiva do ex-governador do Cear\u00e1, Ciro Gomes (PDT), por ofensas, ataques e persegui\u00e7\u00e3o contra Jana\u00edna Farias (PT), ex-senadora e prefeita de Crate\u00fas (CE). Ele \u00e9 r\u00e9u por viol\u00eancia pol\u00edtica de g\u00eanero. O juiz respons\u00e1vel pelo caso na Justi\u00e7a Eleitoral do Cear\u00e1 ainda n\u00e3o analisou a solicita\u00e7\u00e3o, protocolada em [&hellip;]<\/p>\n","protected":false},"author":1,"featured_media":45169,"comment_status":"closed","ping_status":"closed","sticky":false,"template":"","format":"standard","meta":{"om_disable_all_campaigns":false,"_exactmetrics_skip_tracking":false,"_exactmetrics_sitenote_active":false,"_exactmetrics_sitenote_note":"","_exactmetrics_sitenote_category":0,"footnotes":""},"categories":[21],"tags":[],"class_list":["post-45168","post","type-post","status-publish","format-standard","has-post-thumbnail","hentry","category-brasil"],"aioseo_notices":[],"_links":{"self":[{"href":"https:\/\/newsinfoco.com.br\/inicio\/wp-json\/wp\/v2\/posts\/45168","targetHints":{"allow":["GET"]}}],"collection":[{"href":"https:\/\/newsinfoco.com.br\/inicio\/wp-json\/wp\/v2\/posts"}],"about":[{"href":"https:\/\/newsinfoco.com.br\/inicio\/wp-json\/wp\/v2\/types\/post"}],"author":[{"embeddable":true,"href":"https:\/\/newsinfoco.com.br\/inicio\/wp-json\/wp\/v2\/users\/1"}],"replies":[{"embeddable":true,"href":"https:\/\/newsinfoco.com.br\/inicio\/wp-json\/wp\/v2\/comments?post=45168"}],"version-history":[{"count":1,"href":"https:\/\/newsinfoco.com.br\/inicio\/wp-json\/wp\/v2\/posts\/45168\/revisions"}],"predecessor-version":[{"id":45170,"href":"https:\/\/newsinfoco.com.br\/inicio\/wp-json\/wp\/v2\/posts\/45168\/revisions\/45170"}],"wp:featuredmedia":[{"embeddable":true,"href":"https:\/\/newsinfoco.com.br\/inicio\/wp-json\/wp\/v2\/media\/45169"}],"wp:attachment":[{"href":"https:\/\/newsinfoco.com.br\/inicio\/wp-json\/wp\/v2\/media?parent=45168"}],"wp:term":[{"taxonomy":"category","embeddable":true,"href":"https:\/\/newsinfoco.com.br\/inicio\/wp-json\/wp\/v2\/categories?post=45168"},{"taxonomy":"post_tag","embeddable":true,"href":"https:\/\/newsinfoco.com.br\/inicio\/wp-json\/wp\/v2\/tags?post=45168"}],"curies":[{"name":"wp","href":"https:\/\/api.w.org\/{rel}","templated":true}]}}