{"id":45380,"date":"2025-09-15T14:19:56","date_gmt":"2025-09-15T17:19:56","guid":{"rendered":"https:\/\/newsinfoco.com.br\/inicio\/?p=45380"},"modified":"2025-09-15T14:19:56","modified_gmt":"2025-09-15T17:19:56","slug":"caes-e-gatos-alagoinhas-fortalece-a-cultura-da-adocao-responsavel","status":"publish","type":"post","link":"https:\/\/newsinfoco.com.br\/inicio\/caes-e-gatos-alagoinhas-fortalece-a-cultura-da-adocao-responsavel\/","title":{"rendered":"C\u00e3es e gatos: Alagoinhas fortalece a cultura da ado\u00e7\u00e3o respons\u00e1vel"},"content":{"rendered":"<p>A edi\u00e7\u00e3o de setembro da Feira de Ado\u00e7\u00e3o, promovida pela Prefeitura de Alagoinhas em parceria com entidades de prote\u00e7\u00e3o animal, reuniu dezenas de pessoas no \u00faltimo s\u00e1bado, 13, no estacionamento da prefeitura. O evento, organizado pela Secretaria Municipal de Desenvolvimento Rural e Meio Ambiente (SDRA), ofereceu um espa\u00e7o estruturado para incentivar a guarda respons\u00e1vel, garantindo conforto e bem-estar a c\u00e3es e gatos, filhotes e adultos.<\/p>\n<p>\u201cEssas feiras s\u00e3o importantes porque apoiam entidades como a Anjo de Quatro Patas e a SOS Animais, ajudando a desafogar seus espa\u00e7os e a oferecer melhores condi\u00e7\u00f5es de tratamento aos animais. Al\u00e9m disso, contribuem para que o munic\u00edpio cumpra sua obriga\u00e7\u00e3o de cuidado com os animais de rua, promovendo esse contato direto entre institui\u00e7\u00f5es e popula\u00e7\u00e3o. Os animais saem daqui vacinados, castrados ou com a castra\u00e7\u00e3o agendada, e com toda a documenta\u00e7\u00e3o. Quando cuidamos bem de um animal em situa\u00e7\u00e3o de rua, estamos cuidando tamb\u00e9m da sa\u00fade p\u00fablica\u201d, destacou o secret\u00e1rio da SDRA, Djalma Santos.<\/p>\n<p>A Guarda Municipal tamb\u00e9m esteve presente, refor\u00e7ando o apoio institucional. \u201cJuntamente com o pessoal da SDRA, estamos na linha de frente dessas iniciativas. As entidades sempre solicitam nossa ajuda nos resgates, e atuamos no transporte e fiscaliza\u00e7\u00e3o de animais, tanto dom\u00e9sticos quanto silvestres. Quem vem adotar aqui, vem por amor. Essa feira \u00e9 uma verdadeira obra de amor\u201d, afirmou o guarda Gilberto Santos, ao lado da comandante Sandra Mara.<\/p>\n<p>As entidades comemoraram os resultados. Segundo a coordenadora da SOS Animais, Helen Malusa Santos da Costa, as edi\u00e7\u00f5es t\u00eam alcan\u00e7ado n\u00fameros expressivos. \u201cNo primeiro semestre, em dois dias, conseguimos 53 ado\u00e7\u00f5es de c\u00e3es e gatos. Monitoramos cada caso com fichas de acompanhamento, especialmente das f\u00eameas que precisam de castra\u00e7\u00e3o. Sempre terminamos cada edi\u00e7\u00e3o felizes com os resultados\u201d.<\/p>\n<p>Para a vice-presidente da Funda\u00e7\u00e3o Anjo de Quatro Patas, Ivonildes Mendes Andrade dos Santos, a feira mensal j\u00e1 faz parte da cultura da cidade. \u201cAl\u00e9m da boa localiza\u00e7\u00e3o, contamos com o apoio da comunica\u00e7\u00e3o da prefeitura, o que amplia o alcance da iniciativa. Em m\u00e9dia, 90% dos animais que trazemos s\u00e3o adotados. Essa parceria com a SDRA \u00e9 fundamental e transformadora\u201d.<\/p>\n<p>O evento se torna um momento especial, principalmente para quem abre o lar para acolher um animal adotado. \u201cEu tinha uma cachorrinha, a Jujuba, mas ela fugiu. Agora n\u00f3s pegamos o Coquinho, um cachorrinho. Esse ser\u00e1 meu segundo animal, gostei muito dele\u201d, disse a pequena Lara Mariana Oliveira, que estava acompanhada da m\u00e3e, Emanuele Laiane Oliveira Silva. \u201cAp\u00f3s a outra fugir, ela ficou triste, e a gente sabe que um animalzinho assim \u00e9 uma companhia\u201d, completou.<\/p>\n<p>J\u00e1 para Nandiele Costa Silva, a ado\u00e7\u00e3o representa o recome\u00e7o ap\u00f3s a perda do antigo pet. \u201cMeu cachorro conviveu seis anos conosco e faleceu de leucemia. Fiquei com medo de adotar outro e passar pela mesma dor, mas, com o incentivo da minha m\u00e3e, decidimos acolher mais um. Ele ter\u00e1 o mesmo nome, Hati, em homenagem ao nosso companheiro que se foi\u201d, contou.<\/p>\n<p>A Feira de Ado\u00e7\u00e3o segue como um marco em Alagoinhas, unindo institui\u00e7\u00f5es, poder p\u00fablico e comunidade em prol da causa animal, fortalecendo a cultura do cuidado e da responsabilidade com os pets.<\/p>\n<p>&nbsp;<\/p>\n<p>Foto: Roberto Fonseca<\/p>\n<div class='share-to-whatsapp-wrapper'><div class='share-on-whsp'>Share on: <\/div><a data-text='C\u00e3es e gatos: Alagoinhas fortalece a cultura da ado\u00e7\u00e3o respons\u00e1vel' data-link='https:\/\/newsinfoco.com.br\/inicio\/caes-e-gatos-alagoinhas-fortalece-a-cultura-da-adocao-responsavel\/' class='whatsapp-button whatsapp-share'>WhatsApp<\/a><div class='clear '><\/div><\/div>","protected":false},"excerpt":{"rendered":"<p>A edi\u00e7\u00e3o de setembro da Feira de Ado\u00e7\u00e3o, promovida pela Prefeitura de Alagoinhas em parceria com entidades de prote\u00e7\u00e3o animal, reuniu dezenas de pessoas no \u00faltimo s\u00e1bado, 13, no estacionamento da prefeitura. O evento, organizado pela Secretaria Municipal de Desenvolvimento Rural e Meio Ambiente (SDRA), ofereceu um espa\u00e7o estruturado para incentivar a guarda respons\u00e1vel, garantindo [&hellip;]<\/p>\n","protected":false},"author":1,"featured_media":45381,"comment_status":"closed","ping_status":"closed","sticky":false,"template":"","format":"standard","meta":{"om_disable_all_campaigns":false,"rop_custom_images_group":[],"rop_custom_messages_group":[],"rop_publish_now":"initial","rop_publish_now_accounts":[],"rop_publish_now_history":[],"rop_publish_now_status":"pending","_exactmetrics_skip_tracking":false,"footnotes":""},"categories":[38,167],"tags":[],"class_list":["post-45380","post","type-post","status-publish","format-standard","has-post-thumbnail","hentry","category-alagoinhas-e-regiao","category-exclusivas"],"aioseo_notices":[],"aioseo_head":"\n\t\t<!-- All in One SEO 4.9.10 - aioseo.com -->\n\t<meta name=\"description\" content=\"A edi\u00e7\u00e3o de setembro da Feira de Ado\u00e7\u00e3o, promovida pela Prefeitura de Alagoinhas em parceria com entidades de prote\u00e7\u00e3o animal, reuniu dezenas de pessoas no \u00faltimo s\u00e1bado, 13, no estacionamento da prefeitura. O evento, organizado pela Secretaria Municipal de Desenvolvimento Rural e Meio Ambiente (SDRA), ofereceu um espa\u00e7o estruturado para incentivar a guarda respons\u00e1vel, garantindo\" \/>\n\t<meta name=\"robots\" content=\"max-image-preview:large\" \/>\n\t<meta name=\"author\" content=\"administrador\"\/>\n\t<link rel=\"canonical\" href=\"https:\/\/newsinfoco.com.br\/inicio\/caes-e-gatos-alagoinhas-fortalece-a-cultura-da-adocao-responsavel\/\" \/>\n\t<meta name=\"generator\" content=\"All in One SEO (AIOSEO) 4.9.10\" \/>\n\t\t<meta property=\"og:locale\" content=\"pt_BR\" \/>\n\t\t<meta property=\"og:site_name\" content=\"News In Foco - Editado por Caio Pimenta - O principal site de noticias de Alagoinhas e regi\u00e3o\" \/>\n\t\t<meta property=\"og:type\" content=\"article\" \/>\n\t\t<meta property=\"og:title\" content=\"C\u00e3es e gatos: Alagoinhas fortalece a cultura da ado\u00e7\u00e3o respons\u00e1vel - News In Foco - Editado por Caio Pimenta\" \/>\n\t\t<meta property=\"og:description\" content=\"A edi\u00e7\u00e3o de setembro da Feira de Ado\u00e7\u00e3o, promovida pela Prefeitura de Alagoinhas em parceria com entidades de prote\u00e7\u00e3o animal, reuniu dezenas de pessoas no \u00faltimo s\u00e1bado, 13, no estacionamento da prefeitura. O evento, organizado pela Secretaria Municipal de Desenvolvimento Rural e Meio Ambiente (SDRA), ofereceu um espa\u00e7o estruturado para incentivar a guarda respons\u00e1vel, garantindo\" \/>\n\t\t<meta property=\"og:url\" content=\"https:\/\/newsinfoco.com.br\/inicio\/caes-e-gatos-alagoinhas-fortalece-a-cultura-da-adocao-responsavel\/\" \/>\n\t\t<meta property=\"article:published_time\" content=\"2025-09-15T17:19:56+00:00\" \/>\n\t\t<meta property=\"article:modified_time\" content=\"2025-09-15T17:19:56+00:00\" \/>\n\t\t<meta name=\"twitter:card\" content=\"summary_large_image\" \/>\n\t\t<meta name=\"twitter:title\" content=\"C\u00e3es e gatos: Alagoinhas fortalece a cultura da ado\u00e7\u00e3o respons\u00e1vel - News In Foco - Editado por Caio Pimenta\" \/>\n\t\t<meta name=\"twitter:description\" content=\"A edi\u00e7\u00e3o de setembro da Feira de Ado\u00e7\u00e3o, promovida pela Prefeitura de Alagoinhas em parceria com entidades de prote\u00e7\u00e3o animal, reuniu dezenas de pessoas no \u00faltimo s\u00e1bado, 13, no estacionamento da prefeitura. O evento, organizado pela Secretaria Municipal de Desenvolvimento Rural e Meio Ambiente (SDRA), ofereceu um espa\u00e7o estruturado para incentivar a guarda respons\u00e1vel, garantindo\" \/>\n\t\t<script type=\"application\/ld+json\" class=\"aioseo-schema\">\n\t\t\t{\"@context\":\"https:\\\/\\\/schema.org\",\"@graph\":[{\"@type\":\"BlogPosting\",\"@id\":\"https:\\\/\\\/newsinfoco.com.br\\\/inicio\\\/caes-e-gatos-alagoinhas-fortalece-a-cultura-da-adocao-responsavel\\\/#blogposting\",\"name\":\"C\\u00e3es e gatos: Alagoinhas fortalece a cultura da ado\\u00e7\\u00e3o respons\\u00e1vel - News In Foco - Editado por Caio Pimenta\",\"headline\":\"C\\u00e3es e gatos: Alagoinhas fortalece a cultura da ado\\u00e7\\u00e3o respons\\u00e1vel\",\"author\":{\"@id\":\"https:\\\/\\\/newsinfoco.com.br\\\/inicio\\\/author\\\/administrador\\\/#author\"},\"publisher\":{\"@id\":\"https:\\\/\\\/newsinfoco.com.br\\\/inicio\\\/#organization\"},\"image\":{\"@type\":\"ImageObject\",\"url\":\"https:\\\/\\\/newsinfoco.com.br\\\/inicio\\\/wp-content\\\/uploads\\\/2025\\\/09\\\/WhatsApp-Image-2025-09-14-at-09.49.33.jpeg\",\"width\":1600,\"height\":1066},\"datePublished\":\"2025-09-15T14:19:56-03:00\",\"dateModified\":\"2025-09-15T14:19:56-03:00\",\"inLanguage\":\"pt-BR\",\"mainEntityOfPage\":{\"@id\":\"https:\\\/\\\/newsinfoco.com.br\\\/inicio\\\/caes-e-gatos-alagoinhas-fortalece-a-cultura-da-adocao-responsavel\\\/#webpage\"},\"isPartOf\":{\"@id\":\"https:\\\/\\\/newsinfoco.com.br\\\/inicio\\\/caes-e-gatos-alagoinhas-fortalece-a-cultura-da-adocao-responsavel\\\/#webpage\"},\"articleSection\":\"Alagoinhas e Regi\\u00e3o, Manchete\"},{\"@type\":\"BreadcrumbList\",\"@id\":\"https:\\\/\\\/newsinfoco.com.br\\\/inicio\\\/caes-e-gatos-alagoinhas-fortalece-a-cultura-da-adocao-responsavel\\\/#breadcrumblist\",\"itemListElement\":[{\"@type\":\"ListItem\",\"@id\":\"https:\\\/\\\/newsinfoco.com.br\\\/inicio#listItem\",\"position\":1,\"name\":\"In\\u00edcio\",\"item\":\"https:\\\/\\\/newsinfoco.com.br\\\/inicio\",\"nextItem\":{\"@type\":\"ListItem\",\"@id\":\"https:\\\/\\\/newsinfoco.com.br\\\/inicio\\\/category\\\/alagoinhas-e-regiao\\\/#listItem\",\"name\":\"Alagoinhas e Regi\\u00e3o\"}},{\"@type\":\"ListItem\",\"@id\":\"https:\\\/\\\/newsinfoco.com.br\\\/inicio\\\/category\\\/alagoinhas-e-regiao\\\/#listItem\",\"position\":2,\"name\":\"Alagoinhas e Regi\\u00e3o\",\"item\":\"https:\\\/\\\/newsinfoco.com.br\\\/inicio\\\/category\\\/alagoinhas-e-regiao\\\/\",\"nextItem\":{\"@type\":\"ListItem\",\"@id\":\"https:\\\/\\\/newsinfoco.com.br\\\/inicio\\\/caes-e-gatos-alagoinhas-fortalece-a-cultura-da-adocao-responsavel\\\/#listItem\",\"name\":\"C\\u00e3es e gatos: Alagoinhas fortalece a cultura da ado\\u00e7\\u00e3o respons\\u00e1vel\"},\"previousItem\":{\"@type\":\"ListItem\",\"@id\":\"https:\\\/\\\/newsinfoco.com.br\\\/inicio#listItem\",\"name\":\"In\\u00edcio\"}},{\"@type\":\"ListItem\",\"@id\":\"https:\\\/\\\/newsinfoco.com.br\\\/inicio\\\/caes-e-gatos-alagoinhas-fortalece-a-cultura-da-adocao-responsavel\\\/#listItem\",\"position\":3,\"name\":\"C\\u00e3es e gatos: Alagoinhas fortalece a cultura da ado\\u00e7\\u00e3o respons\\u00e1vel\",\"previousItem\":{\"@type\":\"ListItem\",\"@id\":\"https:\\\/\\\/newsinfoco.com.br\\\/inicio\\\/category\\\/alagoinhas-e-regiao\\\/#listItem\",\"name\":\"Alagoinhas e Regi\\u00e3o\"}}]},{\"@type\":\"Organization\",\"@id\":\"https:\\\/\\\/newsinfoco.com.br\\\/inicio\\\/#organization\",\"name\":\"News In Foco - Editado por Caio Pimenta\",\"description\":\"O principal site de noticias de Alagoinhas e regi\\u00e3o\",\"url\":\"https:\\\/\\\/newsinfoco.com.br\\\/inicio\\\/\"},{\"@type\":\"Person\",\"@id\":\"https:\\\/\\\/newsinfoco.com.br\\\/inicio\\\/author\\\/administrador\\\/#author\",\"url\":\"https:\\\/\\\/newsinfoco.com.br\\\/inicio\\\/author\\\/administrador\\\/\",\"name\":\"administrador\",\"image\":{\"@type\":\"ImageObject\",\"@id\":\"https:\\\/\\\/newsinfoco.com.br\\\/inicio\\\/caes-e-gatos-alagoinhas-fortalece-a-cultura-da-adocao-responsavel\\\/#authorImage\",\"url\":\"https:\\\/\\\/secure.gravatar.com\\\/avatar\\\/c17a617433de8c1dc9584bb79aab7563b46f5bb7e1728c9b17d9cc3ce6a08e49?s=96&d=mm&r=g\",\"width\":96,\"height\":96,\"caption\":\"administrador\"}},{\"@type\":\"WebPage\",\"@id\":\"https:\\\/\\\/newsinfoco.com.br\\\/inicio\\\/caes-e-gatos-alagoinhas-fortalece-a-cultura-da-adocao-responsavel\\\/#webpage\",\"url\":\"https:\\\/\\\/newsinfoco.com.br\\\/inicio\\\/caes-e-gatos-alagoinhas-fortalece-a-cultura-da-adocao-responsavel\\\/\",\"name\":\"C\\u00e3es e gatos: Alagoinhas fortalece a cultura da ado\\u00e7\\u00e3o respons\\u00e1vel - News In Foco - Editado por Caio Pimenta\",\"description\":\"A edi\\u00e7\\u00e3o de setembro da Feira de Ado\\u00e7\\u00e3o, promovida pela Prefeitura de Alagoinhas em parceria com entidades de prote\\u00e7\\u00e3o animal, reuniu dezenas de pessoas no \\u00faltimo s\\u00e1bado, 13, no estacionamento da prefeitura. O evento, organizado pela Secretaria Municipal de Desenvolvimento Rural e Meio Ambiente (SDRA), ofereceu um espa\\u00e7o estruturado para incentivar a guarda respons\\u00e1vel, garantindo\",\"inLanguage\":\"pt-BR\",\"isPartOf\":{\"@id\":\"https:\\\/\\\/newsinfoco.com.br\\\/inicio\\\/#website\"},\"breadcrumb\":{\"@id\":\"https:\\\/\\\/newsinfoco.com.br\\\/inicio\\\/caes-e-gatos-alagoinhas-fortalece-a-cultura-da-adocao-responsavel\\\/#breadcrumblist\"},\"author\":{\"@id\":\"https:\\\/\\\/newsinfoco.com.br\\\/inicio\\\/author\\\/administrador\\\/#author\"},\"creator\":{\"@id\":\"https:\\\/\\\/newsinfoco.com.br\\\/inicio\\\/author\\\/administrador\\\/#author\"},\"image\":{\"@type\":\"ImageObject\",\"url\":\"https:\\\/\\\/newsinfoco.com.br\\\/inicio\\\/wp-content\\\/uploads\\\/2025\\\/09\\\/WhatsApp-Image-2025-09-14-at-09.49.33.jpeg\",\"@id\":\"https:\\\/\\\/newsinfoco.com.br\\\/inicio\\\/caes-e-gatos-alagoinhas-fortalece-a-cultura-da-adocao-responsavel\\\/#mainImage\",\"width\":1600,\"height\":1066},\"primaryImageOfPage\":{\"@id\":\"https:\\\/\\\/newsinfoco.com.br\\\/inicio\\\/caes-e-gatos-alagoinhas-fortalece-a-cultura-da-adocao-responsavel\\\/#mainImage\"},\"datePublished\":\"2025-09-15T14:19:56-03:00\",\"dateModified\":\"2025-09-15T14:19:56-03:00\"},{\"@type\":\"WebSite\",\"@id\":\"https:\\\/\\\/newsinfoco.com.br\\\/inicio\\\/#website\",\"url\":\"https:\\\/\\\/newsinfoco.com.br\\\/inicio\\\/\",\"name\":\"News In Foco - Editado por Caio Pimenta\",\"description\":\"O principal site de noticias de Alagoinhas e regi\\u00e3o\",\"inLanguage\":\"pt-BR\",\"publisher\":{\"@id\":\"https:\\\/\\\/newsinfoco.com.br\\\/inicio\\\/#organization\"}}]}\n\t\t<\/script>\n\t\t<!-- All in One SEO -->\n\n","aioseo_head_json":{"title":"C\u00e3es e gatos: Alagoinhas fortalece a cultura da ado\u00e7\u00e3o respons\u00e1vel - News In Foco - Editado por Caio Pimenta","description":"A edi\u00e7\u00e3o de setembro da Feira de Ado\u00e7\u00e3o, promovida pela Prefeitura de Alagoinhas em parceria com entidades de prote\u00e7\u00e3o animal, reuniu dezenas de pessoas no \u00faltimo s\u00e1bado, 13, no estacionamento da prefeitura. O evento, organizado pela Secretaria Municipal de Desenvolvimento Rural e Meio Ambiente (SDRA), ofereceu um espa\u00e7o estruturado para incentivar a guarda respons\u00e1vel, garantindo","canonical_url":"https:\/\/newsinfoco.com.br\/inicio\/caes-e-gatos-alagoinhas-fortalece-a-cultura-da-adocao-responsavel\/","robots":"max-image-preview:large","keywords":"","webmasterTools":{"miscellaneous":""},"schema":{"@context":"https:\/\/schema.org","@graph":[{"@type":"BlogPosting","@id":"https:\/\/newsinfoco.com.br\/inicio\/caes-e-gatos-alagoinhas-fortalece-a-cultura-da-adocao-responsavel\/#blogposting","name":"C\u00e3es e gatos: Alagoinhas fortalece a cultura da ado\u00e7\u00e3o respons\u00e1vel - News In Foco - Editado por Caio Pimenta","headline":"C\u00e3es e gatos: Alagoinhas fortalece a cultura da ado\u00e7\u00e3o respons\u00e1vel","author":{"@id":"https:\/\/newsinfoco.com.br\/inicio\/author\/administrador\/#author"},"publisher":{"@id":"https:\/\/newsinfoco.com.br\/inicio\/#organization"},"image":{"@type":"ImageObject","url":"https:\/\/newsinfoco.com.br\/inicio\/wp-content\/uploads\/2025\/09\/WhatsApp-Image-2025-09-14-at-09.49.33.jpeg","width":1600,"height":1066},"datePublished":"2025-09-15T14:19:56-03:00","dateModified":"2025-09-15T14:19:56-03:00","inLanguage":"pt-BR","mainEntityOfPage":{"@id":"https:\/\/newsinfoco.com.br\/inicio\/caes-e-gatos-alagoinhas-fortalece-a-cultura-da-adocao-responsavel\/#webpage"},"isPartOf":{"@id":"https:\/\/newsinfoco.com.br\/inicio\/caes-e-gatos-alagoinhas-fortalece-a-cultura-da-adocao-responsavel\/#webpage"},"articleSection":"Alagoinhas e Regi\u00e3o, Manchete"},{"@type":"BreadcrumbList","@id":"https:\/\/newsinfoco.com.br\/inicio\/caes-e-gatos-alagoinhas-fortalece-a-cultura-da-adocao-responsavel\/#breadcrumblist","itemListElement":[{"@type":"ListItem","@id":"https:\/\/newsinfoco.com.br\/inicio#listItem","position":1,"name":"In\u00edcio","item":"https:\/\/newsinfoco.com.br\/inicio","nextItem":{"@type":"ListItem","@id":"https:\/\/newsinfoco.com.br\/inicio\/category\/alagoinhas-e-regiao\/#listItem","name":"Alagoinhas e Regi\u00e3o"}},{"@type":"ListItem","@id":"https:\/\/newsinfoco.com.br\/inicio\/category\/alagoinhas-e-regiao\/#listItem","position":2,"name":"Alagoinhas e Regi\u00e3o","item":"https:\/\/newsinfoco.com.br\/inicio\/category\/alagoinhas-e-regiao\/","nextItem":{"@type":"ListItem","@id":"https:\/\/newsinfoco.com.br\/inicio\/caes-e-gatos-alagoinhas-fortalece-a-cultura-da-adocao-responsavel\/#listItem","name":"C\u00e3es e gatos: Alagoinhas fortalece a cultura da ado\u00e7\u00e3o respons\u00e1vel"},"previousItem":{"@type":"ListItem","@id":"https:\/\/newsinfoco.com.br\/inicio#listItem","name":"In\u00edcio"}},{"@type":"ListItem","@id":"https:\/\/newsinfoco.com.br\/inicio\/caes-e-gatos-alagoinhas-fortalece-a-cultura-da-adocao-responsavel\/#listItem","position":3,"name":"C\u00e3es e gatos: Alagoinhas fortalece a cultura da ado\u00e7\u00e3o respons\u00e1vel","previousItem":{"@type":"ListItem","@id":"https:\/\/newsinfoco.com.br\/inicio\/category\/alagoinhas-e-regiao\/#listItem","name":"Alagoinhas e Regi\u00e3o"}}]},{"@type":"Organization","@id":"https:\/\/newsinfoco.com.br\/inicio\/#organization","name":"News In Foco - Editado por Caio Pimenta","description":"O principal site de noticias de Alagoinhas e regi\u00e3o","url":"https:\/\/newsinfoco.com.br\/inicio\/"},{"@type":"Person","@id":"https:\/\/newsinfoco.com.br\/inicio\/author\/administrador\/#author","url":"https:\/\/newsinfoco.com.br\/inicio\/author\/administrador\/","name":"administrador","image":{"@type":"ImageObject","@id":"https:\/\/newsinfoco.com.br\/inicio\/caes-e-gatos-alagoinhas-fortalece-a-cultura-da-adocao-responsavel\/#authorImage","url":"https:\/\/secure.gravatar.com\/avatar\/c17a617433de8c1dc9584bb79aab7563b46f5bb7e1728c9b17d9cc3ce6a08e49?s=96&d=mm&r=g","width":96,"height":96,"caption":"administrador"}},{"@type":"WebPage","@id":"https:\/\/newsinfoco.com.br\/inicio\/caes-e-gatos-alagoinhas-fortalece-a-cultura-da-adocao-responsavel\/#webpage","url":"https:\/\/newsinfoco.com.br\/inicio\/caes-e-gatos-alagoinhas-fortalece-a-cultura-da-adocao-responsavel\/","name":"C\u00e3es e gatos: Alagoinhas fortalece a cultura da ado\u00e7\u00e3o respons\u00e1vel - News In Foco - Editado por Caio Pimenta","description":"A edi\u00e7\u00e3o de setembro da Feira de Ado\u00e7\u00e3o, promovida pela Prefeitura de Alagoinhas em parceria com entidades de prote\u00e7\u00e3o animal, reuniu dezenas de pessoas no \u00faltimo s\u00e1bado, 13, no estacionamento da prefeitura. O evento, organizado pela Secretaria Municipal de Desenvolvimento Rural e Meio Ambiente (SDRA), ofereceu um espa\u00e7o estruturado para incentivar a guarda respons\u00e1vel, garantindo","inLanguage":"pt-BR","isPartOf":{"@id":"https:\/\/newsinfoco.com.br\/inicio\/#website"},"breadcrumb":{"@id":"https:\/\/newsinfoco.com.br\/inicio\/caes-e-gatos-alagoinhas-fortalece-a-cultura-da-adocao-responsavel\/#breadcrumblist"},"author":{"@id":"https:\/\/newsinfoco.com.br\/inicio\/author\/administrador\/#author"},"creator":{"@id":"https:\/\/newsinfoco.com.br\/inicio\/author\/administrador\/#author"},"image":{"@type":"ImageObject","url":"https:\/\/newsinfoco.com.br\/inicio\/wp-content\/uploads\/2025\/09\/WhatsApp-Image-2025-09-14-at-09.49.33.jpeg","@id":"https:\/\/newsinfoco.com.br\/inicio\/caes-e-gatos-alagoinhas-fortalece-a-cultura-da-adocao-responsavel\/#mainImage","width":1600,"height":1066},"primaryImageOfPage":{"@id":"https:\/\/newsinfoco.com.br\/inicio\/caes-e-gatos-alagoinhas-fortalece-a-cultura-da-adocao-responsavel\/#mainImage"},"datePublished":"2025-09-15T14:19:56-03:00","dateModified":"2025-09-15T14:19:56-03:00"},{"@type":"WebSite","@id":"https:\/\/newsinfoco.com.br\/inicio\/#website","url":"https:\/\/newsinfoco.com.br\/inicio\/","name":"News In Foco - Editado por Caio Pimenta","description":"O principal site de noticias de Alagoinhas e regi\u00e3o","inLanguage":"pt-BR","publisher":{"@id":"https:\/\/newsinfoco.com.br\/inicio\/#organization"}}]},"og:locale":"pt_BR","og:site_name":"News In Foco - Editado por Caio Pimenta - O principal site de noticias de Alagoinhas e regi\u00e3o","og:type":"article","og:title":"C\u00e3es e gatos: Alagoinhas fortalece a cultura da ado\u00e7\u00e3o respons\u00e1vel - News In Foco - Editado por Caio Pimenta","og:description":"A edi\u00e7\u00e3o de setembro da Feira de Ado\u00e7\u00e3o, promovida pela Prefeitura de Alagoinhas em parceria com entidades de prote\u00e7\u00e3o animal, reuniu dezenas de pessoas no \u00faltimo s\u00e1bado, 13, no estacionamento da prefeitura. O evento, organizado pela Secretaria Municipal de Desenvolvimento Rural e Meio Ambiente (SDRA), ofereceu um espa\u00e7o estruturado para incentivar a guarda respons\u00e1vel, garantindo","og:url":"https:\/\/newsinfoco.com.br\/inicio\/caes-e-gatos-alagoinhas-fortalece-a-cultura-da-adocao-responsavel\/","article:published_time":"2025-09-15T17:19:56+00:00","article:modified_time":"2025-09-15T17:19:56+00:00","twitter:card":"summary_large_image","twitter:title":"C\u00e3es e gatos: Alagoinhas fortalece a cultura da ado\u00e7\u00e3o respons\u00e1vel - News In Foco - Editado por Caio Pimenta","twitter:description":"A edi\u00e7\u00e3o de setembro da Feira de Ado\u00e7\u00e3o, promovida pela Prefeitura de Alagoinhas em parceria com entidades de prote\u00e7\u00e3o animal, reuniu dezenas de pessoas no \u00faltimo s\u00e1bado, 13, no estacionamento da prefeitura. O evento, organizado pela Secretaria Municipal de Desenvolvimento Rural e Meio Ambiente (SDRA), ofereceu um espa\u00e7o estruturado para incentivar a guarda respons\u00e1vel, garantindo"},"aioseo_meta_data":{"post_id":"45380","title":null,"description":null,"keywords":null,"keyphrases":{"focus":{"keyphrase":"","score":0,"analysis":{"keyphraseInTitle":{"score":0,"maxScore":9,"error":1}}},"additional":[]},"primary_term":null,"canonical_url":null,"og_title":null,"og_description":null,"og_object_type":"default","og_image_type":"default","og_image_url":null,"og_image_width":null,"og_image_height":null,"og_image_custom_url":null,"og_image_custom_fields":null,"og_video":"","og_custom_url":null,"og_article_section":null,"og_article_tags":null,"twitter_use_og":false,"twitter_card":"default","twitter_image_type":"default","twitter_image_url":null,"twitter_image_custom_url":null,"twitter_image_custom_fields":null,"twitter_title":null,"twitter_description":null,"schema":{"blockGraphs":[],"customGraphs":[],"default":{"data":{"Article":[],"Course":[],"Dataset":[],"FAQPage":[],"Movie":[],"Person":[],"Product":[],"ProductReview":[],"Car":[],"Recipe":[],"Service":[],"SoftwareApplication":[],"WebPage":[]},"graphName":"BlogPosting","isEnabled":true},"graphs":[]},"schema_type":"default","schema_type_options":null,"pillar_content":false,"robots_default":true,"robots_noindex":false,"robots_noarchive":false,"robots_nosnippet":false,"robots_nofollow":false,"robots_noimageindex":false,"robots_noodp":false,"robots_notranslate":false,"robots_max_snippet":"-1","robots_max_videopreview":"-1","robots_max_imagepreview":"large","priority":null,"frequency":"default","local_seo":null,"breadcrumb_settings":null,"limit_modified_date":false,"ai":{"faqs":[],"keyPoints":[],"titles":[],"descriptions":[],"socialPosts":{"email":[],"linkedin":[],"twitter":[],"facebook":[],"instagram":[]}},"created":"2025-09-15 17:19:56","updated":"2025-09-15 17:31:53","seo_analyzer_scan_date":null},"aioseo_breadcrumb":"<div class=\"aioseo-breadcrumbs\"><span class=\"aioseo-breadcrumb\">\n\t\t\t<a href=\"https:\/\/newsinfoco.com.br\/inicio\" title=\"In\u00edcio\">In\u00edcio<\/a>\n\t\t<\/span><span class=\"aioseo-breadcrumb-separator\">&raquo;<\/span><span class=\"aioseo-breadcrumb\">\n\t\t\t<a href=\"https:\/\/newsinfoco.com.br\/inicio\/category\/alagoinhas-e-regiao\/\" title=\"Alagoinhas e Regi\u00e3o\">Alagoinhas e Regi\u00e3o<\/a>\n\t\t<\/span><span class=\"aioseo-breadcrumb-separator\">&raquo;<\/span><span class=\"aioseo-breadcrumb\">\n\t\t\tC\u00e3es e gatos: Alagoinhas fortalece a cultura da ado\u00e7\u00e3o respons\u00e1vel\n\t\t<\/span><\/div>","aioseo_breadcrumb_json":[{"label":"In\u00edcio","link":"https:\/\/newsinfoco.com.br\/inicio"},{"label":"Alagoinhas e Regi\u00e3o","link":"https:\/\/newsinfoco.com.br\/inicio\/category\/alagoinhas-e-regiao\/"},{"label":"C\u00e3es e gatos: Alagoinhas fortalece a cultura da ado\u00e7\u00e3o respons\u00e1vel","link":"https:\/\/newsinfoco.com.br\/inicio\/caes-e-gatos-alagoinhas-fortalece-a-cultura-da-adocao-responsavel\/"}],"_links":{"self":[{"href":"https:\/\/newsinfoco.com.br\/inicio\/wp-json\/wp\/v2\/posts\/45380","targetHints":{"allow":["GET"]}}],"collection":[{"href":"https:\/\/newsinfoco.com.br\/inicio\/wp-json\/wp\/v2\/posts"}],"about":[{"href":"https:\/\/newsinfoco.com.br\/inicio\/wp-json\/wp\/v2\/types\/post"}],"author":[{"embeddable":true,"href":"https:\/\/newsinfoco.com.br\/inicio\/wp-json\/wp\/v2\/users\/1"}],"replies":[{"embeddable":true,"href":"https:\/\/newsinfoco.com.br\/inicio\/wp-json\/wp\/v2\/comments?post=45380"}],"version-history":[{"count":1,"href":"https:\/\/newsinfoco.com.br\/inicio\/wp-json\/wp\/v2\/posts\/45380\/revisions"}],"predecessor-version":[{"id":45382,"href":"https:\/\/newsinfoco.com.br\/inicio\/wp-json\/wp\/v2\/posts\/45380\/revisions\/45382"}],"wp:featuredmedia":[{"embeddable":true,"href":"https:\/\/newsinfoco.com.br\/inicio\/wp-json\/wp\/v2\/media\/45381"}],"wp:attachment":[{"href":"https:\/\/newsinfoco.com.br\/inicio\/wp-json\/wp\/v2\/media?parent=45380"}],"wp:term":[{"taxonomy":"category","embeddable":true,"href":"https:\/\/newsinfoco.com.br\/inicio\/wp-json\/wp\/v2\/categories?post=45380"},{"taxonomy":"post_tag","embeddable":true,"href":"https:\/\/newsinfoco.com.br\/inicio\/wp-json\/wp\/v2\/tags?post=45380"}],"curies":[{"name":"wp","href":"https:\/\/api.w.org\/{rel}","templated":true}]}}