{"id":45383,"date":"2025-09-15T14:29:50","date_gmt":"2025-09-15T17:29:50","guid":{"rendered":"https:\/\/newsinfoco.com.br\/inicio\/?p=45383"},"modified":"2025-09-15T14:29:50","modified_gmt":"2025-09-15T17:29:50","slug":"servico-de-atencao-a-saude-mental-do-homem-recebe-selo-unfpa-bahia-2025","status":"publish","type":"post","link":"https:\/\/newsinfoco.com.br\/inicio\/servico-de-atencao-a-saude-mental-do-homem-recebe-selo-unfpa-bahia-2025\/","title":{"rendered":"Servi\u00e7o de Aten\u00e7\u00e3o \u00e0 Sa\u00fade Mental do Homem recebe Selo UNFPA Bahia 2025"},"content":{"rendered":"<p>O servi\u00e7o de aten\u00e7\u00e3o \u00e0 sa\u00fade mental do homem desenvolvido pela Prefeitura de Alagoinhas, sob coordena\u00e7\u00e3o da\u00a0Secretaria Municipal de Sa\u00fade (Sesau) e com atendimentos realizados na Policl\u00ednica Municipal, est\u00e1 entre as 23 iniciativas das cidades baianas que receberam, nesta sexta-feira, 12, o Selo UNFPA Bahia 2025. A solenidade de entrega aconteceu na Bahia Marina, em Salvador, e reuniu secret\u00e1rios de Estado, autoridades municipais, representantes da sociedade civil, al\u00e9m de parceiros do setor privado e da imprensa.<\/p>\n<p>O selo do Fundo de Popula\u00e7\u00e3o das Na\u00e7\u00f5es Unidas (UNFPA), \u00f3rg\u00e3o vinculado \u00e0 Organiza\u00e7\u00e3o das Na\u00e7\u00f5es Unidas (ONU), reconhece a\u00e7\u00f5es locais que salvam vidas e se destacam no fortalecimento da sa\u00fade sexual e reprodutiva e direitos, na preven\u00e7\u00e3o de mortes maternas evit\u00e1veis e no enfrentamento da viol\u00eancia de g\u00eanero.<\/p>\n<p>O servi\u00e7o de atendimento aos homens autores de viol\u00eancia promovido em Alagoinhas \u00e9 uma a\u00e7\u00e3o importante no enfrentamento \u00e0 viol\u00eancia de g\u00eanero. A iniciativa \u00e9 realizada em parceria com a 2\u00aa Vara Criminal e de Viol\u00eancia Dom\u00e9stica e est\u00e1 articulada \u00e0s medidas protetivas de urg\u00eancia previstas pela Lei Maria da Penha.<\/p>\n<p>O objetivo \u00e9 conscientizar e oferecer acompanhamento psicol\u00f3gico e psicossocial a homens que praticaram viol\u00eancia dom\u00e9stica, numa estrat\u00e9gia de responsabiliza\u00e7\u00e3o e mudan\u00e7a de comportamentos. Os atendimentos ocorrem por encaminhamento judicial, e fazem parte das a\u00e7\u00f5es determinadas pelo ju\u00edzo como condi\u00e7\u00e3o para a concess\u00e3o ou manuten\u00e7\u00e3o das medidas protetivas.<\/p>\n<p>\u201cNossa\u00a0iniciativa\u00a0nasceu\u00a0de uma discuss\u00e3o ampla junto \u00e0 sociedade, envolvendo universidade, movimentos sociais, representa\u00e7\u00e3o do legislativo, minist\u00e9rio p\u00fablico e poder judici\u00e1rio. Al\u00e9m das medidas judiciais que o homem agressor sofre, este servi\u00e7o tem\u00a0o objetivo de identificar o motivo das agress\u00f5es e buscar intervir nas causas, para evitar que este homem volte a cometer infra\u00e7\u00f5es. Ao cuidar da sa\u00fade mental dele, melhorar e entender o seu perfil, n\u00f3s evitamos que mais mulheres sejam v\u00edtimas de viol\u00eancia\u201d, explica o secret\u00e1rio de Sa\u00fade de Alagoinhas, Virg\u00ednio Pereira.<\/p>\n<p>As iniciativas premiadas com o Selo UNFPA abrangem desde a\u00e7\u00f5es de qualifica\u00e7\u00e3o do pr\u00e9-natal e do parto at\u00e9 estrat\u00e9gias de amplia\u00e7\u00e3o do acesso a m\u00e9todos contraceptivos de longa dura\u00e7\u00e3o, preven\u00e7\u00e3o de infec\u00e7\u00f5es sexualmente transmiss\u00edveis, promo\u00e7\u00e3o de masculinidades positivas, empoderamento feminino e fortalecimento da rede de aten\u00e7\u00e3o a mulheres em situa\u00e7\u00e3o de viol\u00eancia.<\/p>\n<p>Todas as a\u00e7\u00f5es foram avaliadas em duas etapas por uma comiss\u00e3o independente, composta por especialistas, representantes do UNFPA, da Escola Nacional de Administra\u00e7\u00e3o P\u00fablica (ENAP) e da Universidade de S\u00e3o Paulo (USP).<\/p>\n<p>O Selo UNFPA Bahia 2025 tem validade de dois anos e integra a estrat\u00e9gia global do Fundo de Popula\u00e7\u00e3o das Na\u00e7\u00f5es Unidas de reduzir desigualdades regionais, com foco em popula\u00e7\u00f5es historicamente deixadas para tr\u00e1s, como: mulheres, afrodescendentes, povos ind\u00edgenas, comunidades tradicionais, pessoas com defici\u00eancia, popula\u00e7\u00e3o LGBTQIA+, migrantes e refugiados.<\/p>\n<p>Al\u00e9m do reconhecimento p\u00fablico e da entrega do trof\u00e9u, as iniciativas reconhecidas ter\u00e3o suas pr\u00e1ticas disseminadas em publica\u00e7\u00f5es oficiais e nas plataformas digitais do UNFPA, ampliando o alcance e o impacto das pol\u00edticas locais.<\/p>\n<p>Com essa primeira edi\u00e7\u00e3o, a Bahia torna-se refer\u00eancia nacional no reconhecimento e incentivo a pr\u00e1ticas municipais transformadoras, conectando agendas globais \u2013 como a Confer\u00eancia Internacional sobre Popula\u00e7\u00e3o e Desenvolvimento (Cairo), o Consenso de Montevid\u00e9u e os Objetivos de Desenvolvimento Sustent\u00e1vel \u2013 \u00e0s realidades locais, e refor\u00e7ando o papel do UNFPA como parceiro estrat\u00e9gico para governos, sociedade civil e setor privado.<\/p>\n<h4><\/h4>\n<div align=\"right\"><\/div>\n<div class='share-to-whatsapp-wrapper'><div class='share-on-whsp'>Share on: <\/div><a data-text='Servi\u00e7o de Aten\u00e7\u00e3o \u00e0 Sa\u00fade Mental do Homem recebe Selo UNFPA Bahia 2025' data-link='https:\/\/newsinfoco.com.br\/inicio\/servico-de-atencao-a-saude-mental-do-homem-recebe-selo-unfpa-bahia-2025\/' class='whatsapp-button whatsapp-share'>WhatsApp<\/a><div class='clear '><\/div><\/div>","protected":false},"excerpt":{"rendered":"<p>O servi\u00e7o de aten\u00e7\u00e3o \u00e0 sa\u00fade mental do homem desenvolvido pela Prefeitura de Alagoinhas, sob coordena\u00e7\u00e3o da\u00a0Secretaria Municipal de Sa\u00fade (Sesau) e com atendimentos realizados na Policl\u00ednica Municipal, est\u00e1 entre as 23 iniciativas das cidades baianas que receberam, nesta sexta-feira, 12, o Selo UNFPA Bahia 2025. A solenidade de entrega aconteceu na Bahia Marina, em [&hellip;]<\/p>\n","protected":false},"author":1,"featured_media":45385,"comment_status":"closed","ping_status":"closed","sticky":false,"template":"","format":"standard","meta":{"om_disable_all_campaigns":false,"rop_custom_images_group":[],"rop_custom_messages_group":[],"rop_publish_now":"initial","rop_publish_now_accounts":[],"rop_publish_now_history":[],"rop_publish_now_status":"pending","_exactmetrics_skip_tracking":false,"footnotes":""},"categories":[38,167],"tags":[],"class_list":["post-45383","post","type-post","status-publish","format-standard","has-post-thumbnail","hentry","category-alagoinhas-e-regiao","category-exclusivas"],"aioseo_notices":[],"aioseo_head":"\n\t\t<!-- All in One SEO 4.9.10 - aioseo.com -->\n\t<meta name=\"description\" content=\"O servi\u00e7o de aten\u00e7\u00e3o \u00e0 sa\u00fade mental do homem desenvolvido pela Prefeitura de Alagoinhas, sob coordena\u00e7\u00e3o da Secretaria Municipal de Sa\u00fade (Sesau) e com atendimentos realizados na Policl\u00ednica Municipal, est\u00e1 entre as 23 iniciativas das cidades baianas que receberam, nesta sexta-feira, 12, o Selo UNFPA Bahia 2025. A solenidade de entrega aconteceu na Bahia Marina, em\" \/>\n\t<meta name=\"robots\" content=\"max-image-preview:large\" \/>\n\t<meta name=\"author\" content=\"administrador\"\/>\n\t<link rel=\"canonical\" href=\"https:\/\/newsinfoco.com.br\/inicio\/servico-de-atencao-a-saude-mental-do-homem-recebe-selo-unfpa-bahia-2025\/\" \/>\n\t<meta name=\"generator\" content=\"All in One SEO (AIOSEO) 4.9.10\" \/>\n\t\t<meta property=\"og:locale\" content=\"pt_BR\" \/>\n\t\t<meta property=\"og:site_name\" content=\"News In Foco - Editado por Caio Pimenta - O principal site de noticias de Alagoinhas e regi\u00e3o\" \/>\n\t\t<meta property=\"og:type\" content=\"article\" \/>\n\t\t<meta property=\"og:title\" content=\"Servi\u00e7o de Aten\u00e7\u00e3o \u00e0 Sa\u00fade Mental do Homem recebe Selo UNFPA Bahia 2025 - News In Foco - Editado por Caio Pimenta\" \/>\n\t\t<meta property=\"og:description\" content=\"O servi\u00e7o de aten\u00e7\u00e3o \u00e0 sa\u00fade mental do homem desenvolvido pela Prefeitura de Alagoinhas, sob coordena\u00e7\u00e3o da Secretaria Municipal de Sa\u00fade (Sesau) e com atendimentos realizados na Policl\u00ednica Municipal, est\u00e1 entre as 23 iniciativas das cidades baianas que receberam, nesta sexta-feira, 12, o Selo UNFPA Bahia 2025. A solenidade de entrega aconteceu na Bahia Marina, em\" \/>\n\t\t<meta property=\"og:url\" content=\"https:\/\/newsinfoco.com.br\/inicio\/servico-de-atencao-a-saude-mental-do-homem-recebe-selo-unfpa-bahia-2025\/\" \/>\n\t\t<meta property=\"article:published_time\" content=\"2025-09-15T17:29:50+00:00\" \/>\n\t\t<meta property=\"article:modified_time\" content=\"2025-09-15T17:29:50+00:00\" \/>\n\t\t<meta name=\"twitter:card\" content=\"summary_large_image\" \/>\n\t\t<meta name=\"twitter:title\" content=\"Servi\u00e7o de Aten\u00e7\u00e3o \u00e0 Sa\u00fade Mental do Homem recebe Selo UNFPA Bahia 2025 - News In Foco - Editado por Caio Pimenta\" \/>\n\t\t<meta name=\"twitter:description\" content=\"O servi\u00e7o de aten\u00e7\u00e3o \u00e0 sa\u00fade mental do homem desenvolvido pela Prefeitura de Alagoinhas, sob coordena\u00e7\u00e3o da Secretaria Municipal de Sa\u00fade (Sesau) e com atendimentos realizados na Policl\u00ednica Municipal, est\u00e1 entre as 23 iniciativas das cidades baianas que receberam, nesta sexta-feira, 12, o Selo UNFPA Bahia 2025. A solenidade de entrega aconteceu na Bahia Marina, em\" \/>\n\t\t<script type=\"application\/ld+json\" class=\"aioseo-schema\">\n\t\t\t{\"@context\":\"https:\\\/\\\/schema.org\",\"@graph\":[{\"@type\":\"BlogPosting\",\"@id\":\"https:\\\/\\\/newsinfoco.com.br\\\/inicio\\\/servico-de-atencao-a-saude-mental-do-homem-recebe-selo-unfpa-bahia-2025\\\/#blogposting\",\"name\":\"Servi\\u00e7o de Aten\\u00e7\\u00e3o \\u00e0 Sa\\u00fade Mental do Homem recebe Selo UNFPA Bahia 2025 - News In Foco - Editado por Caio Pimenta\",\"headline\":\"Servi\\u00e7o de Aten\\u00e7\\u00e3o \\u00e0 Sa\\u00fade Mental do Homem recebe Selo UNFPA Bahia 2025\",\"author\":{\"@id\":\"https:\\\/\\\/newsinfoco.com.br\\\/inicio\\\/author\\\/administrador\\\/#author\"},\"publisher\":{\"@id\":\"https:\\\/\\\/newsinfoco.com.br\\\/inicio\\\/#organization\"},\"image\":{\"@type\":\"ImageObject\",\"url\":\"https:\\\/\\\/newsinfoco.com.br\\\/inicio\\\/wp-content\\\/uploads\\\/2025\\\/09\\\/WhatsApp-Image-2025-09-13-at-12.48.07-scaled.jpeg\",\"width\":1920,\"height\":2560},\"datePublished\":\"2025-09-15T14:29:50-03:00\",\"dateModified\":\"2025-09-15T14:29:50-03:00\",\"inLanguage\":\"pt-BR\",\"mainEntityOfPage\":{\"@id\":\"https:\\\/\\\/newsinfoco.com.br\\\/inicio\\\/servico-de-atencao-a-saude-mental-do-homem-recebe-selo-unfpa-bahia-2025\\\/#webpage\"},\"isPartOf\":{\"@id\":\"https:\\\/\\\/newsinfoco.com.br\\\/inicio\\\/servico-de-atencao-a-saude-mental-do-homem-recebe-selo-unfpa-bahia-2025\\\/#webpage\"},\"articleSection\":\"Alagoinhas e Regi\\u00e3o, Manchete\"},{\"@type\":\"BreadcrumbList\",\"@id\":\"https:\\\/\\\/newsinfoco.com.br\\\/inicio\\\/servico-de-atencao-a-saude-mental-do-homem-recebe-selo-unfpa-bahia-2025\\\/#breadcrumblist\",\"itemListElement\":[{\"@type\":\"ListItem\",\"@id\":\"https:\\\/\\\/newsinfoco.com.br\\\/inicio#listItem\",\"position\":1,\"name\":\"In\\u00edcio\",\"item\":\"https:\\\/\\\/newsinfoco.com.br\\\/inicio\",\"nextItem\":{\"@type\":\"ListItem\",\"@id\":\"https:\\\/\\\/newsinfoco.com.br\\\/inicio\\\/category\\\/alagoinhas-e-regiao\\\/#listItem\",\"name\":\"Alagoinhas e Regi\\u00e3o\"}},{\"@type\":\"ListItem\",\"@id\":\"https:\\\/\\\/newsinfoco.com.br\\\/inicio\\\/category\\\/alagoinhas-e-regiao\\\/#listItem\",\"position\":2,\"name\":\"Alagoinhas e Regi\\u00e3o\",\"item\":\"https:\\\/\\\/newsinfoco.com.br\\\/inicio\\\/category\\\/alagoinhas-e-regiao\\\/\",\"nextItem\":{\"@type\":\"ListItem\",\"@id\":\"https:\\\/\\\/newsinfoco.com.br\\\/inicio\\\/servico-de-atencao-a-saude-mental-do-homem-recebe-selo-unfpa-bahia-2025\\\/#listItem\",\"name\":\"Servi\\u00e7o de Aten\\u00e7\\u00e3o \\u00e0 Sa\\u00fade Mental do Homem recebe Selo UNFPA Bahia 2025\"},\"previousItem\":{\"@type\":\"ListItem\",\"@id\":\"https:\\\/\\\/newsinfoco.com.br\\\/inicio#listItem\",\"name\":\"In\\u00edcio\"}},{\"@type\":\"ListItem\",\"@id\":\"https:\\\/\\\/newsinfoco.com.br\\\/inicio\\\/servico-de-atencao-a-saude-mental-do-homem-recebe-selo-unfpa-bahia-2025\\\/#listItem\",\"position\":3,\"name\":\"Servi\\u00e7o de Aten\\u00e7\\u00e3o \\u00e0 Sa\\u00fade Mental do Homem recebe Selo UNFPA Bahia 2025\",\"previousItem\":{\"@type\":\"ListItem\",\"@id\":\"https:\\\/\\\/newsinfoco.com.br\\\/inicio\\\/category\\\/alagoinhas-e-regiao\\\/#listItem\",\"name\":\"Alagoinhas e Regi\\u00e3o\"}}]},{\"@type\":\"Organization\",\"@id\":\"https:\\\/\\\/newsinfoco.com.br\\\/inicio\\\/#organization\",\"name\":\"News In Foco - Editado por Caio Pimenta\",\"description\":\"O principal site de noticias de Alagoinhas e regi\\u00e3o\",\"url\":\"https:\\\/\\\/newsinfoco.com.br\\\/inicio\\\/\"},{\"@type\":\"Person\",\"@id\":\"https:\\\/\\\/newsinfoco.com.br\\\/inicio\\\/author\\\/administrador\\\/#author\",\"url\":\"https:\\\/\\\/newsinfoco.com.br\\\/inicio\\\/author\\\/administrador\\\/\",\"name\":\"administrador\",\"image\":{\"@type\":\"ImageObject\",\"@id\":\"https:\\\/\\\/newsinfoco.com.br\\\/inicio\\\/servico-de-atencao-a-saude-mental-do-homem-recebe-selo-unfpa-bahia-2025\\\/#authorImage\",\"url\":\"https:\\\/\\\/secure.gravatar.com\\\/avatar\\\/c17a617433de8c1dc9584bb79aab7563b46f5bb7e1728c9b17d9cc3ce6a08e49?s=96&d=mm&r=g\",\"width\":96,\"height\":96,\"caption\":\"administrador\"}},{\"@type\":\"WebPage\",\"@id\":\"https:\\\/\\\/newsinfoco.com.br\\\/inicio\\\/servico-de-atencao-a-saude-mental-do-homem-recebe-selo-unfpa-bahia-2025\\\/#webpage\",\"url\":\"https:\\\/\\\/newsinfoco.com.br\\\/inicio\\\/servico-de-atencao-a-saude-mental-do-homem-recebe-selo-unfpa-bahia-2025\\\/\",\"name\":\"Servi\\u00e7o de Aten\\u00e7\\u00e3o \\u00e0 Sa\\u00fade Mental do Homem recebe Selo UNFPA Bahia 2025 - News In Foco - Editado por Caio Pimenta\",\"description\":\"O servi\\u00e7o de aten\\u00e7\\u00e3o \\u00e0 sa\\u00fade mental do homem desenvolvido pela Prefeitura de Alagoinhas, sob coordena\\u00e7\\u00e3o da Secretaria Municipal de Sa\\u00fade (Sesau) e com atendimentos realizados na Policl\\u00ednica Municipal, est\\u00e1 entre as 23 iniciativas das cidades baianas que receberam, nesta sexta-feira, 12, o Selo UNFPA Bahia 2025. A solenidade de entrega aconteceu na Bahia Marina, em\",\"inLanguage\":\"pt-BR\",\"isPartOf\":{\"@id\":\"https:\\\/\\\/newsinfoco.com.br\\\/inicio\\\/#website\"},\"breadcrumb\":{\"@id\":\"https:\\\/\\\/newsinfoco.com.br\\\/inicio\\\/servico-de-atencao-a-saude-mental-do-homem-recebe-selo-unfpa-bahia-2025\\\/#breadcrumblist\"},\"author\":{\"@id\":\"https:\\\/\\\/newsinfoco.com.br\\\/inicio\\\/author\\\/administrador\\\/#author\"},\"creator\":{\"@id\":\"https:\\\/\\\/newsinfoco.com.br\\\/inicio\\\/author\\\/administrador\\\/#author\"},\"image\":{\"@type\":\"ImageObject\",\"url\":\"https:\\\/\\\/newsinfoco.com.br\\\/inicio\\\/wp-content\\\/uploads\\\/2025\\\/09\\\/WhatsApp-Image-2025-09-13-at-12.48.07-scaled.jpeg\",\"@id\":\"https:\\\/\\\/newsinfoco.com.br\\\/inicio\\\/servico-de-atencao-a-saude-mental-do-homem-recebe-selo-unfpa-bahia-2025\\\/#mainImage\",\"width\":1920,\"height\":2560},\"primaryImageOfPage\":{\"@id\":\"https:\\\/\\\/newsinfoco.com.br\\\/inicio\\\/servico-de-atencao-a-saude-mental-do-homem-recebe-selo-unfpa-bahia-2025\\\/#mainImage\"},\"datePublished\":\"2025-09-15T14:29:50-03:00\",\"dateModified\":\"2025-09-15T14:29:50-03:00\"},{\"@type\":\"WebSite\",\"@id\":\"https:\\\/\\\/newsinfoco.com.br\\\/inicio\\\/#website\",\"url\":\"https:\\\/\\\/newsinfoco.com.br\\\/inicio\\\/\",\"name\":\"News In Foco - Editado por Caio Pimenta\",\"description\":\"O principal site de noticias de Alagoinhas e regi\\u00e3o\",\"inLanguage\":\"pt-BR\",\"publisher\":{\"@id\":\"https:\\\/\\\/newsinfoco.com.br\\\/inicio\\\/#organization\"}}]}\n\t\t<\/script>\n\t\t<!-- All in One SEO -->\n\n","aioseo_head_json":{"title":"Servi\u00e7o de Aten\u00e7\u00e3o \u00e0 Sa\u00fade Mental do Homem recebe Selo UNFPA Bahia 2025 - News In Foco - Editado por Caio Pimenta","description":"O servi\u00e7o de aten\u00e7\u00e3o \u00e0 sa\u00fade mental do homem desenvolvido pela Prefeitura de Alagoinhas, sob coordena\u00e7\u00e3o da Secretaria Municipal de Sa\u00fade (Sesau) e com atendimentos realizados na Policl\u00ednica Municipal, est\u00e1 entre as 23 iniciativas das cidades baianas que receberam, nesta sexta-feira, 12, o Selo UNFPA Bahia 2025. A solenidade de entrega aconteceu na Bahia Marina, em","canonical_url":"https:\/\/newsinfoco.com.br\/inicio\/servico-de-atencao-a-saude-mental-do-homem-recebe-selo-unfpa-bahia-2025\/","robots":"max-image-preview:large","keywords":"","webmasterTools":{"miscellaneous":""},"schema":{"@context":"https:\/\/schema.org","@graph":[{"@type":"BlogPosting","@id":"https:\/\/newsinfoco.com.br\/inicio\/servico-de-atencao-a-saude-mental-do-homem-recebe-selo-unfpa-bahia-2025\/#blogposting","name":"Servi\u00e7o de Aten\u00e7\u00e3o \u00e0 Sa\u00fade Mental do Homem recebe Selo UNFPA Bahia 2025 - News In Foco - Editado por Caio Pimenta","headline":"Servi\u00e7o de Aten\u00e7\u00e3o \u00e0 Sa\u00fade Mental do Homem recebe Selo UNFPA Bahia 2025","author":{"@id":"https:\/\/newsinfoco.com.br\/inicio\/author\/administrador\/#author"},"publisher":{"@id":"https:\/\/newsinfoco.com.br\/inicio\/#organization"},"image":{"@type":"ImageObject","url":"https:\/\/newsinfoco.com.br\/inicio\/wp-content\/uploads\/2025\/09\/WhatsApp-Image-2025-09-13-at-12.48.07-scaled.jpeg","width":1920,"height":2560},"datePublished":"2025-09-15T14:29:50-03:00","dateModified":"2025-09-15T14:29:50-03:00","inLanguage":"pt-BR","mainEntityOfPage":{"@id":"https:\/\/newsinfoco.com.br\/inicio\/servico-de-atencao-a-saude-mental-do-homem-recebe-selo-unfpa-bahia-2025\/#webpage"},"isPartOf":{"@id":"https:\/\/newsinfoco.com.br\/inicio\/servico-de-atencao-a-saude-mental-do-homem-recebe-selo-unfpa-bahia-2025\/#webpage"},"articleSection":"Alagoinhas e Regi\u00e3o, Manchete"},{"@type":"BreadcrumbList","@id":"https:\/\/newsinfoco.com.br\/inicio\/servico-de-atencao-a-saude-mental-do-homem-recebe-selo-unfpa-bahia-2025\/#breadcrumblist","itemListElement":[{"@type":"ListItem","@id":"https:\/\/newsinfoco.com.br\/inicio#listItem","position":1,"name":"In\u00edcio","item":"https:\/\/newsinfoco.com.br\/inicio","nextItem":{"@type":"ListItem","@id":"https:\/\/newsinfoco.com.br\/inicio\/category\/alagoinhas-e-regiao\/#listItem","name":"Alagoinhas e Regi\u00e3o"}},{"@type":"ListItem","@id":"https:\/\/newsinfoco.com.br\/inicio\/category\/alagoinhas-e-regiao\/#listItem","position":2,"name":"Alagoinhas e Regi\u00e3o","item":"https:\/\/newsinfoco.com.br\/inicio\/category\/alagoinhas-e-regiao\/","nextItem":{"@type":"ListItem","@id":"https:\/\/newsinfoco.com.br\/inicio\/servico-de-atencao-a-saude-mental-do-homem-recebe-selo-unfpa-bahia-2025\/#listItem","name":"Servi\u00e7o de Aten\u00e7\u00e3o \u00e0 Sa\u00fade Mental do Homem recebe Selo UNFPA Bahia 2025"},"previousItem":{"@type":"ListItem","@id":"https:\/\/newsinfoco.com.br\/inicio#listItem","name":"In\u00edcio"}},{"@type":"ListItem","@id":"https:\/\/newsinfoco.com.br\/inicio\/servico-de-atencao-a-saude-mental-do-homem-recebe-selo-unfpa-bahia-2025\/#listItem","position":3,"name":"Servi\u00e7o de Aten\u00e7\u00e3o \u00e0 Sa\u00fade Mental do Homem recebe Selo UNFPA Bahia 2025","previousItem":{"@type":"ListItem","@id":"https:\/\/newsinfoco.com.br\/inicio\/category\/alagoinhas-e-regiao\/#listItem","name":"Alagoinhas e Regi\u00e3o"}}]},{"@type":"Organization","@id":"https:\/\/newsinfoco.com.br\/inicio\/#organization","name":"News In Foco - Editado por Caio Pimenta","description":"O principal site de noticias de Alagoinhas e regi\u00e3o","url":"https:\/\/newsinfoco.com.br\/inicio\/"},{"@type":"Person","@id":"https:\/\/newsinfoco.com.br\/inicio\/author\/administrador\/#author","url":"https:\/\/newsinfoco.com.br\/inicio\/author\/administrador\/","name":"administrador","image":{"@type":"ImageObject","@id":"https:\/\/newsinfoco.com.br\/inicio\/servico-de-atencao-a-saude-mental-do-homem-recebe-selo-unfpa-bahia-2025\/#authorImage","url":"https:\/\/secure.gravatar.com\/avatar\/c17a617433de8c1dc9584bb79aab7563b46f5bb7e1728c9b17d9cc3ce6a08e49?s=96&d=mm&r=g","width":96,"height":96,"caption":"administrador"}},{"@type":"WebPage","@id":"https:\/\/newsinfoco.com.br\/inicio\/servico-de-atencao-a-saude-mental-do-homem-recebe-selo-unfpa-bahia-2025\/#webpage","url":"https:\/\/newsinfoco.com.br\/inicio\/servico-de-atencao-a-saude-mental-do-homem-recebe-selo-unfpa-bahia-2025\/","name":"Servi\u00e7o de Aten\u00e7\u00e3o \u00e0 Sa\u00fade Mental do Homem recebe Selo UNFPA Bahia 2025 - News In Foco - Editado por Caio Pimenta","description":"O servi\u00e7o de aten\u00e7\u00e3o \u00e0 sa\u00fade mental do homem desenvolvido pela Prefeitura de Alagoinhas, sob coordena\u00e7\u00e3o da Secretaria Municipal de Sa\u00fade (Sesau) e com atendimentos realizados na Policl\u00ednica Municipal, est\u00e1 entre as 23 iniciativas das cidades baianas que receberam, nesta sexta-feira, 12, o Selo UNFPA Bahia 2025. A solenidade de entrega aconteceu na Bahia Marina, em","inLanguage":"pt-BR","isPartOf":{"@id":"https:\/\/newsinfoco.com.br\/inicio\/#website"},"breadcrumb":{"@id":"https:\/\/newsinfoco.com.br\/inicio\/servico-de-atencao-a-saude-mental-do-homem-recebe-selo-unfpa-bahia-2025\/#breadcrumblist"},"author":{"@id":"https:\/\/newsinfoco.com.br\/inicio\/author\/administrador\/#author"},"creator":{"@id":"https:\/\/newsinfoco.com.br\/inicio\/author\/administrador\/#author"},"image":{"@type":"ImageObject","url":"https:\/\/newsinfoco.com.br\/inicio\/wp-content\/uploads\/2025\/09\/WhatsApp-Image-2025-09-13-at-12.48.07-scaled.jpeg","@id":"https:\/\/newsinfoco.com.br\/inicio\/servico-de-atencao-a-saude-mental-do-homem-recebe-selo-unfpa-bahia-2025\/#mainImage","width":1920,"height":2560},"primaryImageOfPage":{"@id":"https:\/\/newsinfoco.com.br\/inicio\/servico-de-atencao-a-saude-mental-do-homem-recebe-selo-unfpa-bahia-2025\/#mainImage"},"datePublished":"2025-09-15T14:29:50-03:00","dateModified":"2025-09-15T14:29:50-03:00"},{"@type":"WebSite","@id":"https:\/\/newsinfoco.com.br\/inicio\/#website","url":"https:\/\/newsinfoco.com.br\/inicio\/","name":"News In Foco - Editado por Caio Pimenta","description":"O principal site de noticias de Alagoinhas e regi\u00e3o","inLanguage":"pt-BR","publisher":{"@id":"https:\/\/newsinfoco.com.br\/inicio\/#organization"}}]},"og:locale":"pt_BR","og:site_name":"News In Foco - Editado por Caio Pimenta - O principal site de noticias de Alagoinhas e regi\u00e3o","og:type":"article","og:title":"Servi\u00e7o de Aten\u00e7\u00e3o \u00e0 Sa\u00fade Mental do Homem recebe Selo UNFPA Bahia 2025 - News In Foco - Editado por Caio Pimenta","og:description":"O servi\u00e7o de aten\u00e7\u00e3o \u00e0 sa\u00fade mental do homem desenvolvido pela Prefeitura de Alagoinhas, sob coordena\u00e7\u00e3o da Secretaria Municipal de Sa\u00fade (Sesau) e com atendimentos realizados na Policl\u00ednica Municipal, est\u00e1 entre as 23 iniciativas das cidades baianas que receberam, nesta sexta-feira, 12, o Selo UNFPA Bahia 2025. A solenidade de entrega aconteceu na Bahia Marina, em","og:url":"https:\/\/newsinfoco.com.br\/inicio\/servico-de-atencao-a-saude-mental-do-homem-recebe-selo-unfpa-bahia-2025\/","article:published_time":"2025-09-15T17:29:50+00:00","article:modified_time":"2025-09-15T17:29:50+00:00","twitter:card":"summary_large_image","twitter:title":"Servi\u00e7o de Aten\u00e7\u00e3o \u00e0 Sa\u00fade Mental do Homem recebe Selo UNFPA Bahia 2025 - News In Foco - Editado por Caio Pimenta","twitter:description":"O servi\u00e7o de aten\u00e7\u00e3o \u00e0 sa\u00fade mental do homem desenvolvido pela Prefeitura de Alagoinhas, sob coordena\u00e7\u00e3o da Secretaria Municipal de Sa\u00fade (Sesau) e com atendimentos realizados na Policl\u00ednica Municipal, est\u00e1 entre as 23 iniciativas das cidades baianas que receberam, nesta sexta-feira, 12, o Selo UNFPA Bahia 2025. A solenidade de entrega aconteceu na Bahia Marina, em"},"aioseo_meta_data":{"post_id":"45383","title":null,"description":null,"keywords":null,"keyphrases":{"focus":{"keyphrase":"","score":0,"analysis":{"keyphraseInTitle":{"score":0,"maxScore":9,"error":1}}},"additional":[]},"primary_term":null,"canonical_url":null,"og_title":null,"og_description":null,"og_object_type":"default","og_image_type":"default","og_image_url":null,"og_image_width":null,"og_image_height":null,"og_image_custom_url":null,"og_image_custom_fields":null,"og_video":"","og_custom_url":null,"og_article_section":null,"og_article_tags":null,"twitter_use_og":false,"twitter_card":"default","twitter_image_type":"default","twitter_image_url":null,"twitter_image_custom_url":null,"twitter_image_custom_fields":null,"twitter_title":null,"twitter_description":null,"schema":{"blockGraphs":[],"customGraphs":[],"default":{"data":{"Article":[],"Course":[],"Dataset":[],"FAQPage":[],"Movie":[],"Person":[],"Product":[],"ProductReview":[],"Car":[],"Recipe":[],"Service":[],"SoftwareApplication":[],"WebPage":[]},"graphName":"BlogPosting","isEnabled":true},"graphs":[]},"schema_type":"default","schema_type_options":null,"pillar_content":false,"robots_default":true,"robots_noindex":false,"robots_noarchive":false,"robots_nosnippet":false,"robots_nofollow":false,"robots_noimageindex":false,"robots_noodp":false,"robots_notranslate":false,"robots_max_snippet":"-1","robots_max_videopreview":"-1","robots_max_imagepreview":"large","priority":null,"frequency":"default","local_seo":null,"breadcrumb_settings":null,"limit_modified_date":false,"ai":{"faqs":[],"keyPoints":[],"titles":[],"descriptions":[],"socialPosts":{"email":[],"linkedin":[],"twitter":[],"facebook":[],"instagram":[]}},"created":"2025-09-15 17:29:51","updated":"2025-09-15 17:31:53","seo_analyzer_scan_date":null},"aioseo_breadcrumb":"<div class=\"aioseo-breadcrumbs\"><span class=\"aioseo-breadcrumb\">\n\t\t\t<a href=\"https:\/\/newsinfoco.com.br\/inicio\" title=\"In\u00edcio\">In\u00edcio<\/a>\n\t\t<\/span><span class=\"aioseo-breadcrumb-separator\">&raquo;<\/span><span class=\"aioseo-breadcrumb\">\n\t\t\t<a href=\"https:\/\/newsinfoco.com.br\/inicio\/category\/alagoinhas-e-regiao\/\" title=\"Alagoinhas e Regi\u00e3o\">Alagoinhas e Regi\u00e3o<\/a>\n\t\t<\/span><span class=\"aioseo-breadcrumb-separator\">&raquo;<\/span><span class=\"aioseo-breadcrumb\">\n\t\t\tServi\u00e7o de Aten\u00e7\u00e3o \u00e0 Sa\u00fade Mental do Homem recebe Selo UNFPA Bahia 2025\n\t\t<\/span><\/div>","aioseo_breadcrumb_json":[{"label":"In\u00edcio","link":"https:\/\/newsinfoco.com.br\/inicio"},{"label":"Alagoinhas e Regi\u00e3o","link":"https:\/\/newsinfoco.com.br\/inicio\/category\/alagoinhas-e-regiao\/"},{"label":"Servi\u00e7o de Aten\u00e7\u00e3o \u00e0 Sa\u00fade Mental do Homem recebe Selo UNFPA Bahia 2025","link":"https:\/\/newsinfoco.com.br\/inicio\/servico-de-atencao-a-saude-mental-do-homem-recebe-selo-unfpa-bahia-2025\/"}],"_links":{"self":[{"href":"https:\/\/newsinfoco.com.br\/inicio\/wp-json\/wp\/v2\/posts\/45383","targetHints":{"allow":["GET"]}}],"collection":[{"href":"https:\/\/newsinfoco.com.br\/inicio\/wp-json\/wp\/v2\/posts"}],"about":[{"href":"https:\/\/newsinfoco.com.br\/inicio\/wp-json\/wp\/v2\/types\/post"}],"author":[{"embeddable":true,"href":"https:\/\/newsinfoco.com.br\/inicio\/wp-json\/wp\/v2\/users\/1"}],"replies":[{"embeddable":true,"href":"https:\/\/newsinfoco.com.br\/inicio\/wp-json\/wp\/v2\/comments?post=45383"}],"version-history":[{"count":1,"href":"https:\/\/newsinfoco.com.br\/inicio\/wp-json\/wp\/v2\/posts\/45383\/revisions"}],"predecessor-version":[{"id":45386,"href":"https:\/\/newsinfoco.com.br\/inicio\/wp-json\/wp\/v2\/posts\/45383\/revisions\/45386"}],"wp:featuredmedia":[{"embeddable":true,"href":"https:\/\/newsinfoco.com.br\/inicio\/wp-json\/wp\/v2\/media\/45385"}],"wp:attachment":[{"href":"https:\/\/newsinfoco.com.br\/inicio\/wp-json\/wp\/v2\/media?parent=45383"}],"wp:term":[{"taxonomy":"category","embeddable":true,"href":"https:\/\/newsinfoco.com.br\/inicio\/wp-json\/wp\/v2\/categories?post=45383"},{"taxonomy":"post_tag","embeddable":true,"href":"https:\/\/newsinfoco.com.br\/inicio\/wp-json\/wp\/v2\/tags?post=45383"}],"curies":[{"name":"wp","href":"https:\/\/api.w.org\/{rel}","templated":true}]}}