{"id":45387,"date":"2025-09-15T14:38:46","date_gmt":"2025-09-15T17:38:46","guid":{"rendered":"https:\/\/newsinfoco.com.br\/inicio\/?p=45387"},"modified":"2025-09-15T15:21:19","modified_gmt":"2025-09-15T18:21:19","slug":"governo-lula-investe-r-66-milhoes-em-estudo-de-viabilidade-para-trem-salvador-feira","status":"publish","type":"post","link":"https:\/\/newsinfoco.com.br\/inicio\/governo-lula-investe-r-66-milhoes-em-estudo-de-viabilidade-para-trem-salvador-feira\/","title":{"rendered":"Governo Lula investe R$ 6,6 milh\u00f5es em estudo de viabilidade para trem Salvador-Feira"},"content":{"rendered":"<p>O\u00a0<strong>Minist\u00e9rio dos Transportes<\/strong>\u00a0est\u00e1 investindo\u00a0<strong>R$ 6,6 milh\u00f5es<\/strong>\u00a0em um estudo de viabilidade para a constru\u00e7\u00e3o de uma\u00a0<strong>nova ferrovia na Bahia<\/strong>, ligando\u00a0<strong>Salvador<\/strong>\u00a0a\u00a0<strong>Feira de Santana<\/strong>. A ideia \u00e9 que os trens sejam utilizados para transportar tanto cargas quanto passageiros, entre os dois maiores munic\u00edpios do estado.<\/p>\n<p>O estudo \u00e9 para verificar a possibilidade de usar trechos ferrovi\u00e1rios j\u00e1 existentes, mas que funcionam apenas para o transporte de cargas, para transportar tamb\u00e9m passageiros.<\/p>\n<p><strong>Audi\u00eancias p\u00fablicas<\/strong>\u00a0dever\u00e3o ser convocadas nos pr\u00f3ximos meses pelo Minist\u00e9rio dos Transportes, para ouvir a sociedade civil sobre os\u00a0<strong>projetos de expans\u00e3o ferrovi\u00e1ria<\/strong>\u00a0que est\u00e3o sob posse do governo federal.<\/p>\n<p>Al\u00e9m do trem Salvador-Feira, o governo de\u00a0<strong>Luiz In\u00e1cio Lula da Silva<\/strong>\u00a0(PT) est\u00e1 conduzindo outros cinco estudos de viabilidade para implanta\u00e7\u00e3o de ferrovias de passageiros: Bras\u00edlia\u2013Luzi\u00e2nia, entre o Distrito Federal e Goi\u00e1s; Londrina\u2013Maring\u00e1, no Paran\u00e1; Liga\u00e7\u00e3o Metropolitana de S\u00e3o Lu\u00eds, no Maranh\u00e3o; Liga\u00e7\u00e3o Metropolitana de Fortaleza, no Cear\u00e1; e Liga\u00e7\u00e3o Metropolitana de Pelotas, no Rio Grande do Sul.<\/p>\n<p><strong>Outro projeto<\/strong><\/p>\n<p>Um outro projeto, elaborado pela empresa\u00a0<strong>TIC Bahia<\/strong>, foi apresentado recentemente ao governo federal e passou pela aprova\u00e7\u00e3o da\u00a0<strong>ANTT<\/strong>\u00a0(Ag\u00eancia Nacional de Transportes Terrestres) no \u00faltimo dia 21 de agosto.<\/p>\n<p>A ideia \u00e9 reduzir o tempo de viagem entre as cidades de 1 hora e 11 minutos para apenas\u00a0<strong>35 minutos<\/strong>, atendendo a at\u00e9\u00a0<strong>85 mil passageiros por dia<\/strong>. Seriam<strong>\u00a098 km<\/strong>\u00a0de linha f\u00e9rrea, com trens de passageiro a at\u00e9\u00a0<strong>160 km\/h<\/strong>\u00a0e trens de carga circulando em no m\u00e1ximo\u00a0<strong>120 km\/h<\/strong>, facilitando o escoamento de produtos nos portos da Regi\u00e3o Metropolitana de Salvador.<\/p>\n<div>\n<div>\n<div class=\"trv-player-container\">\n<div class=\"trv-wrapper\">\n<div id=\"br_video_player_839afd321bdada2120e1f5a64e20499dc3c659f9\" class=\"trvd_video_player trvdinstream\">\n<div class=\"media-player\">\n<div class=\"trv-video\">\n<div id=\"truvid_ima_container50280\" class=\"truvid_ima_container\">\n<div>\n<div>\n<p>O\u00a0<strong>Minist\u00e9rio dos Transportes<\/strong>\u00a0est\u00e1 investindo\u00a0<strong>R$ 6,6 milh\u00f5es<\/strong>\u00a0em um estudo de viabilidade para a constru\u00e7\u00e3o de uma\u00a0<strong>nova ferrovia na Bahia<\/strong>, ligando\u00a0<strong>Salvador<\/strong>\u00a0a\u00a0<strong>Feira de Santana<\/strong>. A ideia \u00e9 que os trens sejam utilizados para transportar tanto cargas quanto passageiros, entre os dois maiores munic\u00edpios do estado.<\/p>\n<p>O estudo \u00e9 para verificar a possibilidade de usar trechos ferrovi\u00e1rios j\u00e1 existentes, mas que funcionam apenas para o transporte de cargas, para transportar tamb\u00e9m passageiros.<\/p>\n<p><strong>Audi\u00eancias p\u00fablicas<\/strong>\u00a0dever\u00e3o ser convocadas nos pr\u00f3ximos meses pelo Minist\u00e9rio dos Transportes, para ouvir a sociedade civil sobre os\u00a0<strong>projetos de expans\u00e3o ferrovi\u00e1ria<\/strong>\u00a0que est\u00e3o sob posse do governo federal.<\/p>\n<p>Al\u00e9m do trem Salvador-Feira, o governo de\u00a0<strong>Luiz In\u00e1cio Lula da Silva<\/strong>\u00a0(PT) est\u00e1 conduzindo outros cinco estudos de viabilidade para implanta\u00e7\u00e3o de ferrovias de passageiros: Bras\u00edlia\u2013Luzi\u00e2nia, entre o Distrito Federal e Goi\u00e1s; Londrina\u2013Maring\u00e1, no Paran\u00e1; Liga\u00e7\u00e3o Metropolitana de S\u00e3o Lu\u00eds, no Maranh\u00e3o; Liga\u00e7\u00e3o Metropolitana de Fortaleza, no Cear\u00e1; e Liga\u00e7\u00e3o Metropolitana de Pelotas, no Rio Grande do Sul.<\/p>\n<p><strong>Outro projeto<\/strong><\/p>\n<p>Um outro projeto, elaborado pela empresa\u00a0<strong>TIC Bahia<\/strong>, foi apresentado recentemente ao governo federal e passou pela aprova\u00e7\u00e3o da\u00a0<strong>ANTT<\/strong>\u00a0(Ag\u00eancia Nacional de Transportes Terrestres) no \u00faltimo dia 21 de agosto.<\/p>\n<p>A ideia \u00e9 reduzir o tempo de viagem entre as cidades de 1 hora e 11 minutos para apenas\u00a0<strong>35 minutos<\/strong>, atendendo a at\u00e9\u00a0<strong>85 mil passageiros por dia<\/strong>. Seriam<strong>\u00a098 km<\/strong>\u00a0de linha f\u00e9rrea, com trens de passageiro a at\u00e9\u00a0<strong>160 km\/h<\/strong>\u00a0e trens de carga circulando em no m\u00e1ximo\u00a0<strong>120 km\/h<\/strong>, facilitando o escoamento de produtos nos portos da Regi\u00e3o Metropolitana de Salvador.<\/p>\n<div class=\"conteudo_post\">\n<p>A obra custaria\u00a0<strong>R$ 6,8 bilh\u00f5es<\/strong>, na avalia\u00e7\u00e3o da TIC Bahia, com previs\u00e3o de constru\u00e7\u00e3o de\u00a0<strong>dez esta\u00e7\u00f5es ferrovi\u00e1rias<\/strong>, sendo oito paradas para passageiros e outras duas para o escoamento de cargas.<\/p>\n<p>Uma esta\u00e7\u00e3o seria instalada no bairro de\u00a0<strong>\u00c1guas Claras<\/strong>, em Salvador, em integra\u00e7\u00e3o com o VLT, com o metr\u00f4 e com a nova rodovi\u00e1ria da capital. Saindo de l\u00e1, o trem ainda passaria por\u00a0<strong>Sim\u00f5es Filho<\/strong>,\u00a0<strong>Candeias<\/strong>,\u00a0<strong>S\u00e3o Sebasti\u00e3o do Pass\u00e9<\/strong>,\u00a0<strong>Santo Amaro<\/strong>\u00a0e\u00a0<strong>Concei\u00e7\u00e3o do Jacu\u00edpe<\/strong>, chegando a Feira de Santana, onde estariam mais duas paradas:\u00a0<strong>Noide Cerqueira<\/strong>\u00a0e\u00a0<strong>Contorno<\/strong>.<\/p>\n<\/div>\n<div class=\"ui items\">\n<div class=\"item\">Bahia.Ba<\/div>\n<\/div>\n<div>\n<div>\n<div class=\"trv-player-container\">\n<div class=\"trv-wrapper\">\n<div id=\"br_video_player_839afd321bdada2120e1f5a64e20499dc3c659f9\" class=\"trvd_video_player trvdinstream\">\n<div class=\"media-player\">\n<div class=\"trv-video\">\n<div id=\"truvid_ima_container50280\" class=\"truvid_ima_container\">\n<div>\n<div>\n<div>\n<div>\n<div class=\"trv-player-container\">\n<div class=\"trv-wrapper\">\n<div id=\"br_video_player_839afd321bdada2120e1f5a64e20499dc3c659f9\" class=\"trvd_video_player trvdinstream\">\n<div class=\"media-player\">\n<div class=\"trv-video\">\n<div id=\"truvid_ima_container50280\" class=\"truvid_ima_container\">\n<div>\n<div>\n<div>\n<div>\n<div class=\"trv-player-container\">\n<div class=\"trv-wrapper\">\n<div id=\"br_video_player_839afd321bdada2120e1f5a64e20499dc3c659f9\" class=\"trvd_video_player trvdinstream\">\n<div class=\"media-player\">\n<div class=\"trv-video\">\n<div id=\"truvid_ima_container50280\" class=\"truvid_ima_container\">\n<div>\n<div>\n<div>\n<div>\n<div class=\"trv-player-container\">\n<div class=\"trv-wrapper\">\n<div id=\"br_video_player_839afd321bdada2120e1f5a64e20499dc3c659f9\" class=\"trvd_video_player trvdinstream\">\n<div class=\"media-player\">\n<div class=\"trv-video\">\n<div id=\"truvid_ima_container50280\" class=\"truvid_ima_container\">\n<div>\n<div><\/div>\n<\/div>\n<\/div>\n<\/div>\n<\/div>\n<\/div>\n<\/div>\n<\/div>\n<\/div>\n<\/div>\n<\/div>\n<\/div>\n<\/div>\n<\/div>\n<\/div>\n<\/div>\n<\/div>\n<\/div>\n<\/div>\n<\/div>\n<\/div>\n<\/div>\n<\/div>\n<\/div>\n<\/div>\n<\/div>\n<\/div>\n<\/div>\n<\/div>\n<\/div>\n<\/div>\n<\/div>\n<\/div>\n<\/div>\n<\/div>\n<\/div>\n<\/div>\n<\/div>\n<\/div>\n<\/div>\n<\/div>\n<\/div>\n<\/div>\n<\/div>\n<\/div>\n<\/div>\n<\/div>\n<\/div>\n<\/div>\n<\/div>\n<div class='share-to-whatsapp-wrapper'><div class='share-on-whsp'>Share on: <\/div><a data-text='Governo Lula investe R$ 6,6 milh\u00f5es em estudo de viabilidade para trem Salvador-Feira' data-link='https:\/\/newsinfoco.com.br\/inicio\/governo-lula-investe-r-66-milhoes-em-estudo-de-viabilidade-para-trem-salvador-feira\/' class='whatsapp-button whatsapp-share'>WhatsApp<\/a><div class='clear '><\/div><\/div>","protected":false},"excerpt":{"rendered":"<p>O\u00a0Minist\u00e9rio dos Transportes\u00a0est\u00e1 investindo\u00a0R$ 6,6 milh\u00f5es\u00a0em um estudo de viabilidade para a constru\u00e7\u00e3o de uma\u00a0nova ferrovia na Bahia, ligando\u00a0Salvador\u00a0a\u00a0Feira de Santana. A ideia \u00e9 que os trens sejam utilizados para transportar tanto cargas quanto passageiros, entre os dois maiores munic\u00edpios do estado. O estudo \u00e9 para verificar a possibilidade de usar trechos ferrovi\u00e1rios j\u00e1 existentes, [&hellip;]<\/p>\n","protected":false},"author":1,"featured_media":45388,"comment_status":"closed","ping_status":"closed","sticky":false,"template":"","format":"standard","meta":{"om_disable_all_campaigns":false,"rop_custom_images_group":[],"rop_custom_messages_group":[],"rop_publish_now":"initial","rop_publish_now_accounts":[],"rop_publish_now_history":[],"rop_publish_now_status":"pending","_exactmetrics_skip_tracking":false,"footnotes":""},"categories":[21],"tags":[],"class_list":["post-45387","post","type-post","status-publish","format-standard","has-post-thumbnail","hentry","category-brasil"],"aioseo_notices":[],"aioseo_head":"\n\t\t<!-- All in One SEO 4.9.10 - aioseo.com -->\n\t<meta name=\"description\" content=\"O Minist\u00e9rio dos Transportes est\u00e1 investindo R$ 6,6 milh\u00f5es em um estudo de viabilidade para a constru\u00e7\u00e3o de uma nova ferrovia na Bahia, ligando Salvador a Feira de Santana. A ideia \u00e9 que os trens sejam utilizados para transportar tanto cargas quanto passageiros, entre os dois maiores munic\u00edpios do estado. O estudo \u00e9 para verificar a possibilidade de usar trechos ferrovi\u00e1rios j\u00e1 existentes,\" \/>\n\t<meta name=\"robots\" content=\"max-image-preview:large\" \/>\n\t<meta name=\"author\" content=\"administrador\"\/>\n\t<link rel=\"canonical\" href=\"https:\/\/newsinfoco.com.br\/inicio\/governo-lula-investe-r-66-milhoes-em-estudo-de-viabilidade-para-trem-salvador-feira\/\" \/>\n\t<meta name=\"generator\" content=\"All in One SEO (AIOSEO) 4.9.10\" \/>\n\t\t<meta property=\"og:locale\" content=\"pt_BR\" \/>\n\t\t<meta property=\"og:site_name\" content=\"News In Foco - Editado por Caio Pimenta - O principal site de noticias de Alagoinhas e regi\u00e3o\" \/>\n\t\t<meta property=\"og:type\" content=\"article\" \/>\n\t\t<meta property=\"og:title\" content=\"Governo Lula investe R$ 6,6 milh\u00f5es em estudo de viabilidade para trem Salvador-Feira - News In Foco - Editado por Caio Pimenta\" \/>\n\t\t<meta property=\"og:description\" content=\"O Minist\u00e9rio dos Transportes est\u00e1 investindo R$ 6,6 milh\u00f5es em um estudo de viabilidade para a constru\u00e7\u00e3o de uma nova ferrovia na Bahia, ligando Salvador a Feira de Santana. A ideia \u00e9 que os trens sejam utilizados para transportar tanto cargas quanto passageiros, entre os dois maiores munic\u00edpios do estado. O estudo \u00e9 para verificar a possibilidade de usar trechos ferrovi\u00e1rios j\u00e1 existentes,\" \/>\n\t\t<meta property=\"og:url\" content=\"https:\/\/newsinfoco.com.br\/inicio\/governo-lula-investe-r-66-milhoes-em-estudo-de-viabilidade-para-trem-salvador-feira\/\" \/>\n\t\t<meta property=\"article:published_time\" content=\"2025-09-15T17:38:46+00:00\" \/>\n\t\t<meta property=\"article:modified_time\" content=\"2025-09-15T18:21:19+00:00\" \/>\n\t\t<meta name=\"twitter:card\" content=\"summary_large_image\" \/>\n\t\t<meta name=\"twitter:title\" content=\"Governo Lula investe R$ 6,6 milh\u00f5es em estudo de viabilidade para trem Salvador-Feira - News In Foco - Editado por Caio Pimenta\" \/>\n\t\t<meta name=\"twitter:description\" content=\"O Minist\u00e9rio dos Transportes est\u00e1 investindo R$ 6,6 milh\u00f5es em um estudo de viabilidade para a constru\u00e7\u00e3o de uma nova ferrovia na Bahia, ligando Salvador a Feira de Santana. A ideia \u00e9 que os trens sejam utilizados para transportar tanto cargas quanto passageiros, entre os dois maiores munic\u00edpios do estado. O estudo \u00e9 para verificar a possibilidade de usar trechos ferrovi\u00e1rios j\u00e1 existentes,\" \/>\n\t\t<script type=\"application\/ld+json\" class=\"aioseo-schema\">\n\t\t\t{\"@context\":\"https:\\\/\\\/schema.org\",\"@graph\":[{\"@type\":\"BlogPosting\",\"@id\":\"https:\\\/\\\/newsinfoco.com.br\\\/inicio\\\/governo-lula-investe-r-66-milhoes-em-estudo-de-viabilidade-para-trem-salvador-feira\\\/#blogposting\",\"name\":\"Governo Lula investe R$ 6,6 milh\\u00f5es em estudo de viabilidade para trem Salvador-Feira - News In Foco - Editado por Caio Pimenta\",\"headline\":\"Governo Lula investe R$ 6,6 milh\\u00f5es em estudo de viabilidade para trem Salvador-Feira\",\"author\":{\"@id\":\"https:\\\/\\\/newsinfoco.com.br\\\/inicio\\\/author\\\/administrador\\\/#author\"},\"publisher\":{\"@id\":\"https:\\\/\\\/newsinfoco.com.br\\\/inicio\\\/#organization\"},\"image\":{\"@type\":\"ImageObject\",\"url\":\"https:\\\/\\\/newsinfoco.com.br\\\/inicio\\\/wp-content\\\/uploads\\\/2025\\\/09\\\/Trem-Salvador-Feira-1.png\",\"width\":600,\"height\":420},\"datePublished\":\"2025-09-15T14:38:46-03:00\",\"dateModified\":\"2025-09-15T15:21:19-03:00\",\"inLanguage\":\"pt-BR\",\"mainEntityOfPage\":{\"@id\":\"https:\\\/\\\/newsinfoco.com.br\\\/inicio\\\/governo-lula-investe-r-66-milhoes-em-estudo-de-viabilidade-para-trem-salvador-feira\\\/#webpage\"},\"isPartOf\":{\"@id\":\"https:\\\/\\\/newsinfoco.com.br\\\/inicio\\\/governo-lula-investe-r-66-milhoes-em-estudo-de-viabilidade-para-trem-salvador-feira\\\/#webpage\"},\"articleSection\":\"Brasil\"},{\"@type\":\"BreadcrumbList\",\"@id\":\"https:\\\/\\\/newsinfoco.com.br\\\/inicio\\\/governo-lula-investe-r-66-milhoes-em-estudo-de-viabilidade-para-trem-salvador-feira\\\/#breadcrumblist\",\"itemListElement\":[{\"@type\":\"ListItem\",\"@id\":\"https:\\\/\\\/newsinfoco.com.br\\\/inicio#listItem\",\"position\":1,\"name\":\"In\\u00edcio\",\"item\":\"https:\\\/\\\/newsinfoco.com.br\\\/inicio\",\"nextItem\":{\"@type\":\"ListItem\",\"@id\":\"https:\\\/\\\/newsinfoco.com.br\\\/inicio\\\/category\\\/brasil\\\/#listItem\",\"name\":\"Brasil\"}},{\"@type\":\"ListItem\",\"@id\":\"https:\\\/\\\/newsinfoco.com.br\\\/inicio\\\/category\\\/brasil\\\/#listItem\",\"position\":2,\"name\":\"Brasil\",\"item\":\"https:\\\/\\\/newsinfoco.com.br\\\/inicio\\\/category\\\/brasil\\\/\",\"nextItem\":{\"@type\":\"ListItem\",\"@id\":\"https:\\\/\\\/newsinfoco.com.br\\\/inicio\\\/governo-lula-investe-r-66-milhoes-em-estudo-de-viabilidade-para-trem-salvador-feira\\\/#listItem\",\"name\":\"Governo Lula investe R$ 6,6 milh\\u00f5es em estudo de viabilidade para trem Salvador-Feira\"},\"previousItem\":{\"@type\":\"ListItem\",\"@id\":\"https:\\\/\\\/newsinfoco.com.br\\\/inicio#listItem\",\"name\":\"In\\u00edcio\"}},{\"@type\":\"ListItem\",\"@id\":\"https:\\\/\\\/newsinfoco.com.br\\\/inicio\\\/governo-lula-investe-r-66-milhoes-em-estudo-de-viabilidade-para-trem-salvador-feira\\\/#listItem\",\"position\":3,\"name\":\"Governo Lula investe R$ 6,6 milh\\u00f5es em estudo de viabilidade para trem Salvador-Feira\",\"previousItem\":{\"@type\":\"ListItem\",\"@id\":\"https:\\\/\\\/newsinfoco.com.br\\\/inicio\\\/category\\\/brasil\\\/#listItem\",\"name\":\"Brasil\"}}]},{\"@type\":\"Organization\",\"@id\":\"https:\\\/\\\/newsinfoco.com.br\\\/inicio\\\/#organization\",\"name\":\"News In Foco - Editado por Caio Pimenta\",\"description\":\"O principal site de noticias de Alagoinhas e regi\\u00e3o\",\"url\":\"https:\\\/\\\/newsinfoco.com.br\\\/inicio\\\/\"},{\"@type\":\"Person\",\"@id\":\"https:\\\/\\\/newsinfoco.com.br\\\/inicio\\\/author\\\/administrador\\\/#author\",\"url\":\"https:\\\/\\\/newsinfoco.com.br\\\/inicio\\\/author\\\/administrador\\\/\",\"name\":\"administrador\",\"image\":{\"@type\":\"ImageObject\",\"@id\":\"https:\\\/\\\/newsinfoco.com.br\\\/inicio\\\/governo-lula-investe-r-66-milhoes-em-estudo-de-viabilidade-para-trem-salvador-feira\\\/#authorImage\",\"url\":\"https:\\\/\\\/secure.gravatar.com\\\/avatar\\\/c17a617433de8c1dc9584bb79aab7563b46f5bb7e1728c9b17d9cc3ce6a08e49?s=96&d=mm&r=g\",\"width\":96,\"height\":96,\"caption\":\"administrador\"}},{\"@type\":\"WebPage\",\"@id\":\"https:\\\/\\\/newsinfoco.com.br\\\/inicio\\\/governo-lula-investe-r-66-milhoes-em-estudo-de-viabilidade-para-trem-salvador-feira\\\/#webpage\",\"url\":\"https:\\\/\\\/newsinfoco.com.br\\\/inicio\\\/governo-lula-investe-r-66-milhoes-em-estudo-de-viabilidade-para-trem-salvador-feira\\\/\",\"name\":\"Governo Lula investe R$ 6,6 milh\\u00f5es em estudo de viabilidade para trem Salvador-Feira - News In Foco - Editado por Caio Pimenta\",\"description\":\"O Minist\\u00e9rio dos Transportes est\\u00e1 investindo R$ 6,6 milh\\u00f5es em um estudo de viabilidade para a constru\\u00e7\\u00e3o de uma nova ferrovia na Bahia, ligando Salvador a Feira de Santana. A ideia \\u00e9 que os trens sejam utilizados para transportar tanto cargas quanto passageiros, entre os dois maiores munic\\u00edpios do estado. O estudo \\u00e9 para verificar a possibilidade de usar trechos ferrovi\\u00e1rios j\\u00e1 existentes,\",\"inLanguage\":\"pt-BR\",\"isPartOf\":{\"@id\":\"https:\\\/\\\/newsinfoco.com.br\\\/inicio\\\/#website\"},\"breadcrumb\":{\"@id\":\"https:\\\/\\\/newsinfoco.com.br\\\/inicio\\\/governo-lula-investe-r-66-milhoes-em-estudo-de-viabilidade-para-trem-salvador-feira\\\/#breadcrumblist\"},\"author\":{\"@id\":\"https:\\\/\\\/newsinfoco.com.br\\\/inicio\\\/author\\\/administrador\\\/#author\"},\"creator\":{\"@id\":\"https:\\\/\\\/newsinfoco.com.br\\\/inicio\\\/author\\\/administrador\\\/#author\"},\"image\":{\"@type\":\"ImageObject\",\"url\":\"https:\\\/\\\/newsinfoco.com.br\\\/inicio\\\/wp-content\\\/uploads\\\/2025\\\/09\\\/Trem-Salvador-Feira-1.png\",\"@id\":\"https:\\\/\\\/newsinfoco.com.br\\\/inicio\\\/governo-lula-investe-r-66-milhoes-em-estudo-de-viabilidade-para-trem-salvador-feira\\\/#mainImage\",\"width\":600,\"height\":420},\"primaryImageOfPage\":{\"@id\":\"https:\\\/\\\/newsinfoco.com.br\\\/inicio\\\/governo-lula-investe-r-66-milhoes-em-estudo-de-viabilidade-para-trem-salvador-feira\\\/#mainImage\"},\"datePublished\":\"2025-09-15T14:38:46-03:00\",\"dateModified\":\"2025-09-15T15:21:19-03:00\"},{\"@type\":\"WebSite\",\"@id\":\"https:\\\/\\\/newsinfoco.com.br\\\/inicio\\\/#website\",\"url\":\"https:\\\/\\\/newsinfoco.com.br\\\/inicio\\\/\",\"name\":\"News In Foco - Editado por Caio Pimenta\",\"description\":\"O principal site de noticias de Alagoinhas e regi\\u00e3o\",\"inLanguage\":\"pt-BR\",\"publisher\":{\"@id\":\"https:\\\/\\\/newsinfoco.com.br\\\/inicio\\\/#organization\"}}]}\n\t\t<\/script>\n\t\t<!-- All in One SEO -->\n\n","aioseo_head_json":{"title":"Governo Lula investe R$ 6,6 milh\u00f5es em estudo de viabilidade para trem Salvador-Feira - News In Foco - Editado por Caio Pimenta","description":"O Minist\u00e9rio dos Transportes est\u00e1 investindo R$ 6,6 milh\u00f5es em um estudo de viabilidade para a constru\u00e7\u00e3o de uma nova ferrovia na Bahia, ligando Salvador a Feira de Santana. A ideia \u00e9 que os trens sejam utilizados para transportar tanto cargas quanto passageiros, entre os dois maiores munic\u00edpios do estado. O estudo \u00e9 para verificar a possibilidade de usar trechos ferrovi\u00e1rios j\u00e1 existentes,","canonical_url":"https:\/\/newsinfoco.com.br\/inicio\/governo-lula-investe-r-66-milhoes-em-estudo-de-viabilidade-para-trem-salvador-feira\/","robots":"max-image-preview:large","keywords":"","webmasterTools":{"miscellaneous":""},"schema":{"@context":"https:\/\/schema.org","@graph":[{"@type":"BlogPosting","@id":"https:\/\/newsinfoco.com.br\/inicio\/governo-lula-investe-r-66-milhoes-em-estudo-de-viabilidade-para-trem-salvador-feira\/#blogposting","name":"Governo Lula investe R$ 6,6 milh\u00f5es em estudo de viabilidade para trem Salvador-Feira - News In Foco - Editado por Caio Pimenta","headline":"Governo Lula investe R$ 6,6 milh\u00f5es em estudo de viabilidade para trem Salvador-Feira","author":{"@id":"https:\/\/newsinfoco.com.br\/inicio\/author\/administrador\/#author"},"publisher":{"@id":"https:\/\/newsinfoco.com.br\/inicio\/#organization"},"image":{"@type":"ImageObject","url":"https:\/\/newsinfoco.com.br\/inicio\/wp-content\/uploads\/2025\/09\/Trem-Salvador-Feira-1.png","width":600,"height":420},"datePublished":"2025-09-15T14:38:46-03:00","dateModified":"2025-09-15T15:21:19-03:00","inLanguage":"pt-BR","mainEntityOfPage":{"@id":"https:\/\/newsinfoco.com.br\/inicio\/governo-lula-investe-r-66-milhoes-em-estudo-de-viabilidade-para-trem-salvador-feira\/#webpage"},"isPartOf":{"@id":"https:\/\/newsinfoco.com.br\/inicio\/governo-lula-investe-r-66-milhoes-em-estudo-de-viabilidade-para-trem-salvador-feira\/#webpage"},"articleSection":"Brasil"},{"@type":"BreadcrumbList","@id":"https:\/\/newsinfoco.com.br\/inicio\/governo-lula-investe-r-66-milhoes-em-estudo-de-viabilidade-para-trem-salvador-feira\/#breadcrumblist","itemListElement":[{"@type":"ListItem","@id":"https:\/\/newsinfoco.com.br\/inicio#listItem","position":1,"name":"In\u00edcio","item":"https:\/\/newsinfoco.com.br\/inicio","nextItem":{"@type":"ListItem","@id":"https:\/\/newsinfoco.com.br\/inicio\/category\/brasil\/#listItem","name":"Brasil"}},{"@type":"ListItem","@id":"https:\/\/newsinfoco.com.br\/inicio\/category\/brasil\/#listItem","position":2,"name":"Brasil","item":"https:\/\/newsinfoco.com.br\/inicio\/category\/brasil\/","nextItem":{"@type":"ListItem","@id":"https:\/\/newsinfoco.com.br\/inicio\/governo-lula-investe-r-66-milhoes-em-estudo-de-viabilidade-para-trem-salvador-feira\/#listItem","name":"Governo Lula investe R$ 6,6 milh\u00f5es em estudo de viabilidade para trem Salvador-Feira"},"previousItem":{"@type":"ListItem","@id":"https:\/\/newsinfoco.com.br\/inicio#listItem","name":"In\u00edcio"}},{"@type":"ListItem","@id":"https:\/\/newsinfoco.com.br\/inicio\/governo-lula-investe-r-66-milhoes-em-estudo-de-viabilidade-para-trem-salvador-feira\/#listItem","position":3,"name":"Governo Lula investe R$ 6,6 milh\u00f5es em estudo de viabilidade para trem Salvador-Feira","previousItem":{"@type":"ListItem","@id":"https:\/\/newsinfoco.com.br\/inicio\/category\/brasil\/#listItem","name":"Brasil"}}]},{"@type":"Organization","@id":"https:\/\/newsinfoco.com.br\/inicio\/#organization","name":"News In Foco - Editado por Caio Pimenta","description":"O principal site de noticias de Alagoinhas e regi\u00e3o","url":"https:\/\/newsinfoco.com.br\/inicio\/"},{"@type":"Person","@id":"https:\/\/newsinfoco.com.br\/inicio\/author\/administrador\/#author","url":"https:\/\/newsinfoco.com.br\/inicio\/author\/administrador\/","name":"administrador","image":{"@type":"ImageObject","@id":"https:\/\/newsinfoco.com.br\/inicio\/governo-lula-investe-r-66-milhoes-em-estudo-de-viabilidade-para-trem-salvador-feira\/#authorImage","url":"https:\/\/secure.gravatar.com\/avatar\/c17a617433de8c1dc9584bb79aab7563b46f5bb7e1728c9b17d9cc3ce6a08e49?s=96&d=mm&r=g","width":96,"height":96,"caption":"administrador"}},{"@type":"WebPage","@id":"https:\/\/newsinfoco.com.br\/inicio\/governo-lula-investe-r-66-milhoes-em-estudo-de-viabilidade-para-trem-salvador-feira\/#webpage","url":"https:\/\/newsinfoco.com.br\/inicio\/governo-lula-investe-r-66-milhoes-em-estudo-de-viabilidade-para-trem-salvador-feira\/","name":"Governo Lula investe R$ 6,6 milh\u00f5es em estudo de viabilidade para trem Salvador-Feira - News In Foco - Editado por Caio Pimenta","description":"O Minist\u00e9rio dos Transportes est\u00e1 investindo R$ 6,6 milh\u00f5es em um estudo de viabilidade para a constru\u00e7\u00e3o de uma nova ferrovia na Bahia, ligando Salvador a Feira de Santana. A ideia \u00e9 que os trens sejam utilizados para transportar tanto cargas quanto passageiros, entre os dois maiores munic\u00edpios do estado. O estudo \u00e9 para verificar a possibilidade de usar trechos ferrovi\u00e1rios j\u00e1 existentes,","inLanguage":"pt-BR","isPartOf":{"@id":"https:\/\/newsinfoco.com.br\/inicio\/#website"},"breadcrumb":{"@id":"https:\/\/newsinfoco.com.br\/inicio\/governo-lula-investe-r-66-milhoes-em-estudo-de-viabilidade-para-trem-salvador-feira\/#breadcrumblist"},"author":{"@id":"https:\/\/newsinfoco.com.br\/inicio\/author\/administrador\/#author"},"creator":{"@id":"https:\/\/newsinfoco.com.br\/inicio\/author\/administrador\/#author"},"image":{"@type":"ImageObject","url":"https:\/\/newsinfoco.com.br\/inicio\/wp-content\/uploads\/2025\/09\/Trem-Salvador-Feira-1.png","@id":"https:\/\/newsinfoco.com.br\/inicio\/governo-lula-investe-r-66-milhoes-em-estudo-de-viabilidade-para-trem-salvador-feira\/#mainImage","width":600,"height":420},"primaryImageOfPage":{"@id":"https:\/\/newsinfoco.com.br\/inicio\/governo-lula-investe-r-66-milhoes-em-estudo-de-viabilidade-para-trem-salvador-feira\/#mainImage"},"datePublished":"2025-09-15T14:38:46-03:00","dateModified":"2025-09-15T15:21:19-03:00"},{"@type":"WebSite","@id":"https:\/\/newsinfoco.com.br\/inicio\/#website","url":"https:\/\/newsinfoco.com.br\/inicio\/","name":"News In Foco - Editado por Caio Pimenta","description":"O principal site de noticias de Alagoinhas e regi\u00e3o","inLanguage":"pt-BR","publisher":{"@id":"https:\/\/newsinfoco.com.br\/inicio\/#organization"}}]},"og:locale":"pt_BR","og:site_name":"News In Foco - Editado por Caio Pimenta - O principal site de noticias de Alagoinhas e regi\u00e3o","og:type":"article","og:title":"Governo Lula investe R$ 6,6 milh\u00f5es em estudo de viabilidade para trem Salvador-Feira - News In Foco - Editado por Caio Pimenta","og:description":"O Minist\u00e9rio dos Transportes est\u00e1 investindo R$ 6,6 milh\u00f5es em um estudo de viabilidade para a constru\u00e7\u00e3o de uma nova ferrovia na Bahia, ligando Salvador a Feira de Santana. A ideia \u00e9 que os trens sejam utilizados para transportar tanto cargas quanto passageiros, entre os dois maiores munic\u00edpios do estado. O estudo \u00e9 para verificar a possibilidade de usar trechos ferrovi\u00e1rios j\u00e1 existentes,","og:url":"https:\/\/newsinfoco.com.br\/inicio\/governo-lula-investe-r-66-milhoes-em-estudo-de-viabilidade-para-trem-salvador-feira\/","article:published_time":"2025-09-15T17:38:46+00:00","article:modified_time":"2025-09-15T18:21:19+00:00","twitter:card":"summary_large_image","twitter:title":"Governo Lula investe R$ 6,6 milh\u00f5es em estudo de viabilidade para trem Salvador-Feira - News In Foco - Editado por Caio Pimenta","twitter:description":"O Minist\u00e9rio dos Transportes est\u00e1 investindo R$ 6,6 milh\u00f5es em um estudo de viabilidade para a constru\u00e7\u00e3o de uma nova ferrovia na Bahia, ligando Salvador a Feira de Santana. A ideia \u00e9 que os trens sejam utilizados para transportar tanto cargas quanto passageiros, entre os dois maiores munic\u00edpios do estado. O estudo \u00e9 para verificar a possibilidade de usar trechos ferrovi\u00e1rios j\u00e1 existentes,"},"aioseo_meta_data":{"post_id":"45387","title":null,"description":null,"keywords":null,"keyphrases":{"focus":{"keyphrase":"","score":0,"analysis":{"keyphraseInTitle":{"score":0,"maxScore":9,"error":1}}},"additional":[]},"primary_term":null,"canonical_url":null,"og_title":null,"og_description":null,"og_object_type":"default","og_image_type":"default","og_image_url":null,"og_image_width":null,"og_image_height":null,"og_image_custom_url":null,"og_image_custom_fields":null,"og_video":"","og_custom_url":null,"og_article_section":null,"og_article_tags":null,"twitter_use_og":false,"twitter_card":"default","twitter_image_type":"default","twitter_image_url":null,"twitter_image_custom_url":null,"twitter_image_custom_fields":null,"twitter_title":null,"twitter_description":null,"schema":{"blockGraphs":[],"customGraphs":[],"default":{"data":{"Article":[],"Course":[],"Dataset":[],"FAQPage":[],"Movie":[],"Person":[],"Product":[],"ProductReview":[],"Car":[],"Recipe":[],"Service":[],"SoftwareApplication":[],"WebPage":[]},"graphName":"BlogPosting","isEnabled":true},"graphs":[]},"schema_type":"default","schema_type_options":null,"pillar_content":false,"robots_default":true,"robots_noindex":false,"robots_noarchive":false,"robots_nosnippet":false,"robots_nofollow":false,"robots_noimageindex":false,"robots_noodp":false,"robots_notranslate":false,"robots_max_snippet":"-1","robots_max_videopreview":"-1","robots_max_imagepreview":"large","priority":null,"frequency":"default","local_seo":null,"breadcrumb_settings":null,"limit_modified_date":false,"ai":{"faqs":[],"keyPoints":[],"titles":[],"descriptions":[],"socialPosts":{"email":[],"linkedin":[],"twitter":[],"facebook":[],"instagram":[]}},"created":"2025-09-15 17:38:47","updated":"2025-09-15 18:23:27","seo_analyzer_scan_date":null},"aioseo_breadcrumb":"<div class=\"aioseo-breadcrumbs\"><span class=\"aioseo-breadcrumb\">\n\t\t\t<a href=\"https:\/\/newsinfoco.com.br\/inicio\" title=\"In\u00edcio\">In\u00edcio<\/a>\n\t\t<\/span><span class=\"aioseo-breadcrumb-separator\">&raquo;<\/span><span class=\"aioseo-breadcrumb\">\n\t\t\t<a href=\"https:\/\/newsinfoco.com.br\/inicio\/category\/brasil\/\" title=\"Brasil\">Brasil<\/a>\n\t\t<\/span><span class=\"aioseo-breadcrumb-separator\">&raquo;<\/span><span class=\"aioseo-breadcrumb\">\n\t\t\tGoverno Lula investe R$ 6,6 milh\u00f5es em estudo de viabilidade para trem Salvador-Feira\n\t\t<\/span><\/div>","aioseo_breadcrumb_json":[{"label":"In\u00edcio","link":"https:\/\/newsinfoco.com.br\/inicio"},{"label":"Brasil","link":"https:\/\/newsinfoco.com.br\/inicio\/category\/brasil\/"},{"label":"Governo Lula investe R$ 6,6 milh\u00f5es em estudo de viabilidade para trem Salvador-Feira","link":"https:\/\/newsinfoco.com.br\/inicio\/governo-lula-investe-r-66-milhoes-em-estudo-de-viabilidade-para-trem-salvador-feira\/"}],"_links":{"self":[{"href":"https:\/\/newsinfoco.com.br\/inicio\/wp-json\/wp\/v2\/posts\/45387","targetHints":{"allow":["GET"]}}],"collection":[{"href":"https:\/\/newsinfoco.com.br\/inicio\/wp-json\/wp\/v2\/posts"}],"about":[{"href":"https:\/\/newsinfoco.com.br\/inicio\/wp-json\/wp\/v2\/types\/post"}],"author":[{"embeddable":true,"href":"https:\/\/newsinfoco.com.br\/inicio\/wp-json\/wp\/v2\/users\/1"}],"replies":[{"embeddable":true,"href":"https:\/\/newsinfoco.com.br\/inicio\/wp-json\/wp\/v2\/comments?post=45387"}],"version-history":[{"count":1,"href":"https:\/\/newsinfoco.com.br\/inicio\/wp-json\/wp\/v2\/posts\/45387\/revisions"}],"predecessor-version":[{"id":45389,"href":"https:\/\/newsinfoco.com.br\/inicio\/wp-json\/wp\/v2\/posts\/45387\/revisions\/45389"}],"wp:featuredmedia":[{"embeddable":true,"href":"https:\/\/newsinfoco.com.br\/inicio\/wp-json\/wp\/v2\/media\/45388"}],"wp:attachment":[{"href":"https:\/\/newsinfoco.com.br\/inicio\/wp-json\/wp\/v2\/media?parent=45387"}],"wp:term":[{"taxonomy":"category","embeddable":true,"href":"https:\/\/newsinfoco.com.br\/inicio\/wp-json\/wp\/v2\/categories?post=45387"},{"taxonomy":"post_tag","embeddable":true,"href":"https:\/\/newsinfoco.com.br\/inicio\/wp-json\/wp\/v2\/tags?post=45387"}],"curies":[{"name":"wp","href":"https:\/\/api.w.org\/{rel}","templated":true}]}}