{"id":45394,"date":"2025-09-15T15:12:53","date_gmt":"2025-09-15T18:12:53","guid":{"rendered":"https:\/\/newsinfoco.com.br\/inicio\/?p=45394"},"modified":"2025-09-15T15:12:53","modified_gmt":"2025-09-15T18:12:53","slug":"atividade-economica-do-brasil-cai-05-em-julho-diz-bc","status":"publish","type":"post","link":"https:\/\/newsinfoco.com.br\/inicio\/atividade-economica-do-brasil-cai-05-em-julho-diz-bc\/","title":{"rendered":"Atividade econ\u00f4mica do Brasil cai 0,5% em julho, diz BC"},"content":{"rendered":"<p>O \u00cdndice de Atividade Econ\u00f4mica (IBC-Br) recuou 0,5% em julho, na compara\u00e7\u00e3o com junho. De acordo com o Banco Central, \u00e9 a terceira retra\u00e7\u00e3o consecutiva do indicador, calculado j\u00e1 com o ajuste sazonal.<\/p>\n<p>Segundo mat\u00e9ria da Ag\u00eancia Brasil, de acordo com a autoridade monet\u00e1ria, o setor que apresentou maior recuo foi o industrial (1,1%). J\u00e1 o IBC-BR do setor agropecu\u00e1rio recuou 0,8%. No caso do setor de servi\u00e7os, foi observada uma retra\u00e7\u00e3o de 0,2%.<\/p>\n<p>Na compara\u00e7\u00e3o com julho de 2024, o IBC-Br apresentou alta de 1,1%. No acumulado de 12 meses (per\u00edodo finalizado em julho), a alta apresentada ficou em 3,5%. No per\u00edodo compreendido entre janeiro e julho, o resultado foi tamb\u00e9m de alta de 2,9%.<\/p>\n<div>\n<div>\n<div class=\"trv-player-container\">\n<div class=\"trv-wrapper\">\n<div id=\"br_video_player_c5acaf6a8831a6c09f3af5a64e20499dc3c659f9\" class=\"trvd_video_player trvdfloater trv-right\">\n<div class=\"media-player\"><\/div>\n<div class=\"trv-autoskip-container-compact\">\n<div class=\"trv-autoskip-background-compact\">\n<div class=\"trv-autoskip-line-top\">\n<div class=\"conteudo_post\">\n<p>Nessas duas situa\u00e7\u00f5es, n\u00e3o \u00e9 necess\u00e1rio que o c\u00e1lculo seja feito com ajuste sazonal, uma vez que se tratam de per\u00edodos correspondentes.<\/p>\n<p>O c\u00e1lculo com ajuste sazonal \u00e9 feito quando os per\u00edodos referenciais apresentam diferen\u00e7as com rela\u00e7\u00e3o ao n\u00famero de dias \u00fateis ou oscila\u00e7\u00f5es t\u00edpicas de algumas atividades, em especial, relativas a picos de produ\u00e7\u00e3o.<\/p>\n<\/div>\n<div id=\"div-share\">\n<div class=\"conteudo_post\"><\/div>\n<div id=\"div-share\">\n<div id=\"div-share\">\n<div id=\"div-share\">Bahia.Ba<\/div>\n<\/div>\n<\/div>\n<\/div>\n<\/div>\n<\/div>\n<\/div>\n<\/div>\n<\/div>\n<\/div>\n<\/div>\n<\/div>\n<div class='share-to-whatsapp-wrapper'><div class='share-on-whsp'>Share on: <\/div><a data-text='Atividade econ\u00f4mica do Brasil cai 0,5% em julho, diz BC' data-link='https:\/\/newsinfoco.com.br\/inicio\/atividade-economica-do-brasil-cai-05-em-julho-diz-bc\/' class='whatsapp-button whatsapp-share'>WhatsApp<\/a><div class='clear '><\/div><\/div>","protected":false},"excerpt":{"rendered":"<p>O \u00cdndice de Atividade Econ\u00f4mica (IBC-Br) recuou 0,5% em julho, na compara\u00e7\u00e3o com junho. De acordo com o Banco Central, \u00e9 a terceira retra\u00e7\u00e3o consecutiva do indicador, calculado j\u00e1 com o ajuste sazonal. Segundo mat\u00e9ria da Ag\u00eancia Brasil, de acordo com a autoridade monet\u00e1ria, o setor que apresentou maior recuo foi o industrial (1,1%). J\u00e1 [&hellip;]<\/p>\n","protected":false},"author":1,"featured_media":45395,"comment_status":"closed","ping_status":"closed","sticky":false,"template":"","format":"standard","meta":{"om_disable_all_campaigns":false,"rop_custom_images_group":[],"rop_custom_messages_group":[],"rop_publish_now":"initial","rop_publish_now_accounts":[],"rop_publish_now_history":[],"rop_publish_now_status":"pending","_exactmetrics_skip_tracking":false,"footnotes":""},"categories":[21],"tags":[],"class_list":["post-45394","post","type-post","status-publish","format-standard","has-post-thumbnail","hentry","category-brasil"],"aioseo_notices":[],"aioseo_head":"\n\t\t<!-- All in One SEO 4.9.10 - aioseo.com -->\n\t<meta name=\"description\" content=\"O \u00cdndice de Atividade Econ\u00f4mica (IBC-Br) recuou 0,5% em julho, na compara\u00e7\u00e3o com junho. De acordo com o Banco Central, \u00e9 a terceira retra\u00e7\u00e3o consecutiva do indicador, calculado j\u00e1 com o ajuste sazonal. Segundo mat\u00e9ria da Ag\u00eancia Brasil, de acordo com a autoridade monet\u00e1ria, o setor que apresentou maior recuo foi o industrial (1,1%). J\u00e1\" \/>\n\t<meta name=\"robots\" content=\"max-image-preview:large\" \/>\n\t<meta name=\"author\" content=\"administrador\"\/>\n\t<link rel=\"canonical\" href=\"https:\/\/newsinfoco.com.br\/inicio\/atividade-economica-do-brasil-cai-05-em-julho-diz-bc\/\" \/>\n\t<meta name=\"generator\" content=\"All in One SEO (AIOSEO) 4.9.10\" \/>\n\t\t<meta property=\"og:locale\" content=\"pt_BR\" \/>\n\t\t<meta property=\"og:site_name\" content=\"News In Foco - Editado por Caio Pimenta - O principal site de noticias de Alagoinhas e regi\u00e3o\" \/>\n\t\t<meta property=\"og:type\" content=\"article\" \/>\n\t\t<meta property=\"og:title\" content=\"Atividade econ\u00f4mica do Brasil cai 0,5% em julho, diz BC - News In Foco - Editado por Caio Pimenta\" \/>\n\t\t<meta property=\"og:description\" content=\"O \u00cdndice de Atividade Econ\u00f4mica (IBC-Br) recuou 0,5% em julho, na compara\u00e7\u00e3o com junho. De acordo com o Banco Central, \u00e9 a terceira retra\u00e7\u00e3o consecutiva do indicador, calculado j\u00e1 com o ajuste sazonal. Segundo mat\u00e9ria da Ag\u00eancia Brasil, de acordo com a autoridade monet\u00e1ria, o setor que apresentou maior recuo foi o industrial (1,1%). J\u00e1\" \/>\n\t\t<meta property=\"og:url\" content=\"https:\/\/newsinfoco.com.br\/inicio\/atividade-economica-do-brasil-cai-05-em-julho-diz-bc\/\" \/>\n\t\t<meta property=\"article:published_time\" content=\"2025-09-15T18:12:53+00:00\" \/>\n\t\t<meta property=\"article:modified_time\" content=\"2025-09-15T18:12:53+00:00\" \/>\n\t\t<meta name=\"twitter:card\" content=\"summary_large_image\" \/>\n\t\t<meta name=\"twitter:title\" content=\"Atividade econ\u00f4mica do Brasil cai 0,5% em julho, diz BC - News In Foco - Editado por Caio Pimenta\" \/>\n\t\t<meta name=\"twitter:description\" content=\"O \u00cdndice de Atividade Econ\u00f4mica (IBC-Br) recuou 0,5% em julho, na compara\u00e7\u00e3o com junho. De acordo com o Banco Central, \u00e9 a terceira retra\u00e7\u00e3o consecutiva do indicador, calculado j\u00e1 com o ajuste sazonal. Segundo mat\u00e9ria da Ag\u00eancia Brasil, de acordo com a autoridade monet\u00e1ria, o setor que apresentou maior recuo foi o industrial (1,1%). J\u00e1\" \/>\n\t\t<script type=\"application\/ld+json\" class=\"aioseo-schema\">\n\t\t\t{\"@context\":\"https:\\\/\\\/schema.org\",\"@graph\":[{\"@type\":\"BlogPosting\",\"@id\":\"https:\\\/\\\/newsinfoco.com.br\\\/inicio\\\/atividade-economica-do-brasil-cai-05-em-julho-diz-bc\\\/#blogposting\",\"name\":\"Atividade econ\\u00f4mica do Brasil cai 0,5% em julho, diz BC - News In Foco - Editado por Caio Pimenta\",\"headline\":\"Atividade econ\\u00f4mica do Brasil cai 0,5% em julho, diz BC\",\"author\":{\"@id\":\"https:\\\/\\\/newsinfoco.com.br\\\/inicio\\\/author\\\/administrador\\\/#author\"},\"publisher\":{\"@id\":\"https:\\\/\\\/newsinfoco.com.br\\\/inicio\\\/#organization\"},\"image\":{\"@type\":\"ImageObject\",\"url\":\"https:\\\/\\\/newsinfoco.com.br\\\/inicio\\\/wp-content\\\/uploads\\\/2025\\\/09\\\/real_moedadinheiro_jfcrz_abr_1701220044_1-1.jpg\",\"width\":600,\"height\":420,\"caption\":\"Dinheiro, Real Moeda brasileira\"},\"datePublished\":\"2025-09-15T15:12:53-03:00\",\"dateModified\":\"2025-09-15T15:12:53-03:00\",\"inLanguage\":\"pt-BR\",\"mainEntityOfPage\":{\"@id\":\"https:\\\/\\\/newsinfoco.com.br\\\/inicio\\\/atividade-economica-do-brasil-cai-05-em-julho-diz-bc\\\/#webpage\"},\"isPartOf\":{\"@id\":\"https:\\\/\\\/newsinfoco.com.br\\\/inicio\\\/atividade-economica-do-brasil-cai-05-em-julho-diz-bc\\\/#webpage\"},\"articleSection\":\"Brasil\"},{\"@type\":\"BreadcrumbList\",\"@id\":\"https:\\\/\\\/newsinfoco.com.br\\\/inicio\\\/atividade-economica-do-brasil-cai-05-em-julho-diz-bc\\\/#breadcrumblist\",\"itemListElement\":[{\"@type\":\"ListItem\",\"@id\":\"https:\\\/\\\/newsinfoco.com.br\\\/inicio#listItem\",\"position\":1,\"name\":\"In\\u00edcio\",\"item\":\"https:\\\/\\\/newsinfoco.com.br\\\/inicio\",\"nextItem\":{\"@type\":\"ListItem\",\"@id\":\"https:\\\/\\\/newsinfoco.com.br\\\/inicio\\\/category\\\/brasil\\\/#listItem\",\"name\":\"Brasil\"}},{\"@type\":\"ListItem\",\"@id\":\"https:\\\/\\\/newsinfoco.com.br\\\/inicio\\\/category\\\/brasil\\\/#listItem\",\"position\":2,\"name\":\"Brasil\",\"item\":\"https:\\\/\\\/newsinfoco.com.br\\\/inicio\\\/category\\\/brasil\\\/\",\"nextItem\":{\"@type\":\"ListItem\",\"@id\":\"https:\\\/\\\/newsinfoco.com.br\\\/inicio\\\/atividade-economica-do-brasil-cai-05-em-julho-diz-bc\\\/#listItem\",\"name\":\"Atividade econ\\u00f4mica do Brasil cai 0,5% em julho, diz BC\"},\"previousItem\":{\"@type\":\"ListItem\",\"@id\":\"https:\\\/\\\/newsinfoco.com.br\\\/inicio#listItem\",\"name\":\"In\\u00edcio\"}},{\"@type\":\"ListItem\",\"@id\":\"https:\\\/\\\/newsinfoco.com.br\\\/inicio\\\/atividade-economica-do-brasil-cai-05-em-julho-diz-bc\\\/#listItem\",\"position\":3,\"name\":\"Atividade econ\\u00f4mica do Brasil cai 0,5% em julho, diz BC\",\"previousItem\":{\"@type\":\"ListItem\",\"@id\":\"https:\\\/\\\/newsinfoco.com.br\\\/inicio\\\/category\\\/brasil\\\/#listItem\",\"name\":\"Brasil\"}}]},{\"@type\":\"Organization\",\"@id\":\"https:\\\/\\\/newsinfoco.com.br\\\/inicio\\\/#organization\",\"name\":\"News In Foco - Editado por Caio Pimenta\",\"description\":\"O principal site de noticias de Alagoinhas e regi\\u00e3o\",\"url\":\"https:\\\/\\\/newsinfoco.com.br\\\/inicio\\\/\"},{\"@type\":\"Person\",\"@id\":\"https:\\\/\\\/newsinfoco.com.br\\\/inicio\\\/author\\\/administrador\\\/#author\",\"url\":\"https:\\\/\\\/newsinfoco.com.br\\\/inicio\\\/author\\\/administrador\\\/\",\"name\":\"administrador\",\"image\":{\"@type\":\"ImageObject\",\"@id\":\"https:\\\/\\\/newsinfoco.com.br\\\/inicio\\\/atividade-economica-do-brasil-cai-05-em-julho-diz-bc\\\/#authorImage\",\"url\":\"https:\\\/\\\/secure.gravatar.com\\\/avatar\\\/c17a617433de8c1dc9584bb79aab7563b46f5bb7e1728c9b17d9cc3ce6a08e49?s=96&d=mm&r=g\",\"width\":96,\"height\":96,\"caption\":\"administrador\"}},{\"@type\":\"WebPage\",\"@id\":\"https:\\\/\\\/newsinfoco.com.br\\\/inicio\\\/atividade-economica-do-brasil-cai-05-em-julho-diz-bc\\\/#webpage\",\"url\":\"https:\\\/\\\/newsinfoco.com.br\\\/inicio\\\/atividade-economica-do-brasil-cai-05-em-julho-diz-bc\\\/\",\"name\":\"Atividade econ\\u00f4mica do Brasil cai 0,5% em julho, diz BC - News In Foco - Editado por Caio Pimenta\",\"description\":\"O \\u00cdndice de Atividade Econ\\u00f4mica (IBC-Br) recuou 0,5% em julho, na compara\\u00e7\\u00e3o com junho. De acordo com o Banco Central, \\u00e9 a terceira retra\\u00e7\\u00e3o consecutiva do indicador, calculado j\\u00e1 com o ajuste sazonal. Segundo mat\\u00e9ria da Ag\\u00eancia Brasil, de acordo com a autoridade monet\\u00e1ria, o setor que apresentou maior recuo foi o industrial (1,1%). J\\u00e1\",\"inLanguage\":\"pt-BR\",\"isPartOf\":{\"@id\":\"https:\\\/\\\/newsinfoco.com.br\\\/inicio\\\/#website\"},\"breadcrumb\":{\"@id\":\"https:\\\/\\\/newsinfoco.com.br\\\/inicio\\\/atividade-economica-do-brasil-cai-05-em-julho-diz-bc\\\/#breadcrumblist\"},\"author\":{\"@id\":\"https:\\\/\\\/newsinfoco.com.br\\\/inicio\\\/author\\\/administrador\\\/#author\"},\"creator\":{\"@id\":\"https:\\\/\\\/newsinfoco.com.br\\\/inicio\\\/author\\\/administrador\\\/#author\"},\"image\":{\"@type\":\"ImageObject\",\"url\":\"https:\\\/\\\/newsinfoco.com.br\\\/inicio\\\/wp-content\\\/uploads\\\/2025\\\/09\\\/real_moedadinheiro_jfcrz_abr_1701220044_1-1.jpg\",\"@id\":\"https:\\\/\\\/newsinfoco.com.br\\\/inicio\\\/atividade-economica-do-brasil-cai-05-em-julho-diz-bc\\\/#mainImage\",\"width\":600,\"height\":420,\"caption\":\"Dinheiro, Real Moeda brasileira\"},\"primaryImageOfPage\":{\"@id\":\"https:\\\/\\\/newsinfoco.com.br\\\/inicio\\\/atividade-economica-do-brasil-cai-05-em-julho-diz-bc\\\/#mainImage\"},\"datePublished\":\"2025-09-15T15:12:53-03:00\",\"dateModified\":\"2025-09-15T15:12:53-03:00\"},{\"@type\":\"WebSite\",\"@id\":\"https:\\\/\\\/newsinfoco.com.br\\\/inicio\\\/#website\",\"url\":\"https:\\\/\\\/newsinfoco.com.br\\\/inicio\\\/\",\"name\":\"News In Foco - Editado por Caio Pimenta\",\"description\":\"O principal site de noticias de Alagoinhas e regi\\u00e3o\",\"inLanguage\":\"pt-BR\",\"publisher\":{\"@id\":\"https:\\\/\\\/newsinfoco.com.br\\\/inicio\\\/#organization\"}}]}\n\t\t<\/script>\n\t\t<!-- All in One SEO -->\n\n","aioseo_head_json":{"title":"Atividade econ\u00f4mica do Brasil cai 0,5% em julho, diz BC - News In Foco - Editado por Caio Pimenta","description":"O \u00cdndice de Atividade Econ\u00f4mica (IBC-Br) recuou 0,5% em julho, na compara\u00e7\u00e3o com junho. De acordo com o Banco Central, \u00e9 a terceira retra\u00e7\u00e3o consecutiva do indicador, calculado j\u00e1 com o ajuste sazonal. Segundo mat\u00e9ria da Ag\u00eancia Brasil, de acordo com a autoridade monet\u00e1ria, o setor que apresentou maior recuo foi o industrial (1,1%). J\u00e1","canonical_url":"https:\/\/newsinfoco.com.br\/inicio\/atividade-economica-do-brasil-cai-05-em-julho-diz-bc\/","robots":"max-image-preview:large","keywords":"","webmasterTools":{"miscellaneous":""},"schema":{"@context":"https:\/\/schema.org","@graph":[{"@type":"BlogPosting","@id":"https:\/\/newsinfoco.com.br\/inicio\/atividade-economica-do-brasil-cai-05-em-julho-diz-bc\/#blogposting","name":"Atividade econ\u00f4mica do Brasil cai 0,5% em julho, diz BC - News In Foco - Editado por Caio Pimenta","headline":"Atividade econ\u00f4mica do Brasil cai 0,5% em julho, diz BC","author":{"@id":"https:\/\/newsinfoco.com.br\/inicio\/author\/administrador\/#author"},"publisher":{"@id":"https:\/\/newsinfoco.com.br\/inicio\/#organization"},"image":{"@type":"ImageObject","url":"https:\/\/newsinfoco.com.br\/inicio\/wp-content\/uploads\/2025\/09\/real_moedadinheiro_jfcrz_abr_1701220044_1-1.jpg","width":600,"height":420,"caption":"Dinheiro, Real Moeda brasileira"},"datePublished":"2025-09-15T15:12:53-03:00","dateModified":"2025-09-15T15:12:53-03:00","inLanguage":"pt-BR","mainEntityOfPage":{"@id":"https:\/\/newsinfoco.com.br\/inicio\/atividade-economica-do-brasil-cai-05-em-julho-diz-bc\/#webpage"},"isPartOf":{"@id":"https:\/\/newsinfoco.com.br\/inicio\/atividade-economica-do-brasil-cai-05-em-julho-diz-bc\/#webpage"},"articleSection":"Brasil"},{"@type":"BreadcrumbList","@id":"https:\/\/newsinfoco.com.br\/inicio\/atividade-economica-do-brasil-cai-05-em-julho-diz-bc\/#breadcrumblist","itemListElement":[{"@type":"ListItem","@id":"https:\/\/newsinfoco.com.br\/inicio#listItem","position":1,"name":"In\u00edcio","item":"https:\/\/newsinfoco.com.br\/inicio","nextItem":{"@type":"ListItem","@id":"https:\/\/newsinfoco.com.br\/inicio\/category\/brasil\/#listItem","name":"Brasil"}},{"@type":"ListItem","@id":"https:\/\/newsinfoco.com.br\/inicio\/category\/brasil\/#listItem","position":2,"name":"Brasil","item":"https:\/\/newsinfoco.com.br\/inicio\/category\/brasil\/","nextItem":{"@type":"ListItem","@id":"https:\/\/newsinfoco.com.br\/inicio\/atividade-economica-do-brasil-cai-05-em-julho-diz-bc\/#listItem","name":"Atividade econ\u00f4mica do Brasil cai 0,5% em julho, diz BC"},"previousItem":{"@type":"ListItem","@id":"https:\/\/newsinfoco.com.br\/inicio#listItem","name":"In\u00edcio"}},{"@type":"ListItem","@id":"https:\/\/newsinfoco.com.br\/inicio\/atividade-economica-do-brasil-cai-05-em-julho-diz-bc\/#listItem","position":3,"name":"Atividade econ\u00f4mica do Brasil cai 0,5% em julho, diz BC","previousItem":{"@type":"ListItem","@id":"https:\/\/newsinfoco.com.br\/inicio\/category\/brasil\/#listItem","name":"Brasil"}}]},{"@type":"Organization","@id":"https:\/\/newsinfoco.com.br\/inicio\/#organization","name":"News In Foco - Editado por Caio Pimenta","description":"O principal site de noticias de Alagoinhas e regi\u00e3o","url":"https:\/\/newsinfoco.com.br\/inicio\/"},{"@type":"Person","@id":"https:\/\/newsinfoco.com.br\/inicio\/author\/administrador\/#author","url":"https:\/\/newsinfoco.com.br\/inicio\/author\/administrador\/","name":"administrador","image":{"@type":"ImageObject","@id":"https:\/\/newsinfoco.com.br\/inicio\/atividade-economica-do-brasil-cai-05-em-julho-diz-bc\/#authorImage","url":"https:\/\/secure.gravatar.com\/avatar\/c17a617433de8c1dc9584bb79aab7563b46f5bb7e1728c9b17d9cc3ce6a08e49?s=96&d=mm&r=g","width":96,"height":96,"caption":"administrador"}},{"@type":"WebPage","@id":"https:\/\/newsinfoco.com.br\/inicio\/atividade-economica-do-brasil-cai-05-em-julho-diz-bc\/#webpage","url":"https:\/\/newsinfoco.com.br\/inicio\/atividade-economica-do-brasil-cai-05-em-julho-diz-bc\/","name":"Atividade econ\u00f4mica do Brasil cai 0,5% em julho, diz BC - News In Foco - Editado por Caio Pimenta","description":"O \u00cdndice de Atividade Econ\u00f4mica (IBC-Br) recuou 0,5% em julho, na compara\u00e7\u00e3o com junho. De acordo com o Banco Central, \u00e9 a terceira retra\u00e7\u00e3o consecutiva do indicador, calculado j\u00e1 com o ajuste sazonal. Segundo mat\u00e9ria da Ag\u00eancia Brasil, de acordo com a autoridade monet\u00e1ria, o setor que apresentou maior recuo foi o industrial (1,1%). J\u00e1","inLanguage":"pt-BR","isPartOf":{"@id":"https:\/\/newsinfoco.com.br\/inicio\/#website"},"breadcrumb":{"@id":"https:\/\/newsinfoco.com.br\/inicio\/atividade-economica-do-brasil-cai-05-em-julho-diz-bc\/#breadcrumblist"},"author":{"@id":"https:\/\/newsinfoco.com.br\/inicio\/author\/administrador\/#author"},"creator":{"@id":"https:\/\/newsinfoco.com.br\/inicio\/author\/administrador\/#author"},"image":{"@type":"ImageObject","url":"https:\/\/newsinfoco.com.br\/inicio\/wp-content\/uploads\/2025\/09\/real_moedadinheiro_jfcrz_abr_1701220044_1-1.jpg","@id":"https:\/\/newsinfoco.com.br\/inicio\/atividade-economica-do-brasil-cai-05-em-julho-diz-bc\/#mainImage","width":600,"height":420,"caption":"Dinheiro, Real Moeda brasileira"},"primaryImageOfPage":{"@id":"https:\/\/newsinfoco.com.br\/inicio\/atividade-economica-do-brasil-cai-05-em-julho-diz-bc\/#mainImage"},"datePublished":"2025-09-15T15:12:53-03:00","dateModified":"2025-09-15T15:12:53-03:00"},{"@type":"WebSite","@id":"https:\/\/newsinfoco.com.br\/inicio\/#website","url":"https:\/\/newsinfoco.com.br\/inicio\/","name":"News In Foco - Editado por Caio Pimenta","description":"O principal site de noticias de Alagoinhas e regi\u00e3o","inLanguage":"pt-BR","publisher":{"@id":"https:\/\/newsinfoco.com.br\/inicio\/#organization"}}]},"og:locale":"pt_BR","og:site_name":"News In Foco - Editado por Caio Pimenta - O principal site de noticias de Alagoinhas e regi\u00e3o","og:type":"article","og:title":"Atividade econ\u00f4mica do Brasil cai 0,5% em julho, diz BC - News In Foco - Editado por Caio Pimenta","og:description":"O \u00cdndice de Atividade Econ\u00f4mica (IBC-Br) recuou 0,5% em julho, na compara\u00e7\u00e3o com junho. De acordo com o Banco Central, \u00e9 a terceira retra\u00e7\u00e3o consecutiva do indicador, calculado j\u00e1 com o ajuste sazonal. Segundo mat\u00e9ria da Ag\u00eancia Brasil, de acordo com a autoridade monet\u00e1ria, o setor que apresentou maior recuo foi o industrial (1,1%). J\u00e1","og:url":"https:\/\/newsinfoco.com.br\/inicio\/atividade-economica-do-brasil-cai-05-em-julho-diz-bc\/","article:published_time":"2025-09-15T18:12:53+00:00","article:modified_time":"2025-09-15T18:12:53+00:00","twitter:card":"summary_large_image","twitter:title":"Atividade econ\u00f4mica do Brasil cai 0,5% em julho, diz BC - News In Foco - Editado por Caio Pimenta","twitter:description":"O \u00cdndice de Atividade Econ\u00f4mica (IBC-Br) recuou 0,5% em julho, na compara\u00e7\u00e3o com junho. De acordo com o Banco Central, \u00e9 a terceira retra\u00e7\u00e3o consecutiva do indicador, calculado j\u00e1 com o ajuste sazonal. Segundo mat\u00e9ria da Ag\u00eancia Brasil, de acordo com a autoridade monet\u00e1ria, o setor que apresentou maior recuo foi o industrial (1,1%). J\u00e1"},"aioseo_meta_data":{"post_id":"45394","title":null,"description":null,"keywords":null,"keyphrases":{"focus":{"keyphrase":"","score":0,"analysis":{"keyphraseInTitle":{"score":0,"maxScore":9,"error":1}}},"additional":[]},"primary_term":null,"canonical_url":null,"og_title":null,"og_description":null,"og_object_type":"default","og_image_type":"default","og_image_url":null,"og_image_width":null,"og_image_height":null,"og_image_custom_url":null,"og_image_custom_fields":null,"og_video":"","og_custom_url":null,"og_article_section":null,"og_article_tags":null,"twitter_use_og":false,"twitter_card":"default","twitter_image_type":"default","twitter_image_url":null,"twitter_image_custom_url":null,"twitter_image_custom_fields":null,"twitter_title":null,"twitter_description":null,"schema":{"blockGraphs":[],"customGraphs":[],"default":{"data":{"Article":[],"Course":[],"Dataset":[],"FAQPage":[],"Movie":[],"Person":[],"Product":[],"ProductReview":[],"Car":[],"Recipe":[],"Service":[],"SoftwareApplication":[],"WebPage":[]},"graphName":"BlogPosting","isEnabled":true},"graphs":[]},"schema_type":"default","schema_type_options":null,"pillar_content":false,"robots_default":true,"robots_noindex":false,"robots_noarchive":false,"robots_nosnippet":false,"robots_nofollow":false,"robots_noimageindex":false,"robots_noodp":false,"robots_notranslate":false,"robots_max_snippet":"-1","robots_max_videopreview":"-1","robots_max_imagepreview":"large","priority":null,"frequency":"default","local_seo":null,"breadcrumb_settings":null,"limit_modified_date":false,"ai":{"faqs":[],"keyPoints":[],"titles":[],"descriptions":[],"socialPosts":{"email":[],"linkedin":[],"twitter":[],"facebook":[],"instagram":[]}},"created":"2025-09-15 18:12:53","updated":"2025-09-15 18:23:27","seo_analyzer_scan_date":null},"aioseo_breadcrumb":"<div class=\"aioseo-breadcrumbs\"><span class=\"aioseo-breadcrumb\">\n\t\t\t<a href=\"https:\/\/newsinfoco.com.br\/inicio\" title=\"In\u00edcio\">In\u00edcio<\/a>\n\t\t<\/span><span class=\"aioseo-breadcrumb-separator\">&raquo;<\/span><span class=\"aioseo-breadcrumb\">\n\t\t\t<a href=\"https:\/\/newsinfoco.com.br\/inicio\/category\/brasil\/\" title=\"Brasil\">Brasil<\/a>\n\t\t<\/span><span class=\"aioseo-breadcrumb-separator\">&raquo;<\/span><span class=\"aioseo-breadcrumb\">\n\t\t\tAtividade econ\u00f4mica do Brasil cai 0,5% em julho, diz BC\n\t\t<\/span><\/div>","aioseo_breadcrumb_json":[{"label":"In\u00edcio","link":"https:\/\/newsinfoco.com.br\/inicio"},{"label":"Brasil","link":"https:\/\/newsinfoco.com.br\/inicio\/category\/brasil\/"},{"label":"Atividade econ\u00f4mica do Brasil cai 0,5% em julho, diz BC","link":"https:\/\/newsinfoco.com.br\/inicio\/atividade-economica-do-brasil-cai-05-em-julho-diz-bc\/"}],"_links":{"self":[{"href":"https:\/\/newsinfoco.com.br\/inicio\/wp-json\/wp\/v2\/posts\/45394","targetHints":{"allow":["GET"]}}],"collection":[{"href":"https:\/\/newsinfoco.com.br\/inicio\/wp-json\/wp\/v2\/posts"}],"about":[{"href":"https:\/\/newsinfoco.com.br\/inicio\/wp-json\/wp\/v2\/types\/post"}],"author":[{"embeddable":true,"href":"https:\/\/newsinfoco.com.br\/inicio\/wp-json\/wp\/v2\/users\/1"}],"replies":[{"embeddable":true,"href":"https:\/\/newsinfoco.com.br\/inicio\/wp-json\/wp\/v2\/comments?post=45394"}],"version-history":[{"count":1,"href":"https:\/\/newsinfoco.com.br\/inicio\/wp-json\/wp\/v2\/posts\/45394\/revisions"}],"predecessor-version":[{"id":45396,"href":"https:\/\/newsinfoco.com.br\/inicio\/wp-json\/wp\/v2\/posts\/45394\/revisions\/45396"}],"wp:featuredmedia":[{"embeddable":true,"href":"https:\/\/newsinfoco.com.br\/inicio\/wp-json\/wp\/v2\/media\/45395"}],"wp:attachment":[{"href":"https:\/\/newsinfoco.com.br\/inicio\/wp-json\/wp\/v2\/media?parent=45394"}],"wp:term":[{"taxonomy":"category","embeddable":true,"href":"https:\/\/newsinfoco.com.br\/inicio\/wp-json\/wp\/v2\/categories?post=45394"},{"taxonomy":"post_tag","embeddable":true,"href":"https:\/\/newsinfoco.com.br\/inicio\/wp-json\/wp\/v2\/tags?post=45394"}],"curies":[{"name":"wp","href":"https:\/\/api.w.org\/{rel}","templated":true}]}}