{"id":45424,"date":"2025-09-15T16:49:32","date_gmt":"2025-09-15T19:49:32","guid":{"rendered":"https:\/\/newsinfoco.com.br\/inicio\/?p=45424"},"modified":"2025-09-15T16:49:32","modified_gmt":"2025-09-15T19:49:32","slug":"condenacao-de-general-augusto-heleno-abala-exercito-um-choque","status":"publish","type":"post","link":"https:\/\/newsinfoco.com.br\/inicio\/condenacao-de-general-augusto-heleno-abala-exercito-um-choque\/","title":{"rendered":"Condena\u00e7\u00e3o de general Augusto Heleno abala Ex\u00e9rcito: \u2018Um choque\u2019"},"content":{"rendered":"<p>A pena que ser\u00e1 cumprida pelo general Augusto Heleno por tentativa de golpe de Estado surpreendeu integrantes do Ex\u00e9rcito, que acreditavam em uma poss\u00edvel absolvi\u00e7\u00e3o do militar ou de uma pena menor. Na \u00faltima quinta-feira, 11, o Supremo Tribunal Federal (STF) fixou 21 anos de pris\u00e3o ao ex-ministro do antigo governo.<\/p>\n<p>A condena\u00e7\u00e3o do militar deixou generais \u201cchocados\u201d, de acordo com informa\u00e7\u00f5es da coluna Andreza Metais, do portal Metr\u00f3poles, em entrevista com a jornalista M\u00f4nica Gugliano, especialista na \u00e1rea militar.<\/p>\n<p>\u201cFoi um choque no Ex\u00e9rcito porque Heleno era um l\u00edder para a institui\u00e7\u00e3o. Foi comandante militar no Haiti e tinha a honraria de ter sido o primeiro colocado nas tr\u00eas escolas militares \u2013 o que n\u00e3o \u00e9 algo muito comum\u201d, disse.<\/p>\n<div>\n<div class=\"trv-player-container\">\n<div class=\"trv-wrapper\">\n<div id=\"br_video_player_8fba0f4723d8a9c63756f5a64e20499dc3c659f9\" class=\"trvd_video_player trvdinstream\">\n<div class=\"media-player\"><\/div>\n<div>\n<div class=\"trv-player-container\">\n<div class=\"trv-wrapper\">\n<div id=\"br_video_player_8fba0f4723d8a9c63756f5a64e20499dc3c659f9\" class=\"trvd_video_player trvdinstream\">\n<div class=\"trv-player-container\">\n<div class=\"trv-wrapper\">\n<div id=\"br_video_player_8fba0f4723d8a9c63756f5a64e20499dc3c659f9\" class=\"trvd_video_player trvdinstream\">\n<div class=\"conteudo_post\">\n<p>Heleno chefiou o Centro de Comunica\u00e7\u00e3o Social do Ex\u00e9rcito e foi comandante militar da Amaz\u00f4nia, um posto nobre, de 2007 a 2009. Foi nessa \u00e9poca, destacou a jornalista, que o general se desentendeu com o ent\u00e3o governo Lula por criticar a pol\u00edtica indigenista.<\/p>\n<p>Os militares condenados pelo Supremo ser\u00e3o submetidos a julgamento no Superior Tribunal Militar (STM), que poder\u00e1 declar\u00e1-los indignos para o exerc\u00edcio da fun\u00e7\u00e3o. A partir disso, os comandantes poder\u00e3o decretar a perda das patentes, o que, para os militares, \u00e9 mais desonroso do que a pr\u00f3pria condena\u00e7\u00e3o pelo STF.<\/p>\n<\/div>\n<div id=\"div-share\">\n<div class=\"conteudo_post\"><\/div>\n<div id=\"div-share\">\n<div id=\"div-share\">\n<div id=\"div-share\">\n<div id=\"div-share\">\n<div id=\"div-share\">\n<div id=\"div-share\">\n<div id=\"div-share\">\n<div id=\"div-share\">\n<div id=\"div-share\">\n<div id=\"div-share\">\n<div id=\"div-share\">\n<div id=\"div-share\">\n<div id=\"div-share\">\n<div id=\"div-share\">\n<div id=\"div-share\">\n<div id=\"div-share\">\n<div id=\"div-share\">\n<div id=\"div-share\">Bahia.Ba<\/div>\n<\/div>\n<\/div>\n<\/div>\n<\/div>\n<\/div>\n<\/div>\n<\/div>\n<\/div>\n<\/div>\n<\/div>\n<\/div>\n<\/div>\n<\/div>\n<\/div>\n<\/div>\n<\/div>\n<\/div>\n<\/div>\n<\/div>\n<\/div>\n<\/div>\n<\/div>\n<\/div>\n<\/div>\n<\/div>\n<\/div>\n<\/div>\n<\/div>\n<\/div>\n<div class='share-to-whatsapp-wrapper'><div class='share-on-whsp'>Share on: <\/div><a data-text='Condena\u00e7\u00e3o de general Augusto Heleno abala Ex\u00e9rcito: \u2018Um choque\u2019' data-link='https:\/\/newsinfoco.com.br\/inicio\/condenacao-de-general-augusto-heleno-abala-exercito-um-choque\/' class='whatsapp-button whatsapp-share'>WhatsApp<\/a><div class='clear '><\/div><\/div>","protected":false},"excerpt":{"rendered":"<p>A pena que ser\u00e1 cumprida pelo general Augusto Heleno por tentativa de golpe de Estado surpreendeu integrantes do Ex\u00e9rcito, que acreditavam em uma poss\u00edvel absolvi\u00e7\u00e3o do militar ou de uma pena menor. Na \u00faltima quinta-feira, 11, o Supremo Tribunal Federal (STF) fixou 21 anos de pris\u00e3o ao ex-ministro do antigo governo. A condena\u00e7\u00e3o do militar [&hellip;]<\/p>\n","protected":false},"author":1,"featured_media":45425,"comment_status":"closed","ping_status":"closed","sticky":false,"template":"","format":"standard","meta":{"om_disable_all_campaigns":false,"rop_custom_images_group":[],"rop_custom_messages_group":[],"rop_publish_now":"initial","rop_publish_now_accounts":[],"rop_publish_now_history":[],"rop_publish_now_status":"pending","_exactmetrics_skip_tracking":false,"footnotes":""},"categories":[21],"tags":[],"class_list":["post-45424","post","type-post","status-publish","format-standard","has-post-thumbnail","hentry","category-brasil"],"aioseo_notices":[],"aioseo_head":"\n\t\t<!-- All in One SEO 4.9.10 - aioseo.com -->\n\t<meta name=\"description\" content=\"A pena que ser\u00e1 cumprida pelo general Augusto Heleno por tentativa de golpe de Estado surpreendeu integrantes do Ex\u00e9rcito, que acreditavam em uma poss\u00edvel absolvi\u00e7\u00e3o do militar ou de uma pena menor. Na \u00faltima quinta-feira, 11, o Supremo Tribunal Federal (STF) fixou 21 anos de pris\u00e3o ao ex-ministro do antigo governo. A condena\u00e7\u00e3o do militar\" \/>\n\t<meta name=\"robots\" content=\"max-image-preview:large\" \/>\n\t<meta name=\"author\" content=\"administrador\"\/>\n\t<link rel=\"canonical\" href=\"https:\/\/newsinfoco.com.br\/inicio\/condenacao-de-general-augusto-heleno-abala-exercito-um-choque\/\" \/>\n\t<meta name=\"generator\" content=\"All in One SEO (AIOSEO) 4.9.10\" \/>\n\t\t<meta property=\"og:locale\" content=\"pt_BR\" \/>\n\t\t<meta property=\"og:site_name\" content=\"News In Foco - Editado por Caio Pimenta - O principal site de noticias de Alagoinhas e regi\u00e3o\" \/>\n\t\t<meta property=\"og:type\" content=\"article\" \/>\n\t\t<meta property=\"og:title\" content=\"Condena\u00e7\u00e3o de general Augusto Heleno abala Ex\u00e9rcito: \u2018Um choque\u2019 - News In Foco - Editado por Caio Pimenta\" \/>\n\t\t<meta property=\"og:description\" content=\"A pena que ser\u00e1 cumprida pelo general Augusto Heleno por tentativa de golpe de Estado surpreendeu integrantes do Ex\u00e9rcito, que acreditavam em uma poss\u00edvel absolvi\u00e7\u00e3o do militar ou de uma pena menor. Na \u00faltima quinta-feira, 11, o Supremo Tribunal Federal (STF) fixou 21 anos de pris\u00e3o ao ex-ministro do antigo governo. A condena\u00e7\u00e3o do militar\" \/>\n\t\t<meta property=\"og:url\" content=\"https:\/\/newsinfoco.com.br\/inicio\/condenacao-de-general-augusto-heleno-abala-exercito-um-choque\/\" \/>\n\t\t<meta property=\"article:published_time\" content=\"2025-09-15T19:49:32+00:00\" \/>\n\t\t<meta property=\"article:modified_time\" content=\"2025-09-15T19:49:32+00:00\" \/>\n\t\t<meta name=\"twitter:card\" content=\"summary_large_image\" \/>\n\t\t<meta name=\"twitter:title\" content=\"Condena\u00e7\u00e3o de general Augusto Heleno abala Ex\u00e9rcito: \u2018Um choque\u2019 - News In Foco - Editado por Caio Pimenta\" \/>\n\t\t<meta name=\"twitter:description\" content=\"A pena que ser\u00e1 cumprida pelo general Augusto Heleno por tentativa de golpe de Estado surpreendeu integrantes do Ex\u00e9rcito, que acreditavam em uma poss\u00edvel absolvi\u00e7\u00e3o do militar ou de uma pena menor. Na \u00faltima quinta-feira, 11, o Supremo Tribunal Federal (STF) fixou 21 anos de pris\u00e3o ao ex-ministro do antigo governo. A condena\u00e7\u00e3o do militar\" \/>\n\t\t<script type=\"application\/ld+json\" class=\"aioseo-schema\">\n\t\t\t{\"@context\":\"https:\\\/\\\/schema.org\",\"@graph\":[{\"@type\":\"BlogPosting\",\"@id\":\"https:\\\/\\\/newsinfoco.com.br\\\/inicio\\\/condenacao-de-general-augusto-heleno-abala-exercito-um-choque\\\/#blogposting\",\"name\":\"Condena\\u00e7\\u00e3o de general Augusto Heleno abala Ex\\u00e9rcito: \\u2018Um choque\\u2019 - News In Foco - Editado por Caio Pimenta\",\"headline\":\"Condena\\u00e7\\u00e3o de general Augusto Heleno abala Ex\\u00e9rcito: \\u2018Um choque\\u2019\",\"author\":{\"@id\":\"https:\\\/\\\/newsinfoco.com.br\\\/inicio\\\/author\\\/administrador\\\/#author\"},\"publisher\":{\"@id\":\"https:\\\/\\\/newsinfoco.com.br\\\/inicio\\\/#organization\"},\"image\":{\"@type\":\"ImageObject\",\"url\":\"https:\\\/\\\/newsinfoco.com.br\\\/inicio\\\/wp-content\\\/uploads\\\/2025\\\/09\\\/general-augusto-heleno.jpg\",\"width\":600,\"height\":420,\"caption\":\"General, Algusto Heleno durante depoimento a CPMI do golpe.\"},\"datePublished\":\"2025-09-15T16:49:32-03:00\",\"dateModified\":\"2025-09-15T16:49:32-03:00\",\"inLanguage\":\"pt-BR\",\"mainEntityOfPage\":{\"@id\":\"https:\\\/\\\/newsinfoco.com.br\\\/inicio\\\/condenacao-de-general-augusto-heleno-abala-exercito-um-choque\\\/#webpage\"},\"isPartOf\":{\"@id\":\"https:\\\/\\\/newsinfoco.com.br\\\/inicio\\\/condenacao-de-general-augusto-heleno-abala-exercito-um-choque\\\/#webpage\"},\"articleSection\":\"Brasil\"},{\"@type\":\"BreadcrumbList\",\"@id\":\"https:\\\/\\\/newsinfoco.com.br\\\/inicio\\\/condenacao-de-general-augusto-heleno-abala-exercito-um-choque\\\/#breadcrumblist\",\"itemListElement\":[{\"@type\":\"ListItem\",\"@id\":\"https:\\\/\\\/newsinfoco.com.br\\\/inicio#listItem\",\"position\":1,\"name\":\"In\\u00edcio\",\"item\":\"https:\\\/\\\/newsinfoco.com.br\\\/inicio\",\"nextItem\":{\"@type\":\"ListItem\",\"@id\":\"https:\\\/\\\/newsinfoco.com.br\\\/inicio\\\/category\\\/brasil\\\/#listItem\",\"name\":\"Brasil\"}},{\"@type\":\"ListItem\",\"@id\":\"https:\\\/\\\/newsinfoco.com.br\\\/inicio\\\/category\\\/brasil\\\/#listItem\",\"position\":2,\"name\":\"Brasil\",\"item\":\"https:\\\/\\\/newsinfoco.com.br\\\/inicio\\\/category\\\/brasil\\\/\",\"nextItem\":{\"@type\":\"ListItem\",\"@id\":\"https:\\\/\\\/newsinfoco.com.br\\\/inicio\\\/condenacao-de-general-augusto-heleno-abala-exercito-um-choque\\\/#listItem\",\"name\":\"Condena\\u00e7\\u00e3o de general Augusto Heleno abala Ex\\u00e9rcito: \\u2018Um choque\\u2019\"},\"previousItem\":{\"@type\":\"ListItem\",\"@id\":\"https:\\\/\\\/newsinfoco.com.br\\\/inicio#listItem\",\"name\":\"In\\u00edcio\"}},{\"@type\":\"ListItem\",\"@id\":\"https:\\\/\\\/newsinfoco.com.br\\\/inicio\\\/condenacao-de-general-augusto-heleno-abala-exercito-um-choque\\\/#listItem\",\"position\":3,\"name\":\"Condena\\u00e7\\u00e3o de general Augusto Heleno abala Ex\\u00e9rcito: \\u2018Um choque\\u2019\",\"previousItem\":{\"@type\":\"ListItem\",\"@id\":\"https:\\\/\\\/newsinfoco.com.br\\\/inicio\\\/category\\\/brasil\\\/#listItem\",\"name\":\"Brasil\"}}]},{\"@type\":\"Organization\",\"@id\":\"https:\\\/\\\/newsinfoco.com.br\\\/inicio\\\/#organization\",\"name\":\"News In Foco - Editado por Caio Pimenta\",\"description\":\"O principal site de noticias de Alagoinhas e regi\\u00e3o\",\"url\":\"https:\\\/\\\/newsinfoco.com.br\\\/inicio\\\/\"},{\"@type\":\"Person\",\"@id\":\"https:\\\/\\\/newsinfoco.com.br\\\/inicio\\\/author\\\/administrador\\\/#author\",\"url\":\"https:\\\/\\\/newsinfoco.com.br\\\/inicio\\\/author\\\/administrador\\\/\",\"name\":\"administrador\",\"image\":{\"@type\":\"ImageObject\",\"@id\":\"https:\\\/\\\/newsinfoco.com.br\\\/inicio\\\/condenacao-de-general-augusto-heleno-abala-exercito-um-choque\\\/#authorImage\",\"url\":\"https:\\\/\\\/secure.gravatar.com\\\/avatar\\\/c17a617433de8c1dc9584bb79aab7563b46f5bb7e1728c9b17d9cc3ce6a08e49?s=96&d=mm&r=g\",\"width\":96,\"height\":96,\"caption\":\"administrador\"}},{\"@type\":\"WebPage\",\"@id\":\"https:\\\/\\\/newsinfoco.com.br\\\/inicio\\\/condenacao-de-general-augusto-heleno-abala-exercito-um-choque\\\/#webpage\",\"url\":\"https:\\\/\\\/newsinfoco.com.br\\\/inicio\\\/condenacao-de-general-augusto-heleno-abala-exercito-um-choque\\\/\",\"name\":\"Condena\\u00e7\\u00e3o de general Augusto Heleno abala Ex\\u00e9rcito: \\u2018Um choque\\u2019 - News In Foco - Editado por Caio Pimenta\",\"description\":\"A pena que ser\\u00e1 cumprida pelo general Augusto Heleno por tentativa de golpe de Estado surpreendeu integrantes do Ex\\u00e9rcito, que acreditavam em uma poss\\u00edvel absolvi\\u00e7\\u00e3o do militar ou de uma pena menor. Na \\u00faltima quinta-feira, 11, o Supremo Tribunal Federal (STF) fixou 21 anos de pris\\u00e3o ao ex-ministro do antigo governo. A condena\\u00e7\\u00e3o do militar\",\"inLanguage\":\"pt-BR\",\"isPartOf\":{\"@id\":\"https:\\\/\\\/newsinfoco.com.br\\\/inicio\\\/#website\"},\"breadcrumb\":{\"@id\":\"https:\\\/\\\/newsinfoco.com.br\\\/inicio\\\/condenacao-de-general-augusto-heleno-abala-exercito-um-choque\\\/#breadcrumblist\"},\"author\":{\"@id\":\"https:\\\/\\\/newsinfoco.com.br\\\/inicio\\\/author\\\/administrador\\\/#author\"},\"creator\":{\"@id\":\"https:\\\/\\\/newsinfoco.com.br\\\/inicio\\\/author\\\/administrador\\\/#author\"},\"image\":{\"@type\":\"ImageObject\",\"url\":\"https:\\\/\\\/newsinfoco.com.br\\\/inicio\\\/wp-content\\\/uploads\\\/2025\\\/09\\\/general-augusto-heleno.jpg\",\"@id\":\"https:\\\/\\\/newsinfoco.com.br\\\/inicio\\\/condenacao-de-general-augusto-heleno-abala-exercito-um-choque\\\/#mainImage\",\"width\":600,\"height\":420,\"caption\":\"General, Algusto Heleno durante depoimento a CPMI do golpe.\"},\"primaryImageOfPage\":{\"@id\":\"https:\\\/\\\/newsinfoco.com.br\\\/inicio\\\/condenacao-de-general-augusto-heleno-abala-exercito-um-choque\\\/#mainImage\"},\"datePublished\":\"2025-09-15T16:49:32-03:00\",\"dateModified\":\"2025-09-15T16:49:32-03:00\"},{\"@type\":\"WebSite\",\"@id\":\"https:\\\/\\\/newsinfoco.com.br\\\/inicio\\\/#website\",\"url\":\"https:\\\/\\\/newsinfoco.com.br\\\/inicio\\\/\",\"name\":\"News In Foco - Editado por Caio Pimenta\",\"description\":\"O principal site de noticias de Alagoinhas e regi\\u00e3o\",\"inLanguage\":\"pt-BR\",\"publisher\":{\"@id\":\"https:\\\/\\\/newsinfoco.com.br\\\/inicio\\\/#organization\"}}]}\n\t\t<\/script>\n\t\t<!-- All in One SEO -->\n\n","aioseo_head_json":{"title":"Condena\u00e7\u00e3o de general Augusto Heleno abala Ex\u00e9rcito: \u2018Um choque\u2019 - News In Foco - Editado por Caio Pimenta","description":"A pena que ser\u00e1 cumprida pelo general Augusto Heleno por tentativa de golpe de Estado surpreendeu integrantes do Ex\u00e9rcito, que acreditavam em uma poss\u00edvel absolvi\u00e7\u00e3o do militar ou de uma pena menor. Na \u00faltima quinta-feira, 11, o Supremo Tribunal Federal (STF) fixou 21 anos de pris\u00e3o ao ex-ministro do antigo governo. A condena\u00e7\u00e3o do militar","canonical_url":"https:\/\/newsinfoco.com.br\/inicio\/condenacao-de-general-augusto-heleno-abala-exercito-um-choque\/","robots":"max-image-preview:large","keywords":"","webmasterTools":{"miscellaneous":""},"schema":{"@context":"https:\/\/schema.org","@graph":[{"@type":"BlogPosting","@id":"https:\/\/newsinfoco.com.br\/inicio\/condenacao-de-general-augusto-heleno-abala-exercito-um-choque\/#blogposting","name":"Condena\u00e7\u00e3o de general Augusto Heleno abala Ex\u00e9rcito: \u2018Um choque\u2019 - News In Foco - Editado por Caio Pimenta","headline":"Condena\u00e7\u00e3o de general Augusto Heleno abala Ex\u00e9rcito: \u2018Um choque\u2019","author":{"@id":"https:\/\/newsinfoco.com.br\/inicio\/author\/administrador\/#author"},"publisher":{"@id":"https:\/\/newsinfoco.com.br\/inicio\/#organization"},"image":{"@type":"ImageObject","url":"https:\/\/newsinfoco.com.br\/inicio\/wp-content\/uploads\/2025\/09\/general-augusto-heleno.jpg","width":600,"height":420,"caption":"General, Algusto Heleno durante depoimento a CPMI do golpe."},"datePublished":"2025-09-15T16:49:32-03:00","dateModified":"2025-09-15T16:49:32-03:00","inLanguage":"pt-BR","mainEntityOfPage":{"@id":"https:\/\/newsinfoco.com.br\/inicio\/condenacao-de-general-augusto-heleno-abala-exercito-um-choque\/#webpage"},"isPartOf":{"@id":"https:\/\/newsinfoco.com.br\/inicio\/condenacao-de-general-augusto-heleno-abala-exercito-um-choque\/#webpage"},"articleSection":"Brasil"},{"@type":"BreadcrumbList","@id":"https:\/\/newsinfoco.com.br\/inicio\/condenacao-de-general-augusto-heleno-abala-exercito-um-choque\/#breadcrumblist","itemListElement":[{"@type":"ListItem","@id":"https:\/\/newsinfoco.com.br\/inicio#listItem","position":1,"name":"In\u00edcio","item":"https:\/\/newsinfoco.com.br\/inicio","nextItem":{"@type":"ListItem","@id":"https:\/\/newsinfoco.com.br\/inicio\/category\/brasil\/#listItem","name":"Brasil"}},{"@type":"ListItem","@id":"https:\/\/newsinfoco.com.br\/inicio\/category\/brasil\/#listItem","position":2,"name":"Brasil","item":"https:\/\/newsinfoco.com.br\/inicio\/category\/brasil\/","nextItem":{"@type":"ListItem","@id":"https:\/\/newsinfoco.com.br\/inicio\/condenacao-de-general-augusto-heleno-abala-exercito-um-choque\/#listItem","name":"Condena\u00e7\u00e3o de general Augusto Heleno abala Ex\u00e9rcito: \u2018Um choque\u2019"},"previousItem":{"@type":"ListItem","@id":"https:\/\/newsinfoco.com.br\/inicio#listItem","name":"In\u00edcio"}},{"@type":"ListItem","@id":"https:\/\/newsinfoco.com.br\/inicio\/condenacao-de-general-augusto-heleno-abala-exercito-um-choque\/#listItem","position":3,"name":"Condena\u00e7\u00e3o de general Augusto Heleno abala Ex\u00e9rcito: \u2018Um choque\u2019","previousItem":{"@type":"ListItem","@id":"https:\/\/newsinfoco.com.br\/inicio\/category\/brasil\/#listItem","name":"Brasil"}}]},{"@type":"Organization","@id":"https:\/\/newsinfoco.com.br\/inicio\/#organization","name":"News In Foco - Editado por Caio Pimenta","description":"O principal site de noticias de Alagoinhas e regi\u00e3o","url":"https:\/\/newsinfoco.com.br\/inicio\/"},{"@type":"Person","@id":"https:\/\/newsinfoco.com.br\/inicio\/author\/administrador\/#author","url":"https:\/\/newsinfoco.com.br\/inicio\/author\/administrador\/","name":"administrador","image":{"@type":"ImageObject","@id":"https:\/\/newsinfoco.com.br\/inicio\/condenacao-de-general-augusto-heleno-abala-exercito-um-choque\/#authorImage","url":"https:\/\/secure.gravatar.com\/avatar\/c17a617433de8c1dc9584bb79aab7563b46f5bb7e1728c9b17d9cc3ce6a08e49?s=96&d=mm&r=g","width":96,"height":96,"caption":"administrador"}},{"@type":"WebPage","@id":"https:\/\/newsinfoco.com.br\/inicio\/condenacao-de-general-augusto-heleno-abala-exercito-um-choque\/#webpage","url":"https:\/\/newsinfoco.com.br\/inicio\/condenacao-de-general-augusto-heleno-abala-exercito-um-choque\/","name":"Condena\u00e7\u00e3o de general Augusto Heleno abala Ex\u00e9rcito: \u2018Um choque\u2019 - News In Foco - Editado por Caio Pimenta","description":"A pena que ser\u00e1 cumprida pelo general Augusto Heleno por tentativa de golpe de Estado surpreendeu integrantes do Ex\u00e9rcito, que acreditavam em uma poss\u00edvel absolvi\u00e7\u00e3o do militar ou de uma pena menor. Na \u00faltima quinta-feira, 11, o Supremo Tribunal Federal (STF) fixou 21 anos de pris\u00e3o ao ex-ministro do antigo governo. A condena\u00e7\u00e3o do militar","inLanguage":"pt-BR","isPartOf":{"@id":"https:\/\/newsinfoco.com.br\/inicio\/#website"},"breadcrumb":{"@id":"https:\/\/newsinfoco.com.br\/inicio\/condenacao-de-general-augusto-heleno-abala-exercito-um-choque\/#breadcrumblist"},"author":{"@id":"https:\/\/newsinfoco.com.br\/inicio\/author\/administrador\/#author"},"creator":{"@id":"https:\/\/newsinfoco.com.br\/inicio\/author\/administrador\/#author"},"image":{"@type":"ImageObject","url":"https:\/\/newsinfoco.com.br\/inicio\/wp-content\/uploads\/2025\/09\/general-augusto-heleno.jpg","@id":"https:\/\/newsinfoco.com.br\/inicio\/condenacao-de-general-augusto-heleno-abala-exercito-um-choque\/#mainImage","width":600,"height":420,"caption":"General, Algusto Heleno durante depoimento a CPMI do golpe."},"primaryImageOfPage":{"@id":"https:\/\/newsinfoco.com.br\/inicio\/condenacao-de-general-augusto-heleno-abala-exercito-um-choque\/#mainImage"},"datePublished":"2025-09-15T16:49:32-03:00","dateModified":"2025-09-15T16:49:32-03:00"},{"@type":"WebSite","@id":"https:\/\/newsinfoco.com.br\/inicio\/#website","url":"https:\/\/newsinfoco.com.br\/inicio\/","name":"News In Foco - Editado por Caio Pimenta","description":"O principal site de noticias de Alagoinhas e regi\u00e3o","inLanguage":"pt-BR","publisher":{"@id":"https:\/\/newsinfoco.com.br\/inicio\/#organization"}}]},"og:locale":"pt_BR","og:site_name":"News In Foco - Editado por Caio Pimenta - O principal site de noticias de Alagoinhas e regi\u00e3o","og:type":"article","og:title":"Condena\u00e7\u00e3o de general Augusto Heleno abala Ex\u00e9rcito: \u2018Um choque\u2019 - News In Foco - Editado por Caio Pimenta","og:description":"A pena que ser\u00e1 cumprida pelo general Augusto Heleno por tentativa de golpe de Estado surpreendeu integrantes do Ex\u00e9rcito, que acreditavam em uma poss\u00edvel absolvi\u00e7\u00e3o do militar ou de uma pena menor. Na \u00faltima quinta-feira, 11, o Supremo Tribunal Federal (STF) fixou 21 anos de pris\u00e3o ao ex-ministro do antigo governo. A condena\u00e7\u00e3o do militar","og:url":"https:\/\/newsinfoco.com.br\/inicio\/condenacao-de-general-augusto-heleno-abala-exercito-um-choque\/","article:published_time":"2025-09-15T19:49:32+00:00","article:modified_time":"2025-09-15T19:49:32+00:00","twitter:card":"summary_large_image","twitter:title":"Condena\u00e7\u00e3o de general Augusto Heleno abala Ex\u00e9rcito: \u2018Um choque\u2019 - News In Foco - Editado por Caio Pimenta","twitter:description":"A pena que ser\u00e1 cumprida pelo general Augusto Heleno por tentativa de golpe de Estado surpreendeu integrantes do Ex\u00e9rcito, que acreditavam em uma poss\u00edvel absolvi\u00e7\u00e3o do militar ou de uma pena menor. Na \u00faltima quinta-feira, 11, o Supremo Tribunal Federal (STF) fixou 21 anos de pris\u00e3o ao ex-ministro do antigo governo. A condena\u00e7\u00e3o do militar"},"aioseo_meta_data":{"post_id":"45424","title":null,"description":null,"keywords":null,"keyphrases":{"focus":{"keyphrase":"","score":0,"analysis":{"keyphraseInTitle":{"score":0,"maxScore":9,"error":1}}},"additional":[]},"primary_term":null,"canonical_url":null,"og_title":null,"og_description":null,"og_object_type":"default","og_image_type":"default","og_image_url":null,"og_image_width":null,"og_image_height":null,"og_image_custom_url":null,"og_image_custom_fields":null,"og_video":"","og_custom_url":null,"og_article_section":null,"og_article_tags":null,"twitter_use_og":false,"twitter_card":"default","twitter_image_type":"default","twitter_image_url":null,"twitter_image_custom_url":null,"twitter_image_custom_fields":null,"twitter_title":null,"twitter_description":null,"schema":{"blockGraphs":[],"customGraphs":[],"default":{"data":{"Article":[],"Course":[],"Dataset":[],"FAQPage":[],"Movie":[],"Person":[],"Product":[],"ProductReview":[],"Car":[],"Recipe":[],"Service":[],"SoftwareApplication":[],"WebPage":[]},"graphName":"BlogPosting","isEnabled":true},"graphs":[]},"schema_type":"default","schema_type_options":null,"pillar_content":false,"robots_default":true,"robots_noindex":false,"robots_noarchive":false,"robots_nosnippet":false,"robots_nofollow":false,"robots_noimageindex":false,"robots_noodp":false,"robots_notranslate":false,"robots_max_snippet":"-1","robots_max_videopreview":"-1","robots_max_imagepreview":"large","priority":null,"frequency":"default","local_seo":null,"breadcrumb_settings":null,"limit_modified_date":false,"ai":{"faqs":[],"keyPoints":[],"titles":[],"descriptions":[],"socialPosts":{"email":[],"linkedin":[],"twitter":[],"facebook":[],"instagram":[]}},"created":"2025-09-15 19:49:32","updated":"2025-09-15 20:03:07","seo_analyzer_scan_date":null},"aioseo_breadcrumb":"<div class=\"aioseo-breadcrumbs\"><span class=\"aioseo-breadcrumb\">\n\t\t\t<a href=\"https:\/\/newsinfoco.com.br\/inicio\" title=\"In\u00edcio\">In\u00edcio<\/a>\n\t\t<\/span><span class=\"aioseo-breadcrumb-separator\">&raquo;<\/span><span class=\"aioseo-breadcrumb\">\n\t\t\t<a href=\"https:\/\/newsinfoco.com.br\/inicio\/category\/brasil\/\" title=\"Brasil\">Brasil<\/a>\n\t\t<\/span><span class=\"aioseo-breadcrumb-separator\">&raquo;<\/span><span class=\"aioseo-breadcrumb\">\n\t\t\tCondena\u00e7\u00e3o de general Augusto Heleno abala Ex\u00e9rcito: \u2018Um choque\u2019\n\t\t<\/span><\/div>","aioseo_breadcrumb_json":[{"label":"In\u00edcio","link":"https:\/\/newsinfoco.com.br\/inicio"},{"label":"Brasil","link":"https:\/\/newsinfoco.com.br\/inicio\/category\/brasil\/"},{"label":"Condena\u00e7\u00e3o de general Augusto Heleno abala Ex\u00e9rcito: \u2018Um choque\u2019","link":"https:\/\/newsinfoco.com.br\/inicio\/condenacao-de-general-augusto-heleno-abala-exercito-um-choque\/"}],"_links":{"self":[{"href":"https:\/\/newsinfoco.com.br\/inicio\/wp-json\/wp\/v2\/posts\/45424","targetHints":{"allow":["GET"]}}],"collection":[{"href":"https:\/\/newsinfoco.com.br\/inicio\/wp-json\/wp\/v2\/posts"}],"about":[{"href":"https:\/\/newsinfoco.com.br\/inicio\/wp-json\/wp\/v2\/types\/post"}],"author":[{"embeddable":true,"href":"https:\/\/newsinfoco.com.br\/inicio\/wp-json\/wp\/v2\/users\/1"}],"replies":[{"embeddable":true,"href":"https:\/\/newsinfoco.com.br\/inicio\/wp-json\/wp\/v2\/comments?post=45424"}],"version-history":[{"count":1,"href":"https:\/\/newsinfoco.com.br\/inicio\/wp-json\/wp\/v2\/posts\/45424\/revisions"}],"predecessor-version":[{"id":45426,"href":"https:\/\/newsinfoco.com.br\/inicio\/wp-json\/wp\/v2\/posts\/45424\/revisions\/45426"}],"wp:featuredmedia":[{"embeddable":true,"href":"https:\/\/newsinfoco.com.br\/inicio\/wp-json\/wp\/v2\/media\/45425"}],"wp:attachment":[{"href":"https:\/\/newsinfoco.com.br\/inicio\/wp-json\/wp\/v2\/media?parent=45424"}],"wp:term":[{"taxonomy":"category","embeddable":true,"href":"https:\/\/newsinfoco.com.br\/inicio\/wp-json\/wp\/v2\/categories?post=45424"},{"taxonomy":"post_tag","embeddable":true,"href":"https:\/\/newsinfoco.com.br\/inicio\/wp-json\/wp\/v2\/tags?post=45424"}],"curies":[{"name":"wp","href":"https:\/\/api.w.org\/{rel}","templated":true}]}}