{"id":45433,"date":"2025-09-16T16:25:20","date_gmt":"2025-09-16T19:25:20","guid":{"rendered":"https:\/\/newsinfoco.com.br\/inicio\/?p=45433"},"modified":"2025-09-16T16:25:20","modified_gmt":"2025-09-16T19:25:20","slug":"prefeitura-de-alagoinhas-doa-terreno-para-construcao-do-novo-predio-da-justica-federal","status":"publish","type":"post","link":"https:\/\/newsinfoco.com.br\/inicio\/prefeitura-de-alagoinhas-doa-terreno-para-construcao-do-novo-predio-da-justica-federal\/","title":{"rendered":"Prefeitura de Alagoinhas doa terreno para constru\u00e7\u00e3o do novo pr\u00e9dio da Justi\u00e7a Federal"},"content":{"rendered":"<p>O munic\u00edpio de Alagoinhas ganhar\u00e1 uma nova instala\u00e7\u00e3o da Justi\u00e7a Federal. O prefeito Gustavo Carmo assinou, na manh\u00e3 desta segunda-feira, 15, o termo de doa\u00e7\u00e3o de um terreno para a constru\u00e7\u00e3o do novo f\u00f3rum. O espa\u00e7o mede 1.500 metros quadrados e na Avenida Ayrton Senna ao lado da Justi\u00e7a do Trabalho. A obra dever\u00e1 ter in\u00edcio em 2027.<\/p>\n<p>\u201c\u00c9 um compromisso nosso com o povo de Alagoinhas manter as instala\u00e7\u00f5es da Justi\u00e7a Federal funcionando. Ent\u00e3o, \u00e9 um marco importante, uma defesa dos interesses do munic\u00edpio. A constru\u00e7\u00e3o desse novo f\u00f3rum simboliza e consolida Alagoinhas como capital da regi\u00e3o do Agreste Baiano e Litoral Norte\u201d, comemorou o prefeito, considerando que a Subse\u00e7\u00e3o Judici\u00e1ria de Alagoinhas atende outros 24 munic\u00edpios da regi\u00e3o.<\/p>\n<p>O evento contou com as presen\u00e7as de representantes da Justi\u00e7a Federal, do presidente da OAB subse\u00e7\u00e3o Alagoinhas, Marcelo Galo, da ju\u00edza Sandra Lopes, do chefe de Gabinete Juracy Nascimento, do secret\u00e1rio de Mobilidade e Ordem P\u00fablica, Hilton Ribeiro, e do secret\u00e1rio de Governo, Anderson Baqueiro.\u201cEsse novo espa\u00e7o traz uma perspectiva importante porque vamos concentrar, no mesmo local, o atendimento de toda \u00e1rea jurisdicional em Alagoinhas, oferecendo um melhor servi\u00e7o \u00e0 comunidade\u201d, disse Baqueiro.<\/p>\n<p>Para a ju\u00edza federal e diretora do Foro da Se\u00e7\u00e3o Judici\u00e1ria da Bahia, Sandra Lopes Santos de Carvalho, o terreno \u00e9 ideal pela localiza\u00e7\u00e3o em uma avenida de grande circula\u00e7\u00e3o, com acesso \u00e0 cidade e ao terminal rodovi\u00e1rio, al\u00e9m da proximidade a institui\u00e7\u00f5es relevantes, como Justi\u00e7a Eleitoral, Justi\u00e7a do Trabalho, IFBA, OAB\/Alagoinhas e Sesc. \u201cA parceria com a Prefeitura foi essencial nesse processo, j\u00e1 que a \u00e1rea escolhida, dentro de uma gleba destinada ao futuro parque da cidade, foi doada ao Tribunal Regional Federal da 1\u00aa Regi\u00e3o\u201d, observou ela.<\/p>\n<p>No aspecto t\u00e9cnico, a obra foi inclu\u00edda no planejamento estrat\u00e9gico do Conselho da Justi\u00e7a Federal (CJF), ap\u00f3s a \u00faltima correi\u00e7\u00e3o que apontou a necessidade de deslocamento da unidade para Feira de Santana. Em 2024, a Se\u00e7\u00e3o Judici\u00e1ria da Bahia contratou o levantamento planialtim\u00e9trico e a sondagem do terreno. Em 2026, o CJF ficar\u00e1 respons\u00e1vel pela elabora\u00e7\u00e3o dos projetos arquitet\u00f4nicos e de parte dos complementares, enquanto a Justi\u00e7a Federal da Bahia contratar\u00e1 projetos locais, como a subesta\u00e7\u00e3o el\u00e9trica.<\/p>\n<p>&nbsp;<\/p>\n<p>&nbsp;<\/p>\n<div class='share-to-whatsapp-wrapper'><div class='share-on-whsp'>Share on: <\/div><a data-text='Prefeitura de Alagoinhas doa terreno para constru\u00e7\u00e3o do novo pr\u00e9dio da Justi\u00e7a Federal' data-link='https:\/\/newsinfoco.com.br\/inicio\/prefeitura-de-alagoinhas-doa-terreno-para-construcao-do-novo-predio-da-justica-federal\/' class='whatsapp-button whatsapp-share'>WhatsApp<\/a><div class='clear '><\/div><\/div>","protected":false},"excerpt":{"rendered":"<p>O munic\u00edpio de Alagoinhas ganhar\u00e1 uma nova instala\u00e7\u00e3o da Justi\u00e7a Federal. O prefeito Gustavo Carmo assinou, na manh\u00e3 desta segunda-feira, 15, o termo de doa\u00e7\u00e3o de um terreno para a constru\u00e7\u00e3o do novo f\u00f3rum. O espa\u00e7o mede 1.500 metros quadrados e na Avenida Ayrton Senna ao lado da Justi\u00e7a do Trabalho. A obra dever\u00e1 ter [&hellip;]<\/p>\n","protected":false},"author":1,"featured_media":45434,"comment_status":"closed","ping_status":"closed","sticky":false,"template":"","format":"standard","meta":{"om_disable_all_campaigns":false,"rop_custom_images_group":[],"rop_custom_messages_group":[],"rop_publish_now":"initial","rop_publish_now_accounts":[],"rop_publish_now_history":[],"rop_publish_now_status":"pending","_exactmetrics_skip_tracking":false,"footnotes":""},"categories":[38,167],"tags":[],"class_list":["post-45433","post","type-post","status-publish","format-standard","has-post-thumbnail","hentry","category-alagoinhas-e-regiao","category-exclusivas"],"aioseo_notices":[],"aioseo_head":"\n\t\t<!-- All in One SEO 4.9.10 - aioseo.com -->\n\t<meta name=\"description\" content=\"O munic\u00edpio de Alagoinhas ganhar\u00e1 uma nova instala\u00e7\u00e3o da Justi\u00e7a Federal. O prefeito Gustavo Carmo assinou, na manh\u00e3 desta segunda-feira, 15, o termo de doa\u00e7\u00e3o de um terreno para a constru\u00e7\u00e3o do novo f\u00f3rum. O espa\u00e7o mede 1.500 metros quadrados e na Avenida Ayrton Senna ao lado da Justi\u00e7a do Trabalho. A obra dever\u00e1 ter\" \/>\n\t<meta name=\"robots\" content=\"max-image-preview:large\" \/>\n\t<meta name=\"author\" content=\"administrador\"\/>\n\t<link rel=\"canonical\" href=\"https:\/\/newsinfoco.com.br\/inicio\/prefeitura-de-alagoinhas-doa-terreno-para-construcao-do-novo-predio-da-justica-federal\/\" \/>\n\t<meta name=\"generator\" content=\"All in One SEO (AIOSEO) 4.9.10\" \/>\n\t\t<meta property=\"og:locale\" content=\"pt_BR\" \/>\n\t\t<meta property=\"og:site_name\" content=\"News In Foco - Editado por Caio Pimenta - O principal site de noticias de Alagoinhas e regi\u00e3o\" \/>\n\t\t<meta property=\"og:type\" content=\"article\" \/>\n\t\t<meta property=\"og:title\" content=\"Prefeitura de Alagoinhas doa terreno para constru\u00e7\u00e3o do novo pr\u00e9dio da Justi\u00e7a Federal - News In Foco - Editado por Caio Pimenta\" \/>\n\t\t<meta property=\"og:description\" content=\"O munic\u00edpio de Alagoinhas ganhar\u00e1 uma nova instala\u00e7\u00e3o da Justi\u00e7a Federal. O prefeito Gustavo Carmo assinou, na manh\u00e3 desta segunda-feira, 15, o termo de doa\u00e7\u00e3o de um terreno para a constru\u00e7\u00e3o do novo f\u00f3rum. O espa\u00e7o mede 1.500 metros quadrados e na Avenida Ayrton Senna ao lado da Justi\u00e7a do Trabalho. A obra dever\u00e1 ter\" \/>\n\t\t<meta property=\"og:url\" content=\"https:\/\/newsinfoco.com.br\/inicio\/prefeitura-de-alagoinhas-doa-terreno-para-construcao-do-novo-predio-da-justica-federal\/\" \/>\n\t\t<meta property=\"article:published_time\" content=\"2025-09-16T19:25:20+00:00\" \/>\n\t\t<meta property=\"article:modified_time\" content=\"2025-09-16T19:25:20+00:00\" \/>\n\t\t<meta name=\"twitter:card\" content=\"summary_large_image\" \/>\n\t\t<meta name=\"twitter:title\" content=\"Prefeitura de Alagoinhas doa terreno para constru\u00e7\u00e3o do novo pr\u00e9dio da Justi\u00e7a Federal - News In Foco - Editado por Caio Pimenta\" \/>\n\t\t<meta name=\"twitter:description\" content=\"O munic\u00edpio de Alagoinhas ganhar\u00e1 uma nova instala\u00e7\u00e3o da Justi\u00e7a Federal. O prefeito Gustavo Carmo assinou, na manh\u00e3 desta segunda-feira, 15, o termo de doa\u00e7\u00e3o de um terreno para a constru\u00e7\u00e3o do novo f\u00f3rum. O espa\u00e7o mede 1.500 metros quadrados e na Avenida Ayrton Senna ao lado da Justi\u00e7a do Trabalho. A obra dever\u00e1 ter\" \/>\n\t\t<script type=\"application\/ld+json\" class=\"aioseo-schema\">\n\t\t\t{\"@context\":\"https:\\\/\\\/schema.org\",\"@graph\":[{\"@type\":\"BlogPosting\",\"@id\":\"https:\\\/\\\/newsinfoco.com.br\\\/inicio\\\/prefeitura-de-alagoinhas-doa-terreno-para-construcao-do-novo-predio-da-justica-federal\\\/#blogposting\",\"name\":\"Prefeitura de Alagoinhas doa terreno para constru\\u00e7\\u00e3o do novo pr\\u00e9dio da Justi\\u00e7a Federal - News In Foco - Editado por Caio Pimenta\",\"headline\":\"Prefeitura de Alagoinhas doa terreno para constru\\u00e7\\u00e3o do novo pr\\u00e9dio da Justi\\u00e7a Federal\",\"author\":{\"@id\":\"https:\\\/\\\/newsinfoco.com.br\\\/inicio\\\/author\\\/administrador\\\/#author\"},\"publisher\":{\"@id\":\"https:\\\/\\\/newsinfoco.com.br\\\/inicio\\\/#organization\"},\"image\":{\"@type\":\"ImageObject\",\"url\":\"https:\\\/\\\/newsinfoco.com.br\\\/inicio\\\/wp-content\\\/uploads\\\/2025\\\/09\\\/80866648-b775-4e2b-867a-e8c15464011e.jpeg\",\"width\":1600,\"height\":1066},\"datePublished\":\"2025-09-16T16:25:20-03:00\",\"dateModified\":\"2025-09-16T16:25:20-03:00\",\"inLanguage\":\"pt-BR\",\"mainEntityOfPage\":{\"@id\":\"https:\\\/\\\/newsinfoco.com.br\\\/inicio\\\/prefeitura-de-alagoinhas-doa-terreno-para-construcao-do-novo-predio-da-justica-federal\\\/#webpage\"},\"isPartOf\":{\"@id\":\"https:\\\/\\\/newsinfoco.com.br\\\/inicio\\\/prefeitura-de-alagoinhas-doa-terreno-para-construcao-do-novo-predio-da-justica-federal\\\/#webpage\"},\"articleSection\":\"Alagoinhas e Regi\\u00e3o, Manchete\"},{\"@type\":\"BreadcrumbList\",\"@id\":\"https:\\\/\\\/newsinfoco.com.br\\\/inicio\\\/prefeitura-de-alagoinhas-doa-terreno-para-construcao-do-novo-predio-da-justica-federal\\\/#breadcrumblist\",\"itemListElement\":[{\"@type\":\"ListItem\",\"@id\":\"https:\\\/\\\/newsinfoco.com.br\\\/inicio#listItem\",\"position\":1,\"name\":\"In\\u00edcio\",\"item\":\"https:\\\/\\\/newsinfoco.com.br\\\/inicio\",\"nextItem\":{\"@type\":\"ListItem\",\"@id\":\"https:\\\/\\\/newsinfoco.com.br\\\/inicio\\\/category\\\/alagoinhas-e-regiao\\\/#listItem\",\"name\":\"Alagoinhas e Regi\\u00e3o\"}},{\"@type\":\"ListItem\",\"@id\":\"https:\\\/\\\/newsinfoco.com.br\\\/inicio\\\/category\\\/alagoinhas-e-regiao\\\/#listItem\",\"position\":2,\"name\":\"Alagoinhas e Regi\\u00e3o\",\"item\":\"https:\\\/\\\/newsinfoco.com.br\\\/inicio\\\/category\\\/alagoinhas-e-regiao\\\/\",\"nextItem\":{\"@type\":\"ListItem\",\"@id\":\"https:\\\/\\\/newsinfoco.com.br\\\/inicio\\\/prefeitura-de-alagoinhas-doa-terreno-para-construcao-do-novo-predio-da-justica-federal\\\/#listItem\",\"name\":\"Prefeitura de Alagoinhas doa terreno para constru\\u00e7\\u00e3o do novo pr\\u00e9dio da Justi\\u00e7a Federal\"},\"previousItem\":{\"@type\":\"ListItem\",\"@id\":\"https:\\\/\\\/newsinfoco.com.br\\\/inicio#listItem\",\"name\":\"In\\u00edcio\"}},{\"@type\":\"ListItem\",\"@id\":\"https:\\\/\\\/newsinfoco.com.br\\\/inicio\\\/prefeitura-de-alagoinhas-doa-terreno-para-construcao-do-novo-predio-da-justica-federal\\\/#listItem\",\"position\":3,\"name\":\"Prefeitura de Alagoinhas doa terreno para constru\\u00e7\\u00e3o do novo pr\\u00e9dio da Justi\\u00e7a Federal\",\"previousItem\":{\"@type\":\"ListItem\",\"@id\":\"https:\\\/\\\/newsinfoco.com.br\\\/inicio\\\/category\\\/alagoinhas-e-regiao\\\/#listItem\",\"name\":\"Alagoinhas e Regi\\u00e3o\"}}]},{\"@type\":\"Organization\",\"@id\":\"https:\\\/\\\/newsinfoco.com.br\\\/inicio\\\/#organization\",\"name\":\"News In Foco - Editado por Caio Pimenta\",\"description\":\"O principal site de noticias de Alagoinhas e regi\\u00e3o\",\"url\":\"https:\\\/\\\/newsinfoco.com.br\\\/inicio\\\/\"},{\"@type\":\"Person\",\"@id\":\"https:\\\/\\\/newsinfoco.com.br\\\/inicio\\\/author\\\/administrador\\\/#author\",\"url\":\"https:\\\/\\\/newsinfoco.com.br\\\/inicio\\\/author\\\/administrador\\\/\",\"name\":\"administrador\",\"image\":{\"@type\":\"ImageObject\",\"@id\":\"https:\\\/\\\/newsinfoco.com.br\\\/inicio\\\/prefeitura-de-alagoinhas-doa-terreno-para-construcao-do-novo-predio-da-justica-federal\\\/#authorImage\",\"url\":\"https:\\\/\\\/secure.gravatar.com\\\/avatar\\\/c17a617433de8c1dc9584bb79aab7563b46f5bb7e1728c9b17d9cc3ce6a08e49?s=96&d=mm&r=g\",\"width\":96,\"height\":96,\"caption\":\"administrador\"}},{\"@type\":\"WebPage\",\"@id\":\"https:\\\/\\\/newsinfoco.com.br\\\/inicio\\\/prefeitura-de-alagoinhas-doa-terreno-para-construcao-do-novo-predio-da-justica-federal\\\/#webpage\",\"url\":\"https:\\\/\\\/newsinfoco.com.br\\\/inicio\\\/prefeitura-de-alagoinhas-doa-terreno-para-construcao-do-novo-predio-da-justica-federal\\\/\",\"name\":\"Prefeitura de Alagoinhas doa terreno para constru\\u00e7\\u00e3o do novo pr\\u00e9dio da Justi\\u00e7a Federal - News In Foco - Editado por Caio Pimenta\",\"description\":\"O munic\\u00edpio de Alagoinhas ganhar\\u00e1 uma nova instala\\u00e7\\u00e3o da Justi\\u00e7a Federal. O prefeito Gustavo Carmo assinou, na manh\\u00e3 desta segunda-feira, 15, o termo de doa\\u00e7\\u00e3o de um terreno para a constru\\u00e7\\u00e3o do novo f\\u00f3rum. O espa\\u00e7o mede 1.500 metros quadrados e na Avenida Ayrton Senna ao lado da Justi\\u00e7a do Trabalho. A obra dever\\u00e1 ter\",\"inLanguage\":\"pt-BR\",\"isPartOf\":{\"@id\":\"https:\\\/\\\/newsinfoco.com.br\\\/inicio\\\/#website\"},\"breadcrumb\":{\"@id\":\"https:\\\/\\\/newsinfoco.com.br\\\/inicio\\\/prefeitura-de-alagoinhas-doa-terreno-para-construcao-do-novo-predio-da-justica-federal\\\/#breadcrumblist\"},\"author\":{\"@id\":\"https:\\\/\\\/newsinfoco.com.br\\\/inicio\\\/author\\\/administrador\\\/#author\"},\"creator\":{\"@id\":\"https:\\\/\\\/newsinfoco.com.br\\\/inicio\\\/author\\\/administrador\\\/#author\"},\"image\":{\"@type\":\"ImageObject\",\"url\":\"https:\\\/\\\/newsinfoco.com.br\\\/inicio\\\/wp-content\\\/uploads\\\/2025\\\/09\\\/80866648-b775-4e2b-867a-e8c15464011e.jpeg\",\"@id\":\"https:\\\/\\\/newsinfoco.com.br\\\/inicio\\\/prefeitura-de-alagoinhas-doa-terreno-para-construcao-do-novo-predio-da-justica-federal\\\/#mainImage\",\"width\":1600,\"height\":1066},\"primaryImageOfPage\":{\"@id\":\"https:\\\/\\\/newsinfoco.com.br\\\/inicio\\\/prefeitura-de-alagoinhas-doa-terreno-para-construcao-do-novo-predio-da-justica-federal\\\/#mainImage\"},\"datePublished\":\"2025-09-16T16:25:20-03:00\",\"dateModified\":\"2025-09-16T16:25:20-03:00\"},{\"@type\":\"WebSite\",\"@id\":\"https:\\\/\\\/newsinfoco.com.br\\\/inicio\\\/#website\",\"url\":\"https:\\\/\\\/newsinfoco.com.br\\\/inicio\\\/\",\"name\":\"News In Foco - Editado por Caio Pimenta\",\"description\":\"O principal site de noticias de Alagoinhas e regi\\u00e3o\",\"inLanguage\":\"pt-BR\",\"publisher\":{\"@id\":\"https:\\\/\\\/newsinfoco.com.br\\\/inicio\\\/#organization\"}}]}\n\t\t<\/script>\n\t\t<!-- All in One SEO -->\n\n","aioseo_head_json":{"title":"Prefeitura de Alagoinhas doa terreno para constru\u00e7\u00e3o do novo pr\u00e9dio da Justi\u00e7a Federal - News In Foco - Editado por Caio Pimenta","description":"O munic\u00edpio de Alagoinhas ganhar\u00e1 uma nova instala\u00e7\u00e3o da Justi\u00e7a Federal. O prefeito Gustavo Carmo assinou, na manh\u00e3 desta segunda-feira, 15, o termo de doa\u00e7\u00e3o de um terreno para a constru\u00e7\u00e3o do novo f\u00f3rum. O espa\u00e7o mede 1.500 metros quadrados e na Avenida Ayrton Senna ao lado da Justi\u00e7a do Trabalho. A obra dever\u00e1 ter","canonical_url":"https:\/\/newsinfoco.com.br\/inicio\/prefeitura-de-alagoinhas-doa-terreno-para-construcao-do-novo-predio-da-justica-federal\/","robots":"max-image-preview:large","keywords":"","webmasterTools":{"miscellaneous":""},"schema":{"@context":"https:\/\/schema.org","@graph":[{"@type":"BlogPosting","@id":"https:\/\/newsinfoco.com.br\/inicio\/prefeitura-de-alagoinhas-doa-terreno-para-construcao-do-novo-predio-da-justica-federal\/#blogposting","name":"Prefeitura de Alagoinhas doa terreno para constru\u00e7\u00e3o do novo pr\u00e9dio da Justi\u00e7a Federal - News In Foco - Editado por Caio Pimenta","headline":"Prefeitura de Alagoinhas doa terreno para constru\u00e7\u00e3o do novo pr\u00e9dio da Justi\u00e7a Federal","author":{"@id":"https:\/\/newsinfoco.com.br\/inicio\/author\/administrador\/#author"},"publisher":{"@id":"https:\/\/newsinfoco.com.br\/inicio\/#organization"},"image":{"@type":"ImageObject","url":"https:\/\/newsinfoco.com.br\/inicio\/wp-content\/uploads\/2025\/09\/80866648-b775-4e2b-867a-e8c15464011e.jpeg","width":1600,"height":1066},"datePublished":"2025-09-16T16:25:20-03:00","dateModified":"2025-09-16T16:25:20-03:00","inLanguage":"pt-BR","mainEntityOfPage":{"@id":"https:\/\/newsinfoco.com.br\/inicio\/prefeitura-de-alagoinhas-doa-terreno-para-construcao-do-novo-predio-da-justica-federal\/#webpage"},"isPartOf":{"@id":"https:\/\/newsinfoco.com.br\/inicio\/prefeitura-de-alagoinhas-doa-terreno-para-construcao-do-novo-predio-da-justica-federal\/#webpage"},"articleSection":"Alagoinhas e Regi\u00e3o, Manchete"},{"@type":"BreadcrumbList","@id":"https:\/\/newsinfoco.com.br\/inicio\/prefeitura-de-alagoinhas-doa-terreno-para-construcao-do-novo-predio-da-justica-federal\/#breadcrumblist","itemListElement":[{"@type":"ListItem","@id":"https:\/\/newsinfoco.com.br\/inicio#listItem","position":1,"name":"In\u00edcio","item":"https:\/\/newsinfoco.com.br\/inicio","nextItem":{"@type":"ListItem","@id":"https:\/\/newsinfoco.com.br\/inicio\/category\/alagoinhas-e-regiao\/#listItem","name":"Alagoinhas e Regi\u00e3o"}},{"@type":"ListItem","@id":"https:\/\/newsinfoco.com.br\/inicio\/category\/alagoinhas-e-regiao\/#listItem","position":2,"name":"Alagoinhas e Regi\u00e3o","item":"https:\/\/newsinfoco.com.br\/inicio\/category\/alagoinhas-e-regiao\/","nextItem":{"@type":"ListItem","@id":"https:\/\/newsinfoco.com.br\/inicio\/prefeitura-de-alagoinhas-doa-terreno-para-construcao-do-novo-predio-da-justica-federal\/#listItem","name":"Prefeitura de Alagoinhas doa terreno para constru\u00e7\u00e3o do novo pr\u00e9dio da Justi\u00e7a Federal"},"previousItem":{"@type":"ListItem","@id":"https:\/\/newsinfoco.com.br\/inicio#listItem","name":"In\u00edcio"}},{"@type":"ListItem","@id":"https:\/\/newsinfoco.com.br\/inicio\/prefeitura-de-alagoinhas-doa-terreno-para-construcao-do-novo-predio-da-justica-federal\/#listItem","position":3,"name":"Prefeitura de Alagoinhas doa terreno para constru\u00e7\u00e3o do novo pr\u00e9dio da Justi\u00e7a Federal","previousItem":{"@type":"ListItem","@id":"https:\/\/newsinfoco.com.br\/inicio\/category\/alagoinhas-e-regiao\/#listItem","name":"Alagoinhas e Regi\u00e3o"}}]},{"@type":"Organization","@id":"https:\/\/newsinfoco.com.br\/inicio\/#organization","name":"News In Foco - Editado por Caio Pimenta","description":"O principal site de noticias de Alagoinhas e regi\u00e3o","url":"https:\/\/newsinfoco.com.br\/inicio\/"},{"@type":"Person","@id":"https:\/\/newsinfoco.com.br\/inicio\/author\/administrador\/#author","url":"https:\/\/newsinfoco.com.br\/inicio\/author\/administrador\/","name":"administrador","image":{"@type":"ImageObject","@id":"https:\/\/newsinfoco.com.br\/inicio\/prefeitura-de-alagoinhas-doa-terreno-para-construcao-do-novo-predio-da-justica-federal\/#authorImage","url":"https:\/\/secure.gravatar.com\/avatar\/c17a617433de8c1dc9584bb79aab7563b46f5bb7e1728c9b17d9cc3ce6a08e49?s=96&d=mm&r=g","width":96,"height":96,"caption":"administrador"}},{"@type":"WebPage","@id":"https:\/\/newsinfoco.com.br\/inicio\/prefeitura-de-alagoinhas-doa-terreno-para-construcao-do-novo-predio-da-justica-federal\/#webpage","url":"https:\/\/newsinfoco.com.br\/inicio\/prefeitura-de-alagoinhas-doa-terreno-para-construcao-do-novo-predio-da-justica-federal\/","name":"Prefeitura de Alagoinhas doa terreno para constru\u00e7\u00e3o do novo pr\u00e9dio da Justi\u00e7a Federal - News In Foco - Editado por Caio Pimenta","description":"O munic\u00edpio de Alagoinhas ganhar\u00e1 uma nova instala\u00e7\u00e3o da Justi\u00e7a Federal. O prefeito Gustavo Carmo assinou, na manh\u00e3 desta segunda-feira, 15, o termo de doa\u00e7\u00e3o de um terreno para a constru\u00e7\u00e3o do novo f\u00f3rum. O espa\u00e7o mede 1.500 metros quadrados e na Avenida Ayrton Senna ao lado da Justi\u00e7a do Trabalho. A obra dever\u00e1 ter","inLanguage":"pt-BR","isPartOf":{"@id":"https:\/\/newsinfoco.com.br\/inicio\/#website"},"breadcrumb":{"@id":"https:\/\/newsinfoco.com.br\/inicio\/prefeitura-de-alagoinhas-doa-terreno-para-construcao-do-novo-predio-da-justica-federal\/#breadcrumblist"},"author":{"@id":"https:\/\/newsinfoco.com.br\/inicio\/author\/administrador\/#author"},"creator":{"@id":"https:\/\/newsinfoco.com.br\/inicio\/author\/administrador\/#author"},"image":{"@type":"ImageObject","url":"https:\/\/newsinfoco.com.br\/inicio\/wp-content\/uploads\/2025\/09\/80866648-b775-4e2b-867a-e8c15464011e.jpeg","@id":"https:\/\/newsinfoco.com.br\/inicio\/prefeitura-de-alagoinhas-doa-terreno-para-construcao-do-novo-predio-da-justica-federal\/#mainImage","width":1600,"height":1066},"primaryImageOfPage":{"@id":"https:\/\/newsinfoco.com.br\/inicio\/prefeitura-de-alagoinhas-doa-terreno-para-construcao-do-novo-predio-da-justica-federal\/#mainImage"},"datePublished":"2025-09-16T16:25:20-03:00","dateModified":"2025-09-16T16:25:20-03:00"},{"@type":"WebSite","@id":"https:\/\/newsinfoco.com.br\/inicio\/#website","url":"https:\/\/newsinfoco.com.br\/inicio\/","name":"News In Foco - Editado por Caio Pimenta","description":"O principal site de noticias de Alagoinhas e regi\u00e3o","inLanguage":"pt-BR","publisher":{"@id":"https:\/\/newsinfoco.com.br\/inicio\/#organization"}}]},"og:locale":"pt_BR","og:site_name":"News In Foco - Editado por Caio Pimenta - O principal site de noticias de Alagoinhas e regi\u00e3o","og:type":"article","og:title":"Prefeitura de Alagoinhas doa terreno para constru\u00e7\u00e3o do novo pr\u00e9dio da Justi\u00e7a Federal - News In Foco - Editado por Caio Pimenta","og:description":"O munic\u00edpio de Alagoinhas ganhar\u00e1 uma nova instala\u00e7\u00e3o da Justi\u00e7a Federal. O prefeito Gustavo Carmo assinou, na manh\u00e3 desta segunda-feira, 15, o termo de doa\u00e7\u00e3o de um terreno para a constru\u00e7\u00e3o do novo f\u00f3rum. O espa\u00e7o mede 1.500 metros quadrados e na Avenida Ayrton Senna ao lado da Justi\u00e7a do Trabalho. A obra dever\u00e1 ter","og:url":"https:\/\/newsinfoco.com.br\/inicio\/prefeitura-de-alagoinhas-doa-terreno-para-construcao-do-novo-predio-da-justica-federal\/","article:published_time":"2025-09-16T19:25:20+00:00","article:modified_time":"2025-09-16T19:25:20+00:00","twitter:card":"summary_large_image","twitter:title":"Prefeitura de Alagoinhas doa terreno para constru\u00e7\u00e3o do novo pr\u00e9dio da Justi\u00e7a Federal - News In Foco - Editado por Caio Pimenta","twitter:description":"O munic\u00edpio de Alagoinhas ganhar\u00e1 uma nova instala\u00e7\u00e3o da Justi\u00e7a Federal. O prefeito Gustavo Carmo assinou, na manh\u00e3 desta segunda-feira, 15, o termo de doa\u00e7\u00e3o de um terreno para a constru\u00e7\u00e3o do novo f\u00f3rum. O espa\u00e7o mede 1.500 metros quadrados e na Avenida Ayrton Senna ao lado da Justi\u00e7a do Trabalho. A obra dever\u00e1 ter"},"aioseo_meta_data":{"post_id":"45433","title":null,"description":null,"keywords":null,"keyphrases":{"focus":{"keyphrase":"","score":0,"analysis":{"keyphraseInTitle":{"score":0,"maxScore":9,"error":1}}},"additional":[]},"primary_term":null,"canonical_url":null,"og_title":null,"og_description":null,"og_object_type":"default","og_image_type":"default","og_image_url":null,"og_image_width":null,"og_image_height":null,"og_image_custom_url":null,"og_image_custom_fields":null,"og_video":"","og_custom_url":null,"og_article_section":null,"og_article_tags":null,"twitter_use_og":false,"twitter_card":"default","twitter_image_type":"default","twitter_image_url":null,"twitter_image_custom_url":null,"twitter_image_custom_fields":null,"twitter_title":null,"twitter_description":null,"schema":{"blockGraphs":[],"customGraphs":[],"default":{"data":{"Article":[],"Course":[],"Dataset":[],"FAQPage":[],"Movie":[],"Person":[],"Product":[],"ProductReview":[],"Car":[],"Recipe":[],"Service":[],"SoftwareApplication":[],"WebPage":[]},"graphName":"BlogPosting","isEnabled":true},"graphs":[]},"schema_type":"default","schema_type_options":null,"pillar_content":false,"robots_default":true,"robots_noindex":false,"robots_noarchive":false,"robots_nosnippet":false,"robots_nofollow":false,"robots_noimageindex":false,"robots_noodp":false,"robots_notranslate":false,"robots_max_snippet":"-1","robots_max_videopreview":"-1","robots_max_imagepreview":"large","priority":null,"frequency":"default","local_seo":null,"breadcrumb_settings":null,"limit_modified_date":false,"ai":{"faqs":[],"keyPoints":[],"titles":[],"descriptions":[],"socialPosts":{"email":[],"linkedin":[],"twitter":[],"facebook":[],"instagram":[]}},"created":"2025-09-16 19:25:20","updated":"2025-09-16 19:35:46","seo_analyzer_scan_date":null},"aioseo_breadcrumb":"<div class=\"aioseo-breadcrumbs\"><span class=\"aioseo-breadcrumb\">\n\t\t\t<a href=\"https:\/\/newsinfoco.com.br\/inicio\" title=\"In\u00edcio\">In\u00edcio<\/a>\n\t\t<\/span><span class=\"aioseo-breadcrumb-separator\">&raquo;<\/span><span class=\"aioseo-breadcrumb\">\n\t\t\t<a href=\"https:\/\/newsinfoco.com.br\/inicio\/category\/alagoinhas-e-regiao\/\" title=\"Alagoinhas e Regi\u00e3o\">Alagoinhas e Regi\u00e3o<\/a>\n\t\t<\/span><span class=\"aioseo-breadcrumb-separator\">&raquo;<\/span><span class=\"aioseo-breadcrumb\">\n\t\t\tPrefeitura de Alagoinhas doa terreno para constru\u00e7\u00e3o do novo pr\u00e9dio da Justi\u00e7a Federal\n\t\t<\/span><\/div>","aioseo_breadcrumb_json":[{"label":"In\u00edcio","link":"https:\/\/newsinfoco.com.br\/inicio"},{"label":"Alagoinhas e Regi\u00e3o","link":"https:\/\/newsinfoco.com.br\/inicio\/category\/alagoinhas-e-regiao\/"},{"label":"Prefeitura de Alagoinhas doa terreno para constru\u00e7\u00e3o do novo pr\u00e9dio da Justi\u00e7a Federal","link":"https:\/\/newsinfoco.com.br\/inicio\/prefeitura-de-alagoinhas-doa-terreno-para-construcao-do-novo-predio-da-justica-federal\/"}],"_links":{"self":[{"href":"https:\/\/newsinfoco.com.br\/inicio\/wp-json\/wp\/v2\/posts\/45433","targetHints":{"allow":["GET"]}}],"collection":[{"href":"https:\/\/newsinfoco.com.br\/inicio\/wp-json\/wp\/v2\/posts"}],"about":[{"href":"https:\/\/newsinfoco.com.br\/inicio\/wp-json\/wp\/v2\/types\/post"}],"author":[{"embeddable":true,"href":"https:\/\/newsinfoco.com.br\/inicio\/wp-json\/wp\/v2\/users\/1"}],"replies":[{"embeddable":true,"href":"https:\/\/newsinfoco.com.br\/inicio\/wp-json\/wp\/v2\/comments?post=45433"}],"version-history":[{"count":1,"href":"https:\/\/newsinfoco.com.br\/inicio\/wp-json\/wp\/v2\/posts\/45433\/revisions"}],"predecessor-version":[{"id":45435,"href":"https:\/\/newsinfoco.com.br\/inicio\/wp-json\/wp\/v2\/posts\/45433\/revisions\/45435"}],"wp:featuredmedia":[{"embeddable":true,"href":"https:\/\/newsinfoco.com.br\/inicio\/wp-json\/wp\/v2\/media\/45434"}],"wp:attachment":[{"href":"https:\/\/newsinfoco.com.br\/inicio\/wp-json\/wp\/v2\/media?parent=45433"}],"wp:term":[{"taxonomy":"category","embeddable":true,"href":"https:\/\/newsinfoco.com.br\/inicio\/wp-json\/wp\/v2\/categories?post=45433"},{"taxonomy":"post_tag","embeddable":true,"href":"https:\/\/newsinfoco.com.br\/inicio\/wp-json\/wp\/v2\/tags?post=45433"}],"curies":[{"name":"wp","href":"https:\/\/api.w.org\/{rel}","templated":true}]}}