{"id":45444,"date":"2025-09-16T16:41:07","date_gmt":"2025-09-16T19:41:07","guid":{"rendered":"https:\/\/newsinfoco.com.br\/inicio\/?p=45444"},"modified":"2025-09-16T16:41:07","modified_gmt":"2025-09-16T19:41:07","slug":"novos-membros-do-comjuve-sao-empossados-em-alagoinhas","status":"publish","type":"post","link":"https:\/\/newsinfoco.com.br\/inicio\/novos-membros-do-comjuve-sao-empossados-em-alagoinhas\/","title":{"rendered":"Novos membros do COMJUVE s\u00e3o empossados em Alagoinhas"},"content":{"rendered":"<p>Na manh\u00e3 da \u00faltima sexta-feira (12), a Prefeitura de Alagoinhas, por meio da Coordena\u00e7\u00e3o de Pol\u00edticas para as Juventudes, empossou os novos integrantes do Conselho Municipal de Pol\u00edticas para as Juventudes (COMJUVE), que atuar\u00e3o no bi\u00eanio 2025\u20132027. A solenidade aconteceu na Central dos Conselhos da Assist\u00eancia Social, reunindo representantes do poder p\u00fablico, da sociedade civil e convidados, refor\u00e7ando a relev\u00e2ncia da participa\u00e7\u00e3o social na constru\u00e7\u00e3o e no acompanhamento das pol\u00edticas p\u00fablicas voltadas \u00e0 juventude.<\/p>\n<p>Durante o evento, tamb\u00e9m foi definida a nova mesa diretora, tendo Gabriel de Ara\u00fajo Batista assumindo a presid\u00eancia; Fernando Fernandes Martins Santos Fonseca, a vice-presid\u00eancia; Newton Vitor Costa Neto como primeiro secret\u00e1rio; e Lucas Sampaio Santos ocupando a fun\u00e7\u00e3o de segundo secret\u00e1rio. A nova mesa diretora ter\u00e1 a miss\u00e3o de conduzir os trabalhos do COMJUVE, garantindo espa\u00e7o para o di\u00e1logo, o protagonismo juvenil e o fortalecimento das a\u00e7\u00f5es voltadas \u00e0 juventude alagoinhense.<\/p>\n<p>\u201cQueremos fazer o conselho se desenvolver, criando uma rotina s\u00f3lida, organizando os grupos de trabalho e, a partir disso, pensarmos nas necessidades de toda a nossa juventude. A juventude preta, perif\u00e9rica, rural e toda a pluralidade. A perspectiva para os pr\u00f3ximos meses \u00e9 justamente fortalecer essa constru\u00e7\u00e3o coletiva, garantindo que o COMJUVE seja um espa\u00e7o vivo de participa\u00e7\u00e3o e de resposta \u00e0s demandas reais da juventude de Alagoinhas\u201d, explicou Gabriel de Ara\u00fajo Batista, que reiterou a satisfa\u00e7\u00e3o em presenciar a pol\u00edtica p\u00fablica da gest\u00e3o municipal, que, segundo ele, vem trabalhando para o desenvolvimento de pautas ligadas aos jovens.<\/p>\n<p>\u201cQueremos agradecer \u00e0 gest\u00e3o de nossa cidade, que vem dando aten\u00e7\u00e3o aos assuntos da juventude. \u00c9 muito importante para n\u00f3s, enquanto jovens, recebermos o apoio do governo municipal na constru\u00e7\u00e3o, no di\u00e1logo e no trabalho\u201d, disse Gabriel.<\/p>\n<p>A coordenadora de Pol\u00edticas para a Juventude da Secretaria Municipal de Governo (Segov), Ana Gon\u00e7alves reiterou a import\u00e2ncia da efetiva\u00e7\u00e3o do Conselho em prol de mudan\u00e7as no cen\u00e1rio da juventude local. \u201cO COMJUVE \u00e9 um espa\u00e7o democr\u00e1tico e participativo, fundamental para assegurar que as demandas dos jovens sejam ouvidas e transformadas em a\u00e7\u00f5es concretas que impactem positivamente o munic\u00edpio\u201d, pontuou.<\/p>\n<p>Foto: Roberto Fonseca<\/p>\n<div class='share-to-whatsapp-wrapper'><div class='share-on-whsp'>Share on: <\/div><a data-text='Novos membros do COMJUVE s\u00e3o empossados em Alagoinhas' data-link='https:\/\/newsinfoco.com.br\/inicio\/novos-membros-do-comjuve-sao-empossados-em-alagoinhas\/' class='whatsapp-button whatsapp-share'>WhatsApp<\/a><div class='clear '><\/div><\/div>","protected":false},"excerpt":{"rendered":"<p>Na manh\u00e3 da \u00faltima sexta-feira (12), a Prefeitura de Alagoinhas, por meio da Coordena\u00e7\u00e3o de Pol\u00edticas para as Juventudes, empossou os novos integrantes do Conselho Municipal de Pol\u00edticas para as Juventudes (COMJUVE), que atuar\u00e3o no bi\u00eanio 2025\u20132027. A solenidade aconteceu na Central dos Conselhos da Assist\u00eancia Social, reunindo representantes do poder p\u00fablico, da sociedade civil [&hellip;]<\/p>\n","protected":false},"author":1,"featured_media":45445,"comment_status":"closed","ping_status":"closed","sticky":false,"template":"","format":"standard","meta":{"om_disable_all_campaigns":false,"rop_custom_images_group":[],"rop_custom_messages_group":[],"rop_publish_now":"initial","rop_publish_now_accounts":[],"rop_publish_now_history":[],"rop_publish_now_status":"pending","_exactmetrics_skip_tracking":false,"footnotes":""},"categories":[38,167],"tags":[],"class_list":["post-45444","post","type-post","status-publish","format-standard","has-post-thumbnail","hentry","category-alagoinhas-e-regiao","category-exclusivas"],"aioseo_notices":[],"aioseo_head":"\n\t\t<!-- All in One SEO 4.9.10 - aioseo.com -->\n\t<meta name=\"description\" content=\"Na manh\u00e3 da \u00faltima sexta-feira (12), a Prefeitura de Alagoinhas, por meio da Coordena\u00e7\u00e3o de Pol\u00edticas para as Juventudes, empossou os novos integrantes do Conselho Municipal de Pol\u00edticas para as Juventudes (COMJUVE), que atuar\u00e3o no bi\u00eanio 2025\u20132027. A solenidade aconteceu na Central dos Conselhos da Assist\u00eancia Social, reunindo representantes do poder p\u00fablico, da sociedade civil\" \/>\n\t<meta name=\"robots\" content=\"max-image-preview:large\" \/>\n\t<meta name=\"author\" content=\"administrador\"\/>\n\t<link rel=\"canonical\" href=\"https:\/\/newsinfoco.com.br\/inicio\/novos-membros-do-comjuve-sao-empossados-em-alagoinhas\/\" \/>\n\t<meta name=\"generator\" content=\"All in One SEO (AIOSEO) 4.9.10\" \/>\n\t\t<meta property=\"og:locale\" content=\"pt_BR\" \/>\n\t\t<meta property=\"og:site_name\" content=\"News In Foco - Editado por Caio Pimenta - O principal site de noticias de Alagoinhas e regi\u00e3o\" \/>\n\t\t<meta property=\"og:type\" content=\"article\" \/>\n\t\t<meta property=\"og:title\" content=\"Novos membros do COMJUVE s\u00e3o empossados em Alagoinhas - News In Foco - Editado por Caio Pimenta\" \/>\n\t\t<meta property=\"og:description\" content=\"Na manh\u00e3 da \u00faltima sexta-feira (12), a Prefeitura de Alagoinhas, por meio da Coordena\u00e7\u00e3o de Pol\u00edticas para as Juventudes, empossou os novos integrantes do Conselho Municipal de Pol\u00edticas para as Juventudes (COMJUVE), que atuar\u00e3o no bi\u00eanio 2025\u20132027. A solenidade aconteceu na Central dos Conselhos da Assist\u00eancia Social, reunindo representantes do poder p\u00fablico, da sociedade civil\" \/>\n\t\t<meta property=\"og:url\" content=\"https:\/\/newsinfoco.com.br\/inicio\/novos-membros-do-comjuve-sao-empossados-em-alagoinhas\/\" \/>\n\t\t<meta property=\"article:published_time\" content=\"2025-09-16T19:41:07+00:00\" \/>\n\t\t<meta property=\"article:modified_time\" content=\"2025-09-16T19:41:07+00:00\" \/>\n\t\t<meta name=\"twitter:card\" content=\"summary_large_image\" \/>\n\t\t<meta name=\"twitter:title\" content=\"Novos membros do COMJUVE s\u00e3o empossados em Alagoinhas - News In Foco - Editado por Caio Pimenta\" \/>\n\t\t<meta name=\"twitter:description\" content=\"Na manh\u00e3 da \u00faltima sexta-feira (12), a Prefeitura de Alagoinhas, por meio da Coordena\u00e7\u00e3o de Pol\u00edticas para as Juventudes, empossou os novos integrantes do Conselho Municipal de Pol\u00edticas para as Juventudes (COMJUVE), que atuar\u00e3o no bi\u00eanio 2025\u20132027. A solenidade aconteceu na Central dos Conselhos da Assist\u00eancia Social, reunindo representantes do poder p\u00fablico, da sociedade civil\" \/>\n\t\t<script type=\"application\/ld+json\" class=\"aioseo-schema\">\n\t\t\t{\"@context\":\"https:\\\/\\\/schema.org\",\"@graph\":[{\"@type\":\"BlogPosting\",\"@id\":\"https:\\\/\\\/newsinfoco.com.br\\\/inicio\\\/novos-membros-do-comjuve-sao-empossados-em-alagoinhas\\\/#blogposting\",\"name\":\"Novos membros do COMJUVE s\\u00e3o empossados em Alagoinhas - News In Foco - Editado por Caio Pimenta\",\"headline\":\"Novos membros do COMJUVE s\\u00e3o empossados em Alagoinhas\",\"author\":{\"@id\":\"https:\\\/\\\/newsinfoco.com.br\\\/inicio\\\/author\\\/administrador\\\/#author\"},\"publisher\":{\"@id\":\"https:\\\/\\\/newsinfoco.com.br\\\/inicio\\\/#organization\"},\"image\":{\"@type\":\"ImageObject\",\"url\":\"https:\\\/\\\/newsinfoco.com.br\\\/inicio\\\/wp-content\\\/uploads\\\/2025\\\/09\\\/WhatsApp-Image-2025-09-16-at-12.51.45-scaled.jpeg\",\"width\":2560,\"height\":1920},\"datePublished\":\"2025-09-16T16:41:07-03:00\",\"dateModified\":\"2025-09-16T16:41:07-03:00\",\"inLanguage\":\"pt-BR\",\"mainEntityOfPage\":{\"@id\":\"https:\\\/\\\/newsinfoco.com.br\\\/inicio\\\/novos-membros-do-comjuve-sao-empossados-em-alagoinhas\\\/#webpage\"},\"isPartOf\":{\"@id\":\"https:\\\/\\\/newsinfoco.com.br\\\/inicio\\\/novos-membros-do-comjuve-sao-empossados-em-alagoinhas\\\/#webpage\"},\"articleSection\":\"Alagoinhas e Regi\\u00e3o, Manchete\"},{\"@type\":\"BreadcrumbList\",\"@id\":\"https:\\\/\\\/newsinfoco.com.br\\\/inicio\\\/novos-membros-do-comjuve-sao-empossados-em-alagoinhas\\\/#breadcrumblist\",\"itemListElement\":[{\"@type\":\"ListItem\",\"@id\":\"https:\\\/\\\/newsinfoco.com.br\\\/inicio#listItem\",\"position\":1,\"name\":\"In\\u00edcio\",\"item\":\"https:\\\/\\\/newsinfoco.com.br\\\/inicio\",\"nextItem\":{\"@type\":\"ListItem\",\"@id\":\"https:\\\/\\\/newsinfoco.com.br\\\/inicio\\\/category\\\/alagoinhas-e-regiao\\\/#listItem\",\"name\":\"Alagoinhas e Regi\\u00e3o\"}},{\"@type\":\"ListItem\",\"@id\":\"https:\\\/\\\/newsinfoco.com.br\\\/inicio\\\/category\\\/alagoinhas-e-regiao\\\/#listItem\",\"position\":2,\"name\":\"Alagoinhas e Regi\\u00e3o\",\"item\":\"https:\\\/\\\/newsinfoco.com.br\\\/inicio\\\/category\\\/alagoinhas-e-regiao\\\/\",\"nextItem\":{\"@type\":\"ListItem\",\"@id\":\"https:\\\/\\\/newsinfoco.com.br\\\/inicio\\\/novos-membros-do-comjuve-sao-empossados-em-alagoinhas\\\/#listItem\",\"name\":\"Novos membros do COMJUVE s\\u00e3o empossados em Alagoinhas\"},\"previousItem\":{\"@type\":\"ListItem\",\"@id\":\"https:\\\/\\\/newsinfoco.com.br\\\/inicio#listItem\",\"name\":\"In\\u00edcio\"}},{\"@type\":\"ListItem\",\"@id\":\"https:\\\/\\\/newsinfoco.com.br\\\/inicio\\\/novos-membros-do-comjuve-sao-empossados-em-alagoinhas\\\/#listItem\",\"position\":3,\"name\":\"Novos membros do COMJUVE s\\u00e3o empossados em Alagoinhas\",\"previousItem\":{\"@type\":\"ListItem\",\"@id\":\"https:\\\/\\\/newsinfoco.com.br\\\/inicio\\\/category\\\/alagoinhas-e-regiao\\\/#listItem\",\"name\":\"Alagoinhas e Regi\\u00e3o\"}}]},{\"@type\":\"Organization\",\"@id\":\"https:\\\/\\\/newsinfoco.com.br\\\/inicio\\\/#organization\",\"name\":\"News In Foco - Editado por Caio Pimenta\",\"description\":\"O principal site de noticias de Alagoinhas e regi\\u00e3o\",\"url\":\"https:\\\/\\\/newsinfoco.com.br\\\/inicio\\\/\"},{\"@type\":\"Person\",\"@id\":\"https:\\\/\\\/newsinfoco.com.br\\\/inicio\\\/author\\\/administrador\\\/#author\",\"url\":\"https:\\\/\\\/newsinfoco.com.br\\\/inicio\\\/author\\\/administrador\\\/\",\"name\":\"administrador\",\"image\":{\"@type\":\"ImageObject\",\"@id\":\"https:\\\/\\\/newsinfoco.com.br\\\/inicio\\\/novos-membros-do-comjuve-sao-empossados-em-alagoinhas\\\/#authorImage\",\"url\":\"https:\\\/\\\/secure.gravatar.com\\\/avatar\\\/c17a617433de8c1dc9584bb79aab7563b46f5bb7e1728c9b17d9cc3ce6a08e49?s=96&d=mm&r=g\",\"width\":96,\"height\":96,\"caption\":\"administrador\"}},{\"@type\":\"WebPage\",\"@id\":\"https:\\\/\\\/newsinfoco.com.br\\\/inicio\\\/novos-membros-do-comjuve-sao-empossados-em-alagoinhas\\\/#webpage\",\"url\":\"https:\\\/\\\/newsinfoco.com.br\\\/inicio\\\/novos-membros-do-comjuve-sao-empossados-em-alagoinhas\\\/\",\"name\":\"Novos membros do COMJUVE s\\u00e3o empossados em Alagoinhas - News In Foco - Editado por Caio Pimenta\",\"description\":\"Na manh\\u00e3 da \\u00faltima sexta-feira (12), a Prefeitura de Alagoinhas, por meio da Coordena\\u00e7\\u00e3o de Pol\\u00edticas para as Juventudes, empossou os novos integrantes do Conselho Municipal de Pol\\u00edticas para as Juventudes (COMJUVE), que atuar\\u00e3o no bi\\u00eanio 2025\\u20132027. A solenidade aconteceu na Central dos Conselhos da Assist\\u00eancia Social, reunindo representantes do poder p\\u00fablico, da sociedade civil\",\"inLanguage\":\"pt-BR\",\"isPartOf\":{\"@id\":\"https:\\\/\\\/newsinfoco.com.br\\\/inicio\\\/#website\"},\"breadcrumb\":{\"@id\":\"https:\\\/\\\/newsinfoco.com.br\\\/inicio\\\/novos-membros-do-comjuve-sao-empossados-em-alagoinhas\\\/#breadcrumblist\"},\"author\":{\"@id\":\"https:\\\/\\\/newsinfoco.com.br\\\/inicio\\\/author\\\/administrador\\\/#author\"},\"creator\":{\"@id\":\"https:\\\/\\\/newsinfoco.com.br\\\/inicio\\\/author\\\/administrador\\\/#author\"},\"image\":{\"@type\":\"ImageObject\",\"url\":\"https:\\\/\\\/newsinfoco.com.br\\\/inicio\\\/wp-content\\\/uploads\\\/2025\\\/09\\\/WhatsApp-Image-2025-09-16-at-12.51.45-scaled.jpeg\",\"@id\":\"https:\\\/\\\/newsinfoco.com.br\\\/inicio\\\/novos-membros-do-comjuve-sao-empossados-em-alagoinhas\\\/#mainImage\",\"width\":2560,\"height\":1920},\"primaryImageOfPage\":{\"@id\":\"https:\\\/\\\/newsinfoco.com.br\\\/inicio\\\/novos-membros-do-comjuve-sao-empossados-em-alagoinhas\\\/#mainImage\"},\"datePublished\":\"2025-09-16T16:41:07-03:00\",\"dateModified\":\"2025-09-16T16:41:07-03:00\"},{\"@type\":\"WebSite\",\"@id\":\"https:\\\/\\\/newsinfoco.com.br\\\/inicio\\\/#website\",\"url\":\"https:\\\/\\\/newsinfoco.com.br\\\/inicio\\\/\",\"name\":\"News In Foco - Editado por Caio Pimenta\",\"description\":\"O principal site de noticias de Alagoinhas e regi\\u00e3o\",\"inLanguage\":\"pt-BR\",\"publisher\":{\"@id\":\"https:\\\/\\\/newsinfoco.com.br\\\/inicio\\\/#organization\"}}]}\n\t\t<\/script>\n\t\t<!-- All in One SEO -->\n\n","aioseo_head_json":{"title":"Novos membros do COMJUVE s\u00e3o empossados em Alagoinhas - News In Foco - Editado por Caio Pimenta","description":"Na manh\u00e3 da \u00faltima sexta-feira (12), a Prefeitura de Alagoinhas, por meio da Coordena\u00e7\u00e3o de Pol\u00edticas para as Juventudes, empossou os novos integrantes do Conselho Municipal de Pol\u00edticas para as Juventudes (COMJUVE), que atuar\u00e3o no bi\u00eanio 2025\u20132027. A solenidade aconteceu na Central dos Conselhos da Assist\u00eancia Social, reunindo representantes do poder p\u00fablico, da sociedade civil","canonical_url":"https:\/\/newsinfoco.com.br\/inicio\/novos-membros-do-comjuve-sao-empossados-em-alagoinhas\/","robots":"max-image-preview:large","keywords":"","webmasterTools":{"miscellaneous":""},"schema":{"@context":"https:\/\/schema.org","@graph":[{"@type":"BlogPosting","@id":"https:\/\/newsinfoco.com.br\/inicio\/novos-membros-do-comjuve-sao-empossados-em-alagoinhas\/#blogposting","name":"Novos membros do COMJUVE s\u00e3o empossados em Alagoinhas - News In Foco - Editado por Caio Pimenta","headline":"Novos membros do COMJUVE s\u00e3o empossados em Alagoinhas","author":{"@id":"https:\/\/newsinfoco.com.br\/inicio\/author\/administrador\/#author"},"publisher":{"@id":"https:\/\/newsinfoco.com.br\/inicio\/#organization"},"image":{"@type":"ImageObject","url":"https:\/\/newsinfoco.com.br\/inicio\/wp-content\/uploads\/2025\/09\/WhatsApp-Image-2025-09-16-at-12.51.45-scaled.jpeg","width":2560,"height":1920},"datePublished":"2025-09-16T16:41:07-03:00","dateModified":"2025-09-16T16:41:07-03:00","inLanguage":"pt-BR","mainEntityOfPage":{"@id":"https:\/\/newsinfoco.com.br\/inicio\/novos-membros-do-comjuve-sao-empossados-em-alagoinhas\/#webpage"},"isPartOf":{"@id":"https:\/\/newsinfoco.com.br\/inicio\/novos-membros-do-comjuve-sao-empossados-em-alagoinhas\/#webpage"},"articleSection":"Alagoinhas e Regi\u00e3o, Manchete"},{"@type":"BreadcrumbList","@id":"https:\/\/newsinfoco.com.br\/inicio\/novos-membros-do-comjuve-sao-empossados-em-alagoinhas\/#breadcrumblist","itemListElement":[{"@type":"ListItem","@id":"https:\/\/newsinfoco.com.br\/inicio#listItem","position":1,"name":"In\u00edcio","item":"https:\/\/newsinfoco.com.br\/inicio","nextItem":{"@type":"ListItem","@id":"https:\/\/newsinfoco.com.br\/inicio\/category\/alagoinhas-e-regiao\/#listItem","name":"Alagoinhas e Regi\u00e3o"}},{"@type":"ListItem","@id":"https:\/\/newsinfoco.com.br\/inicio\/category\/alagoinhas-e-regiao\/#listItem","position":2,"name":"Alagoinhas e Regi\u00e3o","item":"https:\/\/newsinfoco.com.br\/inicio\/category\/alagoinhas-e-regiao\/","nextItem":{"@type":"ListItem","@id":"https:\/\/newsinfoco.com.br\/inicio\/novos-membros-do-comjuve-sao-empossados-em-alagoinhas\/#listItem","name":"Novos membros do COMJUVE s\u00e3o empossados em Alagoinhas"},"previousItem":{"@type":"ListItem","@id":"https:\/\/newsinfoco.com.br\/inicio#listItem","name":"In\u00edcio"}},{"@type":"ListItem","@id":"https:\/\/newsinfoco.com.br\/inicio\/novos-membros-do-comjuve-sao-empossados-em-alagoinhas\/#listItem","position":3,"name":"Novos membros do COMJUVE s\u00e3o empossados em Alagoinhas","previousItem":{"@type":"ListItem","@id":"https:\/\/newsinfoco.com.br\/inicio\/category\/alagoinhas-e-regiao\/#listItem","name":"Alagoinhas e Regi\u00e3o"}}]},{"@type":"Organization","@id":"https:\/\/newsinfoco.com.br\/inicio\/#organization","name":"News In Foco - Editado por Caio Pimenta","description":"O principal site de noticias de Alagoinhas e regi\u00e3o","url":"https:\/\/newsinfoco.com.br\/inicio\/"},{"@type":"Person","@id":"https:\/\/newsinfoco.com.br\/inicio\/author\/administrador\/#author","url":"https:\/\/newsinfoco.com.br\/inicio\/author\/administrador\/","name":"administrador","image":{"@type":"ImageObject","@id":"https:\/\/newsinfoco.com.br\/inicio\/novos-membros-do-comjuve-sao-empossados-em-alagoinhas\/#authorImage","url":"https:\/\/secure.gravatar.com\/avatar\/c17a617433de8c1dc9584bb79aab7563b46f5bb7e1728c9b17d9cc3ce6a08e49?s=96&d=mm&r=g","width":96,"height":96,"caption":"administrador"}},{"@type":"WebPage","@id":"https:\/\/newsinfoco.com.br\/inicio\/novos-membros-do-comjuve-sao-empossados-em-alagoinhas\/#webpage","url":"https:\/\/newsinfoco.com.br\/inicio\/novos-membros-do-comjuve-sao-empossados-em-alagoinhas\/","name":"Novos membros do COMJUVE s\u00e3o empossados em Alagoinhas - News In Foco - Editado por Caio Pimenta","description":"Na manh\u00e3 da \u00faltima sexta-feira (12), a Prefeitura de Alagoinhas, por meio da Coordena\u00e7\u00e3o de Pol\u00edticas para as Juventudes, empossou os novos integrantes do Conselho Municipal de Pol\u00edticas para as Juventudes (COMJUVE), que atuar\u00e3o no bi\u00eanio 2025\u20132027. A solenidade aconteceu na Central dos Conselhos da Assist\u00eancia Social, reunindo representantes do poder p\u00fablico, da sociedade civil","inLanguage":"pt-BR","isPartOf":{"@id":"https:\/\/newsinfoco.com.br\/inicio\/#website"},"breadcrumb":{"@id":"https:\/\/newsinfoco.com.br\/inicio\/novos-membros-do-comjuve-sao-empossados-em-alagoinhas\/#breadcrumblist"},"author":{"@id":"https:\/\/newsinfoco.com.br\/inicio\/author\/administrador\/#author"},"creator":{"@id":"https:\/\/newsinfoco.com.br\/inicio\/author\/administrador\/#author"},"image":{"@type":"ImageObject","url":"https:\/\/newsinfoco.com.br\/inicio\/wp-content\/uploads\/2025\/09\/WhatsApp-Image-2025-09-16-at-12.51.45-scaled.jpeg","@id":"https:\/\/newsinfoco.com.br\/inicio\/novos-membros-do-comjuve-sao-empossados-em-alagoinhas\/#mainImage","width":2560,"height":1920},"primaryImageOfPage":{"@id":"https:\/\/newsinfoco.com.br\/inicio\/novos-membros-do-comjuve-sao-empossados-em-alagoinhas\/#mainImage"},"datePublished":"2025-09-16T16:41:07-03:00","dateModified":"2025-09-16T16:41:07-03:00"},{"@type":"WebSite","@id":"https:\/\/newsinfoco.com.br\/inicio\/#website","url":"https:\/\/newsinfoco.com.br\/inicio\/","name":"News In Foco - Editado por Caio Pimenta","description":"O principal site de noticias de Alagoinhas e regi\u00e3o","inLanguage":"pt-BR","publisher":{"@id":"https:\/\/newsinfoco.com.br\/inicio\/#organization"}}]},"og:locale":"pt_BR","og:site_name":"News In Foco - Editado por Caio Pimenta - O principal site de noticias de Alagoinhas e regi\u00e3o","og:type":"article","og:title":"Novos membros do COMJUVE s\u00e3o empossados em Alagoinhas - News In Foco - Editado por Caio Pimenta","og:description":"Na manh\u00e3 da \u00faltima sexta-feira (12), a Prefeitura de Alagoinhas, por meio da Coordena\u00e7\u00e3o de Pol\u00edticas para as Juventudes, empossou os novos integrantes do Conselho Municipal de Pol\u00edticas para as Juventudes (COMJUVE), que atuar\u00e3o no bi\u00eanio 2025\u20132027. A solenidade aconteceu na Central dos Conselhos da Assist\u00eancia Social, reunindo representantes do poder p\u00fablico, da sociedade civil","og:url":"https:\/\/newsinfoco.com.br\/inicio\/novos-membros-do-comjuve-sao-empossados-em-alagoinhas\/","article:published_time":"2025-09-16T19:41:07+00:00","article:modified_time":"2025-09-16T19:41:07+00:00","twitter:card":"summary_large_image","twitter:title":"Novos membros do COMJUVE s\u00e3o empossados em Alagoinhas - News In Foco - Editado por Caio Pimenta","twitter:description":"Na manh\u00e3 da \u00faltima sexta-feira (12), a Prefeitura de Alagoinhas, por meio da Coordena\u00e7\u00e3o de Pol\u00edticas para as Juventudes, empossou os novos integrantes do Conselho Municipal de Pol\u00edticas para as Juventudes (COMJUVE), que atuar\u00e3o no bi\u00eanio 2025\u20132027. A solenidade aconteceu na Central dos Conselhos da Assist\u00eancia Social, reunindo representantes do poder p\u00fablico, da sociedade civil"},"aioseo_meta_data":{"post_id":"45444","title":null,"description":null,"keywords":null,"keyphrases":{"focus":{"keyphrase":"","score":0,"analysis":{"keyphraseInTitle":{"score":0,"maxScore":9,"error":1}}},"additional":[]},"primary_term":null,"canonical_url":null,"og_title":null,"og_description":null,"og_object_type":"default","og_image_type":"default","og_image_url":null,"og_image_width":null,"og_image_height":null,"og_image_custom_url":null,"og_image_custom_fields":null,"og_video":"","og_custom_url":null,"og_article_section":null,"og_article_tags":null,"twitter_use_og":false,"twitter_card":"default","twitter_image_type":"default","twitter_image_url":null,"twitter_image_custom_url":null,"twitter_image_custom_fields":null,"twitter_title":null,"twitter_description":null,"schema":{"blockGraphs":[],"customGraphs":[],"default":{"data":{"Article":[],"Course":[],"Dataset":[],"FAQPage":[],"Movie":[],"Person":[],"Product":[],"ProductReview":[],"Car":[],"Recipe":[],"Service":[],"SoftwareApplication":[],"WebPage":[]},"graphName":"BlogPosting","isEnabled":true},"graphs":[]},"schema_type":"default","schema_type_options":null,"pillar_content":false,"robots_default":true,"robots_noindex":false,"robots_noarchive":false,"robots_nosnippet":false,"robots_nofollow":false,"robots_noimageindex":false,"robots_noodp":false,"robots_notranslate":false,"robots_max_snippet":"-1","robots_max_videopreview":"-1","robots_max_imagepreview":"large","priority":null,"frequency":"default","local_seo":null,"breadcrumb_settings":null,"limit_modified_date":false,"ai":{"faqs":[],"keyPoints":[],"titles":[],"descriptions":[],"socialPosts":{"email":[],"linkedin":[],"twitter":[],"facebook":[],"instagram":[]}},"created":"2025-09-16 19:41:07","updated":"2025-09-16 19:52:52","seo_analyzer_scan_date":null},"aioseo_breadcrumb":"<div class=\"aioseo-breadcrumbs\"><span class=\"aioseo-breadcrumb\">\n\t\t\t<a href=\"https:\/\/newsinfoco.com.br\/inicio\" title=\"In\u00edcio\">In\u00edcio<\/a>\n\t\t<\/span><span class=\"aioseo-breadcrumb-separator\">&raquo;<\/span><span class=\"aioseo-breadcrumb\">\n\t\t\t<a href=\"https:\/\/newsinfoco.com.br\/inicio\/category\/alagoinhas-e-regiao\/\" title=\"Alagoinhas e Regi\u00e3o\">Alagoinhas e Regi\u00e3o<\/a>\n\t\t<\/span><span class=\"aioseo-breadcrumb-separator\">&raquo;<\/span><span class=\"aioseo-breadcrumb\">\n\t\t\tNovos membros do COMJUVE s\u00e3o empossados em Alagoinhas\n\t\t<\/span><\/div>","aioseo_breadcrumb_json":[{"label":"In\u00edcio","link":"https:\/\/newsinfoco.com.br\/inicio"},{"label":"Alagoinhas e Regi\u00e3o","link":"https:\/\/newsinfoco.com.br\/inicio\/category\/alagoinhas-e-regiao\/"},{"label":"Novos membros do COMJUVE s\u00e3o empossados em Alagoinhas","link":"https:\/\/newsinfoco.com.br\/inicio\/novos-membros-do-comjuve-sao-empossados-em-alagoinhas\/"}],"_links":{"self":[{"href":"https:\/\/newsinfoco.com.br\/inicio\/wp-json\/wp\/v2\/posts\/45444","targetHints":{"allow":["GET"]}}],"collection":[{"href":"https:\/\/newsinfoco.com.br\/inicio\/wp-json\/wp\/v2\/posts"}],"about":[{"href":"https:\/\/newsinfoco.com.br\/inicio\/wp-json\/wp\/v2\/types\/post"}],"author":[{"embeddable":true,"href":"https:\/\/newsinfoco.com.br\/inicio\/wp-json\/wp\/v2\/users\/1"}],"replies":[{"embeddable":true,"href":"https:\/\/newsinfoco.com.br\/inicio\/wp-json\/wp\/v2\/comments?post=45444"}],"version-history":[{"count":1,"href":"https:\/\/newsinfoco.com.br\/inicio\/wp-json\/wp\/v2\/posts\/45444\/revisions"}],"predecessor-version":[{"id":45446,"href":"https:\/\/newsinfoco.com.br\/inicio\/wp-json\/wp\/v2\/posts\/45444\/revisions\/45446"}],"wp:featuredmedia":[{"embeddable":true,"href":"https:\/\/newsinfoco.com.br\/inicio\/wp-json\/wp\/v2\/media\/45445"}],"wp:attachment":[{"href":"https:\/\/newsinfoco.com.br\/inicio\/wp-json\/wp\/v2\/media?parent=45444"}],"wp:term":[{"taxonomy":"category","embeddable":true,"href":"https:\/\/newsinfoco.com.br\/inicio\/wp-json\/wp\/v2\/categories?post=45444"},{"taxonomy":"post_tag","embeddable":true,"href":"https:\/\/newsinfoco.com.br\/inicio\/wp-json\/wp\/v2\/tags?post=45444"}],"curies":[{"name":"wp","href":"https:\/\/api.w.org\/{rel}","templated":true}]}}