{"id":45458,"date":"2025-09-16T17:35:43","date_gmt":"2025-09-16T20:35:43","guid":{"rendered":"https:\/\/newsinfoco.com.br\/inicio\/?p=45458"},"modified":"2025-09-16T17:35:43","modified_gmt":"2025-09-16T20:35:43","slug":"cartao-nacional-de-saude-passa-a-usar-cpf-como-identificador-unico","status":"publish","type":"post","link":"https:\/\/newsinfoco.com.br\/inicio\/cartao-nacional-de-saude-passa-a-usar-cpf-como-identificador-unico\/","title":{"rendered":"Cart\u00e3o Nacional de Sa\u00fade passa a usar CPF como identificador \u00fanico"},"content":{"rendered":"<p data-start=\"253\" data-end=\"622\">O novo Cart\u00e3o Nacional de Sa\u00fade (CNS) ser\u00e1 emitido com o n\u00famero do CPF, substituindo a numera\u00e7\u00e3o anterior. A partir de agora, todos os cidad\u00e3os que possu\u00edrem CPF ter\u00e3o cadastro autom\u00e1tico, sem a necessidade de inscri\u00e7\u00e3o. O an\u00fancio foi feito nesta ter\u00e7a-feira (16) pelos ministros da Sa\u00fade, Alexandre Padilha, e da Gest\u00e3o e Inova\u00e7\u00e3o em Servi\u00e7os P\u00fablicos, Esther Dweck.<\/p>\n<p data-start=\"624\" data-end=\"962\">De acordo com o Minist\u00e9rio da Sa\u00fade, a mudan\u00e7a facilita a continuidade do atendimento em diferentes servi\u00e7os de sa\u00fade e fortalece a transpar\u00eancia do sistema. Para os gestores, a integra\u00e7\u00e3o dos dados cria uma base mais segura e confi\u00e1vel, permitindo avaliar pol\u00edticas p\u00fablicas com mais precis\u00e3o e combater fraudes e registros duplicados.<\/p>\n<div>\n<div>\n<div class=\"trv-player-container\">\n<div class=\"trv-wrapper\">\n<div id=\"br_video_player_3858c79c22c3de04545af5a64e20499dc3c659f9\" class=\"trvd_video_player trvdinstream\">\n<p data-start=\"964\" data-end=\"1213\">Nos casos em que n\u00e3o houver CPF vinculado, o cadastro ser\u00e1 inativado para evitar duplicidades. A previs\u00e3o \u00e9 que at\u00e9 abril de 2026 cerca de 111 milh\u00f5es de registros sejam desativados. Desde julho, 54 milh\u00f5es de cadastros sem CPF j\u00e1 foram suspensos.<\/p>\n<p data-start=\"1215\" data-end=\"1495\">Em coletiva de imprensa, o ministro Alexandre Padilha ressaltou que os pacientes sem CPF continuar\u00e3o sendo atendidos normalmente pelo Sistema \u00danico de Sa\u00fade (SUS). \u201cN\u00e3o estamos deixando ningu\u00e9m para tr\u00e1s. As pessoas que n\u00e3o t\u00eam CPF ainda v\u00e3o continuar a ser atendidas\u201d, afirmou.<\/p>\n<p data-start=\"1215\" data-end=\"1495\">Bahia.Ba<\/p>\n<\/div>\n<\/div>\n<\/div>\n<\/div>\n<\/div>\n<div class='share-to-whatsapp-wrapper'><div class='share-on-whsp'>Share on: <\/div><a data-text='Cart\u00e3o Nacional de Sa\u00fade passa a usar CPF como identificador \u00fanico' data-link='https:\/\/newsinfoco.com.br\/inicio\/cartao-nacional-de-saude-passa-a-usar-cpf-como-identificador-unico\/' class='whatsapp-button whatsapp-share'>WhatsApp<\/a><div class='clear '><\/div><\/div>","protected":false},"excerpt":{"rendered":"<p>O novo Cart\u00e3o Nacional de Sa\u00fade (CNS) ser\u00e1 emitido com o n\u00famero do CPF, substituindo a numera\u00e7\u00e3o anterior. A partir de agora, todos os cidad\u00e3os que possu\u00edrem CPF ter\u00e3o cadastro autom\u00e1tico, sem a necessidade de inscri\u00e7\u00e3o. O an\u00fancio foi feito nesta ter\u00e7a-feira (16) pelos ministros da Sa\u00fade, Alexandre Padilha, e da Gest\u00e3o e Inova\u00e7\u00e3o em [&hellip;]<\/p>\n","protected":false},"author":1,"featured_media":45459,"comment_status":"closed","ping_status":"closed","sticky":false,"template":"","format":"standard","meta":{"om_disable_all_campaigns":false,"rop_custom_images_group":[],"rop_custom_messages_group":[],"rop_publish_now":"initial","rop_publish_now_accounts":[],"rop_publish_now_history":[],"rop_publish_now_status":"pending","_exactmetrics_skip_tracking":false,"footnotes":""},"categories":[21],"tags":[],"class_list":["post-45458","post","type-post","status-publish","format-standard","has-post-thumbnail","hentry","category-brasil"],"aioseo_notices":[],"aioseo_head":"\n\t\t<!-- All in One SEO 4.9.10 - aioseo.com -->\n\t<meta name=\"description\" content=\"O novo Cart\u00e3o Nacional de Sa\u00fade (CNS) ser\u00e1 emitido com o n\u00famero do CPF, substituindo a numera\u00e7\u00e3o anterior. A partir de agora, todos os cidad\u00e3os que possu\u00edrem CPF ter\u00e3o cadastro autom\u00e1tico, sem a necessidade de inscri\u00e7\u00e3o. O an\u00fancio foi feito nesta ter\u00e7a-feira (16) pelos ministros da Sa\u00fade, Alexandre Padilha, e da Gest\u00e3o e Inova\u00e7\u00e3o em\" \/>\n\t<meta name=\"robots\" content=\"max-image-preview:large\" \/>\n\t<meta name=\"author\" content=\"administrador\"\/>\n\t<link rel=\"canonical\" href=\"https:\/\/newsinfoco.com.br\/inicio\/cartao-nacional-de-saude-passa-a-usar-cpf-como-identificador-unico\/\" \/>\n\t<meta name=\"generator\" content=\"All in One SEO (AIOSEO) 4.9.10\" \/>\n\t\t<meta property=\"og:locale\" content=\"pt_BR\" \/>\n\t\t<meta property=\"og:site_name\" content=\"News In Foco - Editado por Caio Pimenta - O principal site de noticias de Alagoinhas e regi\u00e3o\" \/>\n\t\t<meta property=\"og:type\" content=\"article\" \/>\n\t\t<meta property=\"og:title\" content=\"Cart\u00e3o Nacional de Sa\u00fade passa a usar CPF como identificador \u00fanico - News In Foco - Editado por Caio Pimenta\" \/>\n\t\t<meta property=\"og:description\" content=\"O novo Cart\u00e3o Nacional de Sa\u00fade (CNS) ser\u00e1 emitido com o n\u00famero do CPF, substituindo a numera\u00e7\u00e3o anterior. A partir de agora, todos os cidad\u00e3os que possu\u00edrem CPF ter\u00e3o cadastro autom\u00e1tico, sem a necessidade de inscri\u00e7\u00e3o. O an\u00fancio foi feito nesta ter\u00e7a-feira (16) pelos ministros da Sa\u00fade, Alexandre Padilha, e da Gest\u00e3o e Inova\u00e7\u00e3o em\" \/>\n\t\t<meta property=\"og:url\" content=\"https:\/\/newsinfoco.com.br\/inicio\/cartao-nacional-de-saude-passa-a-usar-cpf-como-identificador-unico\/\" \/>\n\t\t<meta property=\"article:published_time\" content=\"2025-09-16T20:35:43+00:00\" \/>\n\t\t<meta property=\"article:modified_time\" content=\"2025-09-16T20:35:43+00:00\" \/>\n\t\t<meta name=\"twitter:card\" content=\"summary_large_image\" \/>\n\t\t<meta name=\"twitter:title\" content=\"Cart\u00e3o Nacional de Sa\u00fade passa a usar CPF como identificador \u00fanico - News In Foco - Editado por Caio Pimenta\" \/>\n\t\t<meta name=\"twitter:description\" content=\"O novo Cart\u00e3o Nacional de Sa\u00fade (CNS) ser\u00e1 emitido com o n\u00famero do CPF, substituindo a numera\u00e7\u00e3o anterior. A partir de agora, todos os cidad\u00e3os que possu\u00edrem CPF ter\u00e3o cadastro autom\u00e1tico, sem a necessidade de inscri\u00e7\u00e3o. O an\u00fancio foi feito nesta ter\u00e7a-feira (16) pelos ministros da Sa\u00fade, Alexandre Padilha, e da Gest\u00e3o e Inova\u00e7\u00e3o em\" \/>\n\t\t<script type=\"application\/ld+json\" class=\"aioseo-schema\">\n\t\t\t{\"@context\":\"https:\\\/\\\/schema.org\",\"@graph\":[{\"@type\":\"BlogPosting\",\"@id\":\"https:\\\/\\\/newsinfoco.com.br\\\/inicio\\\/cartao-nacional-de-saude-passa-a-usar-cpf-como-identificador-unico\\\/#blogposting\",\"name\":\"Cart\\u00e3o Nacional de Sa\\u00fade passa a usar CPF como identificador \\u00fanico - News In Foco - Editado por Caio Pimenta\",\"headline\":\"Cart\\u00e3o Nacional de Sa\\u00fade passa a usar CPF como identificador \\u00fanico\",\"author\":{\"@id\":\"https:\\\/\\\/newsinfoco.com.br\\\/inicio\\\/author\\\/administrador\\\/#author\"},\"publisher\":{\"@id\":\"https:\\\/\\\/newsinfoco.com.br\\\/inicio\\\/#organization\"},\"image\":{\"@type\":\"ImageObject\",\"url\":\"https:\\\/\\\/newsinfoco.com.br\\\/inicio\\\/wp-content\\\/uploads\\\/2025\\\/09\\\/29313b80-fd51-487b-9e88-1b453855bbc0.jpeg\",\"width\":600,\"height\":420},\"datePublished\":\"2025-09-16T17:35:43-03:00\",\"dateModified\":\"2025-09-16T17:35:43-03:00\",\"inLanguage\":\"pt-BR\",\"mainEntityOfPage\":{\"@id\":\"https:\\\/\\\/newsinfoco.com.br\\\/inicio\\\/cartao-nacional-de-saude-passa-a-usar-cpf-como-identificador-unico\\\/#webpage\"},\"isPartOf\":{\"@id\":\"https:\\\/\\\/newsinfoco.com.br\\\/inicio\\\/cartao-nacional-de-saude-passa-a-usar-cpf-como-identificador-unico\\\/#webpage\"},\"articleSection\":\"Brasil\"},{\"@type\":\"BreadcrumbList\",\"@id\":\"https:\\\/\\\/newsinfoco.com.br\\\/inicio\\\/cartao-nacional-de-saude-passa-a-usar-cpf-como-identificador-unico\\\/#breadcrumblist\",\"itemListElement\":[{\"@type\":\"ListItem\",\"@id\":\"https:\\\/\\\/newsinfoco.com.br\\\/inicio#listItem\",\"position\":1,\"name\":\"In\\u00edcio\",\"item\":\"https:\\\/\\\/newsinfoco.com.br\\\/inicio\",\"nextItem\":{\"@type\":\"ListItem\",\"@id\":\"https:\\\/\\\/newsinfoco.com.br\\\/inicio\\\/category\\\/brasil\\\/#listItem\",\"name\":\"Brasil\"}},{\"@type\":\"ListItem\",\"@id\":\"https:\\\/\\\/newsinfoco.com.br\\\/inicio\\\/category\\\/brasil\\\/#listItem\",\"position\":2,\"name\":\"Brasil\",\"item\":\"https:\\\/\\\/newsinfoco.com.br\\\/inicio\\\/category\\\/brasil\\\/\",\"nextItem\":{\"@type\":\"ListItem\",\"@id\":\"https:\\\/\\\/newsinfoco.com.br\\\/inicio\\\/cartao-nacional-de-saude-passa-a-usar-cpf-como-identificador-unico\\\/#listItem\",\"name\":\"Cart\\u00e3o Nacional de Sa\\u00fade passa a usar CPF como identificador \\u00fanico\"},\"previousItem\":{\"@type\":\"ListItem\",\"@id\":\"https:\\\/\\\/newsinfoco.com.br\\\/inicio#listItem\",\"name\":\"In\\u00edcio\"}},{\"@type\":\"ListItem\",\"@id\":\"https:\\\/\\\/newsinfoco.com.br\\\/inicio\\\/cartao-nacional-de-saude-passa-a-usar-cpf-como-identificador-unico\\\/#listItem\",\"position\":3,\"name\":\"Cart\\u00e3o Nacional de Sa\\u00fade passa a usar CPF como identificador \\u00fanico\",\"previousItem\":{\"@type\":\"ListItem\",\"@id\":\"https:\\\/\\\/newsinfoco.com.br\\\/inicio\\\/category\\\/brasil\\\/#listItem\",\"name\":\"Brasil\"}}]},{\"@type\":\"Organization\",\"@id\":\"https:\\\/\\\/newsinfoco.com.br\\\/inicio\\\/#organization\",\"name\":\"News In Foco - Editado por Caio Pimenta\",\"description\":\"O principal site de noticias de Alagoinhas e regi\\u00e3o\",\"url\":\"https:\\\/\\\/newsinfoco.com.br\\\/inicio\\\/\"},{\"@type\":\"Person\",\"@id\":\"https:\\\/\\\/newsinfoco.com.br\\\/inicio\\\/author\\\/administrador\\\/#author\",\"url\":\"https:\\\/\\\/newsinfoco.com.br\\\/inicio\\\/author\\\/administrador\\\/\",\"name\":\"administrador\",\"image\":{\"@type\":\"ImageObject\",\"@id\":\"https:\\\/\\\/newsinfoco.com.br\\\/inicio\\\/cartao-nacional-de-saude-passa-a-usar-cpf-como-identificador-unico\\\/#authorImage\",\"url\":\"https:\\\/\\\/secure.gravatar.com\\\/avatar\\\/c17a617433de8c1dc9584bb79aab7563b46f5bb7e1728c9b17d9cc3ce6a08e49?s=96&d=mm&r=g\",\"width\":96,\"height\":96,\"caption\":\"administrador\"}},{\"@type\":\"WebPage\",\"@id\":\"https:\\\/\\\/newsinfoco.com.br\\\/inicio\\\/cartao-nacional-de-saude-passa-a-usar-cpf-como-identificador-unico\\\/#webpage\",\"url\":\"https:\\\/\\\/newsinfoco.com.br\\\/inicio\\\/cartao-nacional-de-saude-passa-a-usar-cpf-como-identificador-unico\\\/\",\"name\":\"Cart\\u00e3o Nacional de Sa\\u00fade passa a usar CPF como identificador \\u00fanico - News In Foco - Editado por Caio Pimenta\",\"description\":\"O novo Cart\\u00e3o Nacional de Sa\\u00fade (CNS) ser\\u00e1 emitido com o n\\u00famero do CPF, substituindo a numera\\u00e7\\u00e3o anterior. A partir de agora, todos os cidad\\u00e3os que possu\\u00edrem CPF ter\\u00e3o cadastro autom\\u00e1tico, sem a necessidade de inscri\\u00e7\\u00e3o. O an\\u00fancio foi feito nesta ter\\u00e7a-feira (16) pelos ministros da Sa\\u00fade, Alexandre Padilha, e da Gest\\u00e3o e Inova\\u00e7\\u00e3o em\",\"inLanguage\":\"pt-BR\",\"isPartOf\":{\"@id\":\"https:\\\/\\\/newsinfoco.com.br\\\/inicio\\\/#website\"},\"breadcrumb\":{\"@id\":\"https:\\\/\\\/newsinfoco.com.br\\\/inicio\\\/cartao-nacional-de-saude-passa-a-usar-cpf-como-identificador-unico\\\/#breadcrumblist\"},\"author\":{\"@id\":\"https:\\\/\\\/newsinfoco.com.br\\\/inicio\\\/author\\\/administrador\\\/#author\"},\"creator\":{\"@id\":\"https:\\\/\\\/newsinfoco.com.br\\\/inicio\\\/author\\\/administrador\\\/#author\"},\"image\":{\"@type\":\"ImageObject\",\"url\":\"https:\\\/\\\/newsinfoco.com.br\\\/inicio\\\/wp-content\\\/uploads\\\/2025\\\/09\\\/29313b80-fd51-487b-9e88-1b453855bbc0.jpeg\",\"@id\":\"https:\\\/\\\/newsinfoco.com.br\\\/inicio\\\/cartao-nacional-de-saude-passa-a-usar-cpf-como-identificador-unico\\\/#mainImage\",\"width\":600,\"height\":420},\"primaryImageOfPage\":{\"@id\":\"https:\\\/\\\/newsinfoco.com.br\\\/inicio\\\/cartao-nacional-de-saude-passa-a-usar-cpf-como-identificador-unico\\\/#mainImage\"},\"datePublished\":\"2025-09-16T17:35:43-03:00\",\"dateModified\":\"2025-09-16T17:35:43-03:00\"},{\"@type\":\"WebSite\",\"@id\":\"https:\\\/\\\/newsinfoco.com.br\\\/inicio\\\/#website\",\"url\":\"https:\\\/\\\/newsinfoco.com.br\\\/inicio\\\/\",\"name\":\"News In Foco - Editado por Caio Pimenta\",\"description\":\"O principal site de noticias de Alagoinhas e regi\\u00e3o\",\"inLanguage\":\"pt-BR\",\"publisher\":{\"@id\":\"https:\\\/\\\/newsinfoco.com.br\\\/inicio\\\/#organization\"}}]}\n\t\t<\/script>\n\t\t<!-- All in One SEO -->\n\n","aioseo_head_json":{"title":"Cart\u00e3o Nacional de Sa\u00fade passa a usar CPF como identificador \u00fanico - News In Foco - Editado por Caio Pimenta","description":"O novo Cart\u00e3o Nacional de Sa\u00fade (CNS) ser\u00e1 emitido com o n\u00famero do CPF, substituindo a numera\u00e7\u00e3o anterior. A partir de agora, todos os cidad\u00e3os que possu\u00edrem CPF ter\u00e3o cadastro autom\u00e1tico, sem a necessidade de inscri\u00e7\u00e3o. O an\u00fancio foi feito nesta ter\u00e7a-feira (16) pelos ministros da Sa\u00fade, Alexandre Padilha, e da Gest\u00e3o e Inova\u00e7\u00e3o em","canonical_url":"https:\/\/newsinfoco.com.br\/inicio\/cartao-nacional-de-saude-passa-a-usar-cpf-como-identificador-unico\/","robots":"max-image-preview:large","keywords":"","webmasterTools":{"miscellaneous":""},"schema":{"@context":"https:\/\/schema.org","@graph":[{"@type":"BlogPosting","@id":"https:\/\/newsinfoco.com.br\/inicio\/cartao-nacional-de-saude-passa-a-usar-cpf-como-identificador-unico\/#blogposting","name":"Cart\u00e3o Nacional de Sa\u00fade passa a usar CPF como identificador \u00fanico - News In Foco - Editado por Caio Pimenta","headline":"Cart\u00e3o Nacional de Sa\u00fade passa a usar CPF como identificador \u00fanico","author":{"@id":"https:\/\/newsinfoco.com.br\/inicio\/author\/administrador\/#author"},"publisher":{"@id":"https:\/\/newsinfoco.com.br\/inicio\/#organization"},"image":{"@type":"ImageObject","url":"https:\/\/newsinfoco.com.br\/inicio\/wp-content\/uploads\/2025\/09\/29313b80-fd51-487b-9e88-1b453855bbc0.jpeg","width":600,"height":420},"datePublished":"2025-09-16T17:35:43-03:00","dateModified":"2025-09-16T17:35:43-03:00","inLanguage":"pt-BR","mainEntityOfPage":{"@id":"https:\/\/newsinfoco.com.br\/inicio\/cartao-nacional-de-saude-passa-a-usar-cpf-como-identificador-unico\/#webpage"},"isPartOf":{"@id":"https:\/\/newsinfoco.com.br\/inicio\/cartao-nacional-de-saude-passa-a-usar-cpf-como-identificador-unico\/#webpage"},"articleSection":"Brasil"},{"@type":"BreadcrumbList","@id":"https:\/\/newsinfoco.com.br\/inicio\/cartao-nacional-de-saude-passa-a-usar-cpf-como-identificador-unico\/#breadcrumblist","itemListElement":[{"@type":"ListItem","@id":"https:\/\/newsinfoco.com.br\/inicio#listItem","position":1,"name":"In\u00edcio","item":"https:\/\/newsinfoco.com.br\/inicio","nextItem":{"@type":"ListItem","@id":"https:\/\/newsinfoco.com.br\/inicio\/category\/brasil\/#listItem","name":"Brasil"}},{"@type":"ListItem","@id":"https:\/\/newsinfoco.com.br\/inicio\/category\/brasil\/#listItem","position":2,"name":"Brasil","item":"https:\/\/newsinfoco.com.br\/inicio\/category\/brasil\/","nextItem":{"@type":"ListItem","@id":"https:\/\/newsinfoco.com.br\/inicio\/cartao-nacional-de-saude-passa-a-usar-cpf-como-identificador-unico\/#listItem","name":"Cart\u00e3o Nacional de Sa\u00fade passa a usar CPF como identificador \u00fanico"},"previousItem":{"@type":"ListItem","@id":"https:\/\/newsinfoco.com.br\/inicio#listItem","name":"In\u00edcio"}},{"@type":"ListItem","@id":"https:\/\/newsinfoco.com.br\/inicio\/cartao-nacional-de-saude-passa-a-usar-cpf-como-identificador-unico\/#listItem","position":3,"name":"Cart\u00e3o Nacional de Sa\u00fade passa a usar CPF como identificador \u00fanico","previousItem":{"@type":"ListItem","@id":"https:\/\/newsinfoco.com.br\/inicio\/category\/brasil\/#listItem","name":"Brasil"}}]},{"@type":"Organization","@id":"https:\/\/newsinfoco.com.br\/inicio\/#organization","name":"News In Foco - Editado por Caio Pimenta","description":"O principal site de noticias de Alagoinhas e regi\u00e3o","url":"https:\/\/newsinfoco.com.br\/inicio\/"},{"@type":"Person","@id":"https:\/\/newsinfoco.com.br\/inicio\/author\/administrador\/#author","url":"https:\/\/newsinfoco.com.br\/inicio\/author\/administrador\/","name":"administrador","image":{"@type":"ImageObject","@id":"https:\/\/newsinfoco.com.br\/inicio\/cartao-nacional-de-saude-passa-a-usar-cpf-como-identificador-unico\/#authorImage","url":"https:\/\/secure.gravatar.com\/avatar\/c17a617433de8c1dc9584bb79aab7563b46f5bb7e1728c9b17d9cc3ce6a08e49?s=96&d=mm&r=g","width":96,"height":96,"caption":"administrador"}},{"@type":"WebPage","@id":"https:\/\/newsinfoco.com.br\/inicio\/cartao-nacional-de-saude-passa-a-usar-cpf-como-identificador-unico\/#webpage","url":"https:\/\/newsinfoco.com.br\/inicio\/cartao-nacional-de-saude-passa-a-usar-cpf-como-identificador-unico\/","name":"Cart\u00e3o Nacional de Sa\u00fade passa a usar CPF como identificador \u00fanico - News In Foco - Editado por Caio Pimenta","description":"O novo Cart\u00e3o Nacional de Sa\u00fade (CNS) ser\u00e1 emitido com o n\u00famero do CPF, substituindo a numera\u00e7\u00e3o anterior. A partir de agora, todos os cidad\u00e3os que possu\u00edrem CPF ter\u00e3o cadastro autom\u00e1tico, sem a necessidade de inscri\u00e7\u00e3o. O an\u00fancio foi feito nesta ter\u00e7a-feira (16) pelos ministros da Sa\u00fade, Alexandre Padilha, e da Gest\u00e3o e Inova\u00e7\u00e3o em","inLanguage":"pt-BR","isPartOf":{"@id":"https:\/\/newsinfoco.com.br\/inicio\/#website"},"breadcrumb":{"@id":"https:\/\/newsinfoco.com.br\/inicio\/cartao-nacional-de-saude-passa-a-usar-cpf-como-identificador-unico\/#breadcrumblist"},"author":{"@id":"https:\/\/newsinfoco.com.br\/inicio\/author\/administrador\/#author"},"creator":{"@id":"https:\/\/newsinfoco.com.br\/inicio\/author\/administrador\/#author"},"image":{"@type":"ImageObject","url":"https:\/\/newsinfoco.com.br\/inicio\/wp-content\/uploads\/2025\/09\/29313b80-fd51-487b-9e88-1b453855bbc0.jpeg","@id":"https:\/\/newsinfoco.com.br\/inicio\/cartao-nacional-de-saude-passa-a-usar-cpf-como-identificador-unico\/#mainImage","width":600,"height":420},"primaryImageOfPage":{"@id":"https:\/\/newsinfoco.com.br\/inicio\/cartao-nacional-de-saude-passa-a-usar-cpf-como-identificador-unico\/#mainImage"},"datePublished":"2025-09-16T17:35:43-03:00","dateModified":"2025-09-16T17:35:43-03:00"},{"@type":"WebSite","@id":"https:\/\/newsinfoco.com.br\/inicio\/#website","url":"https:\/\/newsinfoco.com.br\/inicio\/","name":"News In Foco - Editado por Caio Pimenta","description":"O principal site de noticias de Alagoinhas e regi\u00e3o","inLanguage":"pt-BR","publisher":{"@id":"https:\/\/newsinfoco.com.br\/inicio\/#organization"}}]},"og:locale":"pt_BR","og:site_name":"News In Foco - Editado por Caio Pimenta - O principal site de noticias de Alagoinhas e regi\u00e3o","og:type":"article","og:title":"Cart\u00e3o Nacional de Sa\u00fade passa a usar CPF como identificador \u00fanico - News In Foco - Editado por Caio Pimenta","og:description":"O novo Cart\u00e3o Nacional de Sa\u00fade (CNS) ser\u00e1 emitido com o n\u00famero do CPF, substituindo a numera\u00e7\u00e3o anterior. A partir de agora, todos os cidad\u00e3os que possu\u00edrem CPF ter\u00e3o cadastro autom\u00e1tico, sem a necessidade de inscri\u00e7\u00e3o. O an\u00fancio foi feito nesta ter\u00e7a-feira (16) pelos ministros da Sa\u00fade, Alexandre Padilha, e da Gest\u00e3o e Inova\u00e7\u00e3o em","og:url":"https:\/\/newsinfoco.com.br\/inicio\/cartao-nacional-de-saude-passa-a-usar-cpf-como-identificador-unico\/","article:published_time":"2025-09-16T20:35:43+00:00","article:modified_time":"2025-09-16T20:35:43+00:00","twitter:card":"summary_large_image","twitter:title":"Cart\u00e3o Nacional de Sa\u00fade passa a usar CPF como identificador \u00fanico - News In Foco - Editado por Caio Pimenta","twitter:description":"O novo Cart\u00e3o Nacional de Sa\u00fade (CNS) ser\u00e1 emitido com o n\u00famero do CPF, substituindo a numera\u00e7\u00e3o anterior. A partir de agora, todos os cidad\u00e3os que possu\u00edrem CPF ter\u00e3o cadastro autom\u00e1tico, sem a necessidade de inscri\u00e7\u00e3o. O an\u00fancio foi feito nesta ter\u00e7a-feira (16) pelos ministros da Sa\u00fade, Alexandre Padilha, e da Gest\u00e3o e Inova\u00e7\u00e3o em"},"aioseo_meta_data":{"post_id":"45458","title":null,"description":null,"keywords":null,"keyphrases":{"focus":{"keyphrase":"","score":0,"analysis":{"keyphraseInTitle":{"score":0,"maxScore":9,"error":1}}},"additional":[]},"primary_term":null,"canonical_url":null,"og_title":null,"og_description":null,"og_object_type":"default","og_image_type":"default","og_image_url":null,"og_image_width":null,"og_image_height":null,"og_image_custom_url":null,"og_image_custom_fields":null,"og_video":"","og_custom_url":null,"og_article_section":null,"og_article_tags":null,"twitter_use_og":false,"twitter_card":"default","twitter_image_type":"default","twitter_image_url":null,"twitter_image_custom_url":null,"twitter_image_custom_fields":null,"twitter_title":null,"twitter_description":null,"schema":{"blockGraphs":[],"customGraphs":[],"default":{"data":{"Article":[],"Course":[],"Dataset":[],"FAQPage":[],"Movie":[],"Person":[],"Product":[],"ProductReview":[],"Car":[],"Recipe":[],"Service":[],"SoftwareApplication":[],"WebPage":[]},"graphName":"BlogPosting","isEnabled":true},"graphs":[]},"schema_type":"default","schema_type_options":null,"pillar_content":false,"robots_default":true,"robots_noindex":false,"robots_noarchive":false,"robots_nosnippet":false,"robots_nofollow":false,"robots_noimageindex":false,"robots_noodp":false,"robots_notranslate":false,"robots_max_snippet":"-1","robots_max_videopreview":"-1","robots_max_imagepreview":"large","priority":null,"frequency":"default","local_seo":null,"breadcrumb_settings":null,"limit_modified_date":false,"ai":{"faqs":[],"keyPoints":[],"titles":[],"descriptions":[],"socialPosts":{"email":[],"linkedin":[],"twitter":[],"facebook":[],"instagram":[]}},"created":"2025-09-16 20:35:44","updated":"2025-09-16 20:44:02","seo_analyzer_scan_date":null},"aioseo_breadcrumb":"<div class=\"aioseo-breadcrumbs\"><span class=\"aioseo-breadcrumb\">\n\t\t\t<a href=\"https:\/\/newsinfoco.com.br\/inicio\" title=\"In\u00edcio\">In\u00edcio<\/a>\n\t\t<\/span><span class=\"aioseo-breadcrumb-separator\">&raquo;<\/span><span class=\"aioseo-breadcrumb\">\n\t\t\t<a href=\"https:\/\/newsinfoco.com.br\/inicio\/category\/brasil\/\" title=\"Brasil\">Brasil<\/a>\n\t\t<\/span><span class=\"aioseo-breadcrumb-separator\">&raquo;<\/span><span class=\"aioseo-breadcrumb\">\n\t\t\tCart\u00e3o Nacional de Sa\u00fade passa a usar CPF como identificador \u00fanico\n\t\t<\/span><\/div>","aioseo_breadcrumb_json":[{"label":"In\u00edcio","link":"https:\/\/newsinfoco.com.br\/inicio"},{"label":"Brasil","link":"https:\/\/newsinfoco.com.br\/inicio\/category\/brasil\/"},{"label":"Cart\u00e3o Nacional de Sa\u00fade passa a usar CPF como identificador \u00fanico","link":"https:\/\/newsinfoco.com.br\/inicio\/cartao-nacional-de-saude-passa-a-usar-cpf-como-identificador-unico\/"}],"_links":{"self":[{"href":"https:\/\/newsinfoco.com.br\/inicio\/wp-json\/wp\/v2\/posts\/45458","targetHints":{"allow":["GET"]}}],"collection":[{"href":"https:\/\/newsinfoco.com.br\/inicio\/wp-json\/wp\/v2\/posts"}],"about":[{"href":"https:\/\/newsinfoco.com.br\/inicio\/wp-json\/wp\/v2\/types\/post"}],"author":[{"embeddable":true,"href":"https:\/\/newsinfoco.com.br\/inicio\/wp-json\/wp\/v2\/users\/1"}],"replies":[{"embeddable":true,"href":"https:\/\/newsinfoco.com.br\/inicio\/wp-json\/wp\/v2\/comments?post=45458"}],"version-history":[{"count":1,"href":"https:\/\/newsinfoco.com.br\/inicio\/wp-json\/wp\/v2\/posts\/45458\/revisions"}],"predecessor-version":[{"id":45460,"href":"https:\/\/newsinfoco.com.br\/inicio\/wp-json\/wp\/v2\/posts\/45458\/revisions\/45460"}],"wp:featuredmedia":[{"embeddable":true,"href":"https:\/\/newsinfoco.com.br\/inicio\/wp-json\/wp\/v2\/media\/45459"}],"wp:attachment":[{"href":"https:\/\/newsinfoco.com.br\/inicio\/wp-json\/wp\/v2\/media?parent=45458"}],"wp:term":[{"taxonomy":"category","embeddable":true,"href":"https:\/\/newsinfoco.com.br\/inicio\/wp-json\/wp\/v2\/categories?post=45458"},{"taxonomy":"post_tag","embeddable":true,"href":"https:\/\/newsinfoco.com.br\/inicio\/wp-json\/wp\/v2\/tags?post=45458"}],"curies":[{"name":"wp","href":"https:\/\/api.w.org\/{rel}","templated":true}]}}