{"id":45469,"date":"2025-09-17T16:18:29","date_gmt":"2025-09-17T19:18:29","guid":{"rendered":"https:\/\/newsinfoco.com.br\/inicio\/?p=45469"},"modified":"2025-09-17T16:18:29","modified_gmt":"2025-09-17T19:18:29","slug":"alagoinhas-realiza-primeira-audiencia-publica-de-construcao-do-plano-municipal-de-atendimento-socioeducativo","status":"publish","type":"post","link":"https:\/\/newsinfoco.com.br\/inicio\/alagoinhas-realiza-primeira-audiencia-publica-de-construcao-do-plano-municipal-de-atendimento-socioeducativo\/","title":{"rendered":"Alagoinhas realiza primeira audi\u00eancia p\u00fablica de constru\u00e7\u00e3o do Plano Municipal de Atendimento Socioeducativo"},"content":{"rendered":"<p>Alagoinhas realizou a primeira de tr\u00eas audi\u00eancias p\u00fablicas do processo de elabora\u00e7\u00e3o coletiva do primeiro Plano Municipal de Atendimento Socioeducativo (PMASE). O encontro ocorreu na manh\u00e3 de quarta-feira, 17, no plen\u00e1rio da C\u00e2mara de Vereadores. O PMASE \u00e9 o documento que vai orientar as a\u00e7\u00f5es do munic\u00edpio voltadas \u00e0 garantia de direitos, \u00e0 preven\u00e7\u00e3o e \u00e0 aplica\u00e7\u00e3o de medidas socioeducativas a adolescentes em situa\u00e7\u00e3o de vulnerabilidade ou em conflito com a lei, em conson\u00e2ncia com o Sistema Nacional de Atendimento Socioeducativo (Sinase).<\/p>\n<p>A audi\u00eancia foi conduzida pela Secretaria Municipal de Desenvolvimento Social (Sedes) e contou com as presen\u00e7as de diversas secretarias e institui\u00e7\u00f5es que comp\u00f5em a Rede de Prote\u00e7\u00e3o e Garantia de Direitos da Crian\u00e7a e do Adolescente. Entre elas, o Conselho Municipal dos Direitos da Crian\u00e7a e do Adolescente, conselheiros tutelares, secretarias de Sa\u00fade, Educa\u00e7\u00e3o, Cultura, Esporte e Turismo, al\u00e9m de representantes da Defensoria P\u00fablica, Pastoral do Menor, Associa\u00e7\u00e3o Pestalozzi e outras organiza\u00e7\u00f5es da sociedade civil.<\/p>\n<p>A diretora de Prote\u00e7\u00e3o Social da Sedes, Leidiane Rocha, explica que o plano est\u00e1 sendo constru\u00eddo pela Comiss\u00e3o Intersetorial, designada para esse trabalho. \u201cEstamos contando com o apoio da equipe do Centro de Refer\u00eancia Especializado de Assist\u00eancia Social (Creas), que se re\u00fane semanalmente para analisar dados do munic\u00edpio sobre crian\u00e7as e adolescentes. A publica\u00e7\u00e3o do Plano est\u00e1 prevista ainda para este ano de 2025\u201d, informa.<\/p>\n<p>O vice-prefeito Luciano S\u00e9rgio destaca a relev\u00e2ncia do processo. \u201cO PMASE \u00e9 um instrumento essencial. Estamos construindo o primeiro Plano de Alagoinhas, de forma intersetorial, com ampla participa\u00e7\u00e3o, e com a marca do compromisso de um prefeito que coloca a causa da crian\u00e7a e do adolescente como prioridade.\u201d<\/p>\n<p>Ciente da necessidade da cria\u00e7\u00e3o de pol\u00edticas p\u00fablicas preventivas, a secret\u00e1ria interina de Desenvolvimento Social e primeira-dama do munic\u00edpio, Lianne Carmo, traz \u00e0 tona tamb\u00e9m a import\u00e2ncia da atua\u00e7\u00e3o da sociedade. \u201cN\u00e3o temos que tratar apenas da infra\u00e7\u00e3o, mas de medidas que podem ser utilizadas pelo poder p\u00fablico para que crian\u00e7as n\u00e3o cheguem a essa situa\u00e7\u00e3o. \u00c9 uma constru\u00e7\u00e3o coletiva, pois a crian\u00e7a vive em comunidade. Garantir direitos tamb\u00e9m passa pela conscientiza\u00e7\u00e3o da responsabilidade familiar\u201d, afirma.<\/p>\n<p>A programa\u00e7\u00e3o da audi\u00eancia inclui a palestra: \u201cImport\u00e2ncia do Sistema Nacional de Atendimento Socioeducativo (Sinase) e da constru\u00e7\u00e3o intersetorial do PMASE\u201d, ministrada por Daniel Miranda Teodoro, representante do Conselho Estadual da Crian\u00e7a e do Adolescente.<\/p>\n<p>\u201cEstamos aqui para andar em conjunto na elabora\u00e7\u00e3o, implementa\u00e7\u00e3o e, principalmente, em a\u00e7\u00f5es preventivas, porque crian\u00e7as e adolescentes s\u00e3o o presente; o futuro s\u00f3 existe se os colocarmos como prioridade absoluta\u201d, ressalta Daniel, que coloca o comit\u00ea estadual \u00e0 disposi\u00e7\u00e3o para compartilhar o trabalho de elabora\u00e7\u00e3o do Plano.<\/p>\n<p>Durante o encontro, a equipe do Creas apresentou dados de atendimentos realizados entre 2001 e 2025, divulgando para que a popula\u00e7\u00e3o conhecesse o trabalho desenvolvido. Em seguida, houve espa\u00e7o para debates e manifesta\u00e7\u00f5es do p\u00fablico presente.<\/p>\n<p>Foto: Roberto Fonseca<\/p>\n<div class='share-to-whatsapp-wrapper'><div class='share-on-whsp'>Share on: <\/div><a data-text='Alagoinhas realiza primeira audi\u00eancia p\u00fablica de constru\u00e7\u00e3o do Plano Municipal de Atendimento Socioeducativo' data-link='https:\/\/newsinfoco.com.br\/inicio\/alagoinhas-realiza-primeira-audiencia-publica-de-construcao-do-plano-municipal-de-atendimento-socioeducativo\/' class='whatsapp-button whatsapp-share'>WhatsApp<\/a><div class='clear '><\/div><\/div>","protected":false},"excerpt":{"rendered":"<p>Alagoinhas realizou a primeira de tr\u00eas audi\u00eancias p\u00fablicas do processo de elabora\u00e7\u00e3o coletiva do primeiro Plano Municipal de Atendimento Socioeducativo (PMASE). O encontro ocorreu na manh\u00e3 de quarta-feira, 17, no plen\u00e1rio da C\u00e2mara de Vereadores. O PMASE \u00e9 o documento que vai orientar as a\u00e7\u00f5es do munic\u00edpio voltadas \u00e0 garantia de direitos, \u00e0 preven\u00e7\u00e3o e [&hellip;]<\/p>\n","protected":false},"author":1,"featured_media":45470,"comment_status":"closed","ping_status":"closed","sticky":false,"template":"","format":"standard","meta":{"om_disable_all_campaigns":false,"rop_custom_images_group":[],"rop_custom_messages_group":[],"rop_publish_now":"initial","rop_publish_now_accounts":[],"rop_publish_now_history":[],"rop_publish_now_status":"pending","_exactmetrics_skip_tracking":false,"footnotes":""},"categories":[38,167],"tags":[],"class_list":["post-45469","post","type-post","status-publish","format-standard","has-post-thumbnail","hentry","category-alagoinhas-e-regiao","category-exclusivas"],"aioseo_notices":[],"aioseo_head":"\n\t\t<!-- All in One SEO 4.9.10 - aioseo.com -->\n\t<meta name=\"description\" content=\"Alagoinhas realizou a primeira de tr\u00eas audi\u00eancias p\u00fablicas do processo de elabora\u00e7\u00e3o coletiva do primeiro Plano Municipal de Atendimento Socioeducativo (PMASE). O encontro ocorreu na manh\u00e3 de quarta-feira, 17, no plen\u00e1rio da C\u00e2mara de Vereadores. O PMASE \u00e9 o documento que vai orientar as a\u00e7\u00f5es do munic\u00edpio voltadas \u00e0 garantia de direitos, \u00e0 preven\u00e7\u00e3o e\" \/>\n\t<meta name=\"robots\" content=\"max-image-preview:large\" \/>\n\t<meta name=\"author\" content=\"administrador\"\/>\n\t<link rel=\"canonical\" href=\"https:\/\/newsinfoco.com.br\/inicio\/alagoinhas-realiza-primeira-audiencia-publica-de-construcao-do-plano-municipal-de-atendimento-socioeducativo\/\" \/>\n\t<meta name=\"generator\" content=\"All in One SEO (AIOSEO) 4.9.10\" \/>\n\t\t<meta property=\"og:locale\" content=\"pt_BR\" \/>\n\t\t<meta property=\"og:site_name\" content=\"News In Foco - Editado por Caio Pimenta - O principal site de noticias de Alagoinhas e regi\u00e3o\" \/>\n\t\t<meta property=\"og:type\" content=\"article\" \/>\n\t\t<meta property=\"og:title\" content=\"Alagoinhas realiza primeira audi\u00eancia p\u00fablica de constru\u00e7\u00e3o do Plano Municipal de Atendimento Socioeducativo - News In Foco - Editado por Caio Pimenta\" \/>\n\t\t<meta property=\"og:description\" content=\"Alagoinhas realizou a primeira de tr\u00eas audi\u00eancias p\u00fablicas do processo de elabora\u00e7\u00e3o coletiva do primeiro Plano Municipal de Atendimento Socioeducativo (PMASE). O encontro ocorreu na manh\u00e3 de quarta-feira, 17, no plen\u00e1rio da C\u00e2mara de Vereadores. O PMASE \u00e9 o documento que vai orientar as a\u00e7\u00f5es do munic\u00edpio voltadas \u00e0 garantia de direitos, \u00e0 preven\u00e7\u00e3o e\" \/>\n\t\t<meta property=\"og:url\" content=\"https:\/\/newsinfoco.com.br\/inicio\/alagoinhas-realiza-primeira-audiencia-publica-de-construcao-do-plano-municipal-de-atendimento-socioeducativo\/\" \/>\n\t\t<meta property=\"article:published_time\" content=\"2025-09-17T19:18:29+00:00\" \/>\n\t\t<meta property=\"article:modified_time\" content=\"2025-09-17T19:18:29+00:00\" \/>\n\t\t<meta name=\"twitter:card\" content=\"summary_large_image\" \/>\n\t\t<meta name=\"twitter:title\" content=\"Alagoinhas realiza primeira audi\u00eancia p\u00fablica de constru\u00e7\u00e3o do Plano Municipal de Atendimento Socioeducativo - News In Foco - Editado por Caio Pimenta\" \/>\n\t\t<meta name=\"twitter:description\" content=\"Alagoinhas realizou a primeira de tr\u00eas audi\u00eancias p\u00fablicas do processo de elabora\u00e7\u00e3o coletiva do primeiro Plano Municipal de Atendimento Socioeducativo (PMASE). O encontro ocorreu na manh\u00e3 de quarta-feira, 17, no plen\u00e1rio da C\u00e2mara de Vereadores. O PMASE \u00e9 o documento que vai orientar as a\u00e7\u00f5es do munic\u00edpio voltadas \u00e0 garantia de direitos, \u00e0 preven\u00e7\u00e3o e\" \/>\n\t\t<script type=\"application\/ld+json\" class=\"aioseo-schema\">\n\t\t\t{\"@context\":\"https:\\\/\\\/schema.org\",\"@graph\":[{\"@type\":\"BlogPosting\",\"@id\":\"https:\\\/\\\/newsinfoco.com.br\\\/inicio\\\/alagoinhas-realiza-primeira-audiencia-publica-de-construcao-do-plano-municipal-de-atendimento-socioeducativo\\\/#blogposting\",\"name\":\"Alagoinhas realiza primeira audi\\u00eancia p\\u00fablica de constru\\u00e7\\u00e3o do Plano Municipal de Atendimento Socioeducativo - News In Foco - Editado por Caio Pimenta\",\"headline\":\"Alagoinhas realiza primeira audi\\u00eancia p\\u00fablica de constru\\u00e7\\u00e3o do Plano Municipal de Atendimento Socioeducativo\",\"author\":{\"@id\":\"https:\\\/\\\/newsinfoco.com.br\\\/inicio\\\/author\\\/administrador\\\/#author\"},\"publisher\":{\"@id\":\"https:\\\/\\\/newsinfoco.com.br\\\/inicio\\\/#organization\"},\"image\":{\"@type\":\"ImageObject\",\"url\":\"https:\\\/\\\/newsinfoco.com.br\\\/inicio\\\/wp-content\\\/uploads\\\/2025\\\/09\\\/WhatsApp-Image-2025-09-17-at-11.06.38.jpeg\",\"width\":1600,\"height\":1066},\"datePublished\":\"2025-09-17T16:18:29-03:00\",\"dateModified\":\"2025-09-17T16:18:29-03:00\",\"inLanguage\":\"pt-BR\",\"mainEntityOfPage\":{\"@id\":\"https:\\\/\\\/newsinfoco.com.br\\\/inicio\\\/alagoinhas-realiza-primeira-audiencia-publica-de-construcao-do-plano-municipal-de-atendimento-socioeducativo\\\/#webpage\"},\"isPartOf\":{\"@id\":\"https:\\\/\\\/newsinfoco.com.br\\\/inicio\\\/alagoinhas-realiza-primeira-audiencia-publica-de-construcao-do-plano-municipal-de-atendimento-socioeducativo\\\/#webpage\"},\"articleSection\":\"Alagoinhas e Regi\\u00e3o, Manchete\"},{\"@type\":\"BreadcrumbList\",\"@id\":\"https:\\\/\\\/newsinfoco.com.br\\\/inicio\\\/alagoinhas-realiza-primeira-audiencia-publica-de-construcao-do-plano-municipal-de-atendimento-socioeducativo\\\/#breadcrumblist\",\"itemListElement\":[{\"@type\":\"ListItem\",\"@id\":\"https:\\\/\\\/newsinfoco.com.br\\\/inicio#listItem\",\"position\":1,\"name\":\"In\\u00edcio\",\"item\":\"https:\\\/\\\/newsinfoco.com.br\\\/inicio\",\"nextItem\":{\"@type\":\"ListItem\",\"@id\":\"https:\\\/\\\/newsinfoco.com.br\\\/inicio\\\/category\\\/alagoinhas-e-regiao\\\/#listItem\",\"name\":\"Alagoinhas e Regi\\u00e3o\"}},{\"@type\":\"ListItem\",\"@id\":\"https:\\\/\\\/newsinfoco.com.br\\\/inicio\\\/category\\\/alagoinhas-e-regiao\\\/#listItem\",\"position\":2,\"name\":\"Alagoinhas e Regi\\u00e3o\",\"item\":\"https:\\\/\\\/newsinfoco.com.br\\\/inicio\\\/category\\\/alagoinhas-e-regiao\\\/\",\"nextItem\":{\"@type\":\"ListItem\",\"@id\":\"https:\\\/\\\/newsinfoco.com.br\\\/inicio\\\/alagoinhas-realiza-primeira-audiencia-publica-de-construcao-do-plano-municipal-de-atendimento-socioeducativo\\\/#listItem\",\"name\":\"Alagoinhas realiza primeira audi\\u00eancia p\\u00fablica de constru\\u00e7\\u00e3o do Plano Municipal de Atendimento Socioeducativo\"},\"previousItem\":{\"@type\":\"ListItem\",\"@id\":\"https:\\\/\\\/newsinfoco.com.br\\\/inicio#listItem\",\"name\":\"In\\u00edcio\"}},{\"@type\":\"ListItem\",\"@id\":\"https:\\\/\\\/newsinfoco.com.br\\\/inicio\\\/alagoinhas-realiza-primeira-audiencia-publica-de-construcao-do-plano-municipal-de-atendimento-socioeducativo\\\/#listItem\",\"position\":3,\"name\":\"Alagoinhas realiza primeira audi\\u00eancia p\\u00fablica de constru\\u00e7\\u00e3o do Plano Municipal de Atendimento Socioeducativo\",\"previousItem\":{\"@type\":\"ListItem\",\"@id\":\"https:\\\/\\\/newsinfoco.com.br\\\/inicio\\\/category\\\/alagoinhas-e-regiao\\\/#listItem\",\"name\":\"Alagoinhas e Regi\\u00e3o\"}}]},{\"@type\":\"Organization\",\"@id\":\"https:\\\/\\\/newsinfoco.com.br\\\/inicio\\\/#organization\",\"name\":\"News In Foco - Editado por Caio Pimenta\",\"description\":\"O principal site de noticias de Alagoinhas e regi\\u00e3o\",\"url\":\"https:\\\/\\\/newsinfoco.com.br\\\/inicio\\\/\"},{\"@type\":\"Person\",\"@id\":\"https:\\\/\\\/newsinfoco.com.br\\\/inicio\\\/author\\\/administrador\\\/#author\",\"url\":\"https:\\\/\\\/newsinfoco.com.br\\\/inicio\\\/author\\\/administrador\\\/\",\"name\":\"administrador\",\"image\":{\"@type\":\"ImageObject\",\"@id\":\"https:\\\/\\\/newsinfoco.com.br\\\/inicio\\\/alagoinhas-realiza-primeira-audiencia-publica-de-construcao-do-plano-municipal-de-atendimento-socioeducativo\\\/#authorImage\",\"url\":\"https:\\\/\\\/secure.gravatar.com\\\/avatar\\\/c17a617433de8c1dc9584bb79aab7563b46f5bb7e1728c9b17d9cc3ce6a08e49?s=96&d=mm&r=g\",\"width\":96,\"height\":96,\"caption\":\"administrador\"}},{\"@type\":\"WebPage\",\"@id\":\"https:\\\/\\\/newsinfoco.com.br\\\/inicio\\\/alagoinhas-realiza-primeira-audiencia-publica-de-construcao-do-plano-municipal-de-atendimento-socioeducativo\\\/#webpage\",\"url\":\"https:\\\/\\\/newsinfoco.com.br\\\/inicio\\\/alagoinhas-realiza-primeira-audiencia-publica-de-construcao-do-plano-municipal-de-atendimento-socioeducativo\\\/\",\"name\":\"Alagoinhas realiza primeira audi\\u00eancia p\\u00fablica de constru\\u00e7\\u00e3o do Plano Municipal de Atendimento Socioeducativo - News In Foco - Editado por Caio Pimenta\",\"description\":\"Alagoinhas realizou a primeira de tr\\u00eas audi\\u00eancias p\\u00fablicas do processo de elabora\\u00e7\\u00e3o coletiva do primeiro Plano Municipal de Atendimento Socioeducativo (PMASE). O encontro ocorreu na manh\\u00e3 de quarta-feira, 17, no plen\\u00e1rio da C\\u00e2mara de Vereadores. O PMASE \\u00e9 o documento que vai orientar as a\\u00e7\\u00f5es do munic\\u00edpio voltadas \\u00e0 garantia de direitos, \\u00e0 preven\\u00e7\\u00e3o e\",\"inLanguage\":\"pt-BR\",\"isPartOf\":{\"@id\":\"https:\\\/\\\/newsinfoco.com.br\\\/inicio\\\/#website\"},\"breadcrumb\":{\"@id\":\"https:\\\/\\\/newsinfoco.com.br\\\/inicio\\\/alagoinhas-realiza-primeira-audiencia-publica-de-construcao-do-plano-municipal-de-atendimento-socioeducativo\\\/#breadcrumblist\"},\"author\":{\"@id\":\"https:\\\/\\\/newsinfoco.com.br\\\/inicio\\\/author\\\/administrador\\\/#author\"},\"creator\":{\"@id\":\"https:\\\/\\\/newsinfoco.com.br\\\/inicio\\\/author\\\/administrador\\\/#author\"},\"image\":{\"@type\":\"ImageObject\",\"url\":\"https:\\\/\\\/newsinfoco.com.br\\\/inicio\\\/wp-content\\\/uploads\\\/2025\\\/09\\\/WhatsApp-Image-2025-09-17-at-11.06.38.jpeg\",\"@id\":\"https:\\\/\\\/newsinfoco.com.br\\\/inicio\\\/alagoinhas-realiza-primeira-audiencia-publica-de-construcao-do-plano-municipal-de-atendimento-socioeducativo\\\/#mainImage\",\"width\":1600,\"height\":1066},\"primaryImageOfPage\":{\"@id\":\"https:\\\/\\\/newsinfoco.com.br\\\/inicio\\\/alagoinhas-realiza-primeira-audiencia-publica-de-construcao-do-plano-municipal-de-atendimento-socioeducativo\\\/#mainImage\"},\"datePublished\":\"2025-09-17T16:18:29-03:00\",\"dateModified\":\"2025-09-17T16:18:29-03:00\"},{\"@type\":\"WebSite\",\"@id\":\"https:\\\/\\\/newsinfoco.com.br\\\/inicio\\\/#website\",\"url\":\"https:\\\/\\\/newsinfoco.com.br\\\/inicio\\\/\",\"name\":\"News In Foco - Editado por Caio Pimenta\",\"description\":\"O principal site de noticias de Alagoinhas e regi\\u00e3o\",\"inLanguage\":\"pt-BR\",\"publisher\":{\"@id\":\"https:\\\/\\\/newsinfoco.com.br\\\/inicio\\\/#organization\"}}]}\n\t\t<\/script>\n\t\t<!-- All in One SEO -->\n\n","aioseo_head_json":{"title":"Alagoinhas realiza primeira audi\u00eancia p\u00fablica de constru\u00e7\u00e3o do Plano Municipal de Atendimento Socioeducativo - News In Foco - Editado por Caio Pimenta","description":"Alagoinhas realizou a primeira de tr\u00eas audi\u00eancias p\u00fablicas do processo de elabora\u00e7\u00e3o coletiva do primeiro Plano Municipal de Atendimento Socioeducativo (PMASE). O encontro ocorreu na manh\u00e3 de quarta-feira, 17, no plen\u00e1rio da C\u00e2mara de Vereadores. O PMASE \u00e9 o documento que vai orientar as a\u00e7\u00f5es do munic\u00edpio voltadas \u00e0 garantia de direitos, \u00e0 preven\u00e7\u00e3o e","canonical_url":"https:\/\/newsinfoco.com.br\/inicio\/alagoinhas-realiza-primeira-audiencia-publica-de-construcao-do-plano-municipal-de-atendimento-socioeducativo\/","robots":"max-image-preview:large","keywords":"","webmasterTools":{"miscellaneous":""},"schema":{"@context":"https:\/\/schema.org","@graph":[{"@type":"BlogPosting","@id":"https:\/\/newsinfoco.com.br\/inicio\/alagoinhas-realiza-primeira-audiencia-publica-de-construcao-do-plano-municipal-de-atendimento-socioeducativo\/#blogposting","name":"Alagoinhas realiza primeira audi\u00eancia p\u00fablica de constru\u00e7\u00e3o do Plano Municipal de Atendimento Socioeducativo - News In Foco - Editado por Caio Pimenta","headline":"Alagoinhas realiza primeira audi\u00eancia p\u00fablica de constru\u00e7\u00e3o do Plano Municipal de Atendimento Socioeducativo","author":{"@id":"https:\/\/newsinfoco.com.br\/inicio\/author\/administrador\/#author"},"publisher":{"@id":"https:\/\/newsinfoco.com.br\/inicio\/#organization"},"image":{"@type":"ImageObject","url":"https:\/\/newsinfoco.com.br\/inicio\/wp-content\/uploads\/2025\/09\/WhatsApp-Image-2025-09-17-at-11.06.38.jpeg","width":1600,"height":1066},"datePublished":"2025-09-17T16:18:29-03:00","dateModified":"2025-09-17T16:18:29-03:00","inLanguage":"pt-BR","mainEntityOfPage":{"@id":"https:\/\/newsinfoco.com.br\/inicio\/alagoinhas-realiza-primeira-audiencia-publica-de-construcao-do-plano-municipal-de-atendimento-socioeducativo\/#webpage"},"isPartOf":{"@id":"https:\/\/newsinfoco.com.br\/inicio\/alagoinhas-realiza-primeira-audiencia-publica-de-construcao-do-plano-municipal-de-atendimento-socioeducativo\/#webpage"},"articleSection":"Alagoinhas e Regi\u00e3o, Manchete"},{"@type":"BreadcrumbList","@id":"https:\/\/newsinfoco.com.br\/inicio\/alagoinhas-realiza-primeira-audiencia-publica-de-construcao-do-plano-municipal-de-atendimento-socioeducativo\/#breadcrumblist","itemListElement":[{"@type":"ListItem","@id":"https:\/\/newsinfoco.com.br\/inicio#listItem","position":1,"name":"In\u00edcio","item":"https:\/\/newsinfoco.com.br\/inicio","nextItem":{"@type":"ListItem","@id":"https:\/\/newsinfoco.com.br\/inicio\/category\/alagoinhas-e-regiao\/#listItem","name":"Alagoinhas e Regi\u00e3o"}},{"@type":"ListItem","@id":"https:\/\/newsinfoco.com.br\/inicio\/category\/alagoinhas-e-regiao\/#listItem","position":2,"name":"Alagoinhas e Regi\u00e3o","item":"https:\/\/newsinfoco.com.br\/inicio\/category\/alagoinhas-e-regiao\/","nextItem":{"@type":"ListItem","@id":"https:\/\/newsinfoco.com.br\/inicio\/alagoinhas-realiza-primeira-audiencia-publica-de-construcao-do-plano-municipal-de-atendimento-socioeducativo\/#listItem","name":"Alagoinhas realiza primeira audi\u00eancia p\u00fablica de constru\u00e7\u00e3o do Plano Municipal de Atendimento Socioeducativo"},"previousItem":{"@type":"ListItem","@id":"https:\/\/newsinfoco.com.br\/inicio#listItem","name":"In\u00edcio"}},{"@type":"ListItem","@id":"https:\/\/newsinfoco.com.br\/inicio\/alagoinhas-realiza-primeira-audiencia-publica-de-construcao-do-plano-municipal-de-atendimento-socioeducativo\/#listItem","position":3,"name":"Alagoinhas realiza primeira audi\u00eancia p\u00fablica de constru\u00e7\u00e3o do Plano Municipal de Atendimento Socioeducativo","previousItem":{"@type":"ListItem","@id":"https:\/\/newsinfoco.com.br\/inicio\/category\/alagoinhas-e-regiao\/#listItem","name":"Alagoinhas e Regi\u00e3o"}}]},{"@type":"Organization","@id":"https:\/\/newsinfoco.com.br\/inicio\/#organization","name":"News In Foco - Editado por Caio Pimenta","description":"O principal site de noticias de Alagoinhas e regi\u00e3o","url":"https:\/\/newsinfoco.com.br\/inicio\/"},{"@type":"Person","@id":"https:\/\/newsinfoco.com.br\/inicio\/author\/administrador\/#author","url":"https:\/\/newsinfoco.com.br\/inicio\/author\/administrador\/","name":"administrador","image":{"@type":"ImageObject","@id":"https:\/\/newsinfoco.com.br\/inicio\/alagoinhas-realiza-primeira-audiencia-publica-de-construcao-do-plano-municipal-de-atendimento-socioeducativo\/#authorImage","url":"https:\/\/secure.gravatar.com\/avatar\/c17a617433de8c1dc9584bb79aab7563b46f5bb7e1728c9b17d9cc3ce6a08e49?s=96&d=mm&r=g","width":96,"height":96,"caption":"administrador"}},{"@type":"WebPage","@id":"https:\/\/newsinfoco.com.br\/inicio\/alagoinhas-realiza-primeira-audiencia-publica-de-construcao-do-plano-municipal-de-atendimento-socioeducativo\/#webpage","url":"https:\/\/newsinfoco.com.br\/inicio\/alagoinhas-realiza-primeira-audiencia-publica-de-construcao-do-plano-municipal-de-atendimento-socioeducativo\/","name":"Alagoinhas realiza primeira audi\u00eancia p\u00fablica de constru\u00e7\u00e3o do Plano Municipal de Atendimento Socioeducativo - News In Foco - Editado por Caio Pimenta","description":"Alagoinhas realizou a primeira de tr\u00eas audi\u00eancias p\u00fablicas do processo de elabora\u00e7\u00e3o coletiva do primeiro Plano Municipal de Atendimento Socioeducativo (PMASE). O encontro ocorreu na manh\u00e3 de quarta-feira, 17, no plen\u00e1rio da C\u00e2mara de Vereadores. O PMASE \u00e9 o documento que vai orientar as a\u00e7\u00f5es do munic\u00edpio voltadas \u00e0 garantia de direitos, \u00e0 preven\u00e7\u00e3o e","inLanguage":"pt-BR","isPartOf":{"@id":"https:\/\/newsinfoco.com.br\/inicio\/#website"},"breadcrumb":{"@id":"https:\/\/newsinfoco.com.br\/inicio\/alagoinhas-realiza-primeira-audiencia-publica-de-construcao-do-plano-municipal-de-atendimento-socioeducativo\/#breadcrumblist"},"author":{"@id":"https:\/\/newsinfoco.com.br\/inicio\/author\/administrador\/#author"},"creator":{"@id":"https:\/\/newsinfoco.com.br\/inicio\/author\/administrador\/#author"},"image":{"@type":"ImageObject","url":"https:\/\/newsinfoco.com.br\/inicio\/wp-content\/uploads\/2025\/09\/WhatsApp-Image-2025-09-17-at-11.06.38.jpeg","@id":"https:\/\/newsinfoco.com.br\/inicio\/alagoinhas-realiza-primeira-audiencia-publica-de-construcao-do-plano-municipal-de-atendimento-socioeducativo\/#mainImage","width":1600,"height":1066},"primaryImageOfPage":{"@id":"https:\/\/newsinfoco.com.br\/inicio\/alagoinhas-realiza-primeira-audiencia-publica-de-construcao-do-plano-municipal-de-atendimento-socioeducativo\/#mainImage"},"datePublished":"2025-09-17T16:18:29-03:00","dateModified":"2025-09-17T16:18:29-03:00"},{"@type":"WebSite","@id":"https:\/\/newsinfoco.com.br\/inicio\/#website","url":"https:\/\/newsinfoco.com.br\/inicio\/","name":"News In Foco - Editado por Caio Pimenta","description":"O principal site de noticias de Alagoinhas e regi\u00e3o","inLanguage":"pt-BR","publisher":{"@id":"https:\/\/newsinfoco.com.br\/inicio\/#organization"}}]},"og:locale":"pt_BR","og:site_name":"News In Foco - Editado por Caio Pimenta - O principal site de noticias de Alagoinhas e regi\u00e3o","og:type":"article","og:title":"Alagoinhas realiza primeira audi\u00eancia p\u00fablica de constru\u00e7\u00e3o do Plano Municipal de Atendimento Socioeducativo - News In Foco - Editado por Caio Pimenta","og:description":"Alagoinhas realizou a primeira de tr\u00eas audi\u00eancias p\u00fablicas do processo de elabora\u00e7\u00e3o coletiva do primeiro Plano Municipal de Atendimento Socioeducativo (PMASE). O encontro ocorreu na manh\u00e3 de quarta-feira, 17, no plen\u00e1rio da C\u00e2mara de Vereadores. O PMASE \u00e9 o documento que vai orientar as a\u00e7\u00f5es do munic\u00edpio voltadas \u00e0 garantia de direitos, \u00e0 preven\u00e7\u00e3o e","og:url":"https:\/\/newsinfoco.com.br\/inicio\/alagoinhas-realiza-primeira-audiencia-publica-de-construcao-do-plano-municipal-de-atendimento-socioeducativo\/","article:published_time":"2025-09-17T19:18:29+00:00","article:modified_time":"2025-09-17T19:18:29+00:00","twitter:card":"summary_large_image","twitter:title":"Alagoinhas realiza primeira audi\u00eancia p\u00fablica de constru\u00e7\u00e3o do Plano Municipal de Atendimento Socioeducativo - News In Foco - Editado por Caio Pimenta","twitter:description":"Alagoinhas realizou a primeira de tr\u00eas audi\u00eancias p\u00fablicas do processo de elabora\u00e7\u00e3o coletiva do primeiro Plano Municipal de Atendimento Socioeducativo (PMASE). O encontro ocorreu na manh\u00e3 de quarta-feira, 17, no plen\u00e1rio da C\u00e2mara de Vereadores. O PMASE \u00e9 o documento que vai orientar as a\u00e7\u00f5es do munic\u00edpio voltadas \u00e0 garantia de direitos, \u00e0 preven\u00e7\u00e3o e"},"aioseo_meta_data":{"post_id":"45469","title":null,"description":null,"keywords":null,"keyphrases":{"focus":{"keyphrase":"","score":0,"analysis":{"keyphraseInTitle":{"score":0,"maxScore":9,"error":1}}},"additional":[]},"primary_term":null,"canonical_url":null,"og_title":null,"og_description":null,"og_object_type":"default","og_image_type":"default","og_image_url":null,"og_image_width":null,"og_image_height":null,"og_image_custom_url":null,"og_image_custom_fields":null,"og_video":"","og_custom_url":null,"og_article_section":null,"og_article_tags":null,"twitter_use_og":false,"twitter_card":"default","twitter_image_type":"default","twitter_image_url":null,"twitter_image_custom_url":null,"twitter_image_custom_fields":null,"twitter_title":null,"twitter_description":null,"schema":{"blockGraphs":[],"customGraphs":[],"default":{"data":{"Article":[],"Course":[],"Dataset":[],"FAQPage":[],"Movie":[],"Person":[],"Product":[],"ProductReview":[],"Car":[],"Recipe":[],"Service":[],"SoftwareApplication":[],"WebPage":[]},"graphName":"BlogPosting","isEnabled":true},"graphs":[]},"schema_type":"default","schema_type_options":null,"pillar_content":false,"robots_default":true,"robots_noindex":false,"robots_noarchive":false,"robots_nosnippet":false,"robots_nofollow":false,"robots_noimageindex":false,"robots_noodp":false,"robots_notranslate":false,"robots_max_snippet":"-1","robots_max_videopreview":"-1","robots_max_imagepreview":"large","priority":null,"frequency":"default","local_seo":null,"breadcrumb_settings":null,"limit_modified_date":false,"ai":{"faqs":[],"keyPoints":[],"titles":[],"descriptions":[],"socialPosts":{"email":[],"linkedin":[],"twitter":[],"facebook":[],"instagram":[]}},"created":"2025-09-17 19:18:29","updated":"2025-09-17 19:24:46","seo_analyzer_scan_date":null},"aioseo_breadcrumb":"<div class=\"aioseo-breadcrumbs\"><span class=\"aioseo-breadcrumb\">\n\t\t\t<a href=\"https:\/\/newsinfoco.com.br\/inicio\" title=\"In\u00edcio\">In\u00edcio<\/a>\n\t\t<\/span><span class=\"aioseo-breadcrumb-separator\">&raquo;<\/span><span class=\"aioseo-breadcrumb\">\n\t\t\t<a href=\"https:\/\/newsinfoco.com.br\/inicio\/category\/alagoinhas-e-regiao\/\" title=\"Alagoinhas e Regi\u00e3o\">Alagoinhas e Regi\u00e3o<\/a>\n\t\t<\/span><span class=\"aioseo-breadcrumb-separator\">&raquo;<\/span><span class=\"aioseo-breadcrumb\">\n\t\t\tAlagoinhas realiza primeira audi\u00eancia p\u00fablica de constru\u00e7\u00e3o do Plano Municipal de Atendimento Socioeducativo\n\t\t<\/span><\/div>","aioseo_breadcrumb_json":[{"label":"In\u00edcio","link":"https:\/\/newsinfoco.com.br\/inicio"},{"label":"Alagoinhas e Regi\u00e3o","link":"https:\/\/newsinfoco.com.br\/inicio\/category\/alagoinhas-e-regiao\/"},{"label":"Alagoinhas realiza primeira audi\u00eancia p\u00fablica de constru\u00e7\u00e3o do Plano Municipal de Atendimento Socioeducativo","link":"https:\/\/newsinfoco.com.br\/inicio\/alagoinhas-realiza-primeira-audiencia-publica-de-construcao-do-plano-municipal-de-atendimento-socioeducativo\/"}],"_links":{"self":[{"href":"https:\/\/newsinfoco.com.br\/inicio\/wp-json\/wp\/v2\/posts\/45469","targetHints":{"allow":["GET"]}}],"collection":[{"href":"https:\/\/newsinfoco.com.br\/inicio\/wp-json\/wp\/v2\/posts"}],"about":[{"href":"https:\/\/newsinfoco.com.br\/inicio\/wp-json\/wp\/v2\/types\/post"}],"author":[{"embeddable":true,"href":"https:\/\/newsinfoco.com.br\/inicio\/wp-json\/wp\/v2\/users\/1"}],"replies":[{"embeddable":true,"href":"https:\/\/newsinfoco.com.br\/inicio\/wp-json\/wp\/v2\/comments?post=45469"}],"version-history":[{"count":1,"href":"https:\/\/newsinfoco.com.br\/inicio\/wp-json\/wp\/v2\/posts\/45469\/revisions"}],"predecessor-version":[{"id":45471,"href":"https:\/\/newsinfoco.com.br\/inicio\/wp-json\/wp\/v2\/posts\/45469\/revisions\/45471"}],"wp:featuredmedia":[{"embeddable":true,"href":"https:\/\/newsinfoco.com.br\/inicio\/wp-json\/wp\/v2\/media\/45470"}],"wp:attachment":[{"href":"https:\/\/newsinfoco.com.br\/inicio\/wp-json\/wp\/v2\/media?parent=45469"}],"wp:term":[{"taxonomy":"category","embeddable":true,"href":"https:\/\/newsinfoco.com.br\/inicio\/wp-json\/wp\/v2\/categories?post=45469"},{"taxonomy":"post_tag","embeddable":true,"href":"https:\/\/newsinfoco.com.br\/inicio\/wp-json\/wp\/v2\/tags?post=45469"}],"curies":[{"name":"wp","href":"https:\/\/api.w.org\/{rel}","templated":true}]}}