{"id":45472,"date":"2025-09-17T16:24:47","date_gmt":"2025-09-17T19:24:47","guid":{"rendered":"https:\/\/newsinfoco.com.br\/inicio\/?p=45472"},"modified":"2025-09-17T16:24:47","modified_gmt":"2025-09-17T19:24:47","slug":"escola-municipal-miguel-fontes-promove-palestra-sobre-saude-mental","status":"publish","type":"post","link":"https:\/\/newsinfoco.com.br\/inicio\/escola-municipal-miguel-fontes-promove-palestra-sobre-saude-mental\/","title":{"rendered":"Escola Municipal Miguel Fontes promove palestra sobre sa\u00fade mental"},"content":{"rendered":"<p>A Escola Municipal Miguel Fontes, no distrito de Boa Uni\u00e3o, em Alagoinhas, realizou uma palestra sobre \u201cSa\u00fade Mental e Bem-Estar Socioemocional\u201d para pais e familiares na manh\u00e3 desta quarta-feira, 17. O evento teve como objetivo orientar sobre a sa\u00fade emocional dos estudantes e destacar a import\u00e2ncia do papel da fam\u00edlia e da escola nesse processo.<\/p>\n<p>Ministrada por L\u00edbia Ximenes, presidente da seccional de Alagoinhas-BA da Escola de Pais do Brasil, a palestra contou com a presen\u00e7a de mais de 20 respons\u00e1veis. \u201cFalar sobre sa\u00fade mental \u00e9 important\u00edssimo porque, \u00e0s vezes, as pessoas se esquecem de si mesmas. Valorizam o outro e n\u00e3o se cuidam. Precisamos dar esse est\u00edmulo. Na Escola de Pais do Brasil, nos preocupamos em desenvolver a\u00e7\u00f5es que possam ser aplicadas tanto em casa quanto nas escolas\u201d, afirmou Ximenes.<\/p>\n<p>A diretora da escola, Maria Luiza Nogueira, ressaltou a import\u00e2ncia da iniciativa. \u201cRealizamos uma reuni\u00e3o com os pais dos alunos do 9\u00ba ano para falar sobre as provas do Sabe\/Saeb e tamb\u00e9m sobre as a\u00e7\u00f5es do Setembro Amarelo. Estamos evidenciando a import\u00e2ncia de falar sobre nossas emo\u00e7\u00f5es e como isso pode influenciar a vida de nossos estudantes. Esses cuidados ajudam a melhorar o desempenho na escola, refletindo diretamente na aprendizagem\u201d, explicou a diretora.<\/p>\n<p>A escola informou que, em breve, ser\u00e1 realizada uma palestra sobre o Setembro Amarelo para os alunos. Outras atividades, como gincanas e a celebra\u00e7\u00e3o do Novembro Negro, s\u00e3o realizadas ao longo do ano para complementar o desenvolvimento dos estudantes.<\/p>\n<p>Foto: Roberto Fonseca<\/p>\n<div class='share-to-whatsapp-wrapper'><div class='share-on-whsp'>Share on: <\/div><a data-text='Escola Municipal Miguel Fontes promove palestra sobre sa\u00fade mental' data-link='https:\/\/newsinfoco.com.br\/inicio\/escola-municipal-miguel-fontes-promove-palestra-sobre-saude-mental\/' class='whatsapp-button whatsapp-share'>WhatsApp<\/a><div class='clear '><\/div><\/div>","protected":false},"excerpt":{"rendered":"<p>A Escola Municipal Miguel Fontes, no distrito de Boa Uni\u00e3o, em Alagoinhas, realizou uma palestra sobre \u201cSa\u00fade Mental e Bem-Estar Socioemocional\u201d para pais e familiares na manh\u00e3 desta quarta-feira, 17. O evento teve como objetivo orientar sobre a sa\u00fade emocional dos estudantes e destacar a import\u00e2ncia do papel da fam\u00edlia e da escola nesse processo. [&hellip;]<\/p>\n","protected":false},"author":1,"featured_media":45473,"comment_status":"closed","ping_status":"closed","sticky":false,"template":"","format":"standard","meta":{"om_disable_all_campaigns":false,"rop_custom_images_group":[],"rop_custom_messages_group":[],"rop_publish_now":"initial","rop_publish_now_accounts":[],"rop_publish_now_history":[],"rop_publish_now_status":"pending","_exactmetrics_skip_tracking":false,"footnotes":""},"categories":[38,167],"tags":[],"class_list":["post-45472","post","type-post","status-publish","format-standard","has-post-thumbnail","hentry","category-alagoinhas-e-regiao","category-exclusivas"],"aioseo_notices":[],"aioseo_head":"\n\t\t<!-- All in One SEO 4.9.10 - aioseo.com -->\n\t<meta name=\"description\" content=\"A Escola Municipal Miguel Fontes, no distrito de Boa Uni\u00e3o, em Alagoinhas, realizou uma palestra sobre \u201cSa\u00fade Mental e Bem-Estar Socioemocional\u201d para pais e familiares na manh\u00e3 desta quarta-feira, 17. O evento teve como objetivo orientar sobre a sa\u00fade emocional dos estudantes e destacar a import\u00e2ncia do papel da fam\u00edlia e da escola nesse processo.\" \/>\n\t<meta name=\"robots\" content=\"max-image-preview:large\" \/>\n\t<meta name=\"author\" content=\"administrador\"\/>\n\t<link rel=\"canonical\" href=\"https:\/\/newsinfoco.com.br\/inicio\/escola-municipal-miguel-fontes-promove-palestra-sobre-saude-mental\/\" \/>\n\t<meta name=\"generator\" content=\"All in One SEO (AIOSEO) 4.9.10\" \/>\n\t\t<meta property=\"og:locale\" content=\"pt_BR\" \/>\n\t\t<meta property=\"og:site_name\" content=\"News In Foco - Editado por Caio Pimenta - O principal site de noticias de Alagoinhas e regi\u00e3o\" \/>\n\t\t<meta property=\"og:type\" content=\"article\" \/>\n\t\t<meta property=\"og:title\" content=\"Escola Municipal Miguel Fontes promove palestra sobre sa\u00fade mental - News In Foco - Editado por Caio Pimenta\" \/>\n\t\t<meta property=\"og:description\" content=\"A Escola Municipal Miguel Fontes, no distrito de Boa Uni\u00e3o, em Alagoinhas, realizou uma palestra sobre \u201cSa\u00fade Mental e Bem-Estar Socioemocional\u201d para pais e familiares na manh\u00e3 desta quarta-feira, 17. O evento teve como objetivo orientar sobre a sa\u00fade emocional dos estudantes e destacar a import\u00e2ncia do papel da fam\u00edlia e da escola nesse processo.\" \/>\n\t\t<meta property=\"og:url\" content=\"https:\/\/newsinfoco.com.br\/inicio\/escola-municipal-miguel-fontes-promove-palestra-sobre-saude-mental\/\" \/>\n\t\t<meta property=\"article:published_time\" content=\"2025-09-17T19:24:47+00:00\" \/>\n\t\t<meta property=\"article:modified_time\" content=\"2025-09-17T19:24:47+00:00\" \/>\n\t\t<meta name=\"twitter:card\" content=\"summary_large_image\" \/>\n\t\t<meta name=\"twitter:title\" content=\"Escola Municipal Miguel Fontes promove palestra sobre sa\u00fade mental - News In Foco - Editado por Caio Pimenta\" \/>\n\t\t<meta name=\"twitter:description\" content=\"A Escola Municipal Miguel Fontes, no distrito de Boa Uni\u00e3o, em Alagoinhas, realizou uma palestra sobre \u201cSa\u00fade Mental e Bem-Estar Socioemocional\u201d para pais e familiares na manh\u00e3 desta quarta-feira, 17. O evento teve como objetivo orientar sobre a sa\u00fade emocional dos estudantes e destacar a import\u00e2ncia do papel da fam\u00edlia e da escola nesse processo.\" \/>\n\t\t<script type=\"application\/ld+json\" class=\"aioseo-schema\">\n\t\t\t{\"@context\":\"https:\\\/\\\/schema.org\",\"@graph\":[{\"@type\":\"BlogPosting\",\"@id\":\"https:\\\/\\\/newsinfoco.com.br\\\/inicio\\\/escola-municipal-miguel-fontes-promove-palestra-sobre-saude-mental\\\/#blogposting\",\"name\":\"Escola Municipal Miguel Fontes promove palestra sobre sa\\u00fade mental - News In Foco - Editado por Caio Pimenta\",\"headline\":\"Escola Municipal Miguel Fontes promove palestra sobre sa\\u00fade mental\",\"author\":{\"@id\":\"https:\\\/\\\/newsinfoco.com.br\\\/inicio\\\/author\\\/administrador\\\/#author\"},\"publisher\":{\"@id\":\"https:\\\/\\\/newsinfoco.com.br\\\/inicio\\\/#organization\"},\"image\":{\"@type\":\"ImageObject\",\"url\":\"https:\\\/\\\/newsinfoco.com.br\\\/inicio\\\/wp-content\\\/uploads\\\/2025\\\/09\\\/18e3d8c4-e9c6-4184-9a85-675eed80943d.jpg\",\"width\":1600,\"height\":900},\"datePublished\":\"2025-09-17T16:24:47-03:00\",\"dateModified\":\"2025-09-17T16:24:47-03:00\",\"inLanguage\":\"pt-BR\",\"mainEntityOfPage\":{\"@id\":\"https:\\\/\\\/newsinfoco.com.br\\\/inicio\\\/escola-municipal-miguel-fontes-promove-palestra-sobre-saude-mental\\\/#webpage\"},\"isPartOf\":{\"@id\":\"https:\\\/\\\/newsinfoco.com.br\\\/inicio\\\/escola-municipal-miguel-fontes-promove-palestra-sobre-saude-mental\\\/#webpage\"},\"articleSection\":\"Alagoinhas e Regi\\u00e3o, Manchete\"},{\"@type\":\"BreadcrumbList\",\"@id\":\"https:\\\/\\\/newsinfoco.com.br\\\/inicio\\\/escola-municipal-miguel-fontes-promove-palestra-sobre-saude-mental\\\/#breadcrumblist\",\"itemListElement\":[{\"@type\":\"ListItem\",\"@id\":\"https:\\\/\\\/newsinfoco.com.br\\\/inicio#listItem\",\"position\":1,\"name\":\"In\\u00edcio\",\"item\":\"https:\\\/\\\/newsinfoco.com.br\\\/inicio\",\"nextItem\":{\"@type\":\"ListItem\",\"@id\":\"https:\\\/\\\/newsinfoco.com.br\\\/inicio\\\/category\\\/alagoinhas-e-regiao\\\/#listItem\",\"name\":\"Alagoinhas e Regi\\u00e3o\"}},{\"@type\":\"ListItem\",\"@id\":\"https:\\\/\\\/newsinfoco.com.br\\\/inicio\\\/category\\\/alagoinhas-e-regiao\\\/#listItem\",\"position\":2,\"name\":\"Alagoinhas e Regi\\u00e3o\",\"item\":\"https:\\\/\\\/newsinfoco.com.br\\\/inicio\\\/category\\\/alagoinhas-e-regiao\\\/\",\"nextItem\":{\"@type\":\"ListItem\",\"@id\":\"https:\\\/\\\/newsinfoco.com.br\\\/inicio\\\/escola-municipal-miguel-fontes-promove-palestra-sobre-saude-mental\\\/#listItem\",\"name\":\"Escola Municipal Miguel Fontes promove palestra sobre sa\\u00fade mental\"},\"previousItem\":{\"@type\":\"ListItem\",\"@id\":\"https:\\\/\\\/newsinfoco.com.br\\\/inicio#listItem\",\"name\":\"In\\u00edcio\"}},{\"@type\":\"ListItem\",\"@id\":\"https:\\\/\\\/newsinfoco.com.br\\\/inicio\\\/escola-municipal-miguel-fontes-promove-palestra-sobre-saude-mental\\\/#listItem\",\"position\":3,\"name\":\"Escola Municipal Miguel Fontes promove palestra sobre sa\\u00fade mental\",\"previousItem\":{\"@type\":\"ListItem\",\"@id\":\"https:\\\/\\\/newsinfoco.com.br\\\/inicio\\\/category\\\/alagoinhas-e-regiao\\\/#listItem\",\"name\":\"Alagoinhas e Regi\\u00e3o\"}}]},{\"@type\":\"Organization\",\"@id\":\"https:\\\/\\\/newsinfoco.com.br\\\/inicio\\\/#organization\",\"name\":\"News In Foco - Editado por Caio Pimenta\",\"description\":\"O principal site de noticias de Alagoinhas e regi\\u00e3o\",\"url\":\"https:\\\/\\\/newsinfoco.com.br\\\/inicio\\\/\"},{\"@type\":\"Person\",\"@id\":\"https:\\\/\\\/newsinfoco.com.br\\\/inicio\\\/author\\\/administrador\\\/#author\",\"url\":\"https:\\\/\\\/newsinfoco.com.br\\\/inicio\\\/author\\\/administrador\\\/\",\"name\":\"administrador\",\"image\":{\"@type\":\"ImageObject\",\"@id\":\"https:\\\/\\\/newsinfoco.com.br\\\/inicio\\\/escola-municipal-miguel-fontes-promove-palestra-sobre-saude-mental\\\/#authorImage\",\"url\":\"https:\\\/\\\/secure.gravatar.com\\\/avatar\\\/c17a617433de8c1dc9584bb79aab7563b46f5bb7e1728c9b17d9cc3ce6a08e49?s=96&d=mm&r=g\",\"width\":96,\"height\":96,\"caption\":\"administrador\"}},{\"@type\":\"WebPage\",\"@id\":\"https:\\\/\\\/newsinfoco.com.br\\\/inicio\\\/escola-municipal-miguel-fontes-promove-palestra-sobre-saude-mental\\\/#webpage\",\"url\":\"https:\\\/\\\/newsinfoco.com.br\\\/inicio\\\/escola-municipal-miguel-fontes-promove-palestra-sobre-saude-mental\\\/\",\"name\":\"Escola Municipal Miguel Fontes promove palestra sobre sa\\u00fade mental - News In Foco - Editado por Caio Pimenta\",\"description\":\"A Escola Municipal Miguel Fontes, no distrito de Boa Uni\\u00e3o, em Alagoinhas, realizou uma palestra sobre \\u201cSa\\u00fade Mental e Bem-Estar Socioemocional\\u201d para pais e familiares na manh\\u00e3 desta quarta-feira, 17. O evento teve como objetivo orientar sobre a sa\\u00fade emocional dos estudantes e destacar a import\\u00e2ncia do papel da fam\\u00edlia e da escola nesse processo.\",\"inLanguage\":\"pt-BR\",\"isPartOf\":{\"@id\":\"https:\\\/\\\/newsinfoco.com.br\\\/inicio\\\/#website\"},\"breadcrumb\":{\"@id\":\"https:\\\/\\\/newsinfoco.com.br\\\/inicio\\\/escola-municipal-miguel-fontes-promove-palestra-sobre-saude-mental\\\/#breadcrumblist\"},\"author\":{\"@id\":\"https:\\\/\\\/newsinfoco.com.br\\\/inicio\\\/author\\\/administrador\\\/#author\"},\"creator\":{\"@id\":\"https:\\\/\\\/newsinfoco.com.br\\\/inicio\\\/author\\\/administrador\\\/#author\"},\"image\":{\"@type\":\"ImageObject\",\"url\":\"https:\\\/\\\/newsinfoco.com.br\\\/inicio\\\/wp-content\\\/uploads\\\/2025\\\/09\\\/18e3d8c4-e9c6-4184-9a85-675eed80943d.jpg\",\"@id\":\"https:\\\/\\\/newsinfoco.com.br\\\/inicio\\\/escola-municipal-miguel-fontes-promove-palestra-sobre-saude-mental\\\/#mainImage\",\"width\":1600,\"height\":900},\"primaryImageOfPage\":{\"@id\":\"https:\\\/\\\/newsinfoco.com.br\\\/inicio\\\/escola-municipal-miguel-fontes-promove-palestra-sobre-saude-mental\\\/#mainImage\"},\"datePublished\":\"2025-09-17T16:24:47-03:00\",\"dateModified\":\"2025-09-17T16:24:47-03:00\"},{\"@type\":\"WebSite\",\"@id\":\"https:\\\/\\\/newsinfoco.com.br\\\/inicio\\\/#website\",\"url\":\"https:\\\/\\\/newsinfoco.com.br\\\/inicio\\\/\",\"name\":\"News In Foco - Editado por Caio Pimenta\",\"description\":\"O principal site de noticias de Alagoinhas e regi\\u00e3o\",\"inLanguage\":\"pt-BR\",\"publisher\":{\"@id\":\"https:\\\/\\\/newsinfoco.com.br\\\/inicio\\\/#organization\"}}]}\n\t\t<\/script>\n\t\t<!-- All in One SEO -->\n\n","aioseo_head_json":{"title":"Escola Municipal Miguel Fontes promove palestra sobre sa\u00fade mental - News In Foco - Editado por Caio Pimenta","description":"A Escola Municipal Miguel Fontes, no distrito de Boa Uni\u00e3o, em Alagoinhas, realizou uma palestra sobre \u201cSa\u00fade Mental e Bem-Estar Socioemocional\u201d para pais e familiares na manh\u00e3 desta quarta-feira, 17. O evento teve como objetivo orientar sobre a sa\u00fade emocional dos estudantes e destacar a import\u00e2ncia do papel da fam\u00edlia e da escola nesse processo.","canonical_url":"https:\/\/newsinfoco.com.br\/inicio\/escola-municipal-miguel-fontes-promove-palestra-sobre-saude-mental\/","robots":"max-image-preview:large","keywords":"","webmasterTools":{"miscellaneous":""},"schema":{"@context":"https:\/\/schema.org","@graph":[{"@type":"BlogPosting","@id":"https:\/\/newsinfoco.com.br\/inicio\/escola-municipal-miguel-fontes-promove-palestra-sobre-saude-mental\/#blogposting","name":"Escola Municipal Miguel Fontes promove palestra sobre sa\u00fade mental - News In Foco - Editado por Caio Pimenta","headline":"Escola Municipal Miguel Fontes promove palestra sobre sa\u00fade mental","author":{"@id":"https:\/\/newsinfoco.com.br\/inicio\/author\/administrador\/#author"},"publisher":{"@id":"https:\/\/newsinfoco.com.br\/inicio\/#organization"},"image":{"@type":"ImageObject","url":"https:\/\/newsinfoco.com.br\/inicio\/wp-content\/uploads\/2025\/09\/18e3d8c4-e9c6-4184-9a85-675eed80943d.jpg","width":1600,"height":900},"datePublished":"2025-09-17T16:24:47-03:00","dateModified":"2025-09-17T16:24:47-03:00","inLanguage":"pt-BR","mainEntityOfPage":{"@id":"https:\/\/newsinfoco.com.br\/inicio\/escola-municipal-miguel-fontes-promove-palestra-sobre-saude-mental\/#webpage"},"isPartOf":{"@id":"https:\/\/newsinfoco.com.br\/inicio\/escola-municipal-miguel-fontes-promove-palestra-sobre-saude-mental\/#webpage"},"articleSection":"Alagoinhas e Regi\u00e3o, Manchete"},{"@type":"BreadcrumbList","@id":"https:\/\/newsinfoco.com.br\/inicio\/escola-municipal-miguel-fontes-promove-palestra-sobre-saude-mental\/#breadcrumblist","itemListElement":[{"@type":"ListItem","@id":"https:\/\/newsinfoco.com.br\/inicio#listItem","position":1,"name":"In\u00edcio","item":"https:\/\/newsinfoco.com.br\/inicio","nextItem":{"@type":"ListItem","@id":"https:\/\/newsinfoco.com.br\/inicio\/category\/alagoinhas-e-regiao\/#listItem","name":"Alagoinhas e Regi\u00e3o"}},{"@type":"ListItem","@id":"https:\/\/newsinfoco.com.br\/inicio\/category\/alagoinhas-e-regiao\/#listItem","position":2,"name":"Alagoinhas e Regi\u00e3o","item":"https:\/\/newsinfoco.com.br\/inicio\/category\/alagoinhas-e-regiao\/","nextItem":{"@type":"ListItem","@id":"https:\/\/newsinfoco.com.br\/inicio\/escola-municipal-miguel-fontes-promove-palestra-sobre-saude-mental\/#listItem","name":"Escola Municipal Miguel Fontes promove palestra sobre sa\u00fade mental"},"previousItem":{"@type":"ListItem","@id":"https:\/\/newsinfoco.com.br\/inicio#listItem","name":"In\u00edcio"}},{"@type":"ListItem","@id":"https:\/\/newsinfoco.com.br\/inicio\/escola-municipal-miguel-fontes-promove-palestra-sobre-saude-mental\/#listItem","position":3,"name":"Escola Municipal Miguel Fontes promove palestra sobre sa\u00fade mental","previousItem":{"@type":"ListItem","@id":"https:\/\/newsinfoco.com.br\/inicio\/category\/alagoinhas-e-regiao\/#listItem","name":"Alagoinhas e Regi\u00e3o"}}]},{"@type":"Organization","@id":"https:\/\/newsinfoco.com.br\/inicio\/#organization","name":"News In Foco - Editado por Caio Pimenta","description":"O principal site de noticias de Alagoinhas e regi\u00e3o","url":"https:\/\/newsinfoco.com.br\/inicio\/"},{"@type":"Person","@id":"https:\/\/newsinfoco.com.br\/inicio\/author\/administrador\/#author","url":"https:\/\/newsinfoco.com.br\/inicio\/author\/administrador\/","name":"administrador","image":{"@type":"ImageObject","@id":"https:\/\/newsinfoco.com.br\/inicio\/escola-municipal-miguel-fontes-promove-palestra-sobre-saude-mental\/#authorImage","url":"https:\/\/secure.gravatar.com\/avatar\/c17a617433de8c1dc9584bb79aab7563b46f5bb7e1728c9b17d9cc3ce6a08e49?s=96&d=mm&r=g","width":96,"height":96,"caption":"administrador"}},{"@type":"WebPage","@id":"https:\/\/newsinfoco.com.br\/inicio\/escola-municipal-miguel-fontes-promove-palestra-sobre-saude-mental\/#webpage","url":"https:\/\/newsinfoco.com.br\/inicio\/escola-municipal-miguel-fontes-promove-palestra-sobre-saude-mental\/","name":"Escola Municipal Miguel Fontes promove palestra sobre sa\u00fade mental - News In Foco - Editado por Caio Pimenta","description":"A Escola Municipal Miguel Fontes, no distrito de Boa Uni\u00e3o, em Alagoinhas, realizou uma palestra sobre \u201cSa\u00fade Mental e Bem-Estar Socioemocional\u201d para pais e familiares na manh\u00e3 desta quarta-feira, 17. O evento teve como objetivo orientar sobre a sa\u00fade emocional dos estudantes e destacar a import\u00e2ncia do papel da fam\u00edlia e da escola nesse processo.","inLanguage":"pt-BR","isPartOf":{"@id":"https:\/\/newsinfoco.com.br\/inicio\/#website"},"breadcrumb":{"@id":"https:\/\/newsinfoco.com.br\/inicio\/escola-municipal-miguel-fontes-promove-palestra-sobre-saude-mental\/#breadcrumblist"},"author":{"@id":"https:\/\/newsinfoco.com.br\/inicio\/author\/administrador\/#author"},"creator":{"@id":"https:\/\/newsinfoco.com.br\/inicio\/author\/administrador\/#author"},"image":{"@type":"ImageObject","url":"https:\/\/newsinfoco.com.br\/inicio\/wp-content\/uploads\/2025\/09\/18e3d8c4-e9c6-4184-9a85-675eed80943d.jpg","@id":"https:\/\/newsinfoco.com.br\/inicio\/escola-municipal-miguel-fontes-promove-palestra-sobre-saude-mental\/#mainImage","width":1600,"height":900},"primaryImageOfPage":{"@id":"https:\/\/newsinfoco.com.br\/inicio\/escola-municipal-miguel-fontes-promove-palestra-sobre-saude-mental\/#mainImage"},"datePublished":"2025-09-17T16:24:47-03:00","dateModified":"2025-09-17T16:24:47-03:00"},{"@type":"WebSite","@id":"https:\/\/newsinfoco.com.br\/inicio\/#website","url":"https:\/\/newsinfoco.com.br\/inicio\/","name":"News In Foco - Editado por Caio Pimenta","description":"O principal site de noticias de Alagoinhas e regi\u00e3o","inLanguage":"pt-BR","publisher":{"@id":"https:\/\/newsinfoco.com.br\/inicio\/#organization"}}]},"og:locale":"pt_BR","og:site_name":"News In Foco - Editado por Caio Pimenta - O principal site de noticias de Alagoinhas e regi\u00e3o","og:type":"article","og:title":"Escola Municipal Miguel Fontes promove palestra sobre sa\u00fade mental - News In Foco - Editado por Caio Pimenta","og:description":"A Escola Municipal Miguel Fontes, no distrito de Boa Uni\u00e3o, em Alagoinhas, realizou uma palestra sobre \u201cSa\u00fade Mental e Bem-Estar Socioemocional\u201d para pais e familiares na manh\u00e3 desta quarta-feira, 17. O evento teve como objetivo orientar sobre a sa\u00fade emocional dos estudantes e destacar a import\u00e2ncia do papel da fam\u00edlia e da escola nesse processo.","og:url":"https:\/\/newsinfoco.com.br\/inicio\/escola-municipal-miguel-fontes-promove-palestra-sobre-saude-mental\/","article:published_time":"2025-09-17T19:24:47+00:00","article:modified_time":"2025-09-17T19:24:47+00:00","twitter:card":"summary_large_image","twitter:title":"Escola Municipal Miguel Fontes promove palestra sobre sa\u00fade mental - News In Foco - Editado por Caio Pimenta","twitter:description":"A Escola Municipal Miguel Fontes, no distrito de Boa Uni\u00e3o, em Alagoinhas, realizou uma palestra sobre \u201cSa\u00fade Mental e Bem-Estar Socioemocional\u201d para pais e familiares na manh\u00e3 desta quarta-feira, 17. O evento teve como objetivo orientar sobre a sa\u00fade emocional dos estudantes e destacar a import\u00e2ncia do papel da fam\u00edlia e da escola nesse processo."},"aioseo_meta_data":{"post_id":"45472","title":null,"description":null,"keywords":null,"keyphrases":{"focus":{"keyphrase":"","score":0,"analysis":{"keyphraseInTitle":{"score":0,"maxScore":9,"error":1}}},"additional":[]},"primary_term":null,"canonical_url":null,"og_title":null,"og_description":null,"og_object_type":"default","og_image_type":"default","og_image_url":null,"og_image_width":null,"og_image_height":null,"og_image_custom_url":null,"og_image_custom_fields":null,"og_video":"","og_custom_url":null,"og_article_section":null,"og_article_tags":null,"twitter_use_og":false,"twitter_card":"default","twitter_image_type":"default","twitter_image_url":null,"twitter_image_custom_url":null,"twitter_image_custom_fields":null,"twitter_title":null,"twitter_description":null,"schema":{"blockGraphs":[],"customGraphs":[],"default":{"data":{"Article":[],"Course":[],"Dataset":[],"FAQPage":[],"Movie":[],"Person":[],"Product":[],"ProductReview":[],"Car":[],"Recipe":[],"Service":[],"SoftwareApplication":[],"WebPage":[]},"graphName":"BlogPosting","isEnabled":true},"graphs":[]},"schema_type":"default","schema_type_options":null,"pillar_content":false,"robots_default":true,"robots_noindex":false,"robots_noarchive":false,"robots_nosnippet":false,"robots_nofollow":false,"robots_noimageindex":false,"robots_noodp":false,"robots_notranslate":false,"robots_max_snippet":"-1","robots_max_videopreview":"-1","robots_max_imagepreview":"large","priority":null,"frequency":"default","local_seo":null,"breadcrumb_settings":null,"limit_modified_date":false,"ai":{"faqs":[],"keyPoints":[],"titles":[],"descriptions":[],"socialPosts":{"email":[],"linkedin":[],"twitter":[],"facebook":[],"instagram":[]}},"created":"2025-09-17 19:24:48","updated":"2025-09-17 19:26:05","seo_analyzer_scan_date":null},"aioseo_breadcrumb":"<div class=\"aioseo-breadcrumbs\"><span class=\"aioseo-breadcrumb\">\n\t\t\t<a href=\"https:\/\/newsinfoco.com.br\/inicio\" title=\"In\u00edcio\">In\u00edcio<\/a>\n\t\t<\/span><span class=\"aioseo-breadcrumb-separator\">&raquo;<\/span><span class=\"aioseo-breadcrumb\">\n\t\t\t<a href=\"https:\/\/newsinfoco.com.br\/inicio\/category\/alagoinhas-e-regiao\/\" title=\"Alagoinhas e Regi\u00e3o\">Alagoinhas e Regi\u00e3o<\/a>\n\t\t<\/span><span class=\"aioseo-breadcrumb-separator\">&raquo;<\/span><span class=\"aioseo-breadcrumb\">\n\t\t\tEscola Municipal Miguel Fontes promove palestra sobre sa\u00fade mental\n\t\t<\/span><\/div>","aioseo_breadcrumb_json":[{"label":"In\u00edcio","link":"https:\/\/newsinfoco.com.br\/inicio"},{"label":"Alagoinhas e Regi\u00e3o","link":"https:\/\/newsinfoco.com.br\/inicio\/category\/alagoinhas-e-regiao\/"},{"label":"Escola Municipal Miguel Fontes promove palestra sobre sa\u00fade mental","link":"https:\/\/newsinfoco.com.br\/inicio\/escola-municipal-miguel-fontes-promove-palestra-sobre-saude-mental\/"}],"_links":{"self":[{"href":"https:\/\/newsinfoco.com.br\/inicio\/wp-json\/wp\/v2\/posts\/45472","targetHints":{"allow":["GET"]}}],"collection":[{"href":"https:\/\/newsinfoco.com.br\/inicio\/wp-json\/wp\/v2\/posts"}],"about":[{"href":"https:\/\/newsinfoco.com.br\/inicio\/wp-json\/wp\/v2\/types\/post"}],"author":[{"embeddable":true,"href":"https:\/\/newsinfoco.com.br\/inicio\/wp-json\/wp\/v2\/users\/1"}],"replies":[{"embeddable":true,"href":"https:\/\/newsinfoco.com.br\/inicio\/wp-json\/wp\/v2\/comments?post=45472"}],"version-history":[{"count":1,"href":"https:\/\/newsinfoco.com.br\/inicio\/wp-json\/wp\/v2\/posts\/45472\/revisions"}],"predecessor-version":[{"id":45474,"href":"https:\/\/newsinfoco.com.br\/inicio\/wp-json\/wp\/v2\/posts\/45472\/revisions\/45474"}],"wp:featuredmedia":[{"embeddable":true,"href":"https:\/\/newsinfoco.com.br\/inicio\/wp-json\/wp\/v2\/media\/45473"}],"wp:attachment":[{"href":"https:\/\/newsinfoco.com.br\/inicio\/wp-json\/wp\/v2\/media?parent=45472"}],"wp:term":[{"taxonomy":"category","embeddable":true,"href":"https:\/\/newsinfoco.com.br\/inicio\/wp-json\/wp\/v2\/categories?post=45472"},{"taxonomy":"post_tag","embeddable":true,"href":"https:\/\/newsinfoco.com.br\/inicio\/wp-json\/wp\/v2\/tags?post=45472"}],"curies":[{"name":"wp","href":"https:\/\/api.w.org\/{rel}","templated":true}]}}