{"id":45475,"date":"2025-09-17T16:32:46","date_gmt":"2025-09-17T19:32:46","guid":{"rendered":"https:\/\/newsinfoco.com.br\/inicio\/?p=45475"},"modified":"2025-09-17T16:32:46","modified_gmt":"2025-09-17T19:32:46","slug":"alagoinhas-promove-1o-encontro-de-associacoes-comunitarias-no-proximo-dia-28","status":"publish","type":"post","link":"https:\/\/newsinfoco.com.br\/inicio\/alagoinhas-promove-1o-encontro-de-associacoes-comunitarias-no-proximo-dia-28\/","title":{"rendered":"Alagoinhas promove 1\u00ba Encontro de Associa\u00e7\u00f5es Comunit\u00e1rias no pr\u00f3ximo dia 28"},"content":{"rendered":"<p>A Prefeitura de Alagoinhas promove, no dia 28 de setembro, o 1\u00ba Encontro Municipal das Associa\u00e7\u00f5es Comunit\u00e1rias. O evento acontece das 8h \u00e0s 17h, no Col\u00e9gio Modelo Lu\u00eds Eduardo Magalh\u00e3es. Cerca de cem associa\u00e7\u00f5es est\u00e3o sendo convidadas, entre urbanas e rurais. A iniciativa \u00e9 da Secretaria de Governo (Segov). Al\u00e9m de criar um momento de di\u00e1logo e escuta das demandas das associa\u00e7\u00f5es, o objetivo \u00e9 oferecer orienta\u00e7\u00f5es sobre temas como sustentabilidade, empreendedorismo e economia solid\u00e1ria.<\/p>\n<p>Os dirigentes das associa\u00e7\u00f5es e associados ter\u00e3o acesso a orienta\u00e7\u00f5es do Banco do Nordeste (BNB), sobre acesso a cr\u00e9ditos, e do Sebrae, acerca das possibilidades de capacita\u00e7\u00e3o profissional para micro e pequenos empreendedores. Al\u00e9m disso, o Cart\u00f3rio de Registro de Im\u00f3veis e Hipotecas, T\u00edtulos e Documentos, e o Cart\u00f3rio Civil de Pessoas Jur\u00eddicas de Alagoinhas, v\u00e3o tirar d\u00favidas e dar orienta\u00e7\u00f5es pr\u00e1ticas para as associa\u00e7\u00f5es quanto a procedimentos de regulariza\u00e7\u00e3o e registros cartoriais.<\/p>\n<p>\u201cAs associa\u00e7\u00f5es comunit\u00e1rias s\u00e3o parceiras essenciais na constru\u00e7\u00e3o da nossa cidade. Elas organizam, mobilizam e representam as identidades locais, conectam fam\u00edlias, bairros e comunidades com as pol\u00edticas p\u00fablicas. Ao promover este encontro, refor\u00e7amos a import\u00e2ncia da participa\u00e7\u00e3o cidad\u00e3 na gest\u00e3o p\u00fablica, que ganha mais legitimidade quando acontece em conjunto com quem vive e trabalha nas comunidades\u201d, afirma o prefeito de Alagoinhas, Gustavo Carmo.<\/p>\n<p>A Prefeitura tamb\u00e9m vai montar estandes para que as secretarias de Educa\u00e7\u00e3o (Seduc); Sa\u00fade (Sesau); Desenvolvimento Rural e Meio Ambiente (SDRA); Desenvolvimento Social (Sedes); Manuten\u00e7\u00e3o (Seman); Mobilidade e Ordem P\u00fablica (Semorp); Ouvidoria e Procon tirem d\u00favidas sobre os servi\u00e7os disponibilizados pelo Munic\u00edpio.<\/p>\n<p>\u201cNeste encontro, oferecemos espa\u00e7os de escuta qualificada para entender as demandas das associa\u00e7\u00f5es e orientar sobre temas estrat\u00e9gicos. O acesso a servi\u00e7os de apoio, com informa\u00e7\u00f5es sobre acesso a cr\u00e9ditos e capacita\u00e7\u00e3o, demonstra nosso compromisso em transformar conhecimento em oportunidades reais de melhoria de vida para as fam\u00edlias\u201d, diz Anderson Baqueiro, o secret\u00e1rio municipal de Governo.<\/p>\n<p>\u201cEstamos determinados a institucionalizar esse di\u00e1logo, ampliar a participa\u00e7\u00e3o, facilitar o acesso \u00e0 informa\u00e7\u00e3o e promover a\u00e7\u00f5es conjuntas que resultem em servi\u00e7os p\u00fablicos mais pr\u00f3ximos dos cidad\u00e3os. Acreditamos que, com participa\u00e7\u00e3o ativa e respeito m\u00fatuo entre o poder p\u00fablico e as associa\u00e7\u00f5es, Alagoinhas vai avan\u00e7ar de forma mais justa e duradoura\u201d, acrescenta Baqueiro.<\/p>\n<p>&nbsp;<\/p>\n<div align=\"right\"><\/div>\n<div class='share-to-whatsapp-wrapper'><div class='share-on-whsp'>Share on: <\/div><a data-text='Alagoinhas promove 1\u00ba Encontro de Associa\u00e7\u00f5es Comunit\u00e1rias no pr\u00f3ximo dia 28' data-link='https:\/\/newsinfoco.com.br\/inicio\/alagoinhas-promove-1o-encontro-de-associacoes-comunitarias-no-proximo-dia-28\/' class='whatsapp-button whatsapp-share'>WhatsApp<\/a><div class='clear '><\/div><\/div>","protected":false},"excerpt":{"rendered":"<p>A Prefeitura de Alagoinhas promove, no dia 28 de setembro, o 1\u00ba Encontro Municipal das Associa\u00e7\u00f5es Comunit\u00e1rias. O evento acontece das 8h \u00e0s 17h, no Col\u00e9gio Modelo Lu\u00eds Eduardo Magalh\u00e3es. Cerca de cem associa\u00e7\u00f5es est\u00e3o sendo convidadas, entre urbanas e rurais. A iniciativa \u00e9 da Secretaria de Governo (Segov). Al\u00e9m de criar um momento de [&hellip;]<\/p>\n","protected":false},"author":1,"featured_media":45476,"comment_status":"closed","ping_status":"closed","sticky":false,"template":"","format":"standard","meta":{"om_disable_all_campaigns":false,"rop_custom_images_group":[],"rop_custom_messages_group":[],"rop_publish_now":"initial","rop_publish_now_accounts":[],"rop_publish_now_history":[],"rop_publish_now_status":"pending","_exactmetrics_skip_tracking":false,"footnotes":""},"categories":[38,167],"tags":[],"class_list":["post-45475","post","type-post","status-publish","format-standard","has-post-thumbnail","hentry","category-alagoinhas-e-regiao","category-exclusivas"],"aioseo_notices":[],"aioseo_head":"\n\t\t<!-- All in One SEO 4.9.10 - aioseo.com -->\n\t<meta name=\"description\" content=\"A Prefeitura de Alagoinhas promove, no dia 28 de setembro, o 1\u00ba Encontro Municipal das Associa\u00e7\u00f5es Comunit\u00e1rias. O evento acontece das 8h \u00e0s 17h, no Col\u00e9gio Modelo Lu\u00eds Eduardo Magalh\u00e3es. Cerca de cem associa\u00e7\u00f5es est\u00e3o sendo convidadas, entre urbanas e rurais. A iniciativa \u00e9 da Secretaria de Governo (Segov). Al\u00e9m de criar um momento de\" \/>\n\t<meta name=\"robots\" content=\"max-image-preview:large\" \/>\n\t<meta name=\"author\" content=\"administrador\"\/>\n\t<link rel=\"canonical\" href=\"https:\/\/newsinfoco.com.br\/inicio\/alagoinhas-promove-1o-encontro-de-associacoes-comunitarias-no-proximo-dia-28\/\" \/>\n\t<meta name=\"generator\" content=\"All in One SEO (AIOSEO) 4.9.10\" \/>\n\t\t<meta property=\"og:locale\" content=\"pt_BR\" \/>\n\t\t<meta property=\"og:site_name\" content=\"News In Foco - Editado por Caio Pimenta - O principal site de noticias de Alagoinhas e regi\u00e3o\" \/>\n\t\t<meta property=\"og:type\" content=\"article\" \/>\n\t\t<meta property=\"og:title\" content=\"Alagoinhas promove 1\u00ba Encontro de Associa\u00e7\u00f5es Comunit\u00e1rias no pr\u00f3ximo dia 28 - News In Foco - Editado por Caio Pimenta\" \/>\n\t\t<meta property=\"og:description\" content=\"A Prefeitura de Alagoinhas promove, no dia 28 de setembro, o 1\u00ba Encontro Municipal das Associa\u00e7\u00f5es Comunit\u00e1rias. O evento acontece das 8h \u00e0s 17h, no Col\u00e9gio Modelo Lu\u00eds Eduardo Magalh\u00e3es. Cerca de cem associa\u00e7\u00f5es est\u00e3o sendo convidadas, entre urbanas e rurais. A iniciativa \u00e9 da Secretaria de Governo (Segov). Al\u00e9m de criar um momento de\" \/>\n\t\t<meta property=\"og:url\" content=\"https:\/\/newsinfoco.com.br\/inicio\/alagoinhas-promove-1o-encontro-de-associacoes-comunitarias-no-proximo-dia-28\/\" \/>\n\t\t<meta property=\"article:published_time\" content=\"2025-09-17T19:32:46+00:00\" \/>\n\t\t<meta property=\"article:modified_time\" content=\"2025-09-17T19:32:46+00:00\" \/>\n\t\t<meta name=\"twitter:card\" content=\"summary_large_image\" \/>\n\t\t<meta name=\"twitter:title\" content=\"Alagoinhas promove 1\u00ba Encontro de Associa\u00e7\u00f5es Comunit\u00e1rias no pr\u00f3ximo dia 28 - News In Foco - Editado por Caio Pimenta\" \/>\n\t\t<meta name=\"twitter:description\" content=\"A Prefeitura de Alagoinhas promove, no dia 28 de setembro, o 1\u00ba Encontro Municipal das Associa\u00e7\u00f5es Comunit\u00e1rias. O evento acontece das 8h \u00e0s 17h, no Col\u00e9gio Modelo Lu\u00eds Eduardo Magalh\u00e3es. Cerca de cem associa\u00e7\u00f5es est\u00e3o sendo convidadas, entre urbanas e rurais. A iniciativa \u00e9 da Secretaria de Governo (Segov). Al\u00e9m de criar um momento de\" \/>\n\t\t<script type=\"application\/ld+json\" class=\"aioseo-schema\">\n\t\t\t{\"@context\":\"https:\\\/\\\/schema.org\",\"@graph\":[{\"@type\":\"BlogPosting\",\"@id\":\"https:\\\/\\\/newsinfoco.com.br\\\/inicio\\\/alagoinhas-promove-1o-encontro-de-associacoes-comunitarias-no-proximo-dia-28\\\/#blogposting\",\"name\":\"Alagoinhas promove 1\\u00ba Encontro de Associa\\u00e7\\u00f5es Comunit\\u00e1rias no pr\\u00f3ximo dia 28 - News In Foco - Editado por Caio Pimenta\",\"headline\":\"Alagoinhas promove 1\\u00ba Encontro de Associa\\u00e7\\u00f5es Comunit\\u00e1rias no pr\\u00f3ximo dia 28\",\"author\":{\"@id\":\"https:\\\/\\\/newsinfoco.com.br\\\/inicio\\\/author\\\/administrador\\\/#author\"},\"publisher\":{\"@id\":\"https:\\\/\\\/newsinfoco.com.br\\\/inicio\\\/#organization\"},\"image\":{\"@type\":\"ImageObject\",\"url\":\"https:\\\/\\\/newsinfoco.com.br\\\/inicio\\\/wp-content\\\/uploads\\\/2025\\\/09\\\/Design-sem-nome-10-1.png\",\"width\":1772,\"height\":1181},\"datePublished\":\"2025-09-17T16:32:46-03:00\",\"dateModified\":\"2025-09-17T16:32:46-03:00\",\"inLanguage\":\"pt-BR\",\"mainEntityOfPage\":{\"@id\":\"https:\\\/\\\/newsinfoco.com.br\\\/inicio\\\/alagoinhas-promove-1o-encontro-de-associacoes-comunitarias-no-proximo-dia-28\\\/#webpage\"},\"isPartOf\":{\"@id\":\"https:\\\/\\\/newsinfoco.com.br\\\/inicio\\\/alagoinhas-promove-1o-encontro-de-associacoes-comunitarias-no-proximo-dia-28\\\/#webpage\"},\"articleSection\":\"Alagoinhas e Regi\\u00e3o, Manchete\"},{\"@type\":\"BreadcrumbList\",\"@id\":\"https:\\\/\\\/newsinfoco.com.br\\\/inicio\\\/alagoinhas-promove-1o-encontro-de-associacoes-comunitarias-no-proximo-dia-28\\\/#breadcrumblist\",\"itemListElement\":[{\"@type\":\"ListItem\",\"@id\":\"https:\\\/\\\/newsinfoco.com.br\\\/inicio#listItem\",\"position\":1,\"name\":\"In\\u00edcio\",\"item\":\"https:\\\/\\\/newsinfoco.com.br\\\/inicio\",\"nextItem\":{\"@type\":\"ListItem\",\"@id\":\"https:\\\/\\\/newsinfoco.com.br\\\/inicio\\\/category\\\/alagoinhas-e-regiao\\\/#listItem\",\"name\":\"Alagoinhas e Regi\\u00e3o\"}},{\"@type\":\"ListItem\",\"@id\":\"https:\\\/\\\/newsinfoco.com.br\\\/inicio\\\/category\\\/alagoinhas-e-regiao\\\/#listItem\",\"position\":2,\"name\":\"Alagoinhas e Regi\\u00e3o\",\"item\":\"https:\\\/\\\/newsinfoco.com.br\\\/inicio\\\/category\\\/alagoinhas-e-regiao\\\/\",\"nextItem\":{\"@type\":\"ListItem\",\"@id\":\"https:\\\/\\\/newsinfoco.com.br\\\/inicio\\\/alagoinhas-promove-1o-encontro-de-associacoes-comunitarias-no-proximo-dia-28\\\/#listItem\",\"name\":\"Alagoinhas promove 1\\u00ba Encontro de Associa\\u00e7\\u00f5es Comunit\\u00e1rias no pr\\u00f3ximo dia 28\"},\"previousItem\":{\"@type\":\"ListItem\",\"@id\":\"https:\\\/\\\/newsinfoco.com.br\\\/inicio#listItem\",\"name\":\"In\\u00edcio\"}},{\"@type\":\"ListItem\",\"@id\":\"https:\\\/\\\/newsinfoco.com.br\\\/inicio\\\/alagoinhas-promove-1o-encontro-de-associacoes-comunitarias-no-proximo-dia-28\\\/#listItem\",\"position\":3,\"name\":\"Alagoinhas promove 1\\u00ba Encontro de Associa\\u00e7\\u00f5es Comunit\\u00e1rias no pr\\u00f3ximo dia 28\",\"previousItem\":{\"@type\":\"ListItem\",\"@id\":\"https:\\\/\\\/newsinfoco.com.br\\\/inicio\\\/category\\\/alagoinhas-e-regiao\\\/#listItem\",\"name\":\"Alagoinhas e Regi\\u00e3o\"}}]},{\"@type\":\"Organization\",\"@id\":\"https:\\\/\\\/newsinfoco.com.br\\\/inicio\\\/#organization\",\"name\":\"News In Foco - Editado por Caio Pimenta\",\"description\":\"O principal site de noticias de Alagoinhas e regi\\u00e3o\",\"url\":\"https:\\\/\\\/newsinfoco.com.br\\\/inicio\\\/\"},{\"@type\":\"Person\",\"@id\":\"https:\\\/\\\/newsinfoco.com.br\\\/inicio\\\/author\\\/administrador\\\/#author\",\"url\":\"https:\\\/\\\/newsinfoco.com.br\\\/inicio\\\/author\\\/administrador\\\/\",\"name\":\"administrador\",\"image\":{\"@type\":\"ImageObject\",\"@id\":\"https:\\\/\\\/newsinfoco.com.br\\\/inicio\\\/alagoinhas-promove-1o-encontro-de-associacoes-comunitarias-no-proximo-dia-28\\\/#authorImage\",\"url\":\"https:\\\/\\\/secure.gravatar.com\\\/avatar\\\/c17a617433de8c1dc9584bb79aab7563b46f5bb7e1728c9b17d9cc3ce6a08e49?s=96&d=mm&r=g\",\"width\":96,\"height\":96,\"caption\":\"administrador\"}},{\"@type\":\"WebPage\",\"@id\":\"https:\\\/\\\/newsinfoco.com.br\\\/inicio\\\/alagoinhas-promove-1o-encontro-de-associacoes-comunitarias-no-proximo-dia-28\\\/#webpage\",\"url\":\"https:\\\/\\\/newsinfoco.com.br\\\/inicio\\\/alagoinhas-promove-1o-encontro-de-associacoes-comunitarias-no-proximo-dia-28\\\/\",\"name\":\"Alagoinhas promove 1\\u00ba Encontro de Associa\\u00e7\\u00f5es Comunit\\u00e1rias no pr\\u00f3ximo dia 28 - News In Foco - Editado por Caio Pimenta\",\"description\":\"A Prefeitura de Alagoinhas promove, no dia 28 de setembro, o 1\\u00ba Encontro Municipal das Associa\\u00e7\\u00f5es Comunit\\u00e1rias. O evento acontece das 8h \\u00e0s 17h, no Col\\u00e9gio Modelo Lu\\u00eds Eduardo Magalh\\u00e3es. Cerca de cem associa\\u00e7\\u00f5es est\\u00e3o sendo convidadas, entre urbanas e rurais. A iniciativa \\u00e9 da Secretaria de Governo (Segov). Al\\u00e9m de criar um momento de\",\"inLanguage\":\"pt-BR\",\"isPartOf\":{\"@id\":\"https:\\\/\\\/newsinfoco.com.br\\\/inicio\\\/#website\"},\"breadcrumb\":{\"@id\":\"https:\\\/\\\/newsinfoco.com.br\\\/inicio\\\/alagoinhas-promove-1o-encontro-de-associacoes-comunitarias-no-proximo-dia-28\\\/#breadcrumblist\"},\"author\":{\"@id\":\"https:\\\/\\\/newsinfoco.com.br\\\/inicio\\\/author\\\/administrador\\\/#author\"},\"creator\":{\"@id\":\"https:\\\/\\\/newsinfoco.com.br\\\/inicio\\\/author\\\/administrador\\\/#author\"},\"image\":{\"@type\":\"ImageObject\",\"url\":\"https:\\\/\\\/newsinfoco.com.br\\\/inicio\\\/wp-content\\\/uploads\\\/2025\\\/09\\\/Design-sem-nome-10-1.png\",\"@id\":\"https:\\\/\\\/newsinfoco.com.br\\\/inicio\\\/alagoinhas-promove-1o-encontro-de-associacoes-comunitarias-no-proximo-dia-28\\\/#mainImage\",\"width\":1772,\"height\":1181},\"primaryImageOfPage\":{\"@id\":\"https:\\\/\\\/newsinfoco.com.br\\\/inicio\\\/alagoinhas-promove-1o-encontro-de-associacoes-comunitarias-no-proximo-dia-28\\\/#mainImage\"},\"datePublished\":\"2025-09-17T16:32:46-03:00\",\"dateModified\":\"2025-09-17T16:32:46-03:00\"},{\"@type\":\"WebSite\",\"@id\":\"https:\\\/\\\/newsinfoco.com.br\\\/inicio\\\/#website\",\"url\":\"https:\\\/\\\/newsinfoco.com.br\\\/inicio\\\/\",\"name\":\"News In Foco - Editado por Caio Pimenta\",\"description\":\"O principal site de noticias de Alagoinhas e regi\\u00e3o\",\"inLanguage\":\"pt-BR\",\"publisher\":{\"@id\":\"https:\\\/\\\/newsinfoco.com.br\\\/inicio\\\/#organization\"}}]}\n\t\t<\/script>\n\t\t<!-- All in One SEO -->\n\n","aioseo_head_json":{"title":"Alagoinhas promove 1\u00ba Encontro de Associa\u00e7\u00f5es Comunit\u00e1rias no pr\u00f3ximo dia 28 - News In Foco - Editado por Caio Pimenta","description":"A Prefeitura de Alagoinhas promove, no dia 28 de setembro, o 1\u00ba Encontro Municipal das Associa\u00e7\u00f5es Comunit\u00e1rias. O evento acontece das 8h \u00e0s 17h, no Col\u00e9gio Modelo Lu\u00eds Eduardo Magalh\u00e3es. Cerca de cem associa\u00e7\u00f5es est\u00e3o sendo convidadas, entre urbanas e rurais. A iniciativa \u00e9 da Secretaria de Governo (Segov). Al\u00e9m de criar um momento de","canonical_url":"https:\/\/newsinfoco.com.br\/inicio\/alagoinhas-promove-1o-encontro-de-associacoes-comunitarias-no-proximo-dia-28\/","robots":"max-image-preview:large","keywords":"","webmasterTools":{"miscellaneous":""},"schema":{"@context":"https:\/\/schema.org","@graph":[{"@type":"BlogPosting","@id":"https:\/\/newsinfoco.com.br\/inicio\/alagoinhas-promove-1o-encontro-de-associacoes-comunitarias-no-proximo-dia-28\/#blogposting","name":"Alagoinhas promove 1\u00ba Encontro de Associa\u00e7\u00f5es Comunit\u00e1rias no pr\u00f3ximo dia 28 - News In Foco - Editado por Caio Pimenta","headline":"Alagoinhas promove 1\u00ba Encontro de Associa\u00e7\u00f5es Comunit\u00e1rias no pr\u00f3ximo dia 28","author":{"@id":"https:\/\/newsinfoco.com.br\/inicio\/author\/administrador\/#author"},"publisher":{"@id":"https:\/\/newsinfoco.com.br\/inicio\/#organization"},"image":{"@type":"ImageObject","url":"https:\/\/newsinfoco.com.br\/inicio\/wp-content\/uploads\/2025\/09\/Design-sem-nome-10-1.png","width":1772,"height":1181},"datePublished":"2025-09-17T16:32:46-03:00","dateModified":"2025-09-17T16:32:46-03:00","inLanguage":"pt-BR","mainEntityOfPage":{"@id":"https:\/\/newsinfoco.com.br\/inicio\/alagoinhas-promove-1o-encontro-de-associacoes-comunitarias-no-proximo-dia-28\/#webpage"},"isPartOf":{"@id":"https:\/\/newsinfoco.com.br\/inicio\/alagoinhas-promove-1o-encontro-de-associacoes-comunitarias-no-proximo-dia-28\/#webpage"},"articleSection":"Alagoinhas e Regi\u00e3o, Manchete"},{"@type":"BreadcrumbList","@id":"https:\/\/newsinfoco.com.br\/inicio\/alagoinhas-promove-1o-encontro-de-associacoes-comunitarias-no-proximo-dia-28\/#breadcrumblist","itemListElement":[{"@type":"ListItem","@id":"https:\/\/newsinfoco.com.br\/inicio#listItem","position":1,"name":"In\u00edcio","item":"https:\/\/newsinfoco.com.br\/inicio","nextItem":{"@type":"ListItem","@id":"https:\/\/newsinfoco.com.br\/inicio\/category\/alagoinhas-e-regiao\/#listItem","name":"Alagoinhas e Regi\u00e3o"}},{"@type":"ListItem","@id":"https:\/\/newsinfoco.com.br\/inicio\/category\/alagoinhas-e-regiao\/#listItem","position":2,"name":"Alagoinhas e Regi\u00e3o","item":"https:\/\/newsinfoco.com.br\/inicio\/category\/alagoinhas-e-regiao\/","nextItem":{"@type":"ListItem","@id":"https:\/\/newsinfoco.com.br\/inicio\/alagoinhas-promove-1o-encontro-de-associacoes-comunitarias-no-proximo-dia-28\/#listItem","name":"Alagoinhas promove 1\u00ba Encontro de Associa\u00e7\u00f5es Comunit\u00e1rias no pr\u00f3ximo dia 28"},"previousItem":{"@type":"ListItem","@id":"https:\/\/newsinfoco.com.br\/inicio#listItem","name":"In\u00edcio"}},{"@type":"ListItem","@id":"https:\/\/newsinfoco.com.br\/inicio\/alagoinhas-promove-1o-encontro-de-associacoes-comunitarias-no-proximo-dia-28\/#listItem","position":3,"name":"Alagoinhas promove 1\u00ba Encontro de Associa\u00e7\u00f5es Comunit\u00e1rias no pr\u00f3ximo dia 28","previousItem":{"@type":"ListItem","@id":"https:\/\/newsinfoco.com.br\/inicio\/category\/alagoinhas-e-regiao\/#listItem","name":"Alagoinhas e Regi\u00e3o"}}]},{"@type":"Organization","@id":"https:\/\/newsinfoco.com.br\/inicio\/#organization","name":"News In Foco - Editado por Caio Pimenta","description":"O principal site de noticias de Alagoinhas e regi\u00e3o","url":"https:\/\/newsinfoco.com.br\/inicio\/"},{"@type":"Person","@id":"https:\/\/newsinfoco.com.br\/inicio\/author\/administrador\/#author","url":"https:\/\/newsinfoco.com.br\/inicio\/author\/administrador\/","name":"administrador","image":{"@type":"ImageObject","@id":"https:\/\/newsinfoco.com.br\/inicio\/alagoinhas-promove-1o-encontro-de-associacoes-comunitarias-no-proximo-dia-28\/#authorImage","url":"https:\/\/secure.gravatar.com\/avatar\/c17a617433de8c1dc9584bb79aab7563b46f5bb7e1728c9b17d9cc3ce6a08e49?s=96&d=mm&r=g","width":96,"height":96,"caption":"administrador"}},{"@type":"WebPage","@id":"https:\/\/newsinfoco.com.br\/inicio\/alagoinhas-promove-1o-encontro-de-associacoes-comunitarias-no-proximo-dia-28\/#webpage","url":"https:\/\/newsinfoco.com.br\/inicio\/alagoinhas-promove-1o-encontro-de-associacoes-comunitarias-no-proximo-dia-28\/","name":"Alagoinhas promove 1\u00ba Encontro de Associa\u00e7\u00f5es Comunit\u00e1rias no pr\u00f3ximo dia 28 - News In Foco - Editado por Caio Pimenta","description":"A Prefeitura de Alagoinhas promove, no dia 28 de setembro, o 1\u00ba Encontro Municipal das Associa\u00e7\u00f5es Comunit\u00e1rias. O evento acontece das 8h \u00e0s 17h, no Col\u00e9gio Modelo Lu\u00eds Eduardo Magalh\u00e3es. Cerca de cem associa\u00e7\u00f5es est\u00e3o sendo convidadas, entre urbanas e rurais. A iniciativa \u00e9 da Secretaria de Governo (Segov). Al\u00e9m de criar um momento de","inLanguage":"pt-BR","isPartOf":{"@id":"https:\/\/newsinfoco.com.br\/inicio\/#website"},"breadcrumb":{"@id":"https:\/\/newsinfoco.com.br\/inicio\/alagoinhas-promove-1o-encontro-de-associacoes-comunitarias-no-proximo-dia-28\/#breadcrumblist"},"author":{"@id":"https:\/\/newsinfoco.com.br\/inicio\/author\/administrador\/#author"},"creator":{"@id":"https:\/\/newsinfoco.com.br\/inicio\/author\/administrador\/#author"},"image":{"@type":"ImageObject","url":"https:\/\/newsinfoco.com.br\/inicio\/wp-content\/uploads\/2025\/09\/Design-sem-nome-10-1.png","@id":"https:\/\/newsinfoco.com.br\/inicio\/alagoinhas-promove-1o-encontro-de-associacoes-comunitarias-no-proximo-dia-28\/#mainImage","width":1772,"height":1181},"primaryImageOfPage":{"@id":"https:\/\/newsinfoco.com.br\/inicio\/alagoinhas-promove-1o-encontro-de-associacoes-comunitarias-no-proximo-dia-28\/#mainImage"},"datePublished":"2025-09-17T16:32:46-03:00","dateModified":"2025-09-17T16:32:46-03:00"},{"@type":"WebSite","@id":"https:\/\/newsinfoco.com.br\/inicio\/#website","url":"https:\/\/newsinfoco.com.br\/inicio\/","name":"News In Foco - Editado por Caio Pimenta","description":"O principal site de noticias de Alagoinhas e regi\u00e3o","inLanguage":"pt-BR","publisher":{"@id":"https:\/\/newsinfoco.com.br\/inicio\/#organization"}}]},"og:locale":"pt_BR","og:site_name":"News In Foco - Editado por Caio Pimenta - O principal site de noticias de Alagoinhas e regi\u00e3o","og:type":"article","og:title":"Alagoinhas promove 1\u00ba Encontro de Associa\u00e7\u00f5es Comunit\u00e1rias no pr\u00f3ximo dia 28 - News In Foco - Editado por Caio Pimenta","og:description":"A Prefeitura de Alagoinhas promove, no dia 28 de setembro, o 1\u00ba Encontro Municipal das Associa\u00e7\u00f5es Comunit\u00e1rias. O evento acontece das 8h \u00e0s 17h, no Col\u00e9gio Modelo Lu\u00eds Eduardo Magalh\u00e3es. Cerca de cem associa\u00e7\u00f5es est\u00e3o sendo convidadas, entre urbanas e rurais. A iniciativa \u00e9 da Secretaria de Governo (Segov). Al\u00e9m de criar um momento de","og:url":"https:\/\/newsinfoco.com.br\/inicio\/alagoinhas-promove-1o-encontro-de-associacoes-comunitarias-no-proximo-dia-28\/","article:published_time":"2025-09-17T19:32:46+00:00","article:modified_time":"2025-09-17T19:32:46+00:00","twitter:card":"summary_large_image","twitter:title":"Alagoinhas promove 1\u00ba Encontro de Associa\u00e7\u00f5es Comunit\u00e1rias no pr\u00f3ximo dia 28 - News In Foco - Editado por Caio Pimenta","twitter:description":"A Prefeitura de Alagoinhas promove, no dia 28 de setembro, o 1\u00ba Encontro Municipal das Associa\u00e7\u00f5es Comunit\u00e1rias. O evento acontece das 8h \u00e0s 17h, no Col\u00e9gio Modelo Lu\u00eds Eduardo Magalh\u00e3es. Cerca de cem associa\u00e7\u00f5es est\u00e3o sendo convidadas, entre urbanas e rurais. A iniciativa \u00e9 da Secretaria de Governo (Segov). Al\u00e9m de criar um momento de"},"aioseo_meta_data":{"post_id":"45475","title":null,"description":null,"keywords":null,"keyphrases":{"focus":{"keyphrase":"","score":0,"analysis":{"keyphraseInTitle":{"score":0,"maxScore":9,"error":1}}},"additional":[]},"primary_term":null,"canonical_url":null,"og_title":null,"og_description":null,"og_object_type":"default","og_image_type":"default","og_image_url":null,"og_image_width":null,"og_image_height":null,"og_image_custom_url":null,"og_image_custom_fields":null,"og_video":"","og_custom_url":null,"og_article_section":null,"og_article_tags":null,"twitter_use_og":false,"twitter_card":"default","twitter_image_type":"default","twitter_image_url":null,"twitter_image_custom_url":null,"twitter_image_custom_fields":null,"twitter_title":null,"twitter_description":null,"schema":{"blockGraphs":[],"customGraphs":[],"default":{"data":{"Article":[],"Course":[],"Dataset":[],"FAQPage":[],"Movie":[],"Person":[],"Product":[],"ProductReview":[],"Car":[],"Recipe":[],"Service":[],"SoftwareApplication":[],"WebPage":[]},"graphName":"BlogPosting","isEnabled":true},"graphs":[]},"schema_type":"default","schema_type_options":null,"pillar_content":false,"robots_default":true,"robots_noindex":false,"robots_noarchive":false,"robots_nosnippet":false,"robots_nofollow":false,"robots_noimageindex":false,"robots_noodp":false,"robots_notranslate":false,"robots_max_snippet":"-1","robots_max_videopreview":"-1","robots_max_imagepreview":"large","priority":null,"frequency":"default","local_seo":null,"breadcrumb_settings":null,"limit_modified_date":false,"ai":{"faqs":[],"keyPoints":[],"titles":[],"descriptions":[],"socialPosts":{"email":[],"linkedin":[],"twitter":[],"facebook":[],"instagram":[]}},"created":"2025-09-17 19:32:47","updated":"2025-09-17 19:42:16","seo_analyzer_scan_date":null},"aioseo_breadcrumb":"<div class=\"aioseo-breadcrumbs\"><span class=\"aioseo-breadcrumb\">\n\t\t\t<a href=\"https:\/\/newsinfoco.com.br\/inicio\" title=\"In\u00edcio\">In\u00edcio<\/a>\n\t\t<\/span><span class=\"aioseo-breadcrumb-separator\">&raquo;<\/span><span class=\"aioseo-breadcrumb\">\n\t\t\t<a href=\"https:\/\/newsinfoco.com.br\/inicio\/category\/alagoinhas-e-regiao\/\" title=\"Alagoinhas e Regi\u00e3o\">Alagoinhas e Regi\u00e3o<\/a>\n\t\t<\/span><span class=\"aioseo-breadcrumb-separator\">&raquo;<\/span><span class=\"aioseo-breadcrumb\">\n\t\t\tAlagoinhas promove 1\u00ba Encontro de Associa\u00e7\u00f5es Comunit\u00e1rias no pr\u00f3ximo dia 28\n\t\t<\/span><\/div>","aioseo_breadcrumb_json":[{"label":"In\u00edcio","link":"https:\/\/newsinfoco.com.br\/inicio"},{"label":"Alagoinhas e Regi\u00e3o","link":"https:\/\/newsinfoco.com.br\/inicio\/category\/alagoinhas-e-regiao\/"},{"label":"Alagoinhas promove 1\u00ba Encontro de Associa\u00e7\u00f5es Comunit\u00e1rias no pr\u00f3ximo dia 28","link":"https:\/\/newsinfoco.com.br\/inicio\/alagoinhas-promove-1o-encontro-de-associacoes-comunitarias-no-proximo-dia-28\/"}],"_links":{"self":[{"href":"https:\/\/newsinfoco.com.br\/inicio\/wp-json\/wp\/v2\/posts\/45475","targetHints":{"allow":["GET"]}}],"collection":[{"href":"https:\/\/newsinfoco.com.br\/inicio\/wp-json\/wp\/v2\/posts"}],"about":[{"href":"https:\/\/newsinfoco.com.br\/inicio\/wp-json\/wp\/v2\/types\/post"}],"author":[{"embeddable":true,"href":"https:\/\/newsinfoco.com.br\/inicio\/wp-json\/wp\/v2\/users\/1"}],"replies":[{"embeddable":true,"href":"https:\/\/newsinfoco.com.br\/inicio\/wp-json\/wp\/v2\/comments?post=45475"}],"version-history":[{"count":1,"href":"https:\/\/newsinfoco.com.br\/inicio\/wp-json\/wp\/v2\/posts\/45475\/revisions"}],"predecessor-version":[{"id":45477,"href":"https:\/\/newsinfoco.com.br\/inicio\/wp-json\/wp\/v2\/posts\/45475\/revisions\/45477"}],"wp:featuredmedia":[{"embeddable":true,"href":"https:\/\/newsinfoco.com.br\/inicio\/wp-json\/wp\/v2\/media\/45476"}],"wp:attachment":[{"href":"https:\/\/newsinfoco.com.br\/inicio\/wp-json\/wp\/v2\/media?parent=45475"}],"wp:term":[{"taxonomy":"category","embeddable":true,"href":"https:\/\/newsinfoco.com.br\/inicio\/wp-json\/wp\/v2\/categories?post=45475"},{"taxonomy":"post_tag","embeddable":true,"href":"https:\/\/newsinfoco.com.br\/inicio\/wp-json\/wp\/v2\/tags?post=45475"}],"curies":[{"name":"wp","href":"https:\/\/api.w.org\/{rel}","templated":true}]}}