{"id":45487,"date":"2025-09-17T17:19:06","date_gmt":"2025-09-17T20:19:06","guid":{"rendered":"https:\/\/newsinfoco.com.br\/inicio\/?p=45487"},"modified":"2025-09-17T17:19:06","modified_gmt":"2025-09-17T20:19:06","slug":"vice-prefeito-de-maragogipe-alerta-mp-sobre-risco-em-pier","status":"publish","type":"post","link":"https:\/\/newsinfoco.com.br\/inicio\/vice-prefeito-de-maragogipe-alerta-mp-sobre-risco-em-pier\/","title":{"rendered":"Vice-prefeito de Maragogipe alerta MP sobre risco em p\u00eder"},"content":{"rendered":"<p>Durante o lan\u00e7amento do projeto \u201cMP a Bordo \u2013 Travessia Legal e Segura\u201d, realizado na manh\u00e3 desta quarta-feira (17) pelo Minist\u00e9rio P\u00fablico da Bahia (MP), o vice-prefeito de Maragogipe, Dr. Adhemar, fez um alerta contundente sobre as condi\u00e7\u00f5es cr\u00edticas do p\u00eder de embarque do munic\u00edpio.<\/p>\n<p>Segundo ele, a estrutura \u2014 utilizada diariamente por moradores da zona ribeirinha e por mais de 60 crian\u00e7as que atravessam de lancha para estudar \u2014 est\u00e1 em ru\u00ednas. \u201cEssa \u00e9 uma trag\u00e9dia anunciada, porque aquele p\u00eder vai cair por falta de manuten\u00e7\u00e3o\u201d, disparou.<\/p>\n<p>Dr. Adhemar revelou que, h\u00e1 cerca de cinco anos, foi firmado um conv\u00eanio com o Governo do Estado para reforma da estrutura, inicialmente or\u00e7ada em R$ 5 milh\u00f5es.<\/p>\n<p>No entanto, uma vistoria t\u00e9cnica feita pela empresa vencedora da licita\u00e7\u00e3o elevou o custo para R$ 25 milh\u00f5es, ap\u00f3s constatar que a parte inferior do p\u00eder estava totalmente destru\u00edda, com pilares corro\u00eddos h\u00e1 mais de uma d\u00e9cada. \u201cO Governo j\u00e1 esteve l\u00e1, mas nada foi feito. A popula\u00e7\u00e3o ribeirinha desembarca e embarca todos os dias naquele local\u201d, completou.<\/p>\n<p>O apelo do vice-prefeito ocorreu diante de autoridades como o procurador-geral de Justi\u00e7a, Pedro Maia, al\u00e9m de representantes da Agerba, Procon, Codecon, Capitania dos Portos, Corpo de Bombeiros e de diversas prefeituras da Bahia.<\/p>\n<p>Visivelmente preocupado, Dr. Adhemar clamou pela atua\u00e7\u00e3o urgente do MP em Maragogipe, solicitando uma visita t\u00e9cnica ao p\u00eder. \u201cFa\u00e7o um apelo para que o Minist\u00e9rio P\u00fablico v\u00e1 a Maragogipe ver o que estou dizendo. Se essa trag\u00e9dia acontecer, todos v\u00e3o lembrar desse alerta\u201d, disse.<\/p>\n<p>O evento marcou o in\u00edcio do projeto \u201cMP a Bordo \u2013 Travessia Legal e Segura\u201d, que tem como objetivo mapear o sistema de transporte hidrovi\u00e1rio de passageiros na Bahia e promover a\u00e7\u00f5es fiscalizat\u00f3rias, preventivas e corretivas.<\/p>\n<p>A promotora de Justi\u00e7a Thelma Leal, respons\u00e1vel pela iniciativa, destacou que o transporte por \u00e1gua no estado tem sido prestado de forma prec\u00e1ria, sem seguran\u00e7a e estrutura b\u00e1sica. Em muitos locais, embarques e desembarques ocorrem sem qualquer tipo de cobertura, sinaliza\u00e7\u00e3o, acessibilidade ou equipamentos de seguran\u00e7a.<\/p>\n<div>\n<div class=\"trv-player-container\">\n<div class=\"trv-wrapper\">\n<div id=\"br_video_player_789a17354005fa72cdc9f5a64e20499dc3c659f9\" class=\"trvd_video_player trvdinstream\">\n<div class=\"media-player\">\n<div class=\"trv-video\">\n<div id=\"truvid_ima_container64950\" class=\"truvid_ima_container\">\n<p>A proposta do MP \u00e9 diagnosticar a situa\u00e7\u00e3o real de terminais, operadores, embarca\u00e7\u00f5es, rotas, tarifas e legisla\u00e7\u00e3o vigente. A partir desse levantamento, o \u00f3rg\u00e3o pretende mobilizar os entes p\u00fablicos respons\u00e1veis para garantir melhorias estruturais e legais.<\/p>\n<p>Bahia.Ba<\/p>\n<p>&nbsp;<\/p>\n<\/div>\n<\/div>\n<\/div>\n<\/div>\n<\/div>\n<\/div>\n<\/div>\n<div class='share-to-whatsapp-wrapper'><div class='share-on-whsp'>Share on: <\/div><a data-text='Vice-prefeito de Maragogipe alerta MP sobre risco em p\u00eder' data-link='https:\/\/newsinfoco.com.br\/inicio\/vice-prefeito-de-maragogipe-alerta-mp-sobre-risco-em-pier\/' class='whatsapp-button whatsapp-share'>WhatsApp<\/a><div class='clear '><\/div><\/div>","protected":false},"excerpt":{"rendered":"<p>Durante o lan\u00e7amento do projeto \u201cMP a Bordo \u2013 Travessia Legal e Segura\u201d, realizado na manh\u00e3 desta quarta-feira (17) pelo Minist\u00e9rio P\u00fablico da Bahia (MP), o vice-prefeito de Maragogipe, Dr. Adhemar, fez um alerta contundente sobre as condi\u00e7\u00f5es cr\u00edticas do p\u00eder de embarque do munic\u00edpio. Segundo ele, a estrutura \u2014 utilizada diariamente por moradores da [&hellip;]<\/p>\n","protected":false},"author":1,"featured_media":45488,"comment_status":"closed","ping_status":"closed","sticky":false,"template":"","format":"standard","meta":{"om_disable_all_campaigns":false,"rop_custom_images_group":[],"rop_custom_messages_group":[],"rop_publish_now":"initial","rop_publish_now_accounts":[],"rop_publish_now_history":[],"rop_publish_now_status":"pending","_exactmetrics_skip_tracking":false,"footnotes":""},"categories":[19],"tags":[],"class_list":["post-45487","post","type-post","status-publish","format-standard","has-post-thumbnail","hentry","category-bahia"],"aioseo_notices":[],"aioseo_head":"\n\t\t<!-- All in One SEO 4.9.10 - aioseo.com -->\n\t<meta name=\"description\" content=\"Durante o lan\u00e7amento do projeto \u201cMP a Bordo \u2013 Travessia Legal e Segura\u201d, realizado na manh\u00e3 desta quarta-feira (17) pelo Minist\u00e9rio P\u00fablico da Bahia (MP), o vice-prefeito de Maragogipe, Dr. Adhemar, fez um alerta contundente sobre as condi\u00e7\u00f5es cr\u00edticas do p\u00eder de embarque do munic\u00edpio. Segundo ele, a estrutura \u2014 utilizada diariamente por moradores da\" \/>\n\t<meta name=\"robots\" content=\"max-image-preview:large\" \/>\n\t<meta name=\"author\" content=\"administrador\"\/>\n\t<link rel=\"canonical\" href=\"https:\/\/newsinfoco.com.br\/inicio\/vice-prefeito-de-maragogipe-alerta-mp-sobre-risco-em-pier\/\" \/>\n\t<meta name=\"generator\" content=\"All in One SEO (AIOSEO) 4.9.10\" \/>\n\t\t<meta property=\"og:locale\" content=\"pt_BR\" \/>\n\t\t<meta property=\"og:site_name\" content=\"News In Foco - Editado por Caio Pimenta - O principal site de noticias de Alagoinhas e regi\u00e3o\" \/>\n\t\t<meta property=\"og:type\" content=\"article\" \/>\n\t\t<meta property=\"og:title\" content=\"Vice-prefeito de Maragogipe alerta MP sobre risco em p\u00eder - News In Foco - Editado por Caio Pimenta\" \/>\n\t\t<meta property=\"og:description\" content=\"Durante o lan\u00e7amento do projeto \u201cMP a Bordo \u2013 Travessia Legal e Segura\u201d, realizado na manh\u00e3 desta quarta-feira (17) pelo Minist\u00e9rio P\u00fablico da Bahia (MP), o vice-prefeito de Maragogipe, Dr. Adhemar, fez um alerta contundente sobre as condi\u00e7\u00f5es cr\u00edticas do p\u00eder de embarque do munic\u00edpio. Segundo ele, a estrutura \u2014 utilizada diariamente por moradores da\" \/>\n\t\t<meta property=\"og:url\" content=\"https:\/\/newsinfoco.com.br\/inicio\/vice-prefeito-de-maragogipe-alerta-mp-sobre-risco-em-pier\/\" \/>\n\t\t<meta property=\"article:published_time\" content=\"2025-09-17T20:19:06+00:00\" \/>\n\t\t<meta property=\"article:modified_time\" content=\"2025-09-17T20:19:06+00:00\" \/>\n\t\t<meta name=\"twitter:card\" content=\"summary_large_image\" \/>\n\t\t<meta name=\"twitter:title\" content=\"Vice-prefeito de Maragogipe alerta MP sobre risco em p\u00eder - News In Foco - Editado por Caio Pimenta\" \/>\n\t\t<meta name=\"twitter:description\" content=\"Durante o lan\u00e7amento do projeto \u201cMP a Bordo \u2013 Travessia Legal e Segura\u201d, realizado na manh\u00e3 desta quarta-feira (17) pelo Minist\u00e9rio P\u00fablico da Bahia (MP), o vice-prefeito de Maragogipe, Dr. Adhemar, fez um alerta contundente sobre as condi\u00e7\u00f5es cr\u00edticas do p\u00eder de embarque do munic\u00edpio. Segundo ele, a estrutura \u2014 utilizada diariamente por moradores da\" \/>\n\t\t<script type=\"application\/ld+json\" class=\"aioseo-schema\">\n\t\t\t{\"@context\":\"https:\\\/\\\/schema.org\",\"@graph\":[{\"@type\":\"BlogPosting\",\"@id\":\"https:\\\/\\\/newsinfoco.com.br\\\/inicio\\\/vice-prefeito-de-maragogipe-alerta-mp-sobre-risco-em-pier\\\/#blogposting\",\"name\":\"Vice-prefeito de Maragogipe alerta MP sobre risco em p\\u00eder - News In Foco - Editado por Caio Pimenta\",\"headline\":\"Vice-prefeito de Maragogipe alerta MP sobre risco em p\\u00eder\",\"author\":{\"@id\":\"https:\\\/\\\/newsinfoco.com.br\\\/inicio\\\/author\\\/administrador\\\/#author\"},\"publisher\":{\"@id\":\"https:\\\/\\\/newsinfoco.com.br\\\/inicio\\\/#organization\"},\"image\":{\"@type\":\"ImageObject\",\"url\":\"https:\\\/\\\/newsinfoco.com.br\\\/inicio\\\/wp-content\\\/uploads\\\/2025\\\/09\\\/pier-maragogipe.jpg\",\"width\":600,\"height\":420},\"datePublished\":\"2025-09-17T17:19:06-03:00\",\"dateModified\":\"2025-09-17T17:19:06-03:00\",\"inLanguage\":\"pt-BR\",\"mainEntityOfPage\":{\"@id\":\"https:\\\/\\\/newsinfoco.com.br\\\/inicio\\\/vice-prefeito-de-maragogipe-alerta-mp-sobre-risco-em-pier\\\/#webpage\"},\"isPartOf\":{\"@id\":\"https:\\\/\\\/newsinfoco.com.br\\\/inicio\\\/vice-prefeito-de-maragogipe-alerta-mp-sobre-risco-em-pier\\\/#webpage\"},\"articleSection\":\"Bahia\"},{\"@type\":\"BreadcrumbList\",\"@id\":\"https:\\\/\\\/newsinfoco.com.br\\\/inicio\\\/vice-prefeito-de-maragogipe-alerta-mp-sobre-risco-em-pier\\\/#breadcrumblist\",\"itemListElement\":[{\"@type\":\"ListItem\",\"@id\":\"https:\\\/\\\/newsinfoco.com.br\\\/inicio#listItem\",\"position\":1,\"name\":\"In\\u00edcio\",\"item\":\"https:\\\/\\\/newsinfoco.com.br\\\/inicio\",\"nextItem\":{\"@type\":\"ListItem\",\"@id\":\"https:\\\/\\\/newsinfoco.com.br\\\/inicio\\\/category\\\/bahia\\\/#listItem\",\"name\":\"Bahia\"}},{\"@type\":\"ListItem\",\"@id\":\"https:\\\/\\\/newsinfoco.com.br\\\/inicio\\\/category\\\/bahia\\\/#listItem\",\"position\":2,\"name\":\"Bahia\",\"item\":\"https:\\\/\\\/newsinfoco.com.br\\\/inicio\\\/category\\\/bahia\\\/\",\"nextItem\":{\"@type\":\"ListItem\",\"@id\":\"https:\\\/\\\/newsinfoco.com.br\\\/inicio\\\/vice-prefeito-de-maragogipe-alerta-mp-sobre-risco-em-pier\\\/#listItem\",\"name\":\"Vice-prefeito de Maragogipe alerta MP sobre risco em p\\u00eder\"},\"previousItem\":{\"@type\":\"ListItem\",\"@id\":\"https:\\\/\\\/newsinfoco.com.br\\\/inicio#listItem\",\"name\":\"In\\u00edcio\"}},{\"@type\":\"ListItem\",\"@id\":\"https:\\\/\\\/newsinfoco.com.br\\\/inicio\\\/vice-prefeito-de-maragogipe-alerta-mp-sobre-risco-em-pier\\\/#listItem\",\"position\":3,\"name\":\"Vice-prefeito de Maragogipe alerta MP sobre risco em p\\u00eder\",\"previousItem\":{\"@type\":\"ListItem\",\"@id\":\"https:\\\/\\\/newsinfoco.com.br\\\/inicio\\\/category\\\/bahia\\\/#listItem\",\"name\":\"Bahia\"}}]},{\"@type\":\"Organization\",\"@id\":\"https:\\\/\\\/newsinfoco.com.br\\\/inicio\\\/#organization\",\"name\":\"News In Foco - Editado por Caio Pimenta\",\"description\":\"O principal site de noticias de Alagoinhas e regi\\u00e3o\",\"url\":\"https:\\\/\\\/newsinfoco.com.br\\\/inicio\\\/\"},{\"@type\":\"Person\",\"@id\":\"https:\\\/\\\/newsinfoco.com.br\\\/inicio\\\/author\\\/administrador\\\/#author\",\"url\":\"https:\\\/\\\/newsinfoco.com.br\\\/inicio\\\/author\\\/administrador\\\/\",\"name\":\"administrador\",\"image\":{\"@type\":\"ImageObject\",\"@id\":\"https:\\\/\\\/newsinfoco.com.br\\\/inicio\\\/vice-prefeito-de-maragogipe-alerta-mp-sobre-risco-em-pier\\\/#authorImage\",\"url\":\"https:\\\/\\\/secure.gravatar.com\\\/avatar\\\/c17a617433de8c1dc9584bb79aab7563b46f5bb7e1728c9b17d9cc3ce6a08e49?s=96&d=mm&r=g\",\"width\":96,\"height\":96,\"caption\":\"administrador\"}},{\"@type\":\"WebPage\",\"@id\":\"https:\\\/\\\/newsinfoco.com.br\\\/inicio\\\/vice-prefeito-de-maragogipe-alerta-mp-sobre-risco-em-pier\\\/#webpage\",\"url\":\"https:\\\/\\\/newsinfoco.com.br\\\/inicio\\\/vice-prefeito-de-maragogipe-alerta-mp-sobre-risco-em-pier\\\/\",\"name\":\"Vice-prefeito de Maragogipe alerta MP sobre risco em p\\u00eder - News In Foco - Editado por Caio Pimenta\",\"description\":\"Durante o lan\\u00e7amento do projeto \\u201cMP a Bordo \\u2013 Travessia Legal e Segura\\u201d, realizado na manh\\u00e3 desta quarta-feira (17) pelo Minist\\u00e9rio P\\u00fablico da Bahia (MP), o vice-prefeito de Maragogipe, Dr. Adhemar, fez um alerta contundente sobre as condi\\u00e7\\u00f5es cr\\u00edticas do p\\u00eder de embarque do munic\\u00edpio. Segundo ele, a estrutura \\u2014 utilizada diariamente por moradores da\",\"inLanguage\":\"pt-BR\",\"isPartOf\":{\"@id\":\"https:\\\/\\\/newsinfoco.com.br\\\/inicio\\\/#website\"},\"breadcrumb\":{\"@id\":\"https:\\\/\\\/newsinfoco.com.br\\\/inicio\\\/vice-prefeito-de-maragogipe-alerta-mp-sobre-risco-em-pier\\\/#breadcrumblist\"},\"author\":{\"@id\":\"https:\\\/\\\/newsinfoco.com.br\\\/inicio\\\/author\\\/administrador\\\/#author\"},\"creator\":{\"@id\":\"https:\\\/\\\/newsinfoco.com.br\\\/inicio\\\/author\\\/administrador\\\/#author\"},\"image\":{\"@type\":\"ImageObject\",\"url\":\"https:\\\/\\\/newsinfoco.com.br\\\/inicio\\\/wp-content\\\/uploads\\\/2025\\\/09\\\/pier-maragogipe.jpg\",\"@id\":\"https:\\\/\\\/newsinfoco.com.br\\\/inicio\\\/vice-prefeito-de-maragogipe-alerta-mp-sobre-risco-em-pier\\\/#mainImage\",\"width\":600,\"height\":420},\"primaryImageOfPage\":{\"@id\":\"https:\\\/\\\/newsinfoco.com.br\\\/inicio\\\/vice-prefeito-de-maragogipe-alerta-mp-sobre-risco-em-pier\\\/#mainImage\"},\"datePublished\":\"2025-09-17T17:19:06-03:00\",\"dateModified\":\"2025-09-17T17:19:06-03:00\"},{\"@type\":\"WebSite\",\"@id\":\"https:\\\/\\\/newsinfoco.com.br\\\/inicio\\\/#website\",\"url\":\"https:\\\/\\\/newsinfoco.com.br\\\/inicio\\\/\",\"name\":\"News In Foco - Editado por Caio Pimenta\",\"description\":\"O principal site de noticias de Alagoinhas e regi\\u00e3o\",\"inLanguage\":\"pt-BR\",\"publisher\":{\"@id\":\"https:\\\/\\\/newsinfoco.com.br\\\/inicio\\\/#organization\"}}]}\n\t\t<\/script>\n\t\t<!-- All in One SEO -->\n\n","aioseo_head_json":{"title":"Vice-prefeito de Maragogipe alerta MP sobre risco em p\u00eder - News In Foco - Editado por Caio Pimenta","description":"Durante o lan\u00e7amento do projeto \u201cMP a Bordo \u2013 Travessia Legal e Segura\u201d, realizado na manh\u00e3 desta quarta-feira (17) pelo Minist\u00e9rio P\u00fablico da Bahia (MP), o vice-prefeito de Maragogipe, Dr. Adhemar, fez um alerta contundente sobre as condi\u00e7\u00f5es cr\u00edticas do p\u00eder de embarque do munic\u00edpio. Segundo ele, a estrutura \u2014 utilizada diariamente por moradores da","canonical_url":"https:\/\/newsinfoco.com.br\/inicio\/vice-prefeito-de-maragogipe-alerta-mp-sobre-risco-em-pier\/","robots":"max-image-preview:large","keywords":"","webmasterTools":{"miscellaneous":""},"schema":{"@context":"https:\/\/schema.org","@graph":[{"@type":"BlogPosting","@id":"https:\/\/newsinfoco.com.br\/inicio\/vice-prefeito-de-maragogipe-alerta-mp-sobre-risco-em-pier\/#blogposting","name":"Vice-prefeito de Maragogipe alerta MP sobre risco em p\u00eder - News In Foco - Editado por Caio Pimenta","headline":"Vice-prefeito de Maragogipe alerta MP sobre risco em p\u00eder","author":{"@id":"https:\/\/newsinfoco.com.br\/inicio\/author\/administrador\/#author"},"publisher":{"@id":"https:\/\/newsinfoco.com.br\/inicio\/#organization"},"image":{"@type":"ImageObject","url":"https:\/\/newsinfoco.com.br\/inicio\/wp-content\/uploads\/2025\/09\/pier-maragogipe.jpg","width":600,"height":420},"datePublished":"2025-09-17T17:19:06-03:00","dateModified":"2025-09-17T17:19:06-03:00","inLanguage":"pt-BR","mainEntityOfPage":{"@id":"https:\/\/newsinfoco.com.br\/inicio\/vice-prefeito-de-maragogipe-alerta-mp-sobre-risco-em-pier\/#webpage"},"isPartOf":{"@id":"https:\/\/newsinfoco.com.br\/inicio\/vice-prefeito-de-maragogipe-alerta-mp-sobre-risco-em-pier\/#webpage"},"articleSection":"Bahia"},{"@type":"BreadcrumbList","@id":"https:\/\/newsinfoco.com.br\/inicio\/vice-prefeito-de-maragogipe-alerta-mp-sobre-risco-em-pier\/#breadcrumblist","itemListElement":[{"@type":"ListItem","@id":"https:\/\/newsinfoco.com.br\/inicio#listItem","position":1,"name":"In\u00edcio","item":"https:\/\/newsinfoco.com.br\/inicio","nextItem":{"@type":"ListItem","@id":"https:\/\/newsinfoco.com.br\/inicio\/category\/bahia\/#listItem","name":"Bahia"}},{"@type":"ListItem","@id":"https:\/\/newsinfoco.com.br\/inicio\/category\/bahia\/#listItem","position":2,"name":"Bahia","item":"https:\/\/newsinfoco.com.br\/inicio\/category\/bahia\/","nextItem":{"@type":"ListItem","@id":"https:\/\/newsinfoco.com.br\/inicio\/vice-prefeito-de-maragogipe-alerta-mp-sobre-risco-em-pier\/#listItem","name":"Vice-prefeito de Maragogipe alerta MP sobre risco em p\u00eder"},"previousItem":{"@type":"ListItem","@id":"https:\/\/newsinfoco.com.br\/inicio#listItem","name":"In\u00edcio"}},{"@type":"ListItem","@id":"https:\/\/newsinfoco.com.br\/inicio\/vice-prefeito-de-maragogipe-alerta-mp-sobre-risco-em-pier\/#listItem","position":3,"name":"Vice-prefeito de Maragogipe alerta MP sobre risco em p\u00eder","previousItem":{"@type":"ListItem","@id":"https:\/\/newsinfoco.com.br\/inicio\/category\/bahia\/#listItem","name":"Bahia"}}]},{"@type":"Organization","@id":"https:\/\/newsinfoco.com.br\/inicio\/#organization","name":"News In Foco - Editado por Caio Pimenta","description":"O principal site de noticias de Alagoinhas e regi\u00e3o","url":"https:\/\/newsinfoco.com.br\/inicio\/"},{"@type":"Person","@id":"https:\/\/newsinfoco.com.br\/inicio\/author\/administrador\/#author","url":"https:\/\/newsinfoco.com.br\/inicio\/author\/administrador\/","name":"administrador","image":{"@type":"ImageObject","@id":"https:\/\/newsinfoco.com.br\/inicio\/vice-prefeito-de-maragogipe-alerta-mp-sobre-risco-em-pier\/#authorImage","url":"https:\/\/secure.gravatar.com\/avatar\/c17a617433de8c1dc9584bb79aab7563b46f5bb7e1728c9b17d9cc3ce6a08e49?s=96&d=mm&r=g","width":96,"height":96,"caption":"administrador"}},{"@type":"WebPage","@id":"https:\/\/newsinfoco.com.br\/inicio\/vice-prefeito-de-maragogipe-alerta-mp-sobre-risco-em-pier\/#webpage","url":"https:\/\/newsinfoco.com.br\/inicio\/vice-prefeito-de-maragogipe-alerta-mp-sobre-risco-em-pier\/","name":"Vice-prefeito de Maragogipe alerta MP sobre risco em p\u00eder - News In Foco - Editado por Caio Pimenta","description":"Durante o lan\u00e7amento do projeto \u201cMP a Bordo \u2013 Travessia Legal e Segura\u201d, realizado na manh\u00e3 desta quarta-feira (17) pelo Minist\u00e9rio P\u00fablico da Bahia (MP), o vice-prefeito de Maragogipe, Dr. Adhemar, fez um alerta contundente sobre as condi\u00e7\u00f5es cr\u00edticas do p\u00eder de embarque do munic\u00edpio. Segundo ele, a estrutura \u2014 utilizada diariamente por moradores da","inLanguage":"pt-BR","isPartOf":{"@id":"https:\/\/newsinfoco.com.br\/inicio\/#website"},"breadcrumb":{"@id":"https:\/\/newsinfoco.com.br\/inicio\/vice-prefeito-de-maragogipe-alerta-mp-sobre-risco-em-pier\/#breadcrumblist"},"author":{"@id":"https:\/\/newsinfoco.com.br\/inicio\/author\/administrador\/#author"},"creator":{"@id":"https:\/\/newsinfoco.com.br\/inicio\/author\/administrador\/#author"},"image":{"@type":"ImageObject","url":"https:\/\/newsinfoco.com.br\/inicio\/wp-content\/uploads\/2025\/09\/pier-maragogipe.jpg","@id":"https:\/\/newsinfoco.com.br\/inicio\/vice-prefeito-de-maragogipe-alerta-mp-sobre-risco-em-pier\/#mainImage","width":600,"height":420},"primaryImageOfPage":{"@id":"https:\/\/newsinfoco.com.br\/inicio\/vice-prefeito-de-maragogipe-alerta-mp-sobre-risco-em-pier\/#mainImage"},"datePublished":"2025-09-17T17:19:06-03:00","dateModified":"2025-09-17T17:19:06-03:00"},{"@type":"WebSite","@id":"https:\/\/newsinfoco.com.br\/inicio\/#website","url":"https:\/\/newsinfoco.com.br\/inicio\/","name":"News In Foco - Editado por Caio Pimenta","description":"O principal site de noticias de Alagoinhas e regi\u00e3o","inLanguage":"pt-BR","publisher":{"@id":"https:\/\/newsinfoco.com.br\/inicio\/#organization"}}]},"og:locale":"pt_BR","og:site_name":"News In Foco - Editado por Caio Pimenta - O principal site de noticias de Alagoinhas e regi\u00e3o","og:type":"article","og:title":"Vice-prefeito de Maragogipe alerta MP sobre risco em p\u00eder - News In Foco - Editado por Caio Pimenta","og:description":"Durante o lan\u00e7amento do projeto \u201cMP a Bordo \u2013 Travessia Legal e Segura\u201d, realizado na manh\u00e3 desta quarta-feira (17) pelo Minist\u00e9rio P\u00fablico da Bahia (MP), o vice-prefeito de Maragogipe, Dr. Adhemar, fez um alerta contundente sobre as condi\u00e7\u00f5es cr\u00edticas do p\u00eder de embarque do munic\u00edpio. Segundo ele, a estrutura \u2014 utilizada diariamente por moradores da","og:url":"https:\/\/newsinfoco.com.br\/inicio\/vice-prefeito-de-maragogipe-alerta-mp-sobre-risco-em-pier\/","article:published_time":"2025-09-17T20:19:06+00:00","article:modified_time":"2025-09-17T20:19:06+00:00","twitter:card":"summary_large_image","twitter:title":"Vice-prefeito de Maragogipe alerta MP sobre risco em p\u00eder - News In Foco - Editado por Caio Pimenta","twitter:description":"Durante o lan\u00e7amento do projeto \u201cMP a Bordo \u2013 Travessia Legal e Segura\u201d, realizado na manh\u00e3 desta quarta-feira (17) pelo Minist\u00e9rio P\u00fablico da Bahia (MP), o vice-prefeito de Maragogipe, Dr. Adhemar, fez um alerta contundente sobre as condi\u00e7\u00f5es cr\u00edticas do p\u00eder de embarque do munic\u00edpio. Segundo ele, a estrutura \u2014 utilizada diariamente por moradores da"},"aioseo_meta_data":{"post_id":"45487","title":null,"description":null,"keywords":null,"keyphrases":{"focus":{"keyphrase":"","score":0,"analysis":{"keyphraseInTitle":{"score":0,"maxScore":9,"error":1}}},"additional":[]},"primary_term":null,"canonical_url":null,"og_title":null,"og_description":null,"og_object_type":"default","og_image_type":"default","og_image_url":null,"og_image_width":null,"og_image_height":null,"og_image_custom_url":null,"og_image_custom_fields":null,"og_video":"","og_custom_url":null,"og_article_section":null,"og_article_tags":null,"twitter_use_og":false,"twitter_card":"default","twitter_image_type":"default","twitter_image_url":null,"twitter_image_custom_url":null,"twitter_image_custom_fields":null,"twitter_title":null,"twitter_description":null,"schema":{"blockGraphs":[],"customGraphs":[],"default":{"data":{"Article":[],"Course":[],"Dataset":[],"FAQPage":[],"Movie":[],"Person":[],"Product":[],"ProductReview":[],"Car":[],"Recipe":[],"Service":[],"SoftwareApplication":[],"WebPage":[]},"graphName":"BlogPosting","isEnabled":true},"graphs":[]},"schema_type":"default","schema_type_options":null,"pillar_content":false,"robots_default":true,"robots_noindex":false,"robots_noarchive":false,"robots_nosnippet":false,"robots_nofollow":false,"robots_noimageindex":false,"robots_noodp":false,"robots_notranslate":false,"robots_max_snippet":"-1","robots_max_videopreview":"-1","robots_max_imagepreview":"large","priority":null,"frequency":"default","local_seo":null,"breadcrumb_settings":null,"limit_modified_date":false,"ai":{"faqs":[],"keyPoints":[],"titles":[],"descriptions":[],"socialPosts":{"email":[],"linkedin":[],"twitter":[],"facebook":[],"instagram":[]}},"created":"2025-09-17 20:19:06","updated":"2025-09-17 20:33:48","seo_analyzer_scan_date":null},"aioseo_breadcrumb":"<div class=\"aioseo-breadcrumbs\"><span class=\"aioseo-breadcrumb\">\n\t\t\t<a href=\"https:\/\/newsinfoco.com.br\/inicio\" title=\"In\u00edcio\">In\u00edcio<\/a>\n\t\t<\/span><span class=\"aioseo-breadcrumb-separator\">&raquo;<\/span><span class=\"aioseo-breadcrumb\">\n\t\t\t<a href=\"https:\/\/newsinfoco.com.br\/inicio\/category\/bahia\/\" title=\"Bahia\">Bahia<\/a>\n\t\t<\/span><span class=\"aioseo-breadcrumb-separator\">&raquo;<\/span><span class=\"aioseo-breadcrumb\">\n\t\t\tVice-prefeito de Maragogipe alerta MP sobre risco em p\u00eder\n\t\t<\/span><\/div>","aioseo_breadcrumb_json":[{"label":"In\u00edcio","link":"https:\/\/newsinfoco.com.br\/inicio"},{"label":"Bahia","link":"https:\/\/newsinfoco.com.br\/inicio\/category\/bahia\/"},{"label":"Vice-prefeito de Maragogipe alerta MP sobre risco em p\u00eder","link":"https:\/\/newsinfoco.com.br\/inicio\/vice-prefeito-de-maragogipe-alerta-mp-sobre-risco-em-pier\/"}],"_links":{"self":[{"href":"https:\/\/newsinfoco.com.br\/inicio\/wp-json\/wp\/v2\/posts\/45487","targetHints":{"allow":["GET"]}}],"collection":[{"href":"https:\/\/newsinfoco.com.br\/inicio\/wp-json\/wp\/v2\/posts"}],"about":[{"href":"https:\/\/newsinfoco.com.br\/inicio\/wp-json\/wp\/v2\/types\/post"}],"author":[{"embeddable":true,"href":"https:\/\/newsinfoco.com.br\/inicio\/wp-json\/wp\/v2\/users\/1"}],"replies":[{"embeddable":true,"href":"https:\/\/newsinfoco.com.br\/inicio\/wp-json\/wp\/v2\/comments?post=45487"}],"version-history":[{"count":1,"href":"https:\/\/newsinfoco.com.br\/inicio\/wp-json\/wp\/v2\/posts\/45487\/revisions"}],"predecessor-version":[{"id":45489,"href":"https:\/\/newsinfoco.com.br\/inicio\/wp-json\/wp\/v2\/posts\/45487\/revisions\/45489"}],"wp:featuredmedia":[{"embeddable":true,"href":"https:\/\/newsinfoco.com.br\/inicio\/wp-json\/wp\/v2\/media\/45488"}],"wp:attachment":[{"href":"https:\/\/newsinfoco.com.br\/inicio\/wp-json\/wp\/v2\/media?parent=45487"}],"wp:term":[{"taxonomy":"category","embeddable":true,"href":"https:\/\/newsinfoco.com.br\/inicio\/wp-json\/wp\/v2\/categories?post=45487"},{"taxonomy":"post_tag","embeddable":true,"href":"https:\/\/newsinfoco.com.br\/inicio\/wp-json\/wp\/v2\/tags?post=45487"}],"curies":[{"name":"wp","href":"https:\/\/api.w.org\/{rel}","templated":true}]}}