{"id":45493,"date":"2025-09-17T18:12:21","date_gmt":"2025-09-17T21:12:21","guid":{"rendered":"https:\/\/newsinfoco.com.br\/inicio\/?p=45493"},"modified":"2025-09-17T18:12:21","modified_gmt":"2025-09-17T21:12:21","slug":"vereador-se-solidariza-com-bolsonaro-apos-diagnostico-de-cancer-de-pele","status":"publish","type":"post","link":"https:\/\/newsinfoco.com.br\/inicio\/vereador-se-solidariza-com-bolsonaro-apos-diagnostico-de-cancer-de-pele\/","title":{"rendered":"Vereador se solidariza com Bolsonaro ap\u00f3s diagn\u00f3stico de c\u00e2ncer de pele"},"content":{"rendered":"<p data-start=\"338\" data-end=\"553\">O vereador Cezar Leite (PL), m\u00e9dico formado pela Ufba, lamentou o\u00a0<a href=\"https:\/\/bahia.ba\/politica\/laudo-de-bolsonaro-indica-cancer-de-pele-diz-medico\/\" target=\"_blank\" rel=\"noopener\">diagn\u00f3stico de c\u00e2ncer de pele do ex-presidente Jair Bolsonaro<\/a>\u00a0(PL) e, de forma otimista, disse ao\u00a0<strong>bahia.ba<\/strong>\u00a0que \u201csua hist\u00f3ria ainda n\u00e3o terminou\u201d.<\/p>\n<p data-start=\"555\" data-end=\"991\">\u201cO presidente Bolsonaro \u00e9 um homem aben\u00e7oado por Deus, um homem levantado por Ele para ser presidente desta na\u00e7\u00e3o. \u00c9 um homem guerreiro. N\u00e3o \u00e9 f\u00e1cil. Eu sou cirurgi\u00e3o h\u00e1 quase 30 anos, trabalhando nesse of\u00edcio, e sei que n\u00e3o \u00e9 simples manter a sa\u00fade como ele mant\u00e9m, depois de uma facada, depois de v\u00e1rias interven\u00e7\u00f5es cir\u00fargicas. Quem j\u00e1 passou por cirurgia sabe do que estou falando\u201d, afirmou o parlamentar, nesta quarta-feira (17).<\/p>\n<p data-start=\"993\" data-end=\"1338\">Em complemento, ele se solidarizou com o diagn\u00f3stico divulgado nesta quarta. \u201cE, de repente, receber a not\u00edcia de um c\u00e2ncer de pele. Ent\u00e3o, ele vai passar por mais esse obst\u00e1culo, vai enfrentar mais uma vez essa prova, porque \u00e9 um homem forte do Brasil, um homem que n\u00e3o recua. Todos n\u00f3s estamos em ora\u00e7\u00e3o pelo presidente Bolsonaro\u201d, concluiu.<\/p>\n<div>\n<div>\n<div class=\"trv-player-container\">\n<div class=\"trv-wrapper\">\n<div id=\"br_video_player_75245b0413cbca999b72f5a64e20499dc3c659f9\" class=\"trvd_video_player trvdinstream\">\n<div class=\"media-player\">\n<div class=\"trv-video\">\n<div id=\"truvid_ima_container19957\" class=\"truvid_ima_container\">\n<div>\n<div>\n<p data-start=\"1340\" data-end=\"1354\"><strong data-start=\"1340\" data-end=\"1352\">Ocorrido<\/strong><\/p>\n<p data-start=\"1356\" data-end=\"1682\">Ap\u00f3s passar por um procedimento m\u00e9dico para a remo\u00e7\u00e3o de oito les\u00f5es na pele, o m\u00e9dico Claudio Birolini, chefe da equipe cir\u00fargica que acompanha o ex-presidente Jair Bolsonaro (PL), confirmou, na tarde desta quarta-feira (17), que exames identificaram duas dessas amostras com caracter\u00edsticas compat\u00edveis com c\u00e2ncer de pele.<\/p>\n<p data-start=\"1356\" data-end=\"1682\">Bahia.Ba<\/p>\n<\/div>\n<\/div>\n<\/div>\n<\/div>\n<\/div>\n<\/div>\n<\/div>\n<\/div>\n<\/div>\n<\/div>\n<div class='share-to-whatsapp-wrapper'><div class='share-on-whsp'>Share on: <\/div><a data-text='Vereador se solidariza com Bolsonaro ap\u00f3s diagn\u00f3stico de c\u00e2ncer de pele' data-link='https:\/\/newsinfoco.com.br\/inicio\/vereador-se-solidariza-com-bolsonaro-apos-diagnostico-de-cancer-de-pele\/' class='whatsapp-button whatsapp-share'>WhatsApp<\/a><div class='clear '><\/div><\/div>","protected":false},"excerpt":{"rendered":"<p>O vereador Cezar Leite (PL), m\u00e9dico formado pela Ufba, lamentou o\u00a0diagn\u00f3stico de c\u00e2ncer de pele do ex-presidente Jair Bolsonaro\u00a0(PL) e, de forma otimista, disse ao\u00a0bahia.ba\u00a0que \u201csua hist\u00f3ria ainda n\u00e3o terminou\u201d. \u201cO presidente Bolsonaro \u00e9 um homem aben\u00e7oado por Deus, um homem levantado por Ele para ser presidente desta na\u00e7\u00e3o. \u00c9 um homem guerreiro. N\u00e3o \u00e9 [&hellip;]<\/p>\n","protected":false},"author":1,"featured_media":45494,"comment_status":"closed","ping_status":"closed","sticky":false,"template":"","format":"standard","meta":{"om_disable_all_campaigns":false,"rop_custom_images_group":[],"rop_custom_messages_group":[],"rop_publish_now":"initial","rop_publish_now_accounts":[],"rop_publish_now_history":[],"rop_publish_now_status":"pending","_exactmetrics_skip_tracking":false,"footnotes":""},"categories":[19],"tags":[],"class_list":["post-45493","post","type-post","status-publish","format-standard","has-post-thumbnail","hentry","category-bahia"],"aioseo_notices":[],"aioseo_head":"\n\t\t<!-- All in One SEO 4.9.10 - aioseo.com -->\n\t<meta name=\"description\" content=\"O vereador Cezar Leite (PL), m\u00e9dico formado pela Ufba, lamentou o diagn\u00f3stico de c\u00e2ncer de pele do ex-presidente Jair Bolsonaro (PL) e, de forma otimista, disse ao bahia.ba que \u201csua hist\u00f3ria ainda n\u00e3o terminou\u201d. \u201cO presidente Bolsonaro \u00e9 um homem aben\u00e7oado por Deus, um homem levantado por Ele para ser presidente desta na\u00e7\u00e3o. \u00c9 um homem guerreiro. N\u00e3o \u00e9\" \/>\n\t<meta name=\"robots\" content=\"max-image-preview:large\" \/>\n\t<meta name=\"author\" content=\"administrador\"\/>\n\t<link rel=\"canonical\" href=\"https:\/\/newsinfoco.com.br\/inicio\/vereador-se-solidariza-com-bolsonaro-apos-diagnostico-de-cancer-de-pele\/\" \/>\n\t<meta name=\"generator\" content=\"All in One SEO (AIOSEO) 4.9.10\" \/>\n\t\t<meta property=\"og:locale\" content=\"pt_BR\" \/>\n\t\t<meta property=\"og:site_name\" content=\"News In Foco - Editado por Caio Pimenta - O principal site de noticias de Alagoinhas e regi\u00e3o\" \/>\n\t\t<meta property=\"og:type\" content=\"article\" \/>\n\t\t<meta property=\"og:title\" content=\"Vereador se solidariza com Bolsonaro ap\u00f3s diagn\u00f3stico de c\u00e2ncer de pele - News In Foco - Editado por Caio Pimenta\" \/>\n\t\t<meta property=\"og:description\" content=\"O vereador Cezar Leite (PL), m\u00e9dico formado pela Ufba, lamentou o diagn\u00f3stico de c\u00e2ncer de pele do ex-presidente Jair Bolsonaro (PL) e, de forma otimista, disse ao bahia.ba que \u201csua hist\u00f3ria ainda n\u00e3o terminou\u201d. \u201cO presidente Bolsonaro \u00e9 um homem aben\u00e7oado por Deus, um homem levantado por Ele para ser presidente desta na\u00e7\u00e3o. \u00c9 um homem guerreiro. N\u00e3o \u00e9\" \/>\n\t\t<meta property=\"og:url\" content=\"https:\/\/newsinfoco.com.br\/inicio\/vereador-se-solidariza-com-bolsonaro-apos-diagnostico-de-cancer-de-pele\/\" \/>\n\t\t<meta property=\"article:published_time\" content=\"2025-09-17T21:12:21+00:00\" \/>\n\t\t<meta property=\"article:modified_time\" content=\"2025-09-17T21:12:21+00:00\" \/>\n\t\t<meta name=\"twitter:card\" content=\"summary_large_image\" \/>\n\t\t<meta name=\"twitter:title\" content=\"Vereador se solidariza com Bolsonaro ap\u00f3s diagn\u00f3stico de c\u00e2ncer de pele - News In Foco - Editado por Caio Pimenta\" \/>\n\t\t<meta name=\"twitter:description\" content=\"O vereador Cezar Leite (PL), m\u00e9dico formado pela Ufba, lamentou o diagn\u00f3stico de c\u00e2ncer de pele do ex-presidente Jair Bolsonaro (PL) e, de forma otimista, disse ao bahia.ba que \u201csua hist\u00f3ria ainda n\u00e3o terminou\u201d. \u201cO presidente Bolsonaro \u00e9 um homem aben\u00e7oado por Deus, um homem levantado por Ele para ser presidente desta na\u00e7\u00e3o. \u00c9 um homem guerreiro. N\u00e3o \u00e9\" \/>\n\t\t<script type=\"application\/ld+json\" class=\"aioseo-schema\">\n\t\t\t{\"@context\":\"https:\\\/\\\/schema.org\",\"@graph\":[{\"@type\":\"BlogPosting\",\"@id\":\"https:\\\/\\\/newsinfoco.com.br\\\/inicio\\\/vereador-se-solidariza-com-bolsonaro-apos-diagnostico-de-cancer-de-pele\\\/#blogposting\",\"name\":\"Vereador se solidariza com Bolsonaro ap\\u00f3s diagn\\u00f3stico de c\\u00e2ncer de pele - News In Foco - Editado por Caio Pimenta\",\"headline\":\"Vereador se solidariza com Bolsonaro ap\\u00f3s diagn\\u00f3stico de c\\u00e2ncer de pele\",\"author\":{\"@id\":\"https:\\\/\\\/newsinfoco.com.br\\\/inicio\\\/author\\\/administrador\\\/#author\"},\"publisher\":{\"@id\":\"https:\\\/\\\/newsinfoco.com.br\\\/inicio\\\/#organization\"},\"image\":{\"@type\":\"ImageObject\",\"url\":\"https:\\\/\\\/newsinfoco.com.br\\\/inicio\\\/wp-content\\\/uploads\\\/2025\\\/09\\\/cezar-leite.png\",\"width\":600,\"height\":420},\"datePublished\":\"2025-09-17T18:12:21-03:00\",\"dateModified\":\"2025-09-17T18:12:21-03:00\",\"inLanguage\":\"pt-BR\",\"mainEntityOfPage\":{\"@id\":\"https:\\\/\\\/newsinfoco.com.br\\\/inicio\\\/vereador-se-solidariza-com-bolsonaro-apos-diagnostico-de-cancer-de-pele\\\/#webpage\"},\"isPartOf\":{\"@id\":\"https:\\\/\\\/newsinfoco.com.br\\\/inicio\\\/vereador-se-solidariza-com-bolsonaro-apos-diagnostico-de-cancer-de-pele\\\/#webpage\"},\"articleSection\":\"Bahia\"},{\"@type\":\"BreadcrumbList\",\"@id\":\"https:\\\/\\\/newsinfoco.com.br\\\/inicio\\\/vereador-se-solidariza-com-bolsonaro-apos-diagnostico-de-cancer-de-pele\\\/#breadcrumblist\",\"itemListElement\":[{\"@type\":\"ListItem\",\"@id\":\"https:\\\/\\\/newsinfoco.com.br\\\/inicio#listItem\",\"position\":1,\"name\":\"In\\u00edcio\",\"item\":\"https:\\\/\\\/newsinfoco.com.br\\\/inicio\",\"nextItem\":{\"@type\":\"ListItem\",\"@id\":\"https:\\\/\\\/newsinfoco.com.br\\\/inicio\\\/category\\\/bahia\\\/#listItem\",\"name\":\"Bahia\"}},{\"@type\":\"ListItem\",\"@id\":\"https:\\\/\\\/newsinfoco.com.br\\\/inicio\\\/category\\\/bahia\\\/#listItem\",\"position\":2,\"name\":\"Bahia\",\"item\":\"https:\\\/\\\/newsinfoco.com.br\\\/inicio\\\/category\\\/bahia\\\/\",\"nextItem\":{\"@type\":\"ListItem\",\"@id\":\"https:\\\/\\\/newsinfoco.com.br\\\/inicio\\\/vereador-se-solidariza-com-bolsonaro-apos-diagnostico-de-cancer-de-pele\\\/#listItem\",\"name\":\"Vereador se solidariza com Bolsonaro ap\\u00f3s diagn\\u00f3stico de c\\u00e2ncer de pele\"},\"previousItem\":{\"@type\":\"ListItem\",\"@id\":\"https:\\\/\\\/newsinfoco.com.br\\\/inicio#listItem\",\"name\":\"In\\u00edcio\"}},{\"@type\":\"ListItem\",\"@id\":\"https:\\\/\\\/newsinfoco.com.br\\\/inicio\\\/vereador-se-solidariza-com-bolsonaro-apos-diagnostico-de-cancer-de-pele\\\/#listItem\",\"position\":3,\"name\":\"Vereador se solidariza com Bolsonaro ap\\u00f3s diagn\\u00f3stico de c\\u00e2ncer de pele\",\"previousItem\":{\"@type\":\"ListItem\",\"@id\":\"https:\\\/\\\/newsinfoco.com.br\\\/inicio\\\/category\\\/bahia\\\/#listItem\",\"name\":\"Bahia\"}}]},{\"@type\":\"Organization\",\"@id\":\"https:\\\/\\\/newsinfoco.com.br\\\/inicio\\\/#organization\",\"name\":\"News In Foco - Editado por Caio Pimenta\",\"description\":\"O principal site de noticias de Alagoinhas e regi\\u00e3o\",\"url\":\"https:\\\/\\\/newsinfoco.com.br\\\/inicio\\\/\"},{\"@type\":\"Person\",\"@id\":\"https:\\\/\\\/newsinfoco.com.br\\\/inicio\\\/author\\\/administrador\\\/#author\",\"url\":\"https:\\\/\\\/newsinfoco.com.br\\\/inicio\\\/author\\\/administrador\\\/\",\"name\":\"administrador\",\"image\":{\"@type\":\"ImageObject\",\"@id\":\"https:\\\/\\\/newsinfoco.com.br\\\/inicio\\\/vereador-se-solidariza-com-bolsonaro-apos-diagnostico-de-cancer-de-pele\\\/#authorImage\",\"url\":\"https:\\\/\\\/secure.gravatar.com\\\/avatar\\\/c17a617433de8c1dc9584bb79aab7563b46f5bb7e1728c9b17d9cc3ce6a08e49?s=96&d=mm&r=g\",\"width\":96,\"height\":96,\"caption\":\"administrador\"}},{\"@type\":\"WebPage\",\"@id\":\"https:\\\/\\\/newsinfoco.com.br\\\/inicio\\\/vereador-se-solidariza-com-bolsonaro-apos-diagnostico-de-cancer-de-pele\\\/#webpage\",\"url\":\"https:\\\/\\\/newsinfoco.com.br\\\/inicio\\\/vereador-se-solidariza-com-bolsonaro-apos-diagnostico-de-cancer-de-pele\\\/\",\"name\":\"Vereador se solidariza com Bolsonaro ap\\u00f3s diagn\\u00f3stico de c\\u00e2ncer de pele - News In Foco - Editado por Caio Pimenta\",\"description\":\"O vereador Cezar Leite (PL), m\\u00e9dico formado pela Ufba, lamentou o diagn\\u00f3stico de c\\u00e2ncer de pele do ex-presidente Jair Bolsonaro (PL) e, de forma otimista, disse ao bahia.ba que \\u201csua hist\\u00f3ria ainda n\\u00e3o terminou\\u201d. \\u201cO presidente Bolsonaro \\u00e9 um homem aben\\u00e7oado por Deus, um homem levantado por Ele para ser presidente desta na\\u00e7\\u00e3o. \\u00c9 um homem guerreiro. N\\u00e3o \\u00e9\",\"inLanguage\":\"pt-BR\",\"isPartOf\":{\"@id\":\"https:\\\/\\\/newsinfoco.com.br\\\/inicio\\\/#website\"},\"breadcrumb\":{\"@id\":\"https:\\\/\\\/newsinfoco.com.br\\\/inicio\\\/vereador-se-solidariza-com-bolsonaro-apos-diagnostico-de-cancer-de-pele\\\/#breadcrumblist\"},\"author\":{\"@id\":\"https:\\\/\\\/newsinfoco.com.br\\\/inicio\\\/author\\\/administrador\\\/#author\"},\"creator\":{\"@id\":\"https:\\\/\\\/newsinfoco.com.br\\\/inicio\\\/author\\\/administrador\\\/#author\"},\"image\":{\"@type\":\"ImageObject\",\"url\":\"https:\\\/\\\/newsinfoco.com.br\\\/inicio\\\/wp-content\\\/uploads\\\/2025\\\/09\\\/cezar-leite.png\",\"@id\":\"https:\\\/\\\/newsinfoco.com.br\\\/inicio\\\/vereador-se-solidariza-com-bolsonaro-apos-diagnostico-de-cancer-de-pele\\\/#mainImage\",\"width\":600,\"height\":420},\"primaryImageOfPage\":{\"@id\":\"https:\\\/\\\/newsinfoco.com.br\\\/inicio\\\/vereador-se-solidariza-com-bolsonaro-apos-diagnostico-de-cancer-de-pele\\\/#mainImage\"},\"datePublished\":\"2025-09-17T18:12:21-03:00\",\"dateModified\":\"2025-09-17T18:12:21-03:00\"},{\"@type\":\"WebSite\",\"@id\":\"https:\\\/\\\/newsinfoco.com.br\\\/inicio\\\/#website\",\"url\":\"https:\\\/\\\/newsinfoco.com.br\\\/inicio\\\/\",\"name\":\"News In Foco - Editado por Caio Pimenta\",\"description\":\"O principal site de noticias de Alagoinhas e regi\\u00e3o\",\"inLanguage\":\"pt-BR\",\"publisher\":{\"@id\":\"https:\\\/\\\/newsinfoco.com.br\\\/inicio\\\/#organization\"}}]}\n\t\t<\/script>\n\t\t<!-- All in One SEO -->\n\n","aioseo_head_json":{"title":"Vereador se solidariza com Bolsonaro ap\u00f3s diagn\u00f3stico de c\u00e2ncer de pele - News In Foco - Editado por Caio Pimenta","description":"O vereador Cezar Leite (PL), m\u00e9dico formado pela Ufba, lamentou o diagn\u00f3stico de c\u00e2ncer de pele do ex-presidente Jair Bolsonaro (PL) e, de forma otimista, disse ao bahia.ba que \u201csua hist\u00f3ria ainda n\u00e3o terminou\u201d. \u201cO presidente Bolsonaro \u00e9 um homem aben\u00e7oado por Deus, um homem levantado por Ele para ser presidente desta na\u00e7\u00e3o. \u00c9 um homem guerreiro. N\u00e3o \u00e9","canonical_url":"https:\/\/newsinfoco.com.br\/inicio\/vereador-se-solidariza-com-bolsonaro-apos-diagnostico-de-cancer-de-pele\/","robots":"max-image-preview:large","keywords":"","webmasterTools":{"miscellaneous":""},"schema":{"@context":"https:\/\/schema.org","@graph":[{"@type":"BlogPosting","@id":"https:\/\/newsinfoco.com.br\/inicio\/vereador-se-solidariza-com-bolsonaro-apos-diagnostico-de-cancer-de-pele\/#blogposting","name":"Vereador se solidariza com Bolsonaro ap\u00f3s diagn\u00f3stico de c\u00e2ncer de pele - News In Foco - Editado por Caio Pimenta","headline":"Vereador se solidariza com Bolsonaro ap\u00f3s diagn\u00f3stico de c\u00e2ncer de pele","author":{"@id":"https:\/\/newsinfoco.com.br\/inicio\/author\/administrador\/#author"},"publisher":{"@id":"https:\/\/newsinfoco.com.br\/inicio\/#organization"},"image":{"@type":"ImageObject","url":"https:\/\/newsinfoco.com.br\/inicio\/wp-content\/uploads\/2025\/09\/cezar-leite.png","width":600,"height":420},"datePublished":"2025-09-17T18:12:21-03:00","dateModified":"2025-09-17T18:12:21-03:00","inLanguage":"pt-BR","mainEntityOfPage":{"@id":"https:\/\/newsinfoco.com.br\/inicio\/vereador-se-solidariza-com-bolsonaro-apos-diagnostico-de-cancer-de-pele\/#webpage"},"isPartOf":{"@id":"https:\/\/newsinfoco.com.br\/inicio\/vereador-se-solidariza-com-bolsonaro-apos-diagnostico-de-cancer-de-pele\/#webpage"},"articleSection":"Bahia"},{"@type":"BreadcrumbList","@id":"https:\/\/newsinfoco.com.br\/inicio\/vereador-se-solidariza-com-bolsonaro-apos-diagnostico-de-cancer-de-pele\/#breadcrumblist","itemListElement":[{"@type":"ListItem","@id":"https:\/\/newsinfoco.com.br\/inicio#listItem","position":1,"name":"In\u00edcio","item":"https:\/\/newsinfoco.com.br\/inicio","nextItem":{"@type":"ListItem","@id":"https:\/\/newsinfoco.com.br\/inicio\/category\/bahia\/#listItem","name":"Bahia"}},{"@type":"ListItem","@id":"https:\/\/newsinfoco.com.br\/inicio\/category\/bahia\/#listItem","position":2,"name":"Bahia","item":"https:\/\/newsinfoco.com.br\/inicio\/category\/bahia\/","nextItem":{"@type":"ListItem","@id":"https:\/\/newsinfoco.com.br\/inicio\/vereador-se-solidariza-com-bolsonaro-apos-diagnostico-de-cancer-de-pele\/#listItem","name":"Vereador se solidariza com Bolsonaro ap\u00f3s diagn\u00f3stico de c\u00e2ncer de pele"},"previousItem":{"@type":"ListItem","@id":"https:\/\/newsinfoco.com.br\/inicio#listItem","name":"In\u00edcio"}},{"@type":"ListItem","@id":"https:\/\/newsinfoco.com.br\/inicio\/vereador-se-solidariza-com-bolsonaro-apos-diagnostico-de-cancer-de-pele\/#listItem","position":3,"name":"Vereador se solidariza com Bolsonaro ap\u00f3s diagn\u00f3stico de c\u00e2ncer de pele","previousItem":{"@type":"ListItem","@id":"https:\/\/newsinfoco.com.br\/inicio\/category\/bahia\/#listItem","name":"Bahia"}}]},{"@type":"Organization","@id":"https:\/\/newsinfoco.com.br\/inicio\/#organization","name":"News In Foco - Editado por Caio Pimenta","description":"O principal site de noticias de Alagoinhas e regi\u00e3o","url":"https:\/\/newsinfoco.com.br\/inicio\/"},{"@type":"Person","@id":"https:\/\/newsinfoco.com.br\/inicio\/author\/administrador\/#author","url":"https:\/\/newsinfoco.com.br\/inicio\/author\/administrador\/","name":"administrador","image":{"@type":"ImageObject","@id":"https:\/\/newsinfoco.com.br\/inicio\/vereador-se-solidariza-com-bolsonaro-apos-diagnostico-de-cancer-de-pele\/#authorImage","url":"https:\/\/secure.gravatar.com\/avatar\/c17a617433de8c1dc9584bb79aab7563b46f5bb7e1728c9b17d9cc3ce6a08e49?s=96&d=mm&r=g","width":96,"height":96,"caption":"administrador"}},{"@type":"WebPage","@id":"https:\/\/newsinfoco.com.br\/inicio\/vereador-se-solidariza-com-bolsonaro-apos-diagnostico-de-cancer-de-pele\/#webpage","url":"https:\/\/newsinfoco.com.br\/inicio\/vereador-se-solidariza-com-bolsonaro-apos-diagnostico-de-cancer-de-pele\/","name":"Vereador se solidariza com Bolsonaro ap\u00f3s diagn\u00f3stico de c\u00e2ncer de pele - News In Foco - Editado por Caio Pimenta","description":"O vereador Cezar Leite (PL), m\u00e9dico formado pela Ufba, lamentou o diagn\u00f3stico de c\u00e2ncer de pele do ex-presidente Jair Bolsonaro (PL) e, de forma otimista, disse ao bahia.ba que \u201csua hist\u00f3ria ainda n\u00e3o terminou\u201d. \u201cO presidente Bolsonaro \u00e9 um homem aben\u00e7oado por Deus, um homem levantado por Ele para ser presidente desta na\u00e7\u00e3o. \u00c9 um homem guerreiro. N\u00e3o \u00e9","inLanguage":"pt-BR","isPartOf":{"@id":"https:\/\/newsinfoco.com.br\/inicio\/#website"},"breadcrumb":{"@id":"https:\/\/newsinfoco.com.br\/inicio\/vereador-se-solidariza-com-bolsonaro-apos-diagnostico-de-cancer-de-pele\/#breadcrumblist"},"author":{"@id":"https:\/\/newsinfoco.com.br\/inicio\/author\/administrador\/#author"},"creator":{"@id":"https:\/\/newsinfoco.com.br\/inicio\/author\/administrador\/#author"},"image":{"@type":"ImageObject","url":"https:\/\/newsinfoco.com.br\/inicio\/wp-content\/uploads\/2025\/09\/cezar-leite.png","@id":"https:\/\/newsinfoco.com.br\/inicio\/vereador-se-solidariza-com-bolsonaro-apos-diagnostico-de-cancer-de-pele\/#mainImage","width":600,"height":420},"primaryImageOfPage":{"@id":"https:\/\/newsinfoco.com.br\/inicio\/vereador-se-solidariza-com-bolsonaro-apos-diagnostico-de-cancer-de-pele\/#mainImage"},"datePublished":"2025-09-17T18:12:21-03:00","dateModified":"2025-09-17T18:12:21-03:00"},{"@type":"WebSite","@id":"https:\/\/newsinfoco.com.br\/inicio\/#website","url":"https:\/\/newsinfoco.com.br\/inicio\/","name":"News In Foco - Editado por Caio Pimenta","description":"O principal site de noticias de Alagoinhas e regi\u00e3o","inLanguage":"pt-BR","publisher":{"@id":"https:\/\/newsinfoco.com.br\/inicio\/#organization"}}]},"og:locale":"pt_BR","og:site_name":"News In Foco - Editado por Caio Pimenta - O principal site de noticias de Alagoinhas e regi\u00e3o","og:type":"article","og:title":"Vereador se solidariza com Bolsonaro ap\u00f3s diagn\u00f3stico de c\u00e2ncer de pele - News In Foco - Editado por Caio Pimenta","og:description":"O vereador Cezar Leite (PL), m\u00e9dico formado pela Ufba, lamentou o diagn\u00f3stico de c\u00e2ncer de pele do ex-presidente Jair Bolsonaro (PL) e, de forma otimista, disse ao bahia.ba que \u201csua hist\u00f3ria ainda n\u00e3o terminou\u201d. \u201cO presidente Bolsonaro \u00e9 um homem aben\u00e7oado por Deus, um homem levantado por Ele para ser presidente desta na\u00e7\u00e3o. \u00c9 um homem guerreiro. N\u00e3o \u00e9","og:url":"https:\/\/newsinfoco.com.br\/inicio\/vereador-se-solidariza-com-bolsonaro-apos-diagnostico-de-cancer-de-pele\/","article:published_time":"2025-09-17T21:12:21+00:00","article:modified_time":"2025-09-17T21:12:21+00:00","twitter:card":"summary_large_image","twitter:title":"Vereador se solidariza com Bolsonaro ap\u00f3s diagn\u00f3stico de c\u00e2ncer de pele - News In Foco - Editado por Caio Pimenta","twitter:description":"O vereador Cezar Leite (PL), m\u00e9dico formado pela Ufba, lamentou o diagn\u00f3stico de c\u00e2ncer de pele do ex-presidente Jair Bolsonaro (PL) e, de forma otimista, disse ao bahia.ba que \u201csua hist\u00f3ria ainda n\u00e3o terminou\u201d. \u201cO presidente Bolsonaro \u00e9 um homem aben\u00e7oado por Deus, um homem levantado por Ele para ser presidente desta na\u00e7\u00e3o. \u00c9 um homem guerreiro. N\u00e3o \u00e9"},"aioseo_meta_data":{"post_id":"45493","title":null,"description":null,"keywords":null,"keyphrases":{"focus":{"keyphrase":"","score":0,"analysis":{"keyphraseInTitle":{"score":0,"maxScore":9,"error":1}}},"additional":[]},"primary_term":null,"canonical_url":null,"og_title":null,"og_description":null,"og_object_type":"default","og_image_type":"default","og_image_url":null,"og_image_width":null,"og_image_height":null,"og_image_custom_url":null,"og_image_custom_fields":null,"og_video":"","og_custom_url":null,"og_article_section":null,"og_article_tags":null,"twitter_use_og":false,"twitter_card":"default","twitter_image_type":"default","twitter_image_url":null,"twitter_image_custom_url":null,"twitter_image_custom_fields":null,"twitter_title":null,"twitter_description":null,"schema":{"blockGraphs":[],"customGraphs":[],"default":{"data":{"Article":[],"Course":[],"Dataset":[],"FAQPage":[],"Movie":[],"Person":[],"Product":[],"ProductReview":[],"Car":[],"Recipe":[],"Service":[],"SoftwareApplication":[],"WebPage":[]},"graphName":"BlogPosting","isEnabled":true},"graphs":[]},"schema_type":"default","schema_type_options":null,"pillar_content":false,"robots_default":true,"robots_noindex":false,"robots_noarchive":false,"robots_nosnippet":false,"robots_nofollow":false,"robots_noimageindex":false,"robots_noodp":false,"robots_notranslate":false,"robots_max_snippet":"-1","robots_max_videopreview":"-1","robots_max_imagepreview":"large","priority":null,"frequency":"default","local_seo":null,"breadcrumb_settings":null,"limit_modified_date":false,"ai":{"faqs":[],"keyPoints":[],"titles":[],"descriptions":[],"socialPosts":{"email":[],"linkedin":[],"twitter":[],"facebook":[],"instagram":[]}},"created":"2025-09-17 21:12:21","updated":"2025-09-17 21:23:08","seo_analyzer_scan_date":null},"aioseo_breadcrumb":"<div class=\"aioseo-breadcrumbs\"><span class=\"aioseo-breadcrumb\">\n\t\t\t<a href=\"https:\/\/newsinfoco.com.br\/inicio\" title=\"In\u00edcio\">In\u00edcio<\/a>\n\t\t<\/span><span class=\"aioseo-breadcrumb-separator\">&raquo;<\/span><span class=\"aioseo-breadcrumb\">\n\t\t\t<a href=\"https:\/\/newsinfoco.com.br\/inicio\/category\/bahia\/\" title=\"Bahia\">Bahia<\/a>\n\t\t<\/span><span class=\"aioseo-breadcrumb-separator\">&raquo;<\/span><span class=\"aioseo-breadcrumb\">\n\t\t\tVereador se solidariza com Bolsonaro ap\u00f3s diagn\u00f3stico de c\u00e2ncer de pele\n\t\t<\/span><\/div>","aioseo_breadcrumb_json":[{"label":"In\u00edcio","link":"https:\/\/newsinfoco.com.br\/inicio"},{"label":"Bahia","link":"https:\/\/newsinfoco.com.br\/inicio\/category\/bahia\/"},{"label":"Vereador se solidariza com Bolsonaro ap\u00f3s diagn\u00f3stico de c\u00e2ncer de pele","link":"https:\/\/newsinfoco.com.br\/inicio\/vereador-se-solidariza-com-bolsonaro-apos-diagnostico-de-cancer-de-pele\/"}],"_links":{"self":[{"href":"https:\/\/newsinfoco.com.br\/inicio\/wp-json\/wp\/v2\/posts\/45493","targetHints":{"allow":["GET"]}}],"collection":[{"href":"https:\/\/newsinfoco.com.br\/inicio\/wp-json\/wp\/v2\/posts"}],"about":[{"href":"https:\/\/newsinfoco.com.br\/inicio\/wp-json\/wp\/v2\/types\/post"}],"author":[{"embeddable":true,"href":"https:\/\/newsinfoco.com.br\/inicio\/wp-json\/wp\/v2\/users\/1"}],"replies":[{"embeddable":true,"href":"https:\/\/newsinfoco.com.br\/inicio\/wp-json\/wp\/v2\/comments?post=45493"}],"version-history":[{"count":1,"href":"https:\/\/newsinfoco.com.br\/inicio\/wp-json\/wp\/v2\/posts\/45493\/revisions"}],"predecessor-version":[{"id":45495,"href":"https:\/\/newsinfoco.com.br\/inicio\/wp-json\/wp\/v2\/posts\/45493\/revisions\/45495"}],"wp:featuredmedia":[{"embeddable":true,"href":"https:\/\/newsinfoco.com.br\/inicio\/wp-json\/wp\/v2\/media\/45494"}],"wp:attachment":[{"href":"https:\/\/newsinfoco.com.br\/inicio\/wp-json\/wp\/v2\/media?parent=45493"}],"wp:term":[{"taxonomy":"category","embeddable":true,"href":"https:\/\/newsinfoco.com.br\/inicio\/wp-json\/wp\/v2\/categories?post=45493"},{"taxonomy":"post_tag","embeddable":true,"href":"https:\/\/newsinfoco.com.br\/inicio\/wp-json\/wp\/v2\/tags?post=45493"}],"curies":[{"name":"wp","href":"https:\/\/api.w.org\/{rel}","templated":true}]}}