{"id":45503,"date":"2025-09-18T12:51:36","date_gmt":"2025-09-18T15:51:36","guid":{"rendered":"https:\/\/newsinfoco.com.br\/inicio\/?p=45503"},"modified":"2025-09-18T12:51:36","modified_gmt":"2025-09-18T15:51:36","slug":"alagoinhas-sedia-etapa-territorial-da-5a-conferencia-estadual-de-direitos-humanos","status":"publish","type":"post","link":"https:\/\/newsinfoco.com.br\/inicio\/alagoinhas-sedia-etapa-territorial-da-5a-conferencia-estadual-de-direitos-humanos\/","title":{"rendered":"Alagoinhas sedia etapa territorial da 5\u00aa Confer\u00eancia Estadual de Direitos Humanos"},"content":{"rendered":"<p>O munic\u00edpio de Alagoinhas sedia, nesta quinta-feira, 18, a 5\u00aa Confer\u00eancia Estadual dos Direitos Humanos do Litoral Norte e Agreste Baiano. O evento acontece no audit\u00f3rio do Col\u00e9gio Modelo Lu\u00eds Eduardo Magalh\u00e3es. Com o tema \u201cPor um Sistema Nacional de Direitos Humanos\u201d, o encontro \u00e9 organizado pela Prefeitura, a pedido da Secretaria de Justi\u00e7a e Direitos Humanos da Bahia, com atua\u00e7\u00e3o direta da Secretaria Municipal de Desenvolvimento Social (Sedes).<\/p>\n<p>O evento re\u00fane representantes de 22 munic\u00edpios do territ\u00f3rio, com a participa\u00e7\u00e3o de membros do poder p\u00fablico e da sociedade civil organizada. O objetivo \u00e9 refletir e propor estrat\u00e9gias para fortalecer e efetivar pol\u00edticas p\u00fablicas de direitos humanos na regi\u00e3o.<\/p>\n<p>\u201cQuando falamos em direitos humanos, estamos falando da sociedade em geral. N\u00f3s convidamos todos os conselhos do munic\u00edpio e do territ\u00f3rio que se referem \u00e0s pessoas com defici\u00eancia, \u00e0s pessoas LGBTQIAPN+, mulheres, idosos, \u00e0 igualdade racial etc. Juntos vamos pensar pautas e construir melhorias para nosso territ\u00f3rio\u201d, diz Elb\u00eania Ramos, diretora de Pol\u00edticas para as Mulheres e Direitos Humanos da Sedes.<\/p>\n<p>O secret\u00e1rio de Justi\u00e7a de Direitos Humanos da Bahia, Felipe Freitas, destaca a import\u00e2ncia de disseminar a vis\u00e3o de que os Direitos Humanos s\u00e3o amplos e se referem a diversas nuances da sociedade, indo al\u00e9m da compreens\u00e3o comum que muitas pessoas t\u00eam. \u201cA Confer\u00eancia \u00e9 o momento de aprofundar o debate. Que cada um de n\u00f3s possa ser quem \u00e9 e ser respeitado nessa condi\u00e7\u00e3o. Precisamos lutar juntos por um mundo mais justo e melhor para todas as pessoas\u201d, afirma.<\/p>\n<p>Ressaltando o car\u00e1ter coletivo do encontro, a secret\u00e1ria interina de Desenvolvimento Social, Lianne Carmo afirma que \u201cfalar de direitos humanos \u00e9 falar de sobreviv\u00eancia e exist\u00eancia, buscando a igualdade de direitos de forma ampla e irrestrita\u201d.<\/p>\n<p>\u201cQueremos ratificar nosso compromisso com a defesa das garantias individuais e coletivas. Com atua\u00e7\u00e3o do poder p\u00fablico, as garantias constitucionais se tornam efetivas, contando com o olhar, a sensibilidade e a parceria daqueles que fazem, no dia a dia, a sociedade acontecer\u201d, declara o prefeito Gustavo Carmo.<\/p>\n<p>As pr\u00f3ximas etapas da Confer\u00eancia j\u00e1 t\u00eam data: a fase estadual acontecer\u00e1 em 9 e 10 de outubro, em Salvador, e a Confer\u00eancia Nacional ser\u00e1 realizada de 10 a 12 de dezembro, em Bras\u00edlia.<\/p>\n<p>&nbsp;<\/p>\n<div class='share-to-whatsapp-wrapper'><div class='share-on-whsp'>Share on: <\/div><a data-text='Alagoinhas sedia etapa territorial da 5\u00aa Confer\u00eancia Estadual de Direitos Humanos' data-link='https:\/\/newsinfoco.com.br\/inicio\/alagoinhas-sedia-etapa-territorial-da-5a-conferencia-estadual-de-direitos-humanos\/' class='whatsapp-button whatsapp-share'>WhatsApp<\/a><div class='clear '><\/div><\/div>","protected":false},"excerpt":{"rendered":"<p>O munic\u00edpio de Alagoinhas sedia, nesta quinta-feira, 18, a 5\u00aa Confer\u00eancia Estadual dos Direitos Humanos do Litoral Norte e Agreste Baiano. O evento acontece no audit\u00f3rio do Col\u00e9gio Modelo Lu\u00eds Eduardo Magalh\u00e3es. Com o tema \u201cPor um Sistema Nacional de Direitos Humanos\u201d, o encontro \u00e9 organizado pela Prefeitura, a pedido da Secretaria de Justi\u00e7a e [&hellip;]<\/p>\n","protected":false},"author":1,"featured_media":45504,"comment_status":"closed","ping_status":"closed","sticky":false,"template":"","format":"standard","meta":{"om_disable_all_campaigns":false,"rop_custom_images_group":[],"rop_custom_messages_group":[],"rop_publish_now":"initial","rop_publish_now_accounts":[],"rop_publish_now_history":[],"rop_publish_now_status":"pending","_exactmetrics_skip_tracking":false,"footnotes":""},"categories":[38,167],"tags":[],"class_list":["post-45503","post","type-post","status-publish","format-standard","has-post-thumbnail","hentry","category-alagoinhas-e-regiao","category-exclusivas"],"aioseo_notices":[],"aioseo_head":"\n\t\t<!-- All in One SEO 4.9.10 - aioseo.com -->\n\t<meta name=\"description\" content=\"O munic\u00edpio de Alagoinhas sedia, nesta quinta-feira, 18, a 5\u00aa Confer\u00eancia Estadual dos Direitos Humanos do Litoral Norte e Agreste Baiano. O evento acontece no audit\u00f3rio do Col\u00e9gio Modelo Lu\u00eds Eduardo Magalh\u00e3es. Com o tema \u201cPor um Sistema Nacional de Direitos Humanos\u201d, o encontro \u00e9 organizado pela Prefeitura, a pedido da Secretaria de Justi\u00e7a e\" \/>\n\t<meta name=\"robots\" content=\"max-image-preview:large\" \/>\n\t<meta name=\"author\" content=\"administrador\"\/>\n\t<link rel=\"canonical\" href=\"https:\/\/newsinfoco.com.br\/inicio\/alagoinhas-sedia-etapa-territorial-da-5a-conferencia-estadual-de-direitos-humanos\/\" \/>\n\t<meta name=\"generator\" content=\"All in One SEO (AIOSEO) 4.9.10\" \/>\n\t\t<meta property=\"og:locale\" content=\"pt_BR\" \/>\n\t\t<meta property=\"og:site_name\" content=\"News In Foco - Editado por Caio Pimenta - O principal site de noticias de Alagoinhas e regi\u00e3o\" \/>\n\t\t<meta property=\"og:type\" content=\"article\" \/>\n\t\t<meta property=\"og:title\" content=\"Alagoinhas sedia etapa territorial da 5\u00aa Confer\u00eancia Estadual de Direitos Humanos - News In Foco - Editado por Caio Pimenta\" \/>\n\t\t<meta property=\"og:description\" content=\"O munic\u00edpio de Alagoinhas sedia, nesta quinta-feira, 18, a 5\u00aa Confer\u00eancia Estadual dos Direitos Humanos do Litoral Norte e Agreste Baiano. O evento acontece no audit\u00f3rio do Col\u00e9gio Modelo Lu\u00eds Eduardo Magalh\u00e3es. Com o tema \u201cPor um Sistema Nacional de Direitos Humanos\u201d, o encontro \u00e9 organizado pela Prefeitura, a pedido da Secretaria de Justi\u00e7a e\" \/>\n\t\t<meta property=\"og:url\" content=\"https:\/\/newsinfoco.com.br\/inicio\/alagoinhas-sedia-etapa-territorial-da-5a-conferencia-estadual-de-direitos-humanos\/\" \/>\n\t\t<meta property=\"article:published_time\" content=\"2025-09-18T15:51:36+00:00\" \/>\n\t\t<meta property=\"article:modified_time\" content=\"2025-09-18T15:51:36+00:00\" \/>\n\t\t<meta name=\"twitter:card\" content=\"summary_large_image\" \/>\n\t\t<meta name=\"twitter:title\" content=\"Alagoinhas sedia etapa territorial da 5\u00aa Confer\u00eancia Estadual de Direitos Humanos - News In Foco - Editado por Caio Pimenta\" \/>\n\t\t<meta name=\"twitter:description\" content=\"O munic\u00edpio de Alagoinhas sedia, nesta quinta-feira, 18, a 5\u00aa Confer\u00eancia Estadual dos Direitos Humanos do Litoral Norte e Agreste Baiano. O evento acontece no audit\u00f3rio do Col\u00e9gio Modelo Lu\u00eds Eduardo Magalh\u00e3es. Com o tema \u201cPor um Sistema Nacional de Direitos Humanos\u201d, o encontro \u00e9 organizado pela Prefeitura, a pedido da Secretaria de Justi\u00e7a e\" \/>\n\t\t<script type=\"application\/ld+json\" class=\"aioseo-schema\">\n\t\t\t{\"@context\":\"https:\\\/\\\/schema.org\",\"@graph\":[{\"@type\":\"BlogPosting\",\"@id\":\"https:\\\/\\\/newsinfoco.com.br\\\/inicio\\\/alagoinhas-sedia-etapa-territorial-da-5a-conferencia-estadual-de-direitos-humanos\\\/#blogposting\",\"name\":\"Alagoinhas sedia etapa territorial da 5\\u00aa Confer\\u00eancia Estadual de Direitos Humanos - News In Foco - Editado por Caio Pimenta\",\"headline\":\"Alagoinhas sedia etapa territorial da 5\\u00aa Confer\\u00eancia Estadual de Direitos Humanos\",\"author\":{\"@id\":\"https:\\\/\\\/newsinfoco.com.br\\\/inicio\\\/author\\\/administrador\\\/#author\"},\"publisher\":{\"@id\":\"https:\\\/\\\/newsinfoco.com.br\\\/inicio\\\/#organization\"},\"image\":{\"@type\":\"ImageObject\",\"url\":\"https:\\\/\\\/newsinfoco.com.br\\\/inicio\\\/wp-content\\\/uploads\\\/2025\\\/09\\\/WhatsApp-Image-2025-09-18-at-11.56.40.jpeg\",\"width\":1600,\"height\":1066},\"datePublished\":\"2025-09-18T12:51:36-03:00\",\"dateModified\":\"2025-09-18T12:51:36-03:00\",\"inLanguage\":\"pt-BR\",\"mainEntityOfPage\":{\"@id\":\"https:\\\/\\\/newsinfoco.com.br\\\/inicio\\\/alagoinhas-sedia-etapa-territorial-da-5a-conferencia-estadual-de-direitos-humanos\\\/#webpage\"},\"isPartOf\":{\"@id\":\"https:\\\/\\\/newsinfoco.com.br\\\/inicio\\\/alagoinhas-sedia-etapa-territorial-da-5a-conferencia-estadual-de-direitos-humanos\\\/#webpage\"},\"articleSection\":\"Alagoinhas e Regi\\u00e3o, Manchete\"},{\"@type\":\"BreadcrumbList\",\"@id\":\"https:\\\/\\\/newsinfoco.com.br\\\/inicio\\\/alagoinhas-sedia-etapa-territorial-da-5a-conferencia-estadual-de-direitos-humanos\\\/#breadcrumblist\",\"itemListElement\":[{\"@type\":\"ListItem\",\"@id\":\"https:\\\/\\\/newsinfoco.com.br\\\/inicio#listItem\",\"position\":1,\"name\":\"In\\u00edcio\",\"item\":\"https:\\\/\\\/newsinfoco.com.br\\\/inicio\",\"nextItem\":{\"@type\":\"ListItem\",\"@id\":\"https:\\\/\\\/newsinfoco.com.br\\\/inicio\\\/category\\\/alagoinhas-e-regiao\\\/#listItem\",\"name\":\"Alagoinhas e Regi\\u00e3o\"}},{\"@type\":\"ListItem\",\"@id\":\"https:\\\/\\\/newsinfoco.com.br\\\/inicio\\\/category\\\/alagoinhas-e-regiao\\\/#listItem\",\"position\":2,\"name\":\"Alagoinhas e Regi\\u00e3o\",\"item\":\"https:\\\/\\\/newsinfoco.com.br\\\/inicio\\\/category\\\/alagoinhas-e-regiao\\\/\",\"nextItem\":{\"@type\":\"ListItem\",\"@id\":\"https:\\\/\\\/newsinfoco.com.br\\\/inicio\\\/alagoinhas-sedia-etapa-territorial-da-5a-conferencia-estadual-de-direitos-humanos\\\/#listItem\",\"name\":\"Alagoinhas sedia etapa territorial da 5\\u00aa Confer\\u00eancia Estadual de Direitos Humanos\"},\"previousItem\":{\"@type\":\"ListItem\",\"@id\":\"https:\\\/\\\/newsinfoco.com.br\\\/inicio#listItem\",\"name\":\"In\\u00edcio\"}},{\"@type\":\"ListItem\",\"@id\":\"https:\\\/\\\/newsinfoco.com.br\\\/inicio\\\/alagoinhas-sedia-etapa-territorial-da-5a-conferencia-estadual-de-direitos-humanos\\\/#listItem\",\"position\":3,\"name\":\"Alagoinhas sedia etapa territorial da 5\\u00aa Confer\\u00eancia Estadual de Direitos Humanos\",\"previousItem\":{\"@type\":\"ListItem\",\"@id\":\"https:\\\/\\\/newsinfoco.com.br\\\/inicio\\\/category\\\/alagoinhas-e-regiao\\\/#listItem\",\"name\":\"Alagoinhas e Regi\\u00e3o\"}}]},{\"@type\":\"Organization\",\"@id\":\"https:\\\/\\\/newsinfoco.com.br\\\/inicio\\\/#organization\",\"name\":\"News In Foco - Editado por Caio Pimenta\",\"description\":\"O principal site de noticias de Alagoinhas e regi\\u00e3o\",\"url\":\"https:\\\/\\\/newsinfoco.com.br\\\/inicio\\\/\"},{\"@type\":\"Person\",\"@id\":\"https:\\\/\\\/newsinfoco.com.br\\\/inicio\\\/author\\\/administrador\\\/#author\",\"url\":\"https:\\\/\\\/newsinfoco.com.br\\\/inicio\\\/author\\\/administrador\\\/\",\"name\":\"administrador\",\"image\":{\"@type\":\"ImageObject\",\"@id\":\"https:\\\/\\\/newsinfoco.com.br\\\/inicio\\\/alagoinhas-sedia-etapa-territorial-da-5a-conferencia-estadual-de-direitos-humanos\\\/#authorImage\",\"url\":\"https:\\\/\\\/secure.gravatar.com\\\/avatar\\\/c17a617433de8c1dc9584bb79aab7563b46f5bb7e1728c9b17d9cc3ce6a08e49?s=96&d=mm&r=g\",\"width\":96,\"height\":96,\"caption\":\"administrador\"}},{\"@type\":\"WebPage\",\"@id\":\"https:\\\/\\\/newsinfoco.com.br\\\/inicio\\\/alagoinhas-sedia-etapa-territorial-da-5a-conferencia-estadual-de-direitos-humanos\\\/#webpage\",\"url\":\"https:\\\/\\\/newsinfoco.com.br\\\/inicio\\\/alagoinhas-sedia-etapa-territorial-da-5a-conferencia-estadual-de-direitos-humanos\\\/\",\"name\":\"Alagoinhas sedia etapa territorial da 5\\u00aa Confer\\u00eancia Estadual de Direitos Humanos - News In Foco - Editado por Caio Pimenta\",\"description\":\"O munic\\u00edpio de Alagoinhas sedia, nesta quinta-feira, 18, a 5\\u00aa Confer\\u00eancia Estadual dos Direitos Humanos do Litoral Norte e Agreste Baiano. O evento acontece no audit\\u00f3rio do Col\\u00e9gio Modelo Lu\\u00eds Eduardo Magalh\\u00e3es. Com o tema \\u201cPor um Sistema Nacional de Direitos Humanos\\u201d, o encontro \\u00e9 organizado pela Prefeitura, a pedido da Secretaria de Justi\\u00e7a e\",\"inLanguage\":\"pt-BR\",\"isPartOf\":{\"@id\":\"https:\\\/\\\/newsinfoco.com.br\\\/inicio\\\/#website\"},\"breadcrumb\":{\"@id\":\"https:\\\/\\\/newsinfoco.com.br\\\/inicio\\\/alagoinhas-sedia-etapa-territorial-da-5a-conferencia-estadual-de-direitos-humanos\\\/#breadcrumblist\"},\"author\":{\"@id\":\"https:\\\/\\\/newsinfoco.com.br\\\/inicio\\\/author\\\/administrador\\\/#author\"},\"creator\":{\"@id\":\"https:\\\/\\\/newsinfoco.com.br\\\/inicio\\\/author\\\/administrador\\\/#author\"},\"image\":{\"@type\":\"ImageObject\",\"url\":\"https:\\\/\\\/newsinfoco.com.br\\\/inicio\\\/wp-content\\\/uploads\\\/2025\\\/09\\\/WhatsApp-Image-2025-09-18-at-11.56.40.jpeg\",\"@id\":\"https:\\\/\\\/newsinfoco.com.br\\\/inicio\\\/alagoinhas-sedia-etapa-territorial-da-5a-conferencia-estadual-de-direitos-humanos\\\/#mainImage\",\"width\":1600,\"height\":1066},\"primaryImageOfPage\":{\"@id\":\"https:\\\/\\\/newsinfoco.com.br\\\/inicio\\\/alagoinhas-sedia-etapa-territorial-da-5a-conferencia-estadual-de-direitos-humanos\\\/#mainImage\"},\"datePublished\":\"2025-09-18T12:51:36-03:00\",\"dateModified\":\"2025-09-18T12:51:36-03:00\"},{\"@type\":\"WebSite\",\"@id\":\"https:\\\/\\\/newsinfoco.com.br\\\/inicio\\\/#website\",\"url\":\"https:\\\/\\\/newsinfoco.com.br\\\/inicio\\\/\",\"name\":\"News In Foco - Editado por Caio Pimenta\",\"description\":\"O principal site de noticias de Alagoinhas e regi\\u00e3o\",\"inLanguage\":\"pt-BR\",\"publisher\":{\"@id\":\"https:\\\/\\\/newsinfoco.com.br\\\/inicio\\\/#organization\"}}]}\n\t\t<\/script>\n\t\t<!-- All in One SEO -->\n\n","aioseo_head_json":{"title":"Alagoinhas sedia etapa territorial da 5\u00aa Confer\u00eancia Estadual de Direitos Humanos - News In Foco - Editado por Caio Pimenta","description":"O munic\u00edpio de Alagoinhas sedia, nesta quinta-feira, 18, a 5\u00aa Confer\u00eancia Estadual dos Direitos Humanos do Litoral Norte e Agreste Baiano. O evento acontece no audit\u00f3rio do Col\u00e9gio Modelo Lu\u00eds Eduardo Magalh\u00e3es. Com o tema \u201cPor um Sistema Nacional de Direitos Humanos\u201d, o encontro \u00e9 organizado pela Prefeitura, a pedido da Secretaria de Justi\u00e7a e","canonical_url":"https:\/\/newsinfoco.com.br\/inicio\/alagoinhas-sedia-etapa-territorial-da-5a-conferencia-estadual-de-direitos-humanos\/","robots":"max-image-preview:large","keywords":"","webmasterTools":{"miscellaneous":""},"schema":{"@context":"https:\/\/schema.org","@graph":[{"@type":"BlogPosting","@id":"https:\/\/newsinfoco.com.br\/inicio\/alagoinhas-sedia-etapa-territorial-da-5a-conferencia-estadual-de-direitos-humanos\/#blogposting","name":"Alagoinhas sedia etapa territorial da 5\u00aa Confer\u00eancia Estadual de Direitos Humanos - News In Foco - Editado por Caio Pimenta","headline":"Alagoinhas sedia etapa territorial da 5\u00aa Confer\u00eancia Estadual de Direitos Humanos","author":{"@id":"https:\/\/newsinfoco.com.br\/inicio\/author\/administrador\/#author"},"publisher":{"@id":"https:\/\/newsinfoco.com.br\/inicio\/#organization"},"image":{"@type":"ImageObject","url":"https:\/\/newsinfoco.com.br\/inicio\/wp-content\/uploads\/2025\/09\/WhatsApp-Image-2025-09-18-at-11.56.40.jpeg","width":1600,"height":1066},"datePublished":"2025-09-18T12:51:36-03:00","dateModified":"2025-09-18T12:51:36-03:00","inLanguage":"pt-BR","mainEntityOfPage":{"@id":"https:\/\/newsinfoco.com.br\/inicio\/alagoinhas-sedia-etapa-territorial-da-5a-conferencia-estadual-de-direitos-humanos\/#webpage"},"isPartOf":{"@id":"https:\/\/newsinfoco.com.br\/inicio\/alagoinhas-sedia-etapa-territorial-da-5a-conferencia-estadual-de-direitos-humanos\/#webpage"},"articleSection":"Alagoinhas e Regi\u00e3o, Manchete"},{"@type":"BreadcrumbList","@id":"https:\/\/newsinfoco.com.br\/inicio\/alagoinhas-sedia-etapa-territorial-da-5a-conferencia-estadual-de-direitos-humanos\/#breadcrumblist","itemListElement":[{"@type":"ListItem","@id":"https:\/\/newsinfoco.com.br\/inicio#listItem","position":1,"name":"In\u00edcio","item":"https:\/\/newsinfoco.com.br\/inicio","nextItem":{"@type":"ListItem","@id":"https:\/\/newsinfoco.com.br\/inicio\/category\/alagoinhas-e-regiao\/#listItem","name":"Alagoinhas e Regi\u00e3o"}},{"@type":"ListItem","@id":"https:\/\/newsinfoco.com.br\/inicio\/category\/alagoinhas-e-regiao\/#listItem","position":2,"name":"Alagoinhas e Regi\u00e3o","item":"https:\/\/newsinfoco.com.br\/inicio\/category\/alagoinhas-e-regiao\/","nextItem":{"@type":"ListItem","@id":"https:\/\/newsinfoco.com.br\/inicio\/alagoinhas-sedia-etapa-territorial-da-5a-conferencia-estadual-de-direitos-humanos\/#listItem","name":"Alagoinhas sedia etapa territorial da 5\u00aa Confer\u00eancia Estadual de Direitos Humanos"},"previousItem":{"@type":"ListItem","@id":"https:\/\/newsinfoco.com.br\/inicio#listItem","name":"In\u00edcio"}},{"@type":"ListItem","@id":"https:\/\/newsinfoco.com.br\/inicio\/alagoinhas-sedia-etapa-territorial-da-5a-conferencia-estadual-de-direitos-humanos\/#listItem","position":3,"name":"Alagoinhas sedia etapa territorial da 5\u00aa Confer\u00eancia Estadual de Direitos Humanos","previousItem":{"@type":"ListItem","@id":"https:\/\/newsinfoco.com.br\/inicio\/category\/alagoinhas-e-regiao\/#listItem","name":"Alagoinhas e Regi\u00e3o"}}]},{"@type":"Organization","@id":"https:\/\/newsinfoco.com.br\/inicio\/#organization","name":"News In Foco - Editado por Caio Pimenta","description":"O principal site de noticias de Alagoinhas e regi\u00e3o","url":"https:\/\/newsinfoco.com.br\/inicio\/"},{"@type":"Person","@id":"https:\/\/newsinfoco.com.br\/inicio\/author\/administrador\/#author","url":"https:\/\/newsinfoco.com.br\/inicio\/author\/administrador\/","name":"administrador","image":{"@type":"ImageObject","@id":"https:\/\/newsinfoco.com.br\/inicio\/alagoinhas-sedia-etapa-territorial-da-5a-conferencia-estadual-de-direitos-humanos\/#authorImage","url":"https:\/\/secure.gravatar.com\/avatar\/c17a617433de8c1dc9584bb79aab7563b46f5bb7e1728c9b17d9cc3ce6a08e49?s=96&d=mm&r=g","width":96,"height":96,"caption":"administrador"}},{"@type":"WebPage","@id":"https:\/\/newsinfoco.com.br\/inicio\/alagoinhas-sedia-etapa-territorial-da-5a-conferencia-estadual-de-direitos-humanos\/#webpage","url":"https:\/\/newsinfoco.com.br\/inicio\/alagoinhas-sedia-etapa-territorial-da-5a-conferencia-estadual-de-direitos-humanos\/","name":"Alagoinhas sedia etapa territorial da 5\u00aa Confer\u00eancia Estadual de Direitos Humanos - News In Foco - Editado por Caio Pimenta","description":"O munic\u00edpio de Alagoinhas sedia, nesta quinta-feira, 18, a 5\u00aa Confer\u00eancia Estadual dos Direitos Humanos do Litoral Norte e Agreste Baiano. O evento acontece no audit\u00f3rio do Col\u00e9gio Modelo Lu\u00eds Eduardo Magalh\u00e3es. Com o tema \u201cPor um Sistema Nacional de Direitos Humanos\u201d, o encontro \u00e9 organizado pela Prefeitura, a pedido da Secretaria de Justi\u00e7a e","inLanguage":"pt-BR","isPartOf":{"@id":"https:\/\/newsinfoco.com.br\/inicio\/#website"},"breadcrumb":{"@id":"https:\/\/newsinfoco.com.br\/inicio\/alagoinhas-sedia-etapa-territorial-da-5a-conferencia-estadual-de-direitos-humanos\/#breadcrumblist"},"author":{"@id":"https:\/\/newsinfoco.com.br\/inicio\/author\/administrador\/#author"},"creator":{"@id":"https:\/\/newsinfoco.com.br\/inicio\/author\/administrador\/#author"},"image":{"@type":"ImageObject","url":"https:\/\/newsinfoco.com.br\/inicio\/wp-content\/uploads\/2025\/09\/WhatsApp-Image-2025-09-18-at-11.56.40.jpeg","@id":"https:\/\/newsinfoco.com.br\/inicio\/alagoinhas-sedia-etapa-territorial-da-5a-conferencia-estadual-de-direitos-humanos\/#mainImage","width":1600,"height":1066},"primaryImageOfPage":{"@id":"https:\/\/newsinfoco.com.br\/inicio\/alagoinhas-sedia-etapa-territorial-da-5a-conferencia-estadual-de-direitos-humanos\/#mainImage"},"datePublished":"2025-09-18T12:51:36-03:00","dateModified":"2025-09-18T12:51:36-03:00"},{"@type":"WebSite","@id":"https:\/\/newsinfoco.com.br\/inicio\/#website","url":"https:\/\/newsinfoco.com.br\/inicio\/","name":"News In Foco - Editado por Caio Pimenta","description":"O principal site de noticias de Alagoinhas e regi\u00e3o","inLanguage":"pt-BR","publisher":{"@id":"https:\/\/newsinfoco.com.br\/inicio\/#organization"}}]},"og:locale":"pt_BR","og:site_name":"News In Foco - Editado por Caio Pimenta - O principal site de noticias de Alagoinhas e regi\u00e3o","og:type":"article","og:title":"Alagoinhas sedia etapa territorial da 5\u00aa Confer\u00eancia Estadual de Direitos Humanos - News In Foco - Editado por Caio Pimenta","og:description":"O munic\u00edpio de Alagoinhas sedia, nesta quinta-feira, 18, a 5\u00aa Confer\u00eancia Estadual dos Direitos Humanos do Litoral Norte e Agreste Baiano. O evento acontece no audit\u00f3rio do Col\u00e9gio Modelo Lu\u00eds Eduardo Magalh\u00e3es. Com o tema \u201cPor um Sistema Nacional de Direitos Humanos\u201d, o encontro \u00e9 organizado pela Prefeitura, a pedido da Secretaria de Justi\u00e7a e","og:url":"https:\/\/newsinfoco.com.br\/inicio\/alagoinhas-sedia-etapa-territorial-da-5a-conferencia-estadual-de-direitos-humanos\/","article:published_time":"2025-09-18T15:51:36+00:00","article:modified_time":"2025-09-18T15:51:36+00:00","twitter:card":"summary_large_image","twitter:title":"Alagoinhas sedia etapa territorial da 5\u00aa Confer\u00eancia Estadual de Direitos Humanos - News In Foco - Editado por Caio Pimenta","twitter:description":"O munic\u00edpio de Alagoinhas sedia, nesta quinta-feira, 18, a 5\u00aa Confer\u00eancia Estadual dos Direitos Humanos do Litoral Norte e Agreste Baiano. O evento acontece no audit\u00f3rio do Col\u00e9gio Modelo Lu\u00eds Eduardo Magalh\u00e3es. Com o tema \u201cPor um Sistema Nacional de Direitos Humanos\u201d, o encontro \u00e9 organizado pela Prefeitura, a pedido da Secretaria de Justi\u00e7a e"},"aioseo_meta_data":{"post_id":"45503","title":null,"description":null,"keywords":null,"keyphrases":{"focus":{"keyphrase":"","score":0,"analysis":{"keyphraseInTitle":{"score":0,"maxScore":9,"error":1}}},"additional":[]},"primary_term":null,"canonical_url":null,"og_title":null,"og_description":null,"og_object_type":"default","og_image_type":"default","og_image_url":null,"og_image_width":null,"og_image_height":null,"og_image_custom_url":null,"og_image_custom_fields":null,"og_video":"","og_custom_url":null,"og_article_section":null,"og_article_tags":null,"twitter_use_og":false,"twitter_card":"default","twitter_image_type":"default","twitter_image_url":null,"twitter_image_custom_url":null,"twitter_image_custom_fields":null,"twitter_title":null,"twitter_description":null,"schema":{"blockGraphs":[],"customGraphs":[],"default":{"data":{"Article":[],"Course":[],"Dataset":[],"FAQPage":[],"Movie":[],"Person":[],"Product":[],"ProductReview":[],"Car":[],"Recipe":[],"Service":[],"SoftwareApplication":[],"WebPage":[]},"graphName":"BlogPosting","isEnabled":true},"graphs":[]},"schema_type":"default","schema_type_options":null,"pillar_content":false,"robots_default":true,"robots_noindex":false,"robots_noarchive":false,"robots_nosnippet":false,"robots_nofollow":false,"robots_noimageindex":false,"robots_noodp":false,"robots_notranslate":false,"robots_max_snippet":"-1","robots_max_videopreview":"-1","robots_max_imagepreview":"large","priority":null,"frequency":"default","local_seo":null,"breadcrumb_settings":null,"limit_modified_date":false,"ai":{"faqs":[],"keyPoints":[],"titles":[],"descriptions":[],"socialPosts":{"email":[],"linkedin":[],"twitter":[],"facebook":[],"instagram":[]}},"created":"2025-09-18 15:51:36","updated":"2025-09-18 16:03:13","seo_analyzer_scan_date":null},"aioseo_breadcrumb":"<div class=\"aioseo-breadcrumbs\"><span class=\"aioseo-breadcrumb\">\n\t\t\t<a href=\"https:\/\/newsinfoco.com.br\/inicio\" title=\"In\u00edcio\">In\u00edcio<\/a>\n\t\t<\/span><span class=\"aioseo-breadcrumb-separator\">&raquo;<\/span><span class=\"aioseo-breadcrumb\">\n\t\t\t<a href=\"https:\/\/newsinfoco.com.br\/inicio\/category\/alagoinhas-e-regiao\/\" title=\"Alagoinhas e Regi\u00e3o\">Alagoinhas e Regi\u00e3o<\/a>\n\t\t<\/span><span class=\"aioseo-breadcrumb-separator\">&raquo;<\/span><span class=\"aioseo-breadcrumb\">\n\t\t\tAlagoinhas sedia etapa territorial da 5\u00aa Confer\u00eancia Estadual de Direitos Humanos\n\t\t<\/span><\/div>","aioseo_breadcrumb_json":[{"label":"In\u00edcio","link":"https:\/\/newsinfoco.com.br\/inicio"},{"label":"Alagoinhas e Regi\u00e3o","link":"https:\/\/newsinfoco.com.br\/inicio\/category\/alagoinhas-e-regiao\/"},{"label":"Alagoinhas sedia etapa territorial da 5\u00aa Confer\u00eancia Estadual de Direitos Humanos","link":"https:\/\/newsinfoco.com.br\/inicio\/alagoinhas-sedia-etapa-territorial-da-5a-conferencia-estadual-de-direitos-humanos\/"}],"_links":{"self":[{"href":"https:\/\/newsinfoco.com.br\/inicio\/wp-json\/wp\/v2\/posts\/45503","targetHints":{"allow":["GET"]}}],"collection":[{"href":"https:\/\/newsinfoco.com.br\/inicio\/wp-json\/wp\/v2\/posts"}],"about":[{"href":"https:\/\/newsinfoco.com.br\/inicio\/wp-json\/wp\/v2\/types\/post"}],"author":[{"embeddable":true,"href":"https:\/\/newsinfoco.com.br\/inicio\/wp-json\/wp\/v2\/users\/1"}],"replies":[{"embeddable":true,"href":"https:\/\/newsinfoco.com.br\/inicio\/wp-json\/wp\/v2\/comments?post=45503"}],"version-history":[{"count":1,"href":"https:\/\/newsinfoco.com.br\/inicio\/wp-json\/wp\/v2\/posts\/45503\/revisions"}],"predecessor-version":[{"id":45505,"href":"https:\/\/newsinfoco.com.br\/inicio\/wp-json\/wp\/v2\/posts\/45503\/revisions\/45505"}],"wp:featuredmedia":[{"embeddable":true,"href":"https:\/\/newsinfoco.com.br\/inicio\/wp-json\/wp\/v2\/media\/45504"}],"wp:attachment":[{"href":"https:\/\/newsinfoco.com.br\/inicio\/wp-json\/wp\/v2\/media?parent=45503"}],"wp:term":[{"taxonomy":"category","embeddable":true,"href":"https:\/\/newsinfoco.com.br\/inicio\/wp-json\/wp\/v2\/categories?post=45503"},{"taxonomy":"post_tag","embeddable":true,"href":"https:\/\/newsinfoco.com.br\/inicio\/wp-json\/wp\/v2\/tags?post=45503"}],"curies":[{"name":"wp","href":"https:\/\/api.w.org\/{rel}","templated":true}]}}