{"id":45580,"date":"2025-09-20T13:04:31","date_gmt":"2025-09-20T16:04:31","guid":{"rendered":"https:\/\/newsinfoco.com.br\/inicio\/?p=45580"},"modified":"2025-09-20T13:15:09","modified_gmt":"2025-09-20T16:15:09","slug":"senadores-pedem-prisao-domiciliar-para-zambelli-na-italiasenadores-pedem-prisao-domiciliar-para-zambelli-na-italia","status":"publish","type":"post","link":"https:\/\/newsinfoco.com.br\/inicio\/senadores-pedem-prisao-domiciliar-para-zambelli-na-italiasenadores-pedem-prisao-domiciliar-para-zambelli-na-italia\/","title":{"rendered":"Senadores pedem pris\u00e3o domiciliar para Zambelli na It\u00e1liaSenadores pedem pris\u00e3o domiciliar para Zambelli na It\u00e1lia"},"content":{"rendered":"<p>Uma comitiva de senadores esteve nesta sexta-feira (19) no pres\u00eddio feminino de Rebibbia, na It\u00e1lia, para visitar a deputada federal licenciada Carla Zambelli (PL), presa desde agosto.<\/p>\n<p>O grupo, formado por Fl\u00e1vio Bolsonaro (PL), Magno Malta (PL), Eduardo Gir\u00e3o (Novo) e Damares Alves (Republicanos) passou cerca de duas horas em uma sala fechada com Zambelli, sem a presen\u00e7a de policiais, apenas por monitoramento de c\u00e2mera de vigil\u00e2ncia.<\/p><div class=\"newsi-conteudo_19\" id=\"newsi-1407802364\"><a href=\"https:\/\/www.instagram.com\/prefeituraalagoinhas?igsh=YzgzdDJ1bWR3aWI4\" aria-label=\"SAVE_20251006_221555\"><img loading=\"lazy\" decoding=\"async\" src=\"https:\/\/newsinfoco.com.br\/inicio\/wp-content\/uploads\/2025\/10\/SAVE_20251006_221555-rotated.jpg\" alt=\"\"  srcset=\"https:\/\/newsinfoco.com.br\/inicio\/wp-content\/uploads\/2025\/10\/SAVE_20251006_221555-rotated.jpg 1140w, https:\/\/newsinfoco.com.br\/inicio\/wp-content\/uploads\/2025\/10\/SAVE_20251006_221555-300x52.jpg 300w, https:\/\/newsinfoco.com.br\/inicio\/wp-content\/uploads\/2025\/10\/SAVE_20251006_221555-1024x177.jpg 1024w, https:\/\/newsinfoco.com.br\/inicio\/wp-content\/uploads\/2025\/10\/SAVE_20251006_221555-768x133.jpg 768w, https:\/\/newsinfoco.com.br\/inicio\/wp-content\/uploads\/2025\/10\/SAVE_20251006_221555-600x104.jpg 600w, https:\/\/newsinfoco.com.br\/inicio\/wp-content\/uploads\/2025\/10\/SAVE_20251006_221555-696x120.jpg 696w, https:\/\/newsinfoco.com.br\/inicio\/wp-content\/uploads\/2025\/10\/SAVE_20251006_221555-1068x185.jpg 1068w\" sizes=\"(max-width: 1140px) 100vw, 1140px\" width=\"1140\" height=\"197\"   \/><\/a><\/div>\n<p>\u201cN\u00f3s aqui fazemos um pedido: deixe a Carla em pris\u00e3o domiciliar aqui na It\u00e1lia, porque no Brasil ela vai ser ainda mais perseguida e vai ter os seus direitos humanos ainda mais violentados por aquele que reconhecidamente \u00e9 um violador de direitos humanos internacional, um sancionado pela Lei Magnitsky, que \u00e9 o caso do Alexandre de Moraes\u201d, disse Fl\u00e1vio Bolsonaro.<\/p>\n<p>Fl\u00e1vio Bolsonaro afirmou ainda que pretende solicitar uma audi\u00eancia com o ministro da Justi\u00e7a da It\u00e1lia, Carlo Nordio, para pedir que Carla Zambelli possa aguardar em pris\u00e3o domiciliar ou at\u00e9 em liberdade, o julgamento do pedido de extradi\u00e7\u00e3o ao Brasil.<\/p>\n<p><strong>Condena\u00e7\u00e3o<\/strong><\/p>\n<div>\n<div>\n<div class=\"trv-player-container\">\n<div class=\"trv-wrapper\">\n<div id=\"br_video_player_5c91e475db0d09760879f5a64e20499dc3c659f9\" class=\"trvd_video_player trvdinstream\">\n<div class=\"media-player\">\n<div class=\"trv-video\">\n<div id=\"truvid_ima_container70133\" class=\"truvid_ima_container\">\n<div>\n<div>\n<div class=\"conteudo_post\">\n<p>Com sete votos a dois, o STF (Supremo Tribunal Federal) j\u00e1 tem maioria para condenar a deputada federal licenciada Carla Zambelli (PL) a 5 anos e 3 meses de pris\u00e3o. As penas s\u00e3o pelos crimes de porte ilegal de arma de fogo e constrangimento ilegal com emprego de arma de fogo.<\/p>\n<p>Zambelli \u00e9 r\u00e9 no STF pelo epis\u00f3dio em que ela sacou uma arma de fogo e perseguiu o jornalista Luan Ara\u00fajo \u00e0s v\u00e9speras do segundo turno das elei\u00e7\u00f5es de 2022.<\/p>\n<\/div>\n<div id=\"div-share\">\n<div class=\"conteudo_post\"><\/div>\n<div id=\"div-share\">\n<div id=\"div-share\">\n<div id=\"div-share\">\n<div id=\"div-share\">Bahia.Ba<\/div>\n<\/div>\n<\/div>\n<\/div>\n<\/div>\n<\/div>\n<\/div>\n<\/div>\n<\/div>\n<\/div>\n<\/div>\n<\/div>\n<\/div>\n<\/div>\n<\/div>\n<div class='share-to-whatsapp-wrapper'><div class='share-on-whsp'>Share on: <\/div><a data-text='Senadores pedem pris\u00e3o domiciliar para Zambelli na It\u00e1liaSenadores pedem pris\u00e3o domiciliar para Zambelli na It\u00e1lia' data-link='https:\/\/newsinfoco.com.br\/inicio\/senadores-pedem-prisao-domiciliar-para-zambelli-na-italiasenadores-pedem-prisao-domiciliar-para-zambelli-na-italia\/' class='whatsapp-button whatsapp-share'>WhatsApp<\/a><div class='clear '><\/div><\/div>","protected":false},"excerpt":{"rendered":"<p>Uma comitiva de senadores esteve nesta sexta-feira (19) no pres\u00eddio feminino de Rebibbia, na It\u00e1lia, para visitar a deputada federal licenciada Carla Zambelli (PL), presa desde agosto. O grupo, formado por Fl\u00e1vio Bolsonaro (PL), Magno Malta (PL), Eduardo Gir\u00e3o (Novo) e Damares Alves (Republicanos) passou cerca de duas horas em uma sala fechada com Zambelli, [&hellip;]<\/p>\n","protected":false},"author":1,"featured_media":45581,"comment_status":"closed","ping_status":"closed","sticky":false,"template":"","format":"standard","meta":{"om_disable_all_campaigns":false,"_exactmetrics_skip_tracking":false,"_exactmetrics_sitenote_active":false,"_exactmetrics_sitenote_note":"","_exactmetrics_sitenote_category":0,"footnotes":""},"categories":[21,1],"tags":[],"class_list":["post-45580","post","type-post","status-publish","format-standard","has-post-thumbnail","hentry","category-brasil","category-sem-categoria"],"aioseo_notices":[],"_links":{"self":[{"href":"https:\/\/newsinfoco.com.br\/inicio\/wp-json\/wp\/v2\/posts\/45580","targetHints":{"allow":["GET"]}}],"collection":[{"href":"https:\/\/newsinfoco.com.br\/inicio\/wp-json\/wp\/v2\/posts"}],"about":[{"href":"https:\/\/newsinfoco.com.br\/inicio\/wp-json\/wp\/v2\/types\/post"}],"author":[{"embeddable":true,"href":"https:\/\/newsinfoco.com.br\/inicio\/wp-json\/wp\/v2\/users\/1"}],"replies":[{"embeddable":true,"href":"https:\/\/newsinfoco.com.br\/inicio\/wp-json\/wp\/v2\/comments?post=45580"}],"version-history":[{"count":1,"href":"https:\/\/newsinfoco.com.br\/inicio\/wp-json\/wp\/v2\/posts\/45580\/revisions"}],"predecessor-version":[{"id":45582,"href":"https:\/\/newsinfoco.com.br\/inicio\/wp-json\/wp\/v2\/posts\/45580\/revisions\/45582"}],"wp:featuredmedia":[{"embeddable":true,"href":"https:\/\/newsinfoco.com.br\/inicio\/wp-json\/wp\/v2\/media\/45581"}],"wp:attachment":[{"href":"https:\/\/newsinfoco.com.br\/inicio\/wp-json\/wp\/v2\/media?parent=45580"}],"wp:term":[{"taxonomy":"category","embeddable":true,"href":"https:\/\/newsinfoco.com.br\/inicio\/wp-json\/wp\/v2\/categories?post=45580"},{"taxonomy":"post_tag","embeddable":true,"href":"https:\/\/newsinfoco.com.br\/inicio\/wp-json\/wp\/v2\/tags?post=45580"}],"curies":[{"name":"wp","href":"https:\/\/api.w.org\/{rel}","templated":true}]}}