{"id":45583,"date":"2025-09-20T13:14:04","date_gmt":"2025-09-20T16:14:04","guid":{"rendered":"https:\/\/newsinfoco.com.br\/inicio\/?p=45583"},"modified":"2025-09-20T13:14:04","modified_gmt":"2025-09-20T16:14:04","slug":"arsenal-de-guerra-com-22-fuzis-e-apreendido-em-vila-de-abrantes","status":"publish","type":"post","link":"https:\/\/newsinfoco.com.br\/inicio\/arsenal-de-guerra-com-22-fuzis-e-apreendido-em-vila-de-abrantes\/","title":{"rendered":"Arsenal de guerra com 22 fuzis \u00e9 apreendido em Vila de Abrantes"},"content":{"rendered":"<p class=\"pf0\"><span class=\"cf0\">A pol\u00edcia apreendeu um arsenal de guerra nesta sexta-feira (19) na localidade conhecida como Boa Uni\u00e3o, em Vila de Abrantes, Cama\u00e7ari, durante uma opera\u00e7\u00e3o contra o tr\u00e1fico de drogas. Foram encontrados 22 fuzis calibres 7,62 e 5,56 j\u00e1 montados.<\/span><\/p>\n<p class=\"pf0\"><span class=\"cf0\">De acordo com a Pol\u00edcia Militar, tamb\u00e9m foram apreendidos outros fuzis desmontados, grande quantidade de muni\u00e7\u00f5es de diversos calibres e 22 tabletes de coca\u00edna.<\/span><\/p><div class=\"newsi-conteudo_19\" id=\"newsi-1865916217\"><a href=\"https:\/\/www.instagram.com\/prefeituraalagoinhas?igsh=YzgzdDJ1bWR3aWI4\" aria-label=\"SAVE_20251006_221555\"><img loading=\"lazy\" decoding=\"async\" src=\"https:\/\/newsinfoco.com.br\/inicio\/wp-content\/uploads\/2025\/10\/SAVE_20251006_221555-rotated.jpg\" alt=\"\"  srcset=\"https:\/\/newsinfoco.com.br\/inicio\/wp-content\/uploads\/2025\/10\/SAVE_20251006_221555-rotated.jpg 1140w, https:\/\/newsinfoco.com.br\/inicio\/wp-content\/uploads\/2025\/10\/SAVE_20251006_221555-300x52.jpg 300w, https:\/\/newsinfoco.com.br\/inicio\/wp-content\/uploads\/2025\/10\/SAVE_20251006_221555-1024x177.jpg 1024w, https:\/\/newsinfoco.com.br\/inicio\/wp-content\/uploads\/2025\/10\/SAVE_20251006_221555-768x133.jpg 768w, https:\/\/newsinfoco.com.br\/inicio\/wp-content\/uploads\/2025\/10\/SAVE_20251006_221555-600x104.jpg 600w, https:\/\/newsinfoco.com.br\/inicio\/wp-content\/uploads\/2025\/10\/SAVE_20251006_221555-696x120.jpg 696w, https:\/\/newsinfoco.com.br\/inicio\/wp-content\/uploads\/2025\/10\/SAVE_20251006_221555-1068x185.jpg 1068w\" sizes=\"(max-width: 1140px) 100vw, 1140px\" width=\"1140\" height=\"197\"   \/><\/a><\/div>\n<div>\n<div class=\"trv-player-container\">\n<div class=\"trv-wrapper\">\n<div id=\"br_video_player_d78434e22fe8f37c65b6f5a64e20499dc3c659f9\" class=\"trvd_video_player trvdinstream\">\n<div class=\"media-player\">\n<div class=\"trv-video\">\n<div id=\"truvid_ima_container12883\" class=\"truvid_ima_container\">\n<div class=\"trv-player-container\">\n<div class=\"trv-wrapper\">\n<div id=\"br_video_player_d78434e22fe8f37c65b6f5a64e20499dc3c659f9\" class=\"trvd_video_player trvdinstream\">\n<div class=\"media-player\">\n<div class=\"trv-video\">\n<div id=\"truvid_ima_container12883\" class=\"truvid_ima_container\">\n<div class=\"trv-player-container\">\n<div class=\"trv-wrapper\">\n<div id=\"br_video_player_d78434e22fe8f37c65b6f5a64e20499dc3c659f9\" class=\"trvd_video_player trvdinstream\">\n<div class=\"media-player\">\n<div class=\"trv-video\">\n<div id=\"truvid_ima_container12883\" class=\"truvid_ima_container\">\n<div class=\"trv-player-container\">\n<div class=\"trv-wrapper\">\n<div id=\"br_video_player_d78434e22fe8f37c65b6f5a64e20499dc3c659f9\" class=\"trvd_video_player trvdinstream\">\n<div class=\"media-player\">\n<div class=\"trv-video\">\n<div id=\"truvid_ima_container12883\" class=\"truvid_ima_container\">\n<div class=\"trv-player-container\">\n<div class=\"trv-wrapper\">\n<div id=\"br_video_player_d78434e22fe8f37c65b6f5a64e20499dc3c659f9\" class=\"trvd_video_player trvdinstream\">\n<div class=\"media-player\">\n<div class=\"trv-video\">\n<div id=\"truvid_ima_container12883\" class=\"truvid_ima_container\">\n<div class=\"conteudo_post\">\n<p class=\"pf0\"><span class=\"cf0\">A a\u00e7\u00e3o foi conduzida pela 26\u00aa Delegacia Territorial (DT) de Vila de Abrantes, com apoio do Departamento de Pol\u00edcia T\u00e9cnica (DPT). As dilig\u00eancias continuam, e um balan\u00e7o final da opera\u00e7\u00e3o ainda ser\u00e1 divulgado.<\/span><\/p>\n<p>Bahia.Ba<\/p>\n<\/div>\n<div id=\"div-share\">\n<div id=\"div-share\">\n<div id=\"div-share\">\n<div id=\"div-share\">\n<div id=\"div-share\"><\/div>\n<\/div>\n<\/div>\n<\/div>\n<\/div>\n<\/div>\n<\/div>\n<\/div>\n<\/div>\n<\/div>\n<\/div>\n<\/div>\n<\/div>\n<\/div>\n<\/div>\n<\/div>\n<\/div>\n<\/div>\n<\/div>\n<\/div>\n<\/div>\n<\/div>\n<\/div>\n<\/div>\n<\/div>\n<\/div>\n<\/div>\n<\/div>\n<\/div>\n<\/div>\n<\/div>\n<\/div>\n<\/div>\n<\/div>\n<\/div>\n<\/div>\n<div class='share-to-whatsapp-wrapper'><div class='share-on-whsp'>Share on: <\/div><a data-text='Arsenal de guerra com 22 fuzis \u00e9 apreendido em Vila de Abrantes' data-link='https:\/\/newsinfoco.com.br\/inicio\/arsenal-de-guerra-com-22-fuzis-e-apreendido-em-vila-de-abrantes\/' class='whatsapp-button whatsapp-share'>WhatsApp<\/a><div class='clear '><\/div><\/div>","protected":false},"excerpt":{"rendered":"<p>A pol\u00edcia apreendeu um arsenal de guerra nesta sexta-feira (19) na localidade conhecida como Boa Uni\u00e3o, em Vila de Abrantes, Cama\u00e7ari, durante uma opera\u00e7\u00e3o contra o tr\u00e1fico de drogas. Foram encontrados 22 fuzis calibres 7,62 e 5,56 j\u00e1 montados. De acordo com a Pol\u00edcia Militar, tamb\u00e9m foram apreendidos outros fuzis desmontados, grande quantidade de muni\u00e7\u00f5es [&hellip;]<\/p>\n","protected":false},"author":1,"featured_media":45584,"comment_status":"closed","ping_status":"closed","sticky":false,"template":"","format":"standard","meta":{"om_disable_all_campaigns":false,"_exactmetrics_skip_tracking":false,"_exactmetrics_sitenote_active":false,"_exactmetrics_sitenote_note":"","_exactmetrics_sitenote_category":0,"footnotes":""},"categories":[19],"tags":[],"class_list":["post-45583","post","type-post","status-publish","format-standard","has-post-thumbnail","hentry","category-bahia"],"aioseo_notices":[],"_links":{"self":[{"href":"https:\/\/newsinfoco.com.br\/inicio\/wp-json\/wp\/v2\/posts\/45583","targetHints":{"allow":["GET"]}}],"collection":[{"href":"https:\/\/newsinfoco.com.br\/inicio\/wp-json\/wp\/v2\/posts"}],"about":[{"href":"https:\/\/newsinfoco.com.br\/inicio\/wp-json\/wp\/v2\/types\/post"}],"author":[{"embeddable":true,"href":"https:\/\/newsinfoco.com.br\/inicio\/wp-json\/wp\/v2\/users\/1"}],"replies":[{"embeddable":true,"href":"https:\/\/newsinfoco.com.br\/inicio\/wp-json\/wp\/v2\/comments?post=45583"}],"version-history":[{"count":1,"href":"https:\/\/newsinfoco.com.br\/inicio\/wp-json\/wp\/v2\/posts\/45583\/revisions"}],"predecessor-version":[{"id":45585,"href":"https:\/\/newsinfoco.com.br\/inicio\/wp-json\/wp\/v2\/posts\/45583\/revisions\/45585"}],"wp:featuredmedia":[{"embeddable":true,"href":"https:\/\/newsinfoco.com.br\/inicio\/wp-json\/wp\/v2\/media\/45584"}],"wp:attachment":[{"href":"https:\/\/newsinfoco.com.br\/inicio\/wp-json\/wp\/v2\/media?parent=45583"}],"wp:term":[{"taxonomy":"category","embeddable":true,"href":"https:\/\/newsinfoco.com.br\/inicio\/wp-json\/wp\/v2\/categories?post=45583"},{"taxonomy":"post_tag","embeddable":true,"href":"https:\/\/newsinfoco.com.br\/inicio\/wp-json\/wp\/v2\/tags?post=45583"}],"curies":[{"name":"wp","href":"https:\/\/api.w.org\/{rel}","templated":true}]}}