{"id":4567,"date":"2018-05-30T15:44:02","date_gmt":"2018-05-30T18:44:02","guid":{"rendered":"http:\/\/newsinfoco.com.br\/?p=4567"},"modified":"2018-05-30T15:44:02","modified_gmt":"2018-05-30T18:44:02","slug":"deputado-joseildo-ramos-pede-esclarecimentos-sobre-acao-da-pm-na-desobstrucao-da-br-101-em-alagoinhas","status":"publish","type":"post","link":"https:\/\/newsinfoco.com.br\/inicio\/deputado-joseildo-ramos-pede-esclarecimentos-sobre-acao-da-pm-na-desobstrucao-da-br-101-em-alagoinhas\/","title":{"rendered":"Deputado Joseildo Ramos pede esclarecimentos sobre a\u00e7\u00e3o da PM na desobstru\u00e7\u00e3o da BR-101 em Alagoinhas"},"content":{"rendered":"<div style=\"text-align: justify;\"><span style=\"color: #000000;\">O deputado estadual Joseildo Ramos, l\u00edder do PT na Assembleia Legislativa da Bahia, pediu, nesta quarta-feira (30), informa\u00e7\u00f5es ao Comandante Geral da Pol\u00edcia Militar, Cel. Anselmo Brand\u00e3o, sobre a a\u00e7\u00e3o de desobstru\u00e7\u00e3o realizada pela Pol\u00edcia Rodovi\u00e1ria Federal (PRF) com apoio da tropa de Choque da PM na BR-101, em Alagoinhas, onde um grupo de caminhoneiros protestava contra o pre\u00e7o dos combust\u00edveis.\u00a0<\/span><\/div>\n<div style=\"text-align: justify;\"><\/div>\n<div style=\"text-align: justify;\"><span style=\"color: #000000;\">No comunicado, o parlamentar lamenta os confrontos relatados e pede apura\u00e7\u00e3o sobre algumas den\u00fancias que recebeu de uso excessivo da for\u00e7a por parte da Pol\u00edcia Militar. Joseildo se solidariza com a indigna\u00e7\u00e3o dos caminhoneiros e da sociedade em geral em rela\u00e7\u00e3o ao abusivo pre\u00e7o dos combust\u00edveis praticados no pa\u00eds ap\u00f3s o in\u00edcio do Governo Temer, mas ressalta a import\u00e2ncia do di\u00e1logo e a necessidade urgente destacada pelo governador Rui Costa &#8211; que manifestou claramente o seu rep\u00fadio \u00e0 pol\u00edtica de pre\u00e7os adotada pela Petrobras &#8211; de garantir o abastecimento de suprimentos estrat\u00e9gicos para setores mais sens\u00edveis da sociedade.<\/span><\/div>\n<div style=\"text-align: justify;\"><\/div>\n<div style=\"text-align: justify;\"><span style=\"color: #000000;\">De acordo com Joseildo, &#8220;a\u00a0grave crise que estamos vivendo\u00a0\u00e9 resultado direto do desmonte da Petrobras provocado pelo atual governo, que adotou uma desastrosa pol\u00edtica de pre\u00e7os vinculada ao mercado internacional, penalizando o povo brasileiro com 229 sucessivos aumentos no valor do combust\u00edvel&#8221;. Ainda segundo o parlamentar, a sa\u00edda passa pela revis\u00e3o dessa pol\u00edtica e pela imediata sa\u00edda do presidente da empresa, Pedro Parente,\u00a0que tamb\u00e9m ocupou o cargo de ministro de Minas e Energia do governo FHC, durante o apag\u00e3o de 2001.<\/span><\/div>\n<div><\/div>\n<h6 style=\"text-align: right;\"><span style=\"color: #999999;\">Ascom Dep. Joseildo Ramos<\/span><\/h6>\n<div style=\"text-align: justify;\"><\/div>\n<p style=\"text-align: justify;\">\n<div class=\"gmail_signature\">\n<div dir=\"ltr\">\n<div>\n<div dir=\"ltr\">\n<div dir=\"ltr\">\n<div dir=\"ltr\">\n<div dir=\"ltr\">\n<div dir=\"ltr\">\n<div dir=\"ltr\">\n<div style=\"text-align: justify;\"><\/div>\n<div>\n<div style=\"text-align: justify;\"><span style=\"color: #000000; font-family: arial, helvetica, sans-serif; font-size: small;\">\u00a0<\/span><\/div>\n<\/div>\n<\/div>\n<\/div>\n<\/div>\n<\/div>\n<\/div>\n<\/div>\n<\/div>\n<\/div>\n<\/div>\n<div class='share-to-whatsapp-wrapper'><div class='share-on-whsp'>Share on: <\/div><a data-text='Deputado Joseildo Ramos pede esclarecimentos sobre a\u00e7\u00e3o da PM na desobstru\u00e7\u00e3o da BR-101 em Alagoinhas' data-link='https:\/\/newsinfoco.com.br\/inicio\/deputado-joseildo-ramos-pede-esclarecimentos-sobre-acao-da-pm-na-desobstrucao-da-br-101-em-alagoinhas\/' class='whatsapp-button whatsapp-share'>WhatsApp<\/a><div class='clear '><\/div><\/div>","protected":false},"excerpt":{"rendered":"<p>O deputado estadual Joseildo Ramos, l\u00edder do PT na Assembleia Legislativa da Bahia, pediu, nesta quarta-feira (30), informa\u00e7\u00f5es ao Comandante Geral da Pol\u00edcia Militar, Cel. Anselmo Brand\u00e3o, sobre a a\u00e7\u00e3o de desobstru\u00e7\u00e3o realizada pela Pol\u00edcia Rodovi\u00e1ria Federal (PRF) com apoio da tropa de Choque da PM na BR-101, em Alagoinhas, onde um grupo de caminhoneiros [&hellip;]<\/p>\n","protected":false},"author":1,"featured_media":2342,"comment_status":"open","ping_status":"open","sticky":false,"template":"","format":"standard","meta":{"om_disable_all_campaigns":false,"_exactmetrics_skip_tracking":false,"_exactmetrics_sitenote_active":false,"_exactmetrics_sitenote_note":"","_exactmetrics_sitenote_category":0,"footnotes":""},"categories":[19,30],"tags":[],"class_list":["post-4567","post","type-post","status-publish","format-standard","has-post-thumbnail","hentry","category-bahia","category-destaque"],"aioseo_notices":[],"_links":{"self":[{"href":"https:\/\/newsinfoco.com.br\/inicio\/wp-json\/wp\/v2\/posts\/4567","targetHints":{"allow":["GET"]}}],"collection":[{"href":"https:\/\/newsinfoco.com.br\/inicio\/wp-json\/wp\/v2\/posts"}],"about":[{"href":"https:\/\/newsinfoco.com.br\/inicio\/wp-json\/wp\/v2\/types\/post"}],"author":[{"embeddable":true,"href":"https:\/\/newsinfoco.com.br\/inicio\/wp-json\/wp\/v2\/users\/1"}],"replies":[{"embeddable":true,"href":"https:\/\/newsinfoco.com.br\/inicio\/wp-json\/wp\/v2\/comments?post=4567"}],"version-history":[{"count":0,"href":"https:\/\/newsinfoco.com.br\/inicio\/wp-json\/wp\/v2\/posts\/4567\/revisions"}],"wp:featuredmedia":[{"embeddable":true,"href":"https:\/\/newsinfoco.com.br\/inicio\/wp-json\/wp\/v2\/media\/2342"}],"wp:attachment":[{"href":"https:\/\/newsinfoco.com.br\/inicio\/wp-json\/wp\/v2\/media?parent=4567"}],"wp:term":[{"taxonomy":"category","embeddable":true,"href":"https:\/\/newsinfoco.com.br\/inicio\/wp-json\/wp\/v2\/categories?post=4567"},{"taxonomy":"post_tag","embeddable":true,"href":"https:\/\/newsinfoco.com.br\/inicio\/wp-json\/wp\/v2\/tags?post=4567"}],"curies":[{"name":"wp","href":"https:\/\/api.w.org\/{rel}","templated":true}]}}