{"id":4569,"date":"2018-05-30T16:50:08","date_gmt":"2018-05-30T19:50:08","guid":{"rendered":"http:\/\/newsinfoco.com.br\/?p=4569"},"modified":"2018-05-30T16:50:08","modified_gmt":"2018-05-30T19:50:08","slug":"participacao-de-servidores-em-congresso-nacional-de-saneamento-da-assemae-rende-oportunidades-para-o-saae","status":"publish","type":"post","link":"https:\/\/newsinfoco.com.br\/inicio\/participacao-de-servidores-em-congresso-nacional-de-saneamento-da-assemae-rende-oportunidades-para-o-saae\/","title":{"rendered":"Participa\u00e7\u00e3o de servidores em Congresso Nacional de Saneamento da ASSEMAE rende oportunidades para o SAAE"},"content":{"rendered":"<p style=\"text-align: justify;\"><span style=\"color: #000000;\">Oportunidades de melhora e de crescimento para a autarquia alagoinhense. Assim pode ser avaliada a participa\u00e7\u00e3o de tr\u00eas servidores do SAAE na 48\u00aa edi\u00e7\u00e3o do Congresso Nacional de Saneamento da ASSEMAE (CNSA).<\/span><\/p>\n<p style=\"text-align: justify;\"><span style=\"color: #000000;\">O evento ocorreu no Centro de Eventos do Cear\u00e1, em Fortaleza, \u00a0entre os dias 27 e 30 de maio, numa organiza\u00e7\u00e3o da ASSEMAE, entidade cuja meta \u00e9 o fortalecimento e o desenvolvimento da capacidade t\u00e9cnica, administrativa e financeira dos servi\u00e7os municipais de saneamento respons\u00e1veis pelos sistemas de esgotamento sanit\u00e1rio, abastecimento de \u00e1gua, drenagem urbana e manejo dos res\u00edduos s\u00f3lidos.<\/span><\/p><div class=\"newsi-conteudo_19\" id=\"newsi-1934182370\"><a href=\"https:\/\/www.instagram.com\/prefeituraalagoinhas?igsh=YzgzdDJ1bWR3aWI4\" aria-label=\"SAVE_20251006_221555\"><img loading=\"lazy\" decoding=\"async\" src=\"https:\/\/newsinfoco.com.br\/inicio\/wp-content\/uploads\/2025\/10\/SAVE_20251006_221555-rotated.jpg\" alt=\"\"  srcset=\"https:\/\/newsinfoco.com.br\/inicio\/wp-content\/uploads\/2025\/10\/SAVE_20251006_221555-rotated.jpg 1140w, https:\/\/newsinfoco.com.br\/inicio\/wp-content\/uploads\/2025\/10\/SAVE_20251006_221555-300x52.jpg 300w, https:\/\/newsinfoco.com.br\/inicio\/wp-content\/uploads\/2025\/10\/SAVE_20251006_221555-1024x177.jpg 1024w, https:\/\/newsinfoco.com.br\/inicio\/wp-content\/uploads\/2025\/10\/SAVE_20251006_221555-768x133.jpg 768w, https:\/\/newsinfoco.com.br\/inicio\/wp-content\/uploads\/2025\/10\/SAVE_20251006_221555-600x104.jpg 600w, https:\/\/newsinfoco.com.br\/inicio\/wp-content\/uploads\/2025\/10\/SAVE_20251006_221555-696x120.jpg 696w, https:\/\/newsinfoco.com.br\/inicio\/wp-content\/uploads\/2025\/10\/SAVE_20251006_221555-1068x185.jpg 1068w\" sizes=\"(max-width: 1140px) 100vw, 1140px\" width=\"1140\" height=\"197\"   \/><\/a><\/div>\n<p style=\"text-align: justify;\"><span style=\"color: #000000;\">A Exposi\u00e7\u00e3o de Experi\u00eancias Municipais em Saneamento (EEMS), uma mostra de artigos t\u00e9cnico-cient\u00edficos integrados \u00e0 programa\u00e7\u00e3o dos Congressos Nacionais da ASSEMAE, possibilitou aos representantes do SAAE de Alagoinhas n\u00e3o s\u00f3 apresentar seus trabalhos, como tamb\u00e9m trocar experi\u00eancias com os representantes de outros SAAE, dialogando com outras realidades.<\/span><\/p>\n<p style=\"text-align: justify;\"><span style=\"color: #000000;\">Na ocasi\u00e3o, Adriano Almeida da Silva, laboratorista do SAAE, falou sobre seu estudo \u201cAvalia\u00e7\u00e3o dos \u00cdndices de Nitrato nos Po\u00e7os Tubulares da Esta\u00e7\u00e3o Engenheiro Francisco T\u00e1vora em Alagoinhas, Bahia\u201d, Antonio Lino de Amorim Souza, presidente e pregoeiro da Comiss\u00e3o Permanente de Licita\u00e7\u00e3o (COPEL) da autarquia, discorreu sobre o tema \u201cEstabelecimento de Fluxo em Processos Licitat\u00f3rios do Princ\u00edpio da Publicidade como Controle e Fiscaliza\u00e7\u00e3o\u201d, e a diretora t\u00e9cnica Val\u00e9ria Figueiredo Lima apresentou sua an\u00e1lise sobre o \u201cConsumo de \u00c1gua Per Capita em Empreendimentos do Programa Minha Casa Minha Vida\u201d.<\/span><\/p>\n<p style=\"text-align: justify;\"><span style=\"color: #000000;\">Mas o saldo positivo destas participa\u00e7\u00f5es n\u00e3o se restringe ao campo acad\u00eamico. Aliada \u00e0 quest\u00e3o intelectual, h\u00e1 a possibilidade de implanta\u00e7\u00e3o de a\u00e7\u00f5es voltadas para o fortalecimento do SAAE e, consequentemente, da comunidade.<\/span><\/p>\n<p style=\"text-align: justify;\"><span style=\"color: #000000;\">A partir do leque variado de conhecimento adquirido na ocasi\u00e3o, tanto no que concerne \u00e0 pr\u00e1tica da gest\u00e3o quanto \u00e0 \u00e1rea t\u00e9cnica, o SAAE buscar\u00e1 lan\u00e7ar m\u00e3o de novas tecnologias voltadas para a seguran\u00e7a e a produtividade de suas atividades cotidianas, com base na pertin\u00eancia de unir a teoria \u00e0 pr\u00e1tica.<\/span><\/p>\n<p style=\"text-align: justify;\"><span style=\"color: #000000;\">Maria das Gra\u00e7as Reis, diretora geral do SAAE, que esteve presente no evento, ressaltou seu orgulho, como gestora e como engenheira sanitarista e ambiental, de rever servidores levando o nome do SAAE para grandes eventos de saneamento. E a expectativa para o futuro \u00e9 a melhor poss\u00edvel, \u201cque na pr\u00f3xima edi\u00e7\u00e3o tenhamos mais servidores e mais trabalhos representando Alagoinhas\u201d.<\/span><\/p>\n<p style=\"text-align: justify;\">\n<p style=\"text-align: justify;\"><span style=\"color: #000000;\"><em>Al\u00e9m do atendimento presencial no Posto de Atendimento (Rua Moreira Rego,9977, Centro ), outras duas maneiras de contato: WhatsApp e Call Center. Pelo aplicativo, basta enviar uma mensagem (75) 981804500; o retorno sempre \u00e9 instant\u00e2neo. Pelo Call Center, \u00e9 s\u00f3 ligar gratuitamente para 0800 702 7065.<\/em><\/span><\/p>\n<p style=\"text-align: justify;\"><span style=\"color: #000000;\"><strong>ASCOM<\/strong><\/span><br \/>\n<span style=\"color: #000000;\">Servi\u00e7o Aut\u00f4nomo de \u00c1gua e Esgoto \u2013 SAAE Alagoinhas<\/span><br \/>\n<span style=\"color: #000000;\">E-mail: ascom.saae@alagoinhas.ba.gov.br<\/span><br \/>\n<span style=\"color: #000000;\">Telefone: (75) 31826031<\/span><\/p>\n<p style=\"text-align: justify;\"><span style=\"color: #000000;\"><strong>Redes Sociais<\/strong><\/span><br \/>\n<span style=\"color: #000000;\">Facebook:\u00a0www.facebook.com\/saaedealagoinhas<\/span><br \/>\n<span style=\"color: #000000;\">Instagram:\u00a0www.instagram.com\/saaealagoinhas<\/span><br \/>\n<span style=\"color: #000000;\">Site:\u00a0www.saae.alagoinhas.ba.gov.br<\/span><\/p>\n<h6 style=\"text-align: right;\"><span style=\"color: #999999;\">Fonte: SAAE SECOM<\/span><\/h6>\n<div style=\"text-align: justify;\" align=\"right\"><\/div>\n<div class='share-to-whatsapp-wrapper'><div class='share-on-whsp'>Share on: <\/div><a data-text='Participa\u00e7\u00e3o de servidores em Congresso Nacional de Saneamento da ASSEMAE rende oportunidades para o SAAE' data-link='https:\/\/newsinfoco.com.br\/inicio\/participacao-de-servidores-em-congresso-nacional-de-saneamento-da-assemae-rende-oportunidades-para-o-saae\/' class='whatsapp-button whatsapp-share'>WhatsApp<\/a><div class='clear '><\/div><\/div>","protected":false},"excerpt":{"rendered":"<p>Oportunidades de melhora e de crescimento para a autarquia alagoinhense. Assim pode ser avaliada a participa\u00e7\u00e3o de tr\u00eas servidores do SAAE na 48\u00aa edi\u00e7\u00e3o do Congresso Nacional de Saneamento da ASSEMAE (CNSA). O evento ocorreu no Centro de Eventos do Cear\u00e1, em Fortaleza, \u00a0entre os dias 27 e 30 de maio, numa organiza\u00e7\u00e3o da ASSEMAE, [&hellip;]<\/p>\n","protected":false},"author":1,"featured_media":4494,"comment_status":"open","ping_status":"open","sticky":false,"template":"","format":"standard","meta":{"om_disable_all_campaigns":false,"_exactmetrics_skip_tracking":false,"_exactmetrics_sitenote_active":false,"_exactmetrics_sitenote_note":"","_exactmetrics_sitenote_category":0,"footnotes":""},"categories":[38,30],"tags":[53,54,55],"class_list":["post-4569","post","type-post","status-publish","format-standard","has-post-thumbnail","hentry","category-alagoinhas-e-regiao","category-destaque","tag-alagoinhas","tag-prefeitura","tag-saae"],"aioseo_notices":[],"_links":{"self":[{"href":"https:\/\/newsinfoco.com.br\/inicio\/wp-json\/wp\/v2\/posts\/4569","targetHints":{"allow":["GET"]}}],"collection":[{"href":"https:\/\/newsinfoco.com.br\/inicio\/wp-json\/wp\/v2\/posts"}],"about":[{"href":"https:\/\/newsinfoco.com.br\/inicio\/wp-json\/wp\/v2\/types\/post"}],"author":[{"embeddable":true,"href":"https:\/\/newsinfoco.com.br\/inicio\/wp-json\/wp\/v2\/users\/1"}],"replies":[{"embeddable":true,"href":"https:\/\/newsinfoco.com.br\/inicio\/wp-json\/wp\/v2\/comments?post=4569"}],"version-history":[{"count":0,"href":"https:\/\/newsinfoco.com.br\/inicio\/wp-json\/wp\/v2\/posts\/4569\/revisions"}],"wp:featuredmedia":[{"embeddable":true,"href":"https:\/\/newsinfoco.com.br\/inicio\/wp-json\/wp\/v2\/media\/4494"}],"wp:attachment":[{"href":"https:\/\/newsinfoco.com.br\/inicio\/wp-json\/wp\/v2\/media?parent=4569"}],"wp:term":[{"taxonomy":"category","embeddable":true,"href":"https:\/\/newsinfoco.com.br\/inicio\/wp-json\/wp\/v2\/categories?post=4569"},{"taxonomy":"post_tag","embeddable":true,"href":"https:\/\/newsinfoco.com.br\/inicio\/wp-json\/wp\/v2\/tags?post=4569"}],"curies":[{"name":"wp","href":"https:\/\/api.w.org\/{rel}","templated":true}]}}