{"id":4575,"date":"2018-05-30T17:01:45","date_gmt":"2018-05-30T20:01:45","guid":{"rendered":"http:\/\/newsinfoco.com.br\/?p=4575"},"modified":"2018-05-30T17:01:45","modified_gmt":"2018-05-30T20:01:45","slug":"prefeitura-de-alagoinhas-abre-inscricoes-para-curso-de-turismo-etnico-afro","status":"publish","type":"post","link":"https:\/\/newsinfoco.com.br\/inicio\/prefeitura-de-alagoinhas-abre-inscricoes-para-curso-de-turismo-etnico-afro\/","title":{"rendered":"Prefeitura de Alagoinhas abre inscri\u00e7\u00f5es para curso de Turismo \u00c9tnico Afro"},"content":{"rendered":"<p style=\"text-align: justify;\"><span style=\"color: #000000;\">A Prefeitura de Alagoinhas, atrav\u00e9s da Secretaria de Cultura, Esporte e Turismo (SECET), promove, na pr\u00f3xima ter\u00e7a-feira (5), um curso de Turismo \u00c9tnico Afro com foco na preserva\u00e7\u00e3o do patrim\u00f4nio hist\u00f3rico cultural e na valoriza\u00e7\u00e3o das tradi\u00e7\u00f5es e contribui\u00e7\u00f5es das comunidades quilombolas para o munic\u00edpio.<\/span><\/p>\n<p style=\"text-align: justify;\"><span style=\"color: #000000;\">A a\u00e7\u00e3o faz parte do programa Proquali Setur, da Secretaria de Turismo da Bahia, e conta com apoio da Diretoria de Repara\u00e7\u00e3o Social, da Secretaria Municipal de Assist\u00eancia Social (SEMAS).<\/span><br \/>\n<span style=\"color: #000000;\">De acordo com o diretor municipal de turismo, Erivaldo da Silva Souza, ser\u00e3o abordados conceitos como segmenta\u00e7\u00e3o tur\u00edstica, demanda e oferta, al\u00e9m de discuss\u00f5es sobre identidade, empoderamento e autonomia.<\/span><\/p><div class=\"newsi-conteudo_19\" id=\"newsi-1739784523\"><a href=\"https:\/\/www.instagram.com\/prefeituraalagoinhas?igsh=YzgzdDJ1bWR3aWI4\" aria-label=\"SAVE_20251006_221555\"><img loading=\"lazy\" decoding=\"async\" src=\"https:\/\/newsinfoco.com.br\/inicio\/wp-content\/uploads\/2025\/10\/SAVE_20251006_221555-rotated.jpg\" alt=\"\"  srcset=\"https:\/\/newsinfoco.com.br\/inicio\/wp-content\/uploads\/2025\/10\/SAVE_20251006_221555-rotated.jpg 1140w, https:\/\/newsinfoco.com.br\/inicio\/wp-content\/uploads\/2025\/10\/SAVE_20251006_221555-300x52.jpg 300w, https:\/\/newsinfoco.com.br\/inicio\/wp-content\/uploads\/2025\/10\/SAVE_20251006_221555-1024x177.jpg 1024w, https:\/\/newsinfoco.com.br\/inicio\/wp-content\/uploads\/2025\/10\/SAVE_20251006_221555-768x133.jpg 768w, https:\/\/newsinfoco.com.br\/inicio\/wp-content\/uploads\/2025\/10\/SAVE_20251006_221555-600x104.jpg 600w, https:\/\/newsinfoco.com.br\/inicio\/wp-content\/uploads\/2025\/10\/SAVE_20251006_221555-696x120.jpg 696w, https:\/\/newsinfoco.com.br\/inicio\/wp-content\/uploads\/2025\/10\/SAVE_20251006_221555-1068x185.jpg 1068w\" sizes=\"(max-width: 1140px) 100vw, 1140px\" width=\"1140\" height=\"197\"   \/><\/a><\/div>\n<p style=\"text-align: justify;\"><span style=\"color: #000000;\">A atividade tem 4 horas de dura\u00e7\u00e3o e ser\u00e1 realizada na Biblioteca P\u00fablica Municipal Maria Feij\u00f3 a partir das 14h. Inscri\u00e7\u00f5es devem ser feitas na pr\u00f3pria secretaria, que fica na Rua Elvira D\u00f3rea, centro de Alagoinhas.<\/span><\/p>\n<h6 style=\"text-align: right;\"><span style=\"color: #999999;\">Fonte: SECOM SECET Prefeitura<\/span><\/h6>\n<div style=\"text-align: justify;\" align=\"right\"><\/div>\n<div class='share-to-whatsapp-wrapper'><div class='share-on-whsp'>Share on: <\/div><a data-text='Prefeitura de Alagoinhas abre inscri\u00e7\u00f5es para curso de Turismo \u00c9tnico Afro' data-link='https:\/\/newsinfoco.com.br\/inicio\/prefeitura-de-alagoinhas-abre-inscricoes-para-curso-de-turismo-etnico-afro\/' class='whatsapp-button whatsapp-share'>WhatsApp<\/a><div class='clear '><\/div><\/div>","protected":false},"excerpt":{"rendered":"<p>A Prefeitura de Alagoinhas, atrav\u00e9s da Secretaria de Cultura, Esporte e Turismo (SECET), promove, na pr\u00f3xima ter\u00e7a-feira (5), um curso de Turismo \u00c9tnico Afro com foco na preserva\u00e7\u00e3o do patrim\u00f4nio hist\u00f3rico cultural e na valoriza\u00e7\u00e3o das tradi\u00e7\u00f5es e contribui\u00e7\u00f5es das comunidades quilombolas para o munic\u00edpio. A a\u00e7\u00e3o faz parte do programa Proquali Setur, da Secretaria [&hellip;]<\/p>\n","protected":false},"author":1,"featured_media":166,"comment_status":"open","ping_status":"open","sticky":false,"template":"","format":"standard","meta":{"om_disable_all_campaigns":false,"_exactmetrics_skip_tracking":false,"_exactmetrics_sitenote_active":false,"_exactmetrics_sitenote_note":"","_exactmetrics_sitenote_category":0,"footnotes":""},"categories":[38,30],"tags":[53,54,67],"class_list":["post-4575","post","type-post","status-publish","format-standard","has-post-thumbnail","hentry","category-alagoinhas-e-regiao","category-destaque","tag-alagoinhas","tag-prefeitura","tag-secet"],"aioseo_notices":[],"_links":{"self":[{"href":"https:\/\/newsinfoco.com.br\/inicio\/wp-json\/wp\/v2\/posts\/4575","targetHints":{"allow":["GET"]}}],"collection":[{"href":"https:\/\/newsinfoco.com.br\/inicio\/wp-json\/wp\/v2\/posts"}],"about":[{"href":"https:\/\/newsinfoco.com.br\/inicio\/wp-json\/wp\/v2\/types\/post"}],"author":[{"embeddable":true,"href":"https:\/\/newsinfoco.com.br\/inicio\/wp-json\/wp\/v2\/users\/1"}],"replies":[{"embeddable":true,"href":"https:\/\/newsinfoco.com.br\/inicio\/wp-json\/wp\/v2\/comments?post=4575"}],"version-history":[{"count":0,"href":"https:\/\/newsinfoco.com.br\/inicio\/wp-json\/wp\/v2\/posts\/4575\/revisions"}],"wp:featuredmedia":[{"embeddable":true,"href":"https:\/\/newsinfoco.com.br\/inicio\/wp-json\/wp\/v2\/media\/166"}],"wp:attachment":[{"href":"https:\/\/newsinfoco.com.br\/inicio\/wp-json\/wp\/v2\/media?parent=4575"}],"wp:term":[{"taxonomy":"category","embeddable":true,"href":"https:\/\/newsinfoco.com.br\/inicio\/wp-json\/wp\/v2\/categories?post=4575"},{"taxonomy":"post_tag","embeddable":true,"href":"https:\/\/newsinfoco.com.br\/inicio\/wp-json\/wp\/v2\/tags?post=4575"}],"curies":[{"name":"wp","href":"https:\/\/api.w.org\/{rel}","templated":true}]}}