{"id":45874,"date":"2025-09-29T21:21:26","date_gmt":"2025-09-30T00:21:26","guid":{"rendered":"https:\/\/newsinfoco.com.br\/inicio\/?p=45874"},"modified":"2025-09-29T21:21:26","modified_gmt":"2025-09-30T00:21:26","slug":"moraes-autoriza-daniel-silveira-a-cumprir-pena-em-regime-aberto-com-tornozeleira-eletronica","status":"publish","type":"post","link":"https:\/\/newsinfoco.com.br\/inicio\/moraes-autoriza-daniel-silveira-a-cumprir-pena-em-regime-aberto-com-tornozeleira-eletronica\/","title":{"rendered":"Moraes autoriza Daniel Silveira a cumprir pena em regime aberto com tornozeleira eletr\u00f4nica"},"content":{"rendered":"<p>O ministro Alexandre de Moraes, do Supremo Tribunal Federal (STF), autorizou, nesta segunda-feira (29), a progress\u00e3o de pena do ex-deputado Daniel Silveira do regime fechado para o regime aberto, impondo restri\u00e7\u00f5es como o uso de tornozeleira eletr\u00f4nica e a proibi\u00e7\u00e3o de acesso \u00e0s redes sociais.<\/p>\n<p>Silveira foi condenado, em abril de 2022, a 8 anos e 9 meses de pris\u00e3o em regime fechado, al\u00e9m do pagamento de multa equivalente a cinco sal\u00e1rios m\u00ednimos, pelos crimes de amea\u00e7a ao Estado Democr\u00e1tico de Direito e coa\u00e7\u00e3o no curso do processo.<\/p><div class=\"newsi-conteudo_19\" id=\"newsi-2310424663\"><a href=\"https:\/\/www.instagram.com\/prefeituraalagoinhas?igsh=YzgzdDJ1bWR3aWI4\" aria-label=\"SAVE_20251006_221555\"><img loading=\"lazy\" decoding=\"async\" src=\"https:\/\/newsinfoco.com.br\/inicio\/wp-content\/uploads\/2025\/10\/SAVE_20251006_221555-rotated.jpg\" alt=\"\"  srcset=\"https:\/\/newsinfoco.com.br\/inicio\/wp-content\/uploads\/2025\/10\/SAVE_20251006_221555-rotated.jpg 1140w, https:\/\/newsinfoco.com.br\/inicio\/wp-content\/uploads\/2025\/10\/SAVE_20251006_221555-300x52.jpg 300w, https:\/\/newsinfoco.com.br\/inicio\/wp-content\/uploads\/2025\/10\/SAVE_20251006_221555-1024x177.jpg 1024w, https:\/\/newsinfoco.com.br\/inicio\/wp-content\/uploads\/2025\/10\/SAVE_20251006_221555-768x133.jpg 768w, https:\/\/newsinfoco.com.br\/inicio\/wp-content\/uploads\/2025\/10\/SAVE_20251006_221555-600x104.jpg 600w, https:\/\/newsinfoco.com.br\/inicio\/wp-content\/uploads\/2025\/10\/SAVE_20251006_221555-696x120.jpg 696w, https:\/\/newsinfoco.com.br\/inicio\/wp-content\/uploads\/2025\/10\/SAVE_20251006_221555-1068x185.jpg 1068w\" sizes=\"(max-width: 1140px) 100vw, 1140px\" width=\"1140\" height=\"197\"   \/><\/a><\/div>\n<p>No regime fechado, o ex-parlamentar cumpriu quatro anos, um m\u00eas e 26 dias de pris\u00e3o e comprovou o pagamento da multa de R$ 271 mil.<\/p>\n<p>Segundo Moraes, \u201cest\u00e3o presentes todos os requisitos legais exigidos para a progress\u00e3o do sentenciado ao regime aberto de cumprimento de sua pena privativa de liberdade\u201d.<\/p>\n<div class='share-to-whatsapp-wrapper'><div class='share-on-whsp'>Share on: <\/div><a data-text='Moraes autoriza Daniel Silveira a cumprir pena em regime aberto com tornozeleira eletr\u00f4nica' data-link='https:\/\/newsinfoco.com.br\/inicio\/moraes-autoriza-daniel-silveira-a-cumprir-pena-em-regime-aberto-com-tornozeleira-eletronica\/' class='whatsapp-button whatsapp-share'>WhatsApp<\/a><div class='clear '><\/div><\/div>","protected":false},"excerpt":{"rendered":"<p>O ministro Alexandre de Moraes, do Supremo Tribunal Federal (STF), autorizou, nesta segunda-feira (29), a progress\u00e3o de pena do ex-deputado Daniel Silveira do regime fechado para o regime aberto, impondo restri\u00e7\u00f5es como o uso de tornozeleira eletr\u00f4nica e a proibi\u00e7\u00e3o de acesso \u00e0s redes sociais. Silveira foi condenado, em abril de 2022, a 8 anos [&hellip;]<\/p>\n","protected":false},"author":1,"featured_media":44054,"comment_status":"closed","ping_status":"closed","sticky":false,"template":"","format":"standard","meta":{"om_disable_all_campaigns":false,"_exactmetrics_skip_tracking":false,"_exactmetrics_sitenote_active":false,"_exactmetrics_sitenote_note":"","_exactmetrics_sitenote_category":0,"footnotes":""},"categories":[21],"tags":[],"class_list":["post-45874","post","type-post","status-publish","format-standard","has-post-thumbnail","hentry","category-brasil"],"aioseo_notices":[],"_links":{"self":[{"href":"https:\/\/newsinfoco.com.br\/inicio\/wp-json\/wp\/v2\/posts\/45874","targetHints":{"allow":["GET"]}}],"collection":[{"href":"https:\/\/newsinfoco.com.br\/inicio\/wp-json\/wp\/v2\/posts"}],"about":[{"href":"https:\/\/newsinfoco.com.br\/inicio\/wp-json\/wp\/v2\/types\/post"}],"author":[{"embeddable":true,"href":"https:\/\/newsinfoco.com.br\/inicio\/wp-json\/wp\/v2\/users\/1"}],"replies":[{"embeddable":true,"href":"https:\/\/newsinfoco.com.br\/inicio\/wp-json\/wp\/v2\/comments?post=45874"}],"version-history":[{"count":1,"href":"https:\/\/newsinfoco.com.br\/inicio\/wp-json\/wp\/v2\/posts\/45874\/revisions"}],"predecessor-version":[{"id":45875,"href":"https:\/\/newsinfoco.com.br\/inicio\/wp-json\/wp\/v2\/posts\/45874\/revisions\/45875"}],"wp:featuredmedia":[{"embeddable":true,"href":"https:\/\/newsinfoco.com.br\/inicio\/wp-json\/wp\/v2\/media\/44054"}],"wp:attachment":[{"href":"https:\/\/newsinfoco.com.br\/inicio\/wp-json\/wp\/v2\/media?parent=45874"}],"wp:term":[{"taxonomy":"category","embeddable":true,"href":"https:\/\/newsinfoco.com.br\/inicio\/wp-json\/wp\/v2\/categories?post=45874"},{"taxonomy":"post_tag","embeddable":true,"href":"https:\/\/newsinfoco.com.br\/inicio\/wp-json\/wp\/v2\/tags?post=45874"}],"curies":[{"name":"wp","href":"https:\/\/api.w.org\/{rel}","templated":true}]}}