{"id":45955,"date":"2025-10-01T13:48:12","date_gmt":"2025-10-01T16:48:12","guid":{"rendered":"https:\/\/newsinfoco.com.br\/inicio\/?p=45955"},"modified":"2025-10-01T13:48:12","modified_gmt":"2025-10-01T16:48:12","slug":"alagoinhas-inicia-mobilizacao-para-conquistar-o-selo-unicef","status":"publish","type":"post","link":"https:\/\/newsinfoco.com.br\/inicio\/alagoinhas-inicia-mobilizacao-para-conquistar-o-selo-unicef\/","title":{"rendered":"Alagoinhas inicia mobiliza\u00e7\u00e3o para conquistar o Selo Unicef"},"content":{"rendered":"<p>Na manh\u00e3 desta ter\u00e7a-feira, 30, no audit\u00f3rio do Centro Municipal de Atendimento ao Contribuinte (CMAC), aconteceu a primeira reuni\u00e3o com todas as secretarias integrantes da mobiliza\u00e7\u00e3o em prol da aquisi\u00e7\u00e3o do Selo Unicef para Alagoinhas. Sob responsabilidade da equipe t\u00e9cnica da Secretaria Municipal de Desenvolvimento Social (Sedes), a certifica\u00e7\u00e3o representa o compromisso da administra\u00e7\u00e3o p\u00fablica em colocar crian\u00e7as e adolescentes no centro das pol\u00edticas p\u00fablicas, assegurando seus direitos e construindo um futuro mais justo e inclusivo.<\/p>\n<p>Ao efetivar a ades\u00e3o ao Selo Unicef, Alagoinhas assumir\u00e1 a responsabilidade de desenvolver a\u00e7\u00f5es concretas, at\u00e9 2028, que impactem diretamente na vida da popula\u00e7\u00e3o mais jovem. Por meio de uma s\u00e9rie de metas e resultados que devem ser alcan\u00e7ados, o munic\u00edpio precisa cumprir as atividades previstas para este ano, em que cada etapa \u00e9 dada na garantia do fortalecimento da rede de prote\u00e7\u00e3o, consolidando pol\u00edticas intersetoriais que permitir\u00e3o avan\u00e7ar para fases futuras.<\/p><div class=\"newsi-conteudo_19\" id=\"newsi-2293039693\"><a href=\"https:\/\/www.instagram.com\/prefeituraalagoinhas?igsh=YzgzdDJ1bWR3aWI4\" aria-label=\"SAVE_20251006_221555\"><img loading=\"lazy\" decoding=\"async\" src=\"https:\/\/newsinfoco.com.br\/inicio\/wp-content\/uploads\/2025\/10\/SAVE_20251006_221555-rotated.jpg\" alt=\"\"  srcset=\"https:\/\/newsinfoco.com.br\/inicio\/wp-content\/uploads\/2025\/10\/SAVE_20251006_221555-rotated.jpg 1140w, https:\/\/newsinfoco.com.br\/inicio\/wp-content\/uploads\/2025\/10\/SAVE_20251006_221555-300x52.jpg 300w, https:\/\/newsinfoco.com.br\/inicio\/wp-content\/uploads\/2025\/10\/SAVE_20251006_221555-1024x177.jpg 1024w, https:\/\/newsinfoco.com.br\/inicio\/wp-content\/uploads\/2025\/10\/SAVE_20251006_221555-768x133.jpg 768w, https:\/\/newsinfoco.com.br\/inicio\/wp-content\/uploads\/2025\/10\/SAVE_20251006_221555-600x104.jpg 600w, https:\/\/newsinfoco.com.br\/inicio\/wp-content\/uploads\/2025\/10\/SAVE_20251006_221555-696x120.jpg 696w, https:\/\/newsinfoco.com.br\/inicio\/wp-content\/uploads\/2025\/10\/SAVE_20251006_221555-1068x185.jpg 1068w\" sizes=\"(max-width: 1140px) 100vw, 1140px\" width=\"1140\" height=\"197\"   \/><\/a><\/div>\n<p>\u201cA partir do momento em que o munic\u00edpio decidiu aderir ao Selo Unicef, precisamos ter o planejamento para alcan\u00e7ar as metas, os resultados para as nossas crian\u00e7as. Quando falamos sobre crian\u00e7a e adolescente temos que falar em atendimento em sua plenitude, envolvendo sa\u00fade, educa\u00e7\u00e3o, desenvolvimento, vulnerabilidade, combate \u00e0s viol\u00eancias, entre outras \u00e1reas. Passaremos nas secretarias municipais mobilizando as pessoas para alcan\u00e7armos, com o nosso trabalho, as vidas das nossas crian\u00e7as. Quando melhorarmos a situa\u00e7\u00e3o de nossas crian\u00e7as e adolescentes, tamb\u00e9m melhoramos a situa\u00e7\u00e3o de nossa popula\u00e7\u00e3o como um todo\u201d, enfatizou a secret\u00e1ria da Sedes, Lianne Carmo, que reiterou ainda que Alagoinhas j\u00e1 vem trilhando pol\u00edticas p\u00fablicas de prote\u00e7\u00e3o \u00e0 inf\u00e2ncia e adolesc\u00eancia, garantindo os direitos desses dois segmentos sociais.<\/p>\n<p>\u201cJ\u00e1 temos um planejamento que \u00e9 do pr\u00f3prio munic\u00edpio, mas, por meio das diretrizes do Selo Unicef, vamos dando mais transpar\u00eancia para toda a sociedade saber por onde estamos trilhando. Esse selo ser\u00e1 um farol, que vai iluminar ainda mais o caminho. Essa reuni\u00e3o de hoje \u00e9 o in\u00edcio, onde trataremos de como as coisas v\u00e3o acontecer a partir de agora. Pontuo que, ao falarmos sobre a plenitude de todos os atores envolvidos nesse processo, n\u00e3o cito apenas o governo municipal, mas tamb\u00e9m os fiscais, os conselheiros e a popula\u00e7\u00e3o ativamente envolvida. O que era uma necessidade passa a ser agora um compromisso para avan\u00e7armos ainda mais em nosso munic\u00edpio com pol\u00edticas p\u00fablicas de defesa de crian\u00e7as e adolescentes\u201d.<\/p>\n<p>Segundo a coordenadora de Fam\u00edlia Acolhedora da Sedes e articuladora com o Unicef, Vanessa Guimar\u00e3es Souza, o selo tem papel fundamental no reconhecimento das cidades que integram o programa. \u201cComo \u00e9 algo que vai fiscalizar e incentivar, por exemplo, a continuidade das a\u00e7\u00f5es que j\u00e1 s\u00e3o desenvolvidas em Alagoinhas, seja na \u00e1rea da sa\u00fade ou da educa\u00e7\u00e3o, o recebimento do selo, ap\u00f3s esse processo, vai nos respaldar, justamente por se tratar de um \u00f3rg\u00e3o mundial. Fizemos a ades\u00e3o e entramos para cumprir os procedimentos que nos dar\u00e3o o selo ao final do quarto ano de inscritos. Ao todo ser\u00e3o seis resultados que devemos alcan\u00e7ar ao longo dos pr\u00f3ximos anos\u201d, contou Vanessa.<\/p>\n<p>A articuladora revelou ainda que a primeira etapa, referente ao ano de 2025, est\u00e1 centrada na \u00e1rea da sa\u00fade, envolvendo a parte nutricional de crian\u00e7as e adolescentes. \u201cReunimos aqui os representantes das secretarias para falarmos de um todo, onde pretendemos conscientizar os participantes e a sociedade civil, al\u00e9m das ONGs e Conselhos, para incentivarmos a fiscaliza\u00e7\u00e3o nas \u00e1reas da sa\u00fade, educa\u00e7\u00e3o, Saae e saneamento. O foco de pontua\u00e7\u00e3o, em 2025, ser\u00e1 a sa\u00fade e, a cada ano, teremos os temas principais de trabalho, por\u00e9m sempre acoplando os temas que j\u00e1 v\u00eam sendo trabalhados\u201d.<\/p>\n<p>Representando a Uni\u00e3o das Associa\u00e7\u00f5es Comunit\u00e1rias Rurais de Alagoinhas e a Associa\u00e7\u00e3o de Moradores do Pindobal, Vilma de Jesus Santos destacou a import\u00e2ncia da uni\u00e3o entre for\u00e7as p\u00fablicas e sociais em prol da inf\u00e2ncia. \u201cTrabalharmos para conseguirmos o selo mostra o nosso engajamento e vontade de melhorarmos nossa cidade. Fico orgulhosa de fazer parte desse n\u00facleo, representando tantas pessoas e institui\u00e7\u00f5es envolvidas. Que possamos levar as informa\u00e7\u00f5es destes encontros para o maior n\u00famero de pessoas poss\u00edveis\u201d, declarou.<\/p>\n<p>Durante o encontro, a diretora de Prote\u00e7\u00e3o Social da Sedes, Leidiany Rocha, enfatizou que a reuni\u00e3o serviu tamb\u00e9m para apresentar a comiss\u00e3o intersetorial que estar\u00e1 comprometida no processo de conquista do Selo Unicef para o munic\u00edpio. \u201cTrata-se de um esfor\u00e7o conjunto das pol\u00edticas p\u00fablicas, na promo\u00e7\u00e3o e garantia de direitos de crian\u00e7as e adolescentes. A metodologia de participa\u00e7\u00e3o inclui o monitoramento de indicadores sociais e a implementa\u00e7\u00e3o de a\u00e7\u00f5es que ajudem o munic\u00edpio a cumprir a Conven\u00e7\u00e3o sobre os Direitos da Crian\u00e7a, que no Brasil \u00e9 refletida no Estatuto da Crian\u00e7a e do Adolescente (ECA). Em outras palavras, os munic\u00edpios que mais avan\u00e7am na garantia dos direitos de crian\u00e7as e adolescentes s\u00e3o reconhecidos com o Selo Unicef\u201d, explicou.<\/p>\n<p>Ela acrescentou que Alagoinhas tamb\u00e9m participar\u00e1 do processo para recebimento do Selo SUAS Bahia, que inicialmente avaliar\u00e1 iniciativas inovadoras implementadas no campo do Sistema \u00danico de Assist\u00eancia Social (SUAS), tendo como segunda etapa o compromisso em cumprir as metas estabelecidas pelo Pacto de Aprimoramento do SUAS.<\/p>\n<p>Al\u00e9m da participa\u00e7\u00e3o da sociedade civil, membros das secretarias municipais e do Saae, tamb\u00e9m compuseram a mesa de discuss\u00e3o representantes do Conselho Tutelar, Thais Xavier e Simone Lima, que refor\u00e7aram a import\u00e2ncia de Alagoinhas conquistar o Selo Unicef em conson\u00e2ncia com toda a rede de prote\u00e7\u00e3o social de crian\u00e7as e adolescentes.<\/p>\n<p>&nbsp;<\/p>\n<div class='share-to-whatsapp-wrapper'><div class='share-on-whsp'>Share on: <\/div><a data-text='Alagoinhas inicia mobiliza\u00e7\u00e3o para conquistar o Selo Unicef' data-link='https:\/\/newsinfoco.com.br\/inicio\/alagoinhas-inicia-mobilizacao-para-conquistar-o-selo-unicef\/' class='whatsapp-button whatsapp-share'>WhatsApp<\/a><div class='clear '><\/div><\/div>","protected":false},"excerpt":{"rendered":"<p>Na manh\u00e3 desta ter\u00e7a-feira, 30, no audit\u00f3rio do Centro Municipal de Atendimento ao Contribuinte (CMAC), aconteceu a primeira reuni\u00e3o com todas as secretarias integrantes da mobiliza\u00e7\u00e3o em prol da aquisi\u00e7\u00e3o do Selo Unicef para Alagoinhas. Sob responsabilidade da equipe t\u00e9cnica da Secretaria Municipal de Desenvolvimento Social (Sedes), a certifica\u00e7\u00e3o representa o compromisso da administra\u00e7\u00e3o p\u00fablica [&hellip;]<\/p>\n","protected":false},"author":1,"featured_media":45956,"comment_status":"closed","ping_status":"closed","sticky":false,"template":"","format":"standard","meta":{"om_disable_all_campaigns":false,"_exactmetrics_skip_tracking":false,"_exactmetrics_sitenote_active":false,"_exactmetrics_sitenote_note":"","_exactmetrics_sitenote_category":0,"footnotes":""},"categories":[38,167],"tags":[],"class_list":["post-45955","post","type-post","status-publish","format-standard","has-post-thumbnail","hentry","category-alagoinhas-e-regiao","category-exclusivas"],"aioseo_notices":[],"_links":{"self":[{"href":"https:\/\/newsinfoco.com.br\/inicio\/wp-json\/wp\/v2\/posts\/45955","targetHints":{"allow":["GET"]}}],"collection":[{"href":"https:\/\/newsinfoco.com.br\/inicio\/wp-json\/wp\/v2\/posts"}],"about":[{"href":"https:\/\/newsinfoco.com.br\/inicio\/wp-json\/wp\/v2\/types\/post"}],"author":[{"embeddable":true,"href":"https:\/\/newsinfoco.com.br\/inicio\/wp-json\/wp\/v2\/users\/1"}],"replies":[{"embeddable":true,"href":"https:\/\/newsinfoco.com.br\/inicio\/wp-json\/wp\/v2\/comments?post=45955"}],"version-history":[{"count":1,"href":"https:\/\/newsinfoco.com.br\/inicio\/wp-json\/wp\/v2\/posts\/45955\/revisions"}],"predecessor-version":[{"id":45957,"href":"https:\/\/newsinfoco.com.br\/inicio\/wp-json\/wp\/v2\/posts\/45955\/revisions\/45957"}],"wp:featuredmedia":[{"embeddable":true,"href":"https:\/\/newsinfoco.com.br\/inicio\/wp-json\/wp\/v2\/media\/45956"}],"wp:attachment":[{"href":"https:\/\/newsinfoco.com.br\/inicio\/wp-json\/wp\/v2\/media?parent=45955"}],"wp:term":[{"taxonomy":"category","embeddable":true,"href":"https:\/\/newsinfoco.com.br\/inicio\/wp-json\/wp\/v2\/categories?post=45955"},{"taxonomy":"post_tag","embeddable":true,"href":"https:\/\/newsinfoco.com.br\/inicio\/wp-json\/wp\/v2\/tags?post=45955"}],"curies":[{"name":"wp","href":"https:\/\/api.w.org\/{rel}","templated":true}]}}