{"id":45961,"date":"2025-10-01T16:47:11","date_gmt":"2025-10-01T19:47:11","guid":{"rendered":"https:\/\/newsinfoco.com.br\/inicio\/?p=45961"},"modified":"2025-10-01T16:47:11","modified_gmt":"2025-10-01T19:47:11","slug":"sem-jean-lucas-ancelotti-convoca-selecao-brasileira-para-amistosos-veja-lista","status":"publish","type":"post","link":"https:\/\/newsinfoco.com.br\/inicio\/sem-jean-lucas-ancelotti-convoca-selecao-brasileira-para-amistosos-veja-lista\/","title":{"rendered":"Sem Jean Lucas, Ancelotti convoca Sele\u00e7\u00e3o Brasileira para amistosos; veja lista"},"content":{"rendered":"<p>O treinador italiano Carlo Ancelotti convocou, nesta quarta-feira (1\u00ba), 26 jogadores para representarem a Sele\u00e7\u00e3o Brasileira nos amistosos contra a Coreia do Sul, 10 de outubro, e o Jap\u00e3o, no dia 14 de outubro.<\/p>\n<p>Lesionados, Raphinha, do Barcelona; Marquinhos, do PSG; e Alexsander, do Lille, tamb\u00e9m n\u00e3o foram chamados por Ancelotti. Por outro lado, os craques do Real Madrid, Rodrygo e Vin\u00edcius J\u00fanior, est\u00e3o de volta \u00e0 lista.<\/p><div class=\"newsi-conteudo_19\" id=\"newsi-929829592\"><a href=\"https:\/\/www.instagram.com\/prefeituraalagoinhas?igsh=YzgzdDJ1bWR3aWI4\" aria-label=\"SAVE_20251006_221555\"><img loading=\"lazy\" decoding=\"async\" src=\"https:\/\/newsinfoco.com.br\/inicio\/wp-content\/uploads\/2025\/10\/SAVE_20251006_221555-rotated.jpg\" alt=\"\"  srcset=\"https:\/\/newsinfoco.com.br\/inicio\/wp-content\/uploads\/2025\/10\/SAVE_20251006_221555-rotated.jpg 1140w, https:\/\/newsinfoco.com.br\/inicio\/wp-content\/uploads\/2025\/10\/SAVE_20251006_221555-300x52.jpg 300w, https:\/\/newsinfoco.com.br\/inicio\/wp-content\/uploads\/2025\/10\/SAVE_20251006_221555-1024x177.jpg 1024w, https:\/\/newsinfoco.com.br\/inicio\/wp-content\/uploads\/2025\/10\/SAVE_20251006_221555-768x133.jpg 768w, https:\/\/newsinfoco.com.br\/inicio\/wp-content\/uploads\/2025\/10\/SAVE_20251006_221555-600x104.jpg 600w, https:\/\/newsinfoco.com.br\/inicio\/wp-content\/uploads\/2025\/10\/SAVE_20251006_221555-696x120.jpg 696w, https:\/\/newsinfoco.com.br\/inicio\/wp-content\/uploads\/2025\/10\/SAVE_20251006_221555-1068x185.jpg 1068w\" sizes=\"(max-width: 1140px) 100vw, 1140px\" width=\"1140\" height=\"197\"   \/><\/a><\/div>\n<p>Presente na \u00faltima lista, o meia Jean Lucas, do Bahia, ficou de fora da nova convoca\u00e7\u00e3o. Com isso, o atleta deve estar \u00e0 disposi\u00e7\u00e3o de Rog\u00e9rio Ceni para o cl\u00e1ssico contra o Vit\u00f3ria, no dia 16 de outubro.<\/p>\n<p><strong>Confira abaixo a lista de convocados<\/strong><\/p>\n<p><strong>Goleiros:<\/strong>\u00a0Bento (Al-Nassr), Ederson (Fenerbah\u00e7e) e Hugo Souza (Corinthians);<\/p>\n<p><strong>Defensores:<\/strong>\u00a0Caio Henrique (Monaco), Carlos Augusto (Internacional), Douglas Santos (Zenit), Eder Milit\u00e3o (Real Madrid), Fabr\u00edcio Bruno (Cruzeiro), Gabriel Magalh\u00e3es (Arsenal), Lucas Beraldo (PSG), Vanderson (Monaco) e Wesley (Roma);<\/p>\n<div>\n<div>\n<div class=\"trv-player-container\">\n<div class=\"trv-wrapper\">\n<div id=\"br_video_player_3a49dd02e4ce2cc35f2797febf5fbf9dc3c659f9\" class=\"trvd_video_player trvdinstream\">\n<div class=\"media-player\"><\/div>\n<div class=\"loader-bg-transparent\">\n<div class=\"loader-transparent\">\n<div class=\"conteudo_post\">\n<p><strong>Meio-campista:<\/strong>\u00a0Andr\u00e9 (Wolverhampton), Bruno Guimar\u00e3es (Newcastle), Casemiro (Manchester United), Jo\u00e3o Gomes (Wolverhampton), Joeliton (Newcastle) e Lucas Paquet\u00e1 (West Ham);<\/p>\n<p><strong>Atacantes:<\/strong>\u00a0Est\u00eav\u00e3o (Chelsea), Gabriel Martinelli (Arsenal), Igor Jesus (Nottingham), Luiz Henrique (Zenit), Matheus Cunha (Manchester United), Richarlison (Tottenham), Rodrygo (Real Madrid) e Vinicius Junior (Real Madrid).<\/p>\n<\/div>\n<div id=\"div-share\">\n<div class=\"conteudo_post\">\n<p><strong>Meio-campista:<\/strong>\u00a0Andr\u00e9 (Wolverhampton), Bruno Guimar\u00e3es (Newcastle), Casemiro (Manchester United), Jo\u00e3o Gomes (Wolverhampton), Joeliton (Newcastle) e Lucas Paquet\u00e1 (West Ham);<\/p>\n<p><strong>Atacantes:<\/strong>\u00a0Est\u00eav\u00e3o (Chelsea), Gabriel Martinelli (Arsenal), Igor Jesus (Nottingham), Luiz Henrique (Zenit), Matheus Cunha (Manchester United), Richarlison (Tottenham), Rodrygo (Real Madrid) e Vinicius Junior (Real Madrid).<\/p>\n<\/div>\n<div id=\"div-share\">\n<div class=\"conteudo_post\">\n<p><strong>Meio-campista:<\/strong>\u00a0Andr\u00e9 (Wolverhampton), Bruno Guimar\u00e3es (Newcastle), Casemiro (Manchester United), Jo\u00e3o Gomes (Wolverhampton), Joeliton (Newcastle) e Lucas Paquet\u00e1 (West Ham);<\/p>\n<p><strong>Atacantes:<\/strong>\u00a0Est\u00eav\u00e3o (Chelsea), Gabriel Martinelli (Arsenal), Igor Jesus (Nottingham), Luiz Henrique (Zenit), Matheus Cunha (Manchester United), Richarlison (Tottenham), Rodrygo (Real Madrid) e Vinicius Junior (Real Madrid).<\/p>\n<\/div>\n<div id=\"div-share\">Bahia.Ba<\/div>\n<\/div>\n<\/div>\n<\/div>\n<\/div>\n<\/div>\n<\/div>\n<\/div>\n<\/div>\n<\/div>\n<div class='share-to-whatsapp-wrapper'><div class='share-on-whsp'>Share on: <\/div><a data-text='Sem Jean Lucas, Ancelotti convoca Sele\u00e7\u00e3o Brasileira para amistosos; veja lista' data-link='https:\/\/newsinfoco.com.br\/inicio\/sem-jean-lucas-ancelotti-convoca-selecao-brasileira-para-amistosos-veja-lista\/' class='whatsapp-button whatsapp-share'>WhatsApp<\/a><div class='clear '><\/div><\/div>","protected":false},"excerpt":{"rendered":"<p>O treinador italiano Carlo Ancelotti convocou, nesta quarta-feira (1\u00ba), 26 jogadores para representarem a Sele\u00e7\u00e3o Brasileira nos amistosos contra a Coreia do Sul, 10 de outubro, e o Jap\u00e3o, no dia 14 de outubro. Lesionados, Raphinha, do Barcelona; Marquinhos, do PSG; e Alexsander, do Lille, tamb\u00e9m n\u00e3o foram chamados por Ancelotti. Por outro lado, os [&hellip;]<\/p>\n","protected":false},"author":1,"featured_media":45962,"comment_status":"closed","ping_status":"closed","sticky":false,"template":"","format":"standard","meta":{"om_disable_all_campaigns":false,"_exactmetrics_skip_tracking":false,"_exactmetrics_sitenote_active":false,"_exactmetrics_sitenote_note":"","_exactmetrics_sitenote_category":0,"footnotes":""},"categories":[21],"tags":[],"class_list":["post-45961","post","type-post","status-publish","format-standard","has-post-thumbnail","hentry","category-brasil"],"aioseo_notices":[],"_links":{"self":[{"href":"https:\/\/newsinfoco.com.br\/inicio\/wp-json\/wp\/v2\/posts\/45961","targetHints":{"allow":["GET"]}}],"collection":[{"href":"https:\/\/newsinfoco.com.br\/inicio\/wp-json\/wp\/v2\/posts"}],"about":[{"href":"https:\/\/newsinfoco.com.br\/inicio\/wp-json\/wp\/v2\/types\/post"}],"author":[{"embeddable":true,"href":"https:\/\/newsinfoco.com.br\/inicio\/wp-json\/wp\/v2\/users\/1"}],"replies":[{"embeddable":true,"href":"https:\/\/newsinfoco.com.br\/inicio\/wp-json\/wp\/v2\/comments?post=45961"}],"version-history":[{"count":1,"href":"https:\/\/newsinfoco.com.br\/inicio\/wp-json\/wp\/v2\/posts\/45961\/revisions"}],"predecessor-version":[{"id":45963,"href":"https:\/\/newsinfoco.com.br\/inicio\/wp-json\/wp\/v2\/posts\/45961\/revisions\/45963"}],"wp:featuredmedia":[{"embeddable":true,"href":"https:\/\/newsinfoco.com.br\/inicio\/wp-json\/wp\/v2\/media\/45962"}],"wp:attachment":[{"href":"https:\/\/newsinfoco.com.br\/inicio\/wp-json\/wp\/v2\/media?parent=45961"}],"wp:term":[{"taxonomy":"category","embeddable":true,"href":"https:\/\/newsinfoco.com.br\/inicio\/wp-json\/wp\/v2\/categories?post=45961"},{"taxonomy":"post_tag","embeddable":true,"href":"https:\/\/newsinfoco.com.br\/inicio\/wp-json\/wp\/v2\/tags?post=45961"}],"curies":[{"name":"wp","href":"https:\/\/api.w.org\/{rel}","templated":true}]}}