{"id":46006,"date":"2025-10-03T12:42:36","date_gmt":"2025-10-03T15:42:36","guid":{"rendered":"https:\/\/newsinfoco.com.br\/inicio\/?p=46006"},"modified":"2025-10-03T12:42:36","modified_gmt":"2025-10-03T15:42:36","slug":"governo-investe-r-20-milhoes-em-novos-tablets-e-chips-para-rede-estadual","status":"publish","type":"post","link":"https:\/\/newsinfoco.com.br\/inicio\/governo-investe-r-20-milhoes-em-novos-tablets-e-chips-para-rede-estadual\/","title":{"rendered":"Governo investe R$ 20 milh\u00f5es em novos tablets e chips para rede estadual"},"content":{"rendered":"<p align=\"left\">Depois da entrega de novos tablets e, tamb\u00e9m, de chips nas escolas da rede estadual da capital baiana e Regi\u00e3o Metropolitana de Salvador, chegou a vez dos col\u00e9gios do interior do Estado receberem os dispositivos que visam fomentar o uso do Di\u00e1rio de Classe Digital em todas as unidades da rede estadual de ensino, atrav\u00e9s dos professores. Para esta a\u00e7\u00e3o, em 2025, o Governo da Bahia est\u00e1 investindo quase R$ 20 milh\u00f5es na aquisi\u00e7\u00e3o de mais 11.378 tablets e 46.010 chips.<\/p>\n<p align=\"left\">O sistema de Di\u00e1rio de Classe Digital permite aos professores registrar, alterar e excluir informa\u00e7\u00f5es sobre a vida acad\u00eamica dos estudantes. As informa\u00e7\u00f5es inseridas no di\u00e1rio s\u00e3o acess\u00edveis por meio de relat\u00f3rios no Sistema Integrado de Gest\u00e3o da Educa\u00e7\u00e3o (SIGEDUC) e tamb\u00e9m podem ser visualizadas pelos alunos e pais, por meio dos portais do estudante e dos respons\u00e1veis.<\/p><div class=\"newsi-conteudo_19\" id=\"newsi-2463523657\"><a href=\"https:\/\/www.instagram.com\/prefeituraalagoinhas?igsh=YzgzdDJ1bWR3aWI4\" aria-label=\"SAVE_20251006_221555\"><img loading=\"lazy\" decoding=\"async\" src=\"https:\/\/newsinfoco.com.br\/inicio\/wp-content\/uploads\/2025\/10\/SAVE_20251006_221555-rotated.jpg\" alt=\"\"  srcset=\"https:\/\/newsinfoco.com.br\/inicio\/wp-content\/uploads\/2025\/10\/SAVE_20251006_221555-rotated.jpg 1140w, https:\/\/newsinfoco.com.br\/inicio\/wp-content\/uploads\/2025\/10\/SAVE_20251006_221555-300x52.jpg 300w, https:\/\/newsinfoco.com.br\/inicio\/wp-content\/uploads\/2025\/10\/SAVE_20251006_221555-1024x177.jpg 1024w, https:\/\/newsinfoco.com.br\/inicio\/wp-content\/uploads\/2025\/10\/SAVE_20251006_221555-768x133.jpg 768w, https:\/\/newsinfoco.com.br\/inicio\/wp-content\/uploads\/2025\/10\/SAVE_20251006_221555-600x104.jpg 600w, https:\/\/newsinfoco.com.br\/inicio\/wp-content\/uploads\/2025\/10\/SAVE_20251006_221555-696x120.jpg 696w, https:\/\/newsinfoco.com.br\/inicio\/wp-content\/uploads\/2025\/10\/SAVE_20251006_221555-1068x185.jpg 1068w\" sizes=\"(max-width: 1140px) 100vw, 1140px\" width=\"1140\" height=\"197\"   \/><\/a><\/div>\n<p align=\"left\">A superintendente de Pol\u00edticas para a Educa\u00e7\u00e3o B\u00e1sica da Secretaria da Educa\u00e7\u00e3o do Estado (SEC), Helaine Pereira de Souza, ressalta que a entrega dos tablets nas escolas, j\u00e1 com a internet m\u00f3vel (chip), visa fortalecer a cultura do lan\u00e7amento do di\u00e1rio de classe, facilitando o trabalho do professor. \u201cA gente sabe que este dispositivo \u00e9 uma ferramenta muito importante. Quando utilizamos toda a sua potencialidade, tornamos o trabalho de registro de nota e de frequ\u00eancia muito mais fluido, muito mais r\u00e1pido, ou seja, otimizamos as atividades do professor e garantimos um acompanhamento mais real dos estudantes\u201d.<\/p>\n<div>\n<div>\n<div class=\"trv-player-container\">\n<div class=\"trv-wrapper\">\n<div id=\"br_video_player_7d033761d656c11069cb97febf5fbf9dc3c659f9\" class=\"trvd_video_player trvdfloater trv-right\">\n<div class=\"media-player\">\n<div class=\"trv-video\">\n<div id=\"truvid_ima_container91422\" class=\"truvid_ima_container\">\n<div>\n<div>\n<div>\n<div>\n<div class=\"trv-player-container\">\n<div class=\"trv-wrapper\">\n<div id=\"br_video_player_7d033761d656c11069cb97febf5fbf9dc3c659f9\" class=\"trvd_video_player trvdfloater trv-right\">\n<div class=\"media-player\">\n<div class=\"trv-video\">\n<div id=\"truvid_ima_container91422\" class=\"truvid_ima_container\">\n<div>\n<div>\n<div>\n<div>\n<div class=\"trv-player-container\">\n<div class=\"trv-wrapper\">\n<div id=\"br_video_player_7d033761d656c11069cb97febf5fbf9dc3c659f9\" class=\"trvd_video_player trvdfloater trv-right\">\n<div class=\"media-player\">\n<div class=\"trv-video\">\n<div id=\"truvid_ima_container91422\" class=\"truvid_ima_container\">\n<div>\n<div>\n<div class=\"conteudo_post\">\n<p align=\"left\">A gestora frisa que, ao acompanhar sistematicamente a vida escolar dos estudantes, os docentes podem realizar um trabalho de recupera\u00e7\u00e3o da aprendizagem com os que j\u00e1 est\u00e3o reprovados na primeira unidade. \u201cA gente pode intervir nos casos daqueles que abandonam a escola ou que, por ventura, deixam de frequentar a escola em algum momento do ano letivo. Ent\u00e3o, esta entrega da Secretaria de Educa\u00e7\u00e3o \u00e9 uma oportunidade para otimizar o trabalho do professor\u201d, avalia.<\/p>\n<p align=\"left\">Em 2024, o governo estadual realizou a segunda fase de entrega de tablets, distribuindo mais de 78 mil unidades para as escolas estaduais. No ano anterior, em 2023, foram entregues os primeiros cinco mil equipamentos, visando fortalecer o Programa de Gest\u00e3o da Aprendizagem.<\/p>\n<\/div>\n<div id=\"div-share\">\n<div class=\"conteudo_post\"><\/div>\n<div id=\"div-share\">\n<div id=\"div-share\">Bahia.Ba<\/div>\n<\/div>\n<\/div>\n<\/div>\n<\/div>\n<\/div>\n<\/div>\n<\/div>\n<\/div>\n<\/div>\n<\/div>\n<\/div>\n<\/div>\n<\/div>\n<\/div>\n<\/div>\n<\/div>\n<\/div>\n<\/div>\n<\/div>\n<\/div>\n<\/div>\n<\/div>\n<\/div>\n<\/div>\n<\/div>\n<\/div>\n<\/div>\n<\/div>\n<\/div>\n<\/div>\n<\/div>\n<\/div>\n<div class='share-to-whatsapp-wrapper'><div class='share-on-whsp'>Share on: <\/div><a data-text='Governo investe R$ 20 milh\u00f5es em novos tablets e chips para rede estadual' data-link='https:\/\/newsinfoco.com.br\/inicio\/governo-investe-r-20-milhoes-em-novos-tablets-e-chips-para-rede-estadual\/' class='whatsapp-button whatsapp-share'>WhatsApp<\/a><div class='clear '><\/div><\/div>","protected":false},"excerpt":{"rendered":"<p>Depois da entrega de novos tablets e, tamb\u00e9m, de chips nas escolas da rede estadual da capital baiana e Regi\u00e3o Metropolitana de Salvador, chegou a vez dos col\u00e9gios do interior do Estado receberem os dispositivos que visam fomentar o uso do Di\u00e1rio de Classe Digital em todas as unidades da rede estadual de ensino, atrav\u00e9s [&hellip;]<\/p>\n","protected":false},"author":1,"featured_media":46007,"comment_status":"closed","ping_status":"closed","sticky":false,"template":"","format":"standard","meta":{"om_disable_all_campaigns":false,"_exactmetrics_skip_tracking":false,"_exactmetrics_sitenote_active":false,"_exactmetrics_sitenote_note":"","_exactmetrics_sitenote_category":0,"footnotes":""},"categories":[19],"tags":[],"class_list":["post-46006","post","type-post","status-publish","format-standard","has-post-thumbnail","hentry","category-bahia"],"aioseo_notices":[],"_links":{"self":[{"href":"https:\/\/newsinfoco.com.br\/inicio\/wp-json\/wp\/v2\/posts\/46006","targetHints":{"allow":["GET"]}}],"collection":[{"href":"https:\/\/newsinfoco.com.br\/inicio\/wp-json\/wp\/v2\/posts"}],"about":[{"href":"https:\/\/newsinfoco.com.br\/inicio\/wp-json\/wp\/v2\/types\/post"}],"author":[{"embeddable":true,"href":"https:\/\/newsinfoco.com.br\/inicio\/wp-json\/wp\/v2\/users\/1"}],"replies":[{"embeddable":true,"href":"https:\/\/newsinfoco.com.br\/inicio\/wp-json\/wp\/v2\/comments?post=46006"}],"version-history":[{"count":1,"href":"https:\/\/newsinfoco.com.br\/inicio\/wp-json\/wp\/v2\/posts\/46006\/revisions"}],"predecessor-version":[{"id":46008,"href":"https:\/\/newsinfoco.com.br\/inicio\/wp-json\/wp\/v2\/posts\/46006\/revisions\/46008"}],"wp:featuredmedia":[{"embeddable":true,"href":"https:\/\/newsinfoco.com.br\/inicio\/wp-json\/wp\/v2\/media\/46007"}],"wp:attachment":[{"href":"https:\/\/newsinfoco.com.br\/inicio\/wp-json\/wp\/v2\/media?parent=46006"}],"wp:term":[{"taxonomy":"category","embeddable":true,"href":"https:\/\/newsinfoco.com.br\/inicio\/wp-json\/wp\/v2\/categories?post=46006"},{"taxonomy":"post_tag","embeddable":true,"href":"https:\/\/newsinfoco.com.br\/inicio\/wp-json\/wp\/v2\/tags?post=46006"}],"curies":[{"name":"wp","href":"https:\/\/api.w.org\/{rel}","templated":true}]}}