{"id":46009,"date":"2025-10-03T12:51:48","date_gmt":"2025-10-03T15:51:48","guid":{"rendered":"https:\/\/newsinfoco.com.br\/inicio\/?p=46009"},"modified":"2025-10-03T12:51:48","modified_gmt":"2025-10-03T15:51:48","slug":"claudia-leitte-lanca-seu-setimo-album-de-estudio-especiarias","status":"publish","type":"post","link":"https:\/\/newsinfoco.com.br\/inicio\/claudia-leitte-lanca-seu-setimo-album-de-estudio-especiarias\/","title":{"rendered":"Claudia Leitte lan\u00e7a seu s\u00e9timo \u00e1lbum de est\u00fadio: \u2018Especiarias\u2019"},"content":{"rendered":"<p>A cantora Claudia Leitte lan\u00e7a \u00e0 0h desta sexta-feira (03) seu novo trabalho: \u201cEspeciarias\u201d, seu s\u00e9timo \u00e1lbum de est\u00fadio.\u00a0O trabalho, que conta com 15 m\u00fasicas in\u00e9ditas, ser\u00e1 apresentado em tr\u00eas atos.<\/p>\n<p>Quatro faixas ficam dispon\u00edveis nesta sexta-feira: \u201cEspeciarias, \u201cNosso clich\u00ea\u201d, \u201cA chave\u201d e \u201cSe um dia chorei\u201d. As demais, ser\u00e3o lan\u00e7adas em outros dois momentos.<\/p><div class=\"newsi-conteudo_19\" id=\"newsi-2143921653\"><a href=\"https:\/\/www.instagram.com\/prefeituraalagoinhas?igsh=YzgzdDJ1bWR3aWI4\" aria-label=\"SAVE_20251006_221555\"><img loading=\"lazy\" decoding=\"async\" src=\"https:\/\/newsinfoco.com.br\/inicio\/wp-content\/uploads\/2025\/10\/SAVE_20251006_221555-rotated.jpg\" alt=\"\"  srcset=\"https:\/\/newsinfoco.com.br\/inicio\/wp-content\/uploads\/2025\/10\/SAVE_20251006_221555-rotated.jpg 1140w, https:\/\/newsinfoco.com.br\/inicio\/wp-content\/uploads\/2025\/10\/SAVE_20251006_221555-300x52.jpg 300w, https:\/\/newsinfoco.com.br\/inicio\/wp-content\/uploads\/2025\/10\/SAVE_20251006_221555-1024x177.jpg 1024w, https:\/\/newsinfoco.com.br\/inicio\/wp-content\/uploads\/2025\/10\/SAVE_20251006_221555-768x133.jpg 768w, https:\/\/newsinfoco.com.br\/inicio\/wp-content\/uploads\/2025\/10\/SAVE_20251006_221555-600x104.jpg 600w, https:\/\/newsinfoco.com.br\/inicio\/wp-content\/uploads\/2025\/10\/SAVE_20251006_221555-696x120.jpg 696w, https:\/\/newsinfoco.com.br\/inicio\/wp-content\/uploads\/2025\/10\/SAVE_20251006_221555-1068x185.jpg 1068w\" sizes=\"(max-width: 1140px) 100vw, 1140px\" width=\"1140\" height=\"197\"   \/><\/a><\/div>\n<p>No novo projeto, Claudia Leitte mergulha em um lan\u00e7amento que abra\u00e7a diferentes estilos musicais que marcaram sua trajet\u00f3ria: do samba ao pop, do rock \u00e0s m\u00fasicas rom\u00e2nticas.<\/p>\n<p>\u201cMe entreguei por inteira em \u2018Especiarias\u2019. Este \u00e1lbum traz um pouco de mim e das misturas que sempre fiz, mas tamb\u00e9m celebra a diversidade cultural do Brasil. \u00c9 um mergulho em energia, cores, arte e brasilidade, tudo isso materializando em m\u00fasicas a ess\u00eancia \u00fanica do nosso pa\u00eds\u201d, avalia Claudia.<\/p>\n<div>\n<div>\n<div class=\"trv-player-container\">\n<div class=\"trv-wrapper\">\n<div id=\"br_video_player_7190b498d850305af43697febf5fbf9dc3c659f9\" class=\"trvd_video_player trvdinstream\">\n<div class=\"media-player\"><\/div>\n<div>\n<div>\n<div class=\"trv-player-container\">\n<div class=\"trv-wrapper\">\n<div id=\"br_video_player_7190b498d850305af43697febf5fbf9dc3c659f9\" class=\"trvd_video_player trvdinstream\">\n<div class=\"trv-autoskip-container\">\n<div class=\"trv-autoskip-background\">\n<div class=\"trv-autoskip-line-top\">\n<div>\n<div class=\"conteudo_post\">\n<p>Um dos destaques de \u201cEspeciarias\u201d \u00e9 a capa do \u00e1lbum, feita em parceria com artista pl\u00e1stico soteropolitano Muricy, que traz a est\u00e9tica que une grafite e especiarias reais.<\/p>\n<p>O novo disco chega em um \u00f3timo momento da carreira de Claudia Leitte. No \u00faltimo s\u00e1bado (27), ela estreou a turn\u00ea \u201cIntemporal\u201d, que viajar\u00e1 o Brasil entre 2025 e 2026 com seu repert\u00f3rio intimista, reflexivo e cheio de celebra\u00e7\u00f5es \u00e0 m\u00fasica popular brasileira.<\/p>\n<\/div>\n<div id=\"div-share\"><\/div>\n<\/div>\n<\/div>\n<div class=\"trv-autoskip-line-right\">\n<div>Bahia.Ba<\/div>\n<\/div>\n<div class=\"trv-autoskip-line-bottom\">\n<div><\/div>\n<\/div>\n<div class=\"trv-autoskip-line-left\">\n<div><\/div>\n<\/div>\n<\/div>\n<div class=\"autoskip-btn autoskip-btn-blue\"><\/div>\n<div class=\"autoskip-btn autoskip-btn-gray\"><\/div>\n<\/div>\n<div><\/div>\n<p><img decoding=\"async\" src=\"https:\/\/ads.stickyadstv.com\/auto-user-sync?_fw_gdpr=0&amp;_fw_gdpr_consent=\" \/><img decoding=\"async\" src=\"https:\/\/ads.stickyadstv.com\/user-matching?id=2545&amp;_fw_gdpr=0&amp;_fw_gdpr_consent=\" \/><\/div>\n<\/div>\n<\/div>\n<\/div>\n<\/div>\n<\/div>\n<\/div>\n<\/div>\n<\/div>\n<\/div>\n<div class='share-to-whatsapp-wrapper'><div class='share-on-whsp'>Share on: <\/div><a data-text='Claudia Leitte lan\u00e7a seu s\u00e9timo \u00e1lbum de est\u00fadio: \u2018Especiarias\u2019' data-link='https:\/\/newsinfoco.com.br\/inicio\/claudia-leitte-lanca-seu-setimo-album-de-estudio-especiarias\/' class='whatsapp-button whatsapp-share'>WhatsApp<\/a><div class='clear '><\/div><\/div>","protected":false},"excerpt":{"rendered":"<p>A cantora Claudia Leitte lan\u00e7a \u00e0 0h desta sexta-feira (03) seu novo trabalho: \u201cEspeciarias\u201d, seu s\u00e9timo \u00e1lbum de est\u00fadio.\u00a0O trabalho, que conta com 15 m\u00fasicas in\u00e9ditas, ser\u00e1 apresentado em tr\u00eas atos. Quatro faixas ficam dispon\u00edveis nesta sexta-feira: \u201cEspeciarias, \u201cNosso clich\u00ea\u201d, \u201cA chave\u201d e \u201cSe um dia chorei\u201d. As demais, ser\u00e3o lan\u00e7adas em outros dois momentos. [&hellip;]<\/p>\n","protected":false},"author":1,"featured_media":46010,"comment_status":"closed","ping_status":"closed","sticky":false,"template":"","format":"standard","meta":{"om_disable_all_campaigns":false,"_exactmetrics_skip_tracking":false,"_exactmetrics_sitenote_active":false,"_exactmetrics_sitenote_note":"","_exactmetrics_sitenote_category":0,"footnotes":""},"categories":[19],"tags":[],"class_list":["post-46009","post","type-post","status-publish","format-standard","has-post-thumbnail","hentry","category-bahia"],"aioseo_notices":[],"_links":{"self":[{"href":"https:\/\/newsinfoco.com.br\/inicio\/wp-json\/wp\/v2\/posts\/46009","targetHints":{"allow":["GET"]}}],"collection":[{"href":"https:\/\/newsinfoco.com.br\/inicio\/wp-json\/wp\/v2\/posts"}],"about":[{"href":"https:\/\/newsinfoco.com.br\/inicio\/wp-json\/wp\/v2\/types\/post"}],"author":[{"embeddable":true,"href":"https:\/\/newsinfoco.com.br\/inicio\/wp-json\/wp\/v2\/users\/1"}],"replies":[{"embeddable":true,"href":"https:\/\/newsinfoco.com.br\/inicio\/wp-json\/wp\/v2\/comments?post=46009"}],"version-history":[{"count":1,"href":"https:\/\/newsinfoco.com.br\/inicio\/wp-json\/wp\/v2\/posts\/46009\/revisions"}],"predecessor-version":[{"id":46011,"href":"https:\/\/newsinfoco.com.br\/inicio\/wp-json\/wp\/v2\/posts\/46009\/revisions\/46011"}],"wp:featuredmedia":[{"embeddable":true,"href":"https:\/\/newsinfoco.com.br\/inicio\/wp-json\/wp\/v2\/media\/46010"}],"wp:attachment":[{"href":"https:\/\/newsinfoco.com.br\/inicio\/wp-json\/wp\/v2\/media?parent=46009"}],"wp:term":[{"taxonomy":"category","embeddable":true,"href":"https:\/\/newsinfoco.com.br\/inicio\/wp-json\/wp\/v2\/categories?post=46009"},{"taxonomy":"post_tag","embeddable":true,"href":"https:\/\/newsinfoco.com.br\/inicio\/wp-json\/wp\/v2\/tags?post=46009"}],"curies":[{"name":"wp","href":"https:\/\/api.w.org\/{rel}","templated":true}]}}