{"id":46044,"date":"2025-10-05T13:25:31","date_gmt":"2025-10-05T16:25:31","guid":{"rendered":"https:\/\/newsinfoco.com.br\/inicio\/?p=46044"},"modified":"2025-10-05T13:25:31","modified_gmt":"2025-10-05T16:25:31","slug":"praia-do-forte-sedia-encontro-voltado-a-restaurantes","status":"publish","type":"post","link":"https:\/\/newsinfoco.com.br\/inicio\/praia-do-forte-sedia-encontro-voltado-a-restaurantes\/","title":{"rendered":"Praia do Forte sedia encontro voltado a restaurantes"},"content":{"rendered":"<div class=\"sc-24c322fd-0 imQYhj\">\n<div class=\"sc-24c322fd-1 laZqPV\">\n<div class=\"sc-24c322fd-3 giHdVV\">\n<p>O distrito de Praia do Forte, em Mata de S\u00e3o Jo\u00e3o, ser\u00e1 palco da segunda edi\u00e7\u00e3o do \u201cEncontro Empresarial RAP \u2013 Restaurantes de Alta Performance\u201d. O evento, acontece dia 9 de outubro, das 14h \u00e0s 21h, no Sobrado da Vila, e tem como objetivo impulsionar o crescimento e a profissionaliza\u00e7\u00e3o do setor de alimenta\u00e7\u00e3o fora do lar, reunindo empres\u00e1rios, gestores e profissionais da \u00e1rea para um dia de conte\u00fado pr\u00e1tico, networking e troca de experi\u00eancias.<\/p>\n<p>Promovido pelo Grupo Food Qualy, em parceria com a Associa\u00e7\u00e3o Comercial e Tur\u00edstica de Praia do Forte (Turisforte), o encontro prop\u00f5e apresentar aos participantes tr\u00eas pilares fundamentais para transformar um restaurante em um neg\u00f3cio de alta performance: gest\u00e3o financeira, gest\u00e3o de pessoas e gest\u00e3o de marketing e vendas.<\/p><div class=\"newsi-conteudo_19\" id=\"newsi-1921745466\"><a href=\"https:\/\/www.instagram.com\/prefeituraalagoinhas?igsh=YzgzdDJ1bWR3aWI4\" aria-label=\"SAVE_20251006_221555\"><img loading=\"lazy\" decoding=\"async\" src=\"https:\/\/newsinfoco.com.br\/inicio\/wp-content\/uploads\/2025\/10\/SAVE_20251006_221555-rotated.jpg\" alt=\"\"  srcset=\"https:\/\/newsinfoco.com.br\/inicio\/wp-content\/uploads\/2025\/10\/SAVE_20251006_221555-rotated.jpg 1140w, https:\/\/newsinfoco.com.br\/inicio\/wp-content\/uploads\/2025\/10\/SAVE_20251006_221555-300x52.jpg 300w, https:\/\/newsinfoco.com.br\/inicio\/wp-content\/uploads\/2025\/10\/SAVE_20251006_221555-1024x177.jpg 1024w, https:\/\/newsinfoco.com.br\/inicio\/wp-content\/uploads\/2025\/10\/SAVE_20251006_221555-768x133.jpg 768w, https:\/\/newsinfoco.com.br\/inicio\/wp-content\/uploads\/2025\/10\/SAVE_20251006_221555-600x104.jpg 600w, https:\/\/newsinfoco.com.br\/inicio\/wp-content\/uploads\/2025\/10\/SAVE_20251006_221555-696x120.jpg 696w, https:\/\/newsinfoco.com.br\/inicio\/wp-content\/uploads\/2025\/10\/SAVE_20251006_221555-1068x185.jpg 1068w\" sizes=\"(max-width: 1140px) 100vw, 1140px\" width=\"1140\" height=\"197\"   \/><\/a><\/div>\n<p>\u201cDepois do sucesso da primeira edi\u00e7\u00e3o em Salvador, sentimos a necessidade de levar o RAP para outros polos gastron\u00f4micos da Bahia. Praia do Forte \u00e9 um destino estrat\u00e9gico, com restaurantes em constante crescimento e empres\u00e1rios que buscam inova\u00e7\u00e3o e profissionaliza\u00e7\u00e3o\u201d, afirmou Ac\u00e1cio Sacerdote, CEO do Grupo Food Qualy.<\/p>\n<p>Especialistas do setor compartilhar\u00e3o estrat\u00e9gias e ferramentas essenciais para a melhoria de resultados e a sustentabilidade dos neg\u00f3cios. Al\u00e9m das palestras t\u00e9cnicas, o evento contar\u00e1 com pain\u00e9is de cases de sucesso de empres\u00e1rios locais, que ir\u00e3o relatar suas trajet\u00f3rias, desafios e aprendizados na constru\u00e7\u00e3o de marcas consolidadas na gastronomia baiana.<\/p>\n<p>Entre os temas abordados estar\u00e3o: forma\u00e7\u00e3o de equipes motivadas e engajadas; melhoria de indicadores financeiros e aumento da lucratividade; estrat\u00e9gias de marketing voltadas para resultados; e cria\u00e7\u00e3o de experi\u00eancias que promovam a fideliza\u00e7\u00e3o de clientes.<\/p>\n<p>A programa\u00e7\u00e3o ser\u00e1 encerrada com um happy hour exclusivo, que incluir\u00e1 buffet completo, bebidas e m\u00fasica ao vivo.<\/p>\n<p>As inscri\u00e7\u00f5es j\u00e1 est\u00e3o abertas e podem ser feitas pela plataforma Sympla, com valores a partir de R$ 297 (1\u00ba lote).<\/p>\n<p>Siga o\u00a0<strong><a href=\"https:\/\/www.instagram.com\/bnhall_\/\" target=\"_blank\" rel=\"noopener\" data-mrf-link=\"https:\/\/www.instagram.com\/bnhall_\/\">@bnhall_<\/a>\u00a0<\/strong>no Instagram e fique de olho nas principais not\u00edcias.<\/p>\n<\/div>\n<\/div>\n<div>\n<div class=\"sc-a2085f8e-0 gKIthy\">Bahia Not\u00edcias<\/div>\n<\/div>\n<\/div>\n<div>\n<div id=\"Div_Feed_Desktop_Mobile_Advision_3\" class=\"sc-c056192d-0 hHMtsr\" data-google-query-id=\"COW594e7jZADFetU3QIdUps5HQ\"><\/div>\n<\/div>\n<div class='share-to-whatsapp-wrapper'><div class='share-on-whsp'>Share on: <\/div><a data-text='Praia do Forte sedia encontro voltado a restaurantes' data-link='https:\/\/newsinfoco.com.br\/inicio\/praia-do-forte-sedia-encontro-voltado-a-restaurantes\/' class='whatsapp-button whatsapp-share'>WhatsApp<\/a><div class='clear '><\/div><\/div>","protected":false},"excerpt":{"rendered":"<p>O distrito de Praia do Forte, em Mata de S\u00e3o Jo\u00e3o, ser\u00e1 palco da segunda edi\u00e7\u00e3o do \u201cEncontro Empresarial RAP \u2013 Restaurantes de Alta Performance\u201d. O evento, acontece dia 9 de outubro, das 14h \u00e0s 21h, no Sobrado da Vila, e tem como objetivo impulsionar o crescimento e a profissionaliza\u00e7\u00e3o do setor de alimenta\u00e7\u00e3o fora [&hellip;]<\/p>\n","protected":false},"author":1,"featured_media":46045,"comment_status":"closed","ping_status":"closed","sticky":false,"template":"","format":"standard","meta":{"om_disable_all_campaigns":false,"_exactmetrics_skip_tracking":false,"_exactmetrics_sitenote_active":false,"_exactmetrics_sitenote_note":"","_exactmetrics_sitenote_category":0,"footnotes":""},"categories":[19],"tags":[],"class_list":["post-46044","post","type-post","status-publish","format-standard","has-post-thumbnail","hentry","category-bahia"],"aioseo_notices":[],"_links":{"self":[{"href":"https:\/\/newsinfoco.com.br\/inicio\/wp-json\/wp\/v2\/posts\/46044","targetHints":{"allow":["GET"]}}],"collection":[{"href":"https:\/\/newsinfoco.com.br\/inicio\/wp-json\/wp\/v2\/posts"}],"about":[{"href":"https:\/\/newsinfoco.com.br\/inicio\/wp-json\/wp\/v2\/types\/post"}],"author":[{"embeddable":true,"href":"https:\/\/newsinfoco.com.br\/inicio\/wp-json\/wp\/v2\/users\/1"}],"replies":[{"embeddable":true,"href":"https:\/\/newsinfoco.com.br\/inicio\/wp-json\/wp\/v2\/comments?post=46044"}],"version-history":[{"count":1,"href":"https:\/\/newsinfoco.com.br\/inicio\/wp-json\/wp\/v2\/posts\/46044\/revisions"}],"predecessor-version":[{"id":46046,"href":"https:\/\/newsinfoco.com.br\/inicio\/wp-json\/wp\/v2\/posts\/46044\/revisions\/46046"}],"wp:featuredmedia":[{"embeddable":true,"href":"https:\/\/newsinfoco.com.br\/inicio\/wp-json\/wp\/v2\/media\/46045"}],"wp:attachment":[{"href":"https:\/\/newsinfoco.com.br\/inicio\/wp-json\/wp\/v2\/media?parent=46044"}],"wp:term":[{"taxonomy":"category","embeddable":true,"href":"https:\/\/newsinfoco.com.br\/inicio\/wp-json\/wp\/v2\/categories?post=46044"},{"taxonomy":"post_tag","embeddable":true,"href":"https:\/\/newsinfoco.com.br\/inicio\/wp-json\/wp\/v2\/tags?post=46044"}],"curies":[{"name":"wp","href":"https:\/\/api.w.org\/{rel}","templated":true}]}}