{"id":46050,"date":"2025-10-05T13:49:01","date_gmt":"2025-10-05T16:49:01","guid":{"rendered":"https:\/\/newsinfoco.com.br\/inicio\/?p=46050"},"modified":"2025-10-05T13:49:01","modified_gmt":"2025-10-05T16:49:01","slug":"deputada-petista-nao-aceita-termo-de-deportacao-e-segue-detida-por-israel","status":"publish","type":"post","link":"https:\/\/newsinfoco.com.br\/inicio\/deputada-petista-nao-aceita-termo-de-deportacao-e-segue-detida-por-israel\/","title":{"rendered":"Deputada petista n\u00e3o aceita termo de deporta\u00e7\u00e3o e segue detida por Israel"},"content":{"rendered":"<div class=\"sc-24c322fd-0 imQYhj\">\n<div class=\"sc-24c322fd-1 laZqPV\">\n<div class=\"sc-24c322fd-3 giHdVV\">\n<p>A deputada federal Luizianne Lins (PT-CE) se recusou a assinar uma documenta\u00e7\u00e3o para deporta\u00e7\u00e3o acelerada e segue detida por for\u00e7as israelenses na pris\u00e3o de Ketziot, no deserto de Negev. As informa\u00e7\u00f5es foram divulgadas neste s\u00e1bado (4) pela assessoria de imprensa da parlamentar.<br \/>\nA deputada, que integrava a flotilha em dire\u00e7\u00e3o \u00e0 Gaza, considerou a documenta\u00e7\u00e3o abusiva. &#8220;Por sua trajet\u00f3ria na defesa dos direitos humanos, entendeu que sua responsabilidade ia al\u00e9m de sua pr\u00f3pria situa\u00e7\u00e3o \u2014estando em solidariedade e unidade com os demais membros da delega\u00e7\u00e3o brasileira que n\u00e3o assinaram o documento&#8221;, diz um trecho do comunicado.<br \/>\nAudi\u00eancias judiciais que analisam as pris\u00f5es ocorrem hoje, segundo a assessoria da deputada. &#8220;Exigimos que o governo de Israel liberte imediatamente as brasileiras e os brasileiros detidos ilegalmente&#8221;, cobra o texto.<br \/>\n&#8220;No momento, causam preocupa\u00e7\u00e3o os relatos recebidos por representantes legais de que parte do grupo estaria sendo privado de \u00e1gua, alimentos e medicamentos, em viola\u00e7\u00e3o a normas internacionais de direitos humanos e ao direito humanit\u00e1rio que protege miss\u00f5es civis e de ajuda humanit\u00e1ria.&#8221;<br \/>\nOito brasileiros detidos recusaram assinar a documenta\u00e7\u00e3o, segundo o jornal Folha de S.Paulo. O grupo de brasileiros inclui o ativista Thiago \u00c1vila; Mariana Conti, vereadora de Campinas pelo PSOL; Luizianne Lins, deputada federal pelo PT; e a presidente do PSOL no Rio Grande do Sul, Gabi Tolotti.<br \/>\nGREVE DE FOME<br \/>\nQuatro brasileiros que foram detidos por Israel a bordo da flotilha que tentava chegar at\u00e9 Gaza iniciaram uma greve de fome. As autoridades do governo de Benjamin Netanyahu ainda realizaram a primeira deporta\u00e7\u00e3o de um integrante da delega\u00e7\u00e3o que saiu do Brasil.<br \/>\nThiago \u00c1vila, Jo\u00e3o Aguiar, Bruno Gilga e Ariadne Telles est\u00e3o entre os brasileiros em greve de fome. No total, 14 brasileiros faziam parte da miss\u00e3o que tentava levar ajuda humanit\u00e1ria aos palestinos.<br \/>\nO brasileiro deportado \u00e9 Nicolas Calabrese, professor de Educa\u00e7\u00e3o F\u00edsica e militante do PSOL. Cidad\u00e3o argentino e tamb\u00e9m italiano, vive no Brasil h\u00e1 mais de dez anos. Ele foi deportado para a Turquia e o consulado italiano em Israel pagou sua passagem.<\/p>\n<\/div>\n<\/div>\n<div>\n<div class=\"sc-a2085f8e-0 gKIthy\"><\/div>\n<\/div>\n<\/div>\n<div class=\"sc-24c322fd-0 imQYhj\">\n<div class=\"sc-b4c8ccf3-0 fsXNOt\"><\/div>\n<\/div>\n<div class='share-to-whatsapp-wrapper'><div class='share-on-whsp'>Share on: <\/div><a data-text='Deputada petista n\u00e3o aceita termo de deporta\u00e7\u00e3o e segue detida por Israel' data-link='https:\/\/newsinfoco.com.br\/inicio\/deputada-petista-nao-aceita-termo-de-deportacao-e-segue-detida-por-israel\/' class='whatsapp-button whatsapp-share'>WhatsApp<\/a><div class='clear '><\/div><\/div>","protected":false},"excerpt":{"rendered":"<p>A deputada federal Luizianne Lins (PT-CE) se recusou a assinar uma documenta\u00e7\u00e3o para deporta\u00e7\u00e3o acelerada e segue detida por for\u00e7as israelenses na pris\u00e3o de Ketziot, no deserto de Negev. As informa\u00e7\u00f5es foram divulgadas neste s\u00e1bado (4) pela assessoria de imprensa da parlamentar. A deputada, que integrava a flotilha em dire\u00e7\u00e3o \u00e0 Gaza, considerou a documenta\u00e7\u00e3o [&hellip;]<\/p>\n","protected":false},"author":1,"featured_media":46051,"comment_status":"closed","ping_status":"closed","sticky":false,"template":"","format":"standard","meta":{"om_disable_all_campaigns":false,"_exactmetrics_skip_tracking":false,"_exactmetrics_sitenote_active":false,"_exactmetrics_sitenote_note":"","_exactmetrics_sitenote_category":0,"footnotes":""},"categories":[21],"tags":[],"class_list":["post-46050","post","type-post","status-publish","format-standard","has-post-thumbnail","hentry","category-brasil"],"aioseo_notices":[],"_links":{"self":[{"href":"https:\/\/newsinfoco.com.br\/inicio\/wp-json\/wp\/v2\/posts\/46050","targetHints":{"allow":["GET"]}}],"collection":[{"href":"https:\/\/newsinfoco.com.br\/inicio\/wp-json\/wp\/v2\/posts"}],"about":[{"href":"https:\/\/newsinfoco.com.br\/inicio\/wp-json\/wp\/v2\/types\/post"}],"author":[{"embeddable":true,"href":"https:\/\/newsinfoco.com.br\/inicio\/wp-json\/wp\/v2\/users\/1"}],"replies":[{"embeddable":true,"href":"https:\/\/newsinfoco.com.br\/inicio\/wp-json\/wp\/v2\/comments?post=46050"}],"version-history":[{"count":1,"href":"https:\/\/newsinfoco.com.br\/inicio\/wp-json\/wp\/v2\/posts\/46050\/revisions"}],"predecessor-version":[{"id":46052,"href":"https:\/\/newsinfoco.com.br\/inicio\/wp-json\/wp\/v2\/posts\/46050\/revisions\/46052"}],"wp:featuredmedia":[{"embeddable":true,"href":"https:\/\/newsinfoco.com.br\/inicio\/wp-json\/wp\/v2\/media\/46051"}],"wp:attachment":[{"href":"https:\/\/newsinfoco.com.br\/inicio\/wp-json\/wp\/v2\/media?parent=46050"}],"wp:term":[{"taxonomy":"category","embeddable":true,"href":"https:\/\/newsinfoco.com.br\/inicio\/wp-json\/wp\/v2\/categories?post=46050"},{"taxonomy":"post_tag","embeddable":true,"href":"https:\/\/newsinfoco.com.br\/inicio\/wp-json\/wp\/v2\/tags?post=46050"}],"curies":[{"name":"wp","href":"https:\/\/api.w.org\/{rel}","templated":true}]}}