{"id":46053,"date":"2025-10-05T14:03:14","date_gmt":"2025-10-05T17:03:14","guid":{"rendered":"https:\/\/newsinfoco.com.br\/inicio\/?p=46053"},"modified":"2025-10-05T14:03:14","modified_gmt":"2025-10-05T17:03:14","slug":"gramado-da-fonte-nova-tera-que-ser-inteiramente-trocado","status":"publish","type":"post","link":"https:\/\/newsinfoco.com.br\/inicio\/gramado-da-fonte-nova-tera-que-ser-inteiramente-trocado\/","title":{"rendered":"Gramado da Fonte Nova ter\u00e1 que ser inteiramente trocado"},"content":{"rendered":"<div class=\"sc-24c322fd-0 imQYhj\">\n<div class=\"sc-24c322fd-1 laZqPV\">\n<div class=\"sc-24c322fd-3 giHdVV\">\n<p>Piv\u00f4 de uma grande\u00a0<a href=\"https:\/\/www.bahianoticias.com.br\/esportes\/noticia\/75905-diretor-de-futebol-do-palmeiras-rebate-criticas-de-ceni-a-abel-questao-etica\" target=\"_blank\" rel=\"noopener\" data-mrf-link=\"https:\/\/www.bahianoticias.com.br\/esportes\/noticia\/75905-diretor-de-futebol-do-palmeiras-rebate-criticas-de-ceni-a-abel-questao-etica\">troca de farpas entre Abel Ferreira, Rog\u00e9rio Ceni e dirigentes do Palmeiras<\/a>\u00a0ap\u00f3s o triunfo do Bahia frente ao Alviverde no \u00faltimo final de semana, o gramado da Fonte Nova dever\u00e1 ser, novamente, alvo de protestos frente ao Flamengo. Isso porque, conforme apurado pelo\u00a0<a href=\"https:\/\/www.bahianoticias.com.br\/esportes\" target=\"_blank\" rel=\"noopener\" data-mrf-link=\"https:\/\/www.bahianoticias.com.br\/esportes\">Bahia Not\u00edcias<\/a>, o campo n\u00e3o re\u00fane condi\u00e7\u00f5es ideais para jogo.<\/p>\n<p>Segundo informa\u00e7\u00f5es obtidas com exclusividade pelo\u00a0<a href=\"https:\/\/www.bahianoticias.com.br\/esportes\" target=\"_blank\" rel=\"noopener\" data-mrf-link=\"https:\/\/www.bahianoticias.com.br\/esportes\">BN<\/a>, a Arena Fonte Nova vai iniciar, na pr\u00f3xima segunda-feira (6), a troca completa do gramado. A decis\u00e3o foi tomada ap\u00f3s o diagn\u00f3stico de que o atual campo n\u00e3o reagiu \u00e0s tentativas de recupera\u00e7\u00e3o feitas pela administra\u00e7\u00e3o e n\u00e3o apresentaria condi\u00e7\u00f5es adequadas para a pr\u00e1tica do futebol.<\/p><div class=\"newsi-conteudo_19\" id=\"newsi-3557500143\"><a href=\"https:\/\/www.instagram.com\/prefeituraalagoinhas?igsh=YzgzdDJ1bWR3aWI4\" aria-label=\"SAVE_20251006_221555\"><img loading=\"lazy\" decoding=\"async\" src=\"https:\/\/newsinfoco.com.br\/inicio\/wp-content\/uploads\/2025\/10\/SAVE_20251006_221555-rotated.jpg\" alt=\"\"  srcset=\"https:\/\/newsinfoco.com.br\/inicio\/wp-content\/uploads\/2025\/10\/SAVE_20251006_221555-rotated.jpg 1140w, https:\/\/newsinfoco.com.br\/inicio\/wp-content\/uploads\/2025\/10\/SAVE_20251006_221555-300x52.jpg 300w, https:\/\/newsinfoco.com.br\/inicio\/wp-content\/uploads\/2025\/10\/SAVE_20251006_221555-1024x177.jpg 1024w, https:\/\/newsinfoco.com.br\/inicio\/wp-content\/uploads\/2025\/10\/SAVE_20251006_221555-768x133.jpg 768w, https:\/\/newsinfoco.com.br\/inicio\/wp-content\/uploads\/2025\/10\/SAVE_20251006_221555-600x104.jpg 600w, https:\/\/newsinfoco.com.br\/inicio\/wp-content\/uploads\/2025\/10\/SAVE_20251006_221555-696x120.jpg 696w, https:\/\/newsinfoco.com.br\/inicio\/wp-content\/uploads\/2025\/10\/SAVE_20251006_221555-1068x185.jpg 1068w\" sizes=\"(max-width: 1140px) 100vw, 1140px\" width=\"1140\" height=\"197\"   \/><\/a><\/div>\n<p>Antes disso, o est\u00e1dio ainda receber\u00e1 a partida entre Bahia e Flamengo neste domingo (5), \u00e0s 18h30, pela S\u00e9rie A do Brasileir\u00e3o. Em nota, a Fonte Nova garantiu que \u201co gramado encontra-se dentro dos par\u00e2metros t\u00e9cnicos, com os indicadores de performance em conformidade com os padr\u00f5es estabelecidos e com a jogabilidade dentro das especifica\u00e7\u00f5es\u201d, mas o\u00a0<a href=\"https:\/\/www.bahianoticias.com.br\/esportes\" target=\"_blank\" rel=\"noopener\" data-mrf-link=\"https:\/\/www.bahianoticias.com.br\/esportes\">Bahia Not\u00edcias<\/a>\u00a0p\u00f4de apurar que a expectativa \u00e9 de que o campo esteja em situa\u00e7\u00e3o ainda pior do que a registrada no confronto contra o Palmeiras.<\/p>\n<p>Durante a semana, uma manuten\u00e7\u00e3o intensiva com medi\u00e7\u00f5es di\u00e1rias para garantir a preserva\u00e7\u00e3o de todos os par\u00e2metros t\u00e9cnicos foi realizada, mas parece n\u00e3o ter sido eficaz o suficiente. Vale lembrar,\u00a0<a href=\"https:\/\/www.bahianoticias.com.br\/esportes\/noticia\/75921-palmeiras-oficializa-reclamacao-a-cbf-sobre-condicoes-do-gramado-da-fonte-nova\" target=\"_blank\" rel=\"noopener\" data-mrf-link=\"https:\/\/www.bahianoticias.com.br\/esportes\/noticia\/75921-palmeiras-oficializa-reclamacao-a-cbf-sobre-condicoes-do-gramado-da-fonte-nova\">que o Palmeiras protocolou, no \u00faltimo dia 30 de setembro, uma reclama\u00e7\u00e3o oficial na CBF sobre as condi\u00e7\u00f5es do gramado da Fonte Nova.<\/a><\/p>\n<p><a href=\"https:\/\/www.bahianoticias.com.br\/esportes\/bahia\/32822-daronco-relata-muita-tinta-verde-no-gramado-da-fonte-nova-e-critica-estado-do-campo-nao-apresentava-boas-condicoes\" target=\"_blank\" rel=\"noopener\" data-mrf-link=\"https:\/\/www.bahianoticias.com.br\/esportes\/bahia\/32822-daronco-relata-muita-tinta-verde-no-gramado-da-fonte-nova-e-critica-estado-do-campo-nao-apresentava-boas-condicoes\">A situa\u00e7\u00e3o ruim do campo tamb\u00e9m foi relatada na s\u00famula de Anderson Daronco<\/a>, \u00e1rbitro do jogo entre Bahia x Palmeiras,\u00a0<a href=\"https:\/\/www.bahianoticias.com.br\/esportes\/bahia\/32819-apos-reves-para-o-bahia-abel-ferreira-dispara-contra-gramado-da-fonte-nova-inadmissivel\" target=\"_blank\" rel=\"noopener\" data-mrf-link=\"https:\/\/www.bahianoticias.com.br\/esportes\/bahia\/32819-apos-reves-para-o-bahia-abel-ferreira-dispara-contra-gramado-da-fonte-nova-inadmissivel\">e duramente criticada pelo t\u00e9cnico Abel Ferreira<\/a>, do Alviverde, em entrevista coletiva ap\u00f3s a derrota.<\/p>\n<p>A previs\u00e3o de conclus\u00e3o das interven\u00e7\u00f5es no gramado \u00e9 at\u00e9 a pr\u00f3xima quinta-feira (9). O <a href=\"https:\/\/www.bahianoticias.com.br\/esportes\" data-mrf-link=\"https:\/\/www.bahianoticias.com.br\/esportes\">Bahia Not\u00edcias<\/a>\u00a0procurou a assessoria de comunica\u00e7\u00e3o da Arena, que at\u00e9 o momento da publica\u00e7\u00e3o desta nota, n\u00e3o se manifestou.<\/p>\n<\/div>\n<\/div>\n<div>\n<div class=\"sc-a2085f8e-0 gKIthy\">Bahia Not\u00edcias<\/div>\n<\/div>\n<\/div>\n<div class=\"sc-24c322fd-0 imQYhj\">\n<div class=\"sc-b4c8ccf3-0 fsXNOt\"><\/div>\n<\/div>\n<div class='share-to-whatsapp-wrapper'><div class='share-on-whsp'>Share on: <\/div><a data-text='Gramado da Fonte Nova ter\u00e1 que ser inteiramente trocado' data-link='https:\/\/newsinfoco.com.br\/inicio\/gramado-da-fonte-nova-tera-que-ser-inteiramente-trocado\/' class='whatsapp-button whatsapp-share'>WhatsApp<\/a><div class='clear '><\/div><\/div>","protected":false},"excerpt":{"rendered":"<p>Piv\u00f4 de uma grande\u00a0troca de farpas entre Abel Ferreira, Rog\u00e9rio Ceni e dirigentes do Palmeiras\u00a0ap\u00f3s o triunfo do Bahia frente ao Alviverde no \u00faltimo final de semana, o gramado da Fonte Nova dever\u00e1 ser, novamente, alvo de protestos frente ao Flamengo. Isso porque, conforme apurado pelo\u00a0Bahia Not\u00edcias, o campo n\u00e3o re\u00fane condi\u00e7\u00f5es ideais para jogo. [&hellip;]<\/p>\n","protected":false},"author":1,"featured_media":46054,"comment_status":"closed","ping_status":"closed","sticky":false,"template":"","format":"standard","meta":{"om_disable_all_campaigns":false,"_exactmetrics_skip_tracking":false,"_exactmetrics_sitenote_active":false,"_exactmetrics_sitenote_note":"","_exactmetrics_sitenote_category":0,"footnotes":""},"categories":[19],"tags":[],"class_list":["post-46053","post","type-post","status-publish","format-standard","has-post-thumbnail","hentry","category-bahia"],"aioseo_notices":[],"_links":{"self":[{"href":"https:\/\/newsinfoco.com.br\/inicio\/wp-json\/wp\/v2\/posts\/46053","targetHints":{"allow":["GET"]}}],"collection":[{"href":"https:\/\/newsinfoco.com.br\/inicio\/wp-json\/wp\/v2\/posts"}],"about":[{"href":"https:\/\/newsinfoco.com.br\/inicio\/wp-json\/wp\/v2\/types\/post"}],"author":[{"embeddable":true,"href":"https:\/\/newsinfoco.com.br\/inicio\/wp-json\/wp\/v2\/users\/1"}],"replies":[{"embeddable":true,"href":"https:\/\/newsinfoco.com.br\/inicio\/wp-json\/wp\/v2\/comments?post=46053"}],"version-history":[{"count":1,"href":"https:\/\/newsinfoco.com.br\/inicio\/wp-json\/wp\/v2\/posts\/46053\/revisions"}],"predecessor-version":[{"id":46055,"href":"https:\/\/newsinfoco.com.br\/inicio\/wp-json\/wp\/v2\/posts\/46053\/revisions\/46055"}],"wp:featuredmedia":[{"embeddable":true,"href":"https:\/\/newsinfoco.com.br\/inicio\/wp-json\/wp\/v2\/media\/46054"}],"wp:attachment":[{"href":"https:\/\/newsinfoco.com.br\/inicio\/wp-json\/wp\/v2\/media?parent=46053"}],"wp:term":[{"taxonomy":"category","embeddable":true,"href":"https:\/\/newsinfoco.com.br\/inicio\/wp-json\/wp\/v2\/categories?post=46053"},{"taxonomy":"post_tag","embeddable":true,"href":"https:\/\/newsinfoco.com.br\/inicio\/wp-json\/wp\/v2\/tags?post=46053"}],"curies":[{"name":"wp","href":"https:\/\/api.w.org\/{rel}","templated":true}]}}