{"id":46227,"date":"2025-10-09T13:56:26","date_gmt":"2025-10-09T16:56:26","guid":{"rendered":"https:\/\/newsinfoco.com.br\/inicio\/?p=46227"},"modified":"2025-10-09T13:56:26","modified_gmt":"2025-10-09T16:56:26","slug":"festival-de-forro-da-chapada-reune-nomes-consagrados-neste-fim-de-semana-confira-programacao","status":"publish","type":"post","link":"https:\/\/newsinfoco.com.br\/inicio\/festival-de-forro-da-chapada-reune-nomes-consagrados-neste-fim-de-semana-confira-programacao\/","title":{"rendered":"Festival de Forr\u00f3 da Chapada re\u00fane nomes consagrados neste fim de semana; confira programa\u00e7\u00e3o"},"content":{"rendered":"<p>Mucug\u00ea, na Chapada Diamantina, ser\u00e1 o destino dos amantes do forr\u00f3 neste final de semana. De\u00a09 a 12 de outubro, o Festival de Forr\u00f3 da Chapada re\u00fane nomes consagrados e novos talentos em uma programa\u00e7\u00e3o que inclui shows, aulas, concursos e cortejos pelas ruas da cidade. O evento se firma como um dos maiores encontros musicais do interior da Bahia, fortalecendo o turismo e a cultura regional.<\/p>\n<p>Na\u00a0quinta-feira, 9 de outubro, a programa\u00e7\u00e3o come\u00e7a \u00e0s 15h com o concurso de trios de forr\u00f3, seguido \u00e0s 16h pela Rural Amarela e um aul\u00e3o comandado pela banda Cabru\u00eara Brasil. \u00c0 noite, a partir das 20h, o p\u00fablico confere os shows de Targino Gondim, Waldonys, Rennan Mendes, Sebastian Silva, Bruninho do Acordeon, Som do Brejo, Lucy Alves, Joca Lobo &amp; Os Cap\u00f4nicos e Forr\u00f3 Diamantina.<\/p><div class=\"newsi-conteudo_19\" id=\"newsi-2109136443\"><a href=\"https:\/\/www.instagram.com\/prefeituraalagoinhas?igsh=YzgzdDJ1bWR3aWI4\" aria-label=\"SAVE_20251006_221555\"><img loading=\"lazy\" decoding=\"async\" src=\"https:\/\/newsinfoco.com.br\/inicio\/wp-content\/uploads\/2025\/10\/SAVE_20251006_221555-rotated.jpg\" alt=\"\"  srcset=\"https:\/\/newsinfoco.com.br\/inicio\/wp-content\/uploads\/2025\/10\/SAVE_20251006_221555-rotated.jpg 1140w, https:\/\/newsinfoco.com.br\/inicio\/wp-content\/uploads\/2025\/10\/SAVE_20251006_221555-300x52.jpg 300w, https:\/\/newsinfoco.com.br\/inicio\/wp-content\/uploads\/2025\/10\/SAVE_20251006_221555-1024x177.jpg 1024w, https:\/\/newsinfoco.com.br\/inicio\/wp-content\/uploads\/2025\/10\/SAVE_20251006_221555-768x133.jpg 768w, https:\/\/newsinfoco.com.br\/inicio\/wp-content\/uploads\/2025\/10\/SAVE_20251006_221555-600x104.jpg 600w, https:\/\/newsinfoco.com.br\/inicio\/wp-content\/uploads\/2025\/10\/SAVE_20251006_221555-696x120.jpg 696w, https:\/\/newsinfoco.com.br\/inicio\/wp-content\/uploads\/2025\/10\/SAVE_20251006_221555-1068x185.jpg 1068w\" sizes=\"(max-width: 1140px) 100vw, 1140px\" width=\"1140\" height=\"197\"   \/><\/a><\/div>\n<p>Na\u00a0sexta-feira, 10 de outubro, as atividades come\u00e7am cedo, \u00e0s 10h, com aula de sanfona ministrada por Marquinhos Caf\u00e9. \u00c0s\u00a015h acontece o concurso de trios de forr\u00f3 e, \u00e0s 16h, novamente a Rural Amarela\u00a0toma conta das ruas com o aul\u00e3o de forr\u00f3. \u00c0\u00a0noite, a festa continua com apresenta\u00e7\u00f5es de Targino Gondim, Gel Barbosa, Marquinhos Caf\u00e9, Banda Raizeiros, Vanessa da Mata \u2014 que traz seus sucessos em vers\u00e3o forr\u00f3\u00a0\u2014, al\u00e9m de Luana Ingry, Douglas Gavi\u00e3o, Il Tal do Xote, Balaio de Delas e Trio Forr\u00f3 Mais Eu.<\/p>\n<p>No\u00a0s\u00e1bado, 11 de outubro, a agenda abre \u00e0s 10h\u00a0com mais uma aula de sanfona ministrada por Marquinhos Caf\u00e9. \u00c0s 14h, PH Lucas comanda uma oficina de ritmos,\u00a0seguida \u00e0s 15h pelo concurso de trios de forr\u00f3 e, \u00e0s 16h, pela Rural Amarela com o tradicional aul\u00e3o de forr\u00f3 da Cabru\u00eara Brasil. \u00c0 noite,\u00a0a partir das 20h, sobem ao palco Targino Gondim e o Quinteto Sanf\u00f4nico do Brasil, Xamego da Thay, Chambinho, Cacau com Leite, Ivan Greg, Janderson do Acordeon, Encosta N\u2019Eu e Jairo Barbosa.<\/p>\n<div class=\"conteudo_post\">\n<p>O\u00a0domingo, 12 de outubro, encerra a programa\u00e7\u00e3o em clima de celebra\u00e7\u00e3o com o show \u201cEu Vou Ficar com Targino na Farra\u201d, marcado para as 16h.<\/p>\n<p>Com seu casario colonial, ruas floridas e cen\u00e1rio cercado por montanhas, Mucug\u00ea se transforma durante o festival em um grande arraial. A cidade recebe turistas de v\u00e1rias regi\u00f5es, que encontram na Chapada Diamantina um ambiente acolhedor para celebrar a m\u00fasica, a cultura e o forr\u00f3 em suas diversas formas.<\/p>\n<\/div>\n<div id=\"div-share\">Bahia.Ba<\/div>\n<div>\n<div class=\"trv-player-container\">\n<div class=\"trv-wrapper\">\n<div id=\"br_video_player_2da0f9963e6073da8a6297febf5fbf9dc3c659f9\" class=\"trvd_video_player trvdinstream\">\n<div class=\"media-player\">\n<div class=\"trv-video\">\n<div id=\"truvid_ima_container22052\" class=\"truvid_ima_container trv-ima-container-hidden\">\n<div>\n<div class=\"trv-player-container\">\n<div class=\"trv-wrapper\">\n<div id=\"br_video_player_2da0f9963e6073da8a6297febf5fbf9dc3c659f9\" class=\"trvd_video_player trvdinstream\">\n<div class=\"media-player\">\n<div class=\"trv-video\">\n<div id=\"truvid_ima_container22052\" class=\"truvid_ima_container trv-ima-container-hidden\">\n<div>\n<div class=\"trv-player-container\">\n<div class=\"trv-wrapper\">\n<div id=\"br_video_player_2da0f9963e6073da8a6297febf5fbf9dc3c659f9\" class=\"trvd_video_player trvdinstream\">\n<div class=\"media-player\">\n<div class=\"trv-video\">\n<div id=\"truvid_ima_container22052\" class=\"truvid_ima_container trv-ima-container-hidden\">\n<div>\n<div class=\"trv-player-container\">\n<div class=\"trv-wrapper\">\n<div id=\"br_video_player_2da0f9963e6073da8a6297febf5fbf9dc3c659f9\" class=\"trvd_video_player trvdinstream\">\n<div class=\"media-player\">\n<div class=\"trv-video\">\n<div id=\"truvid_ima_container22052\" class=\"truvid_ima_container trv-ima-container-hidden\">\n<div>\n<div class=\"trv-player-container\">\n<div class=\"trv-wrapper\">\n<div id=\"br_video_player_2da0f9963e6073da8a6297febf5fbf9dc3c659f9\" class=\"trvd_video_player trvdinstream\">\n<div class=\"media-player\">\n<div class=\"trv-video\">\n<div id=\"truvid_ima_container22052\" class=\"truvid_ima_container trv-ima-container-hidden\">\n<div>\n<div class=\"trv-player-container\">\n<div class=\"trv-wrapper\">\n<div id=\"br_video_player_2da0f9963e6073da8a6297febf5fbf9dc3c659f9\" class=\"trvd_video_player trvdinstream\">\n<div class=\"media-player\">\n<div class=\"trv-video\">\n<div id=\"truvid_ima_container22052\" class=\"truvid_ima_container trv-ima-container-hidden\">\n<div>\n<div class=\"trv-player-container\">\n<div class=\"trv-wrapper\">\n<div id=\"br_video_player_2da0f9963e6073da8a6297febf5fbf9dc3c659f9\" class=\"trvd_video_player trvdinstream\">\n<div class=\"media-player\">\n<div class=\"trv-video\">\n<div id=\"truvid_ima_container22052\" class=\"truvid_ima_container trv-ima-container-hidden\">\n<div>\n<div class=\"trv-player-container\">\n<div class=\"trv-wrapper\">\n<div id=\"br_video_player_2da0f9963e6073da8a6297febf5fbf9dc3c659f9\" class=\"trvd_video_player trvdinstream\">\n<div class=\"media-player\">\n<div class=\"trv-video\">\n<div id=\"truvid_ima_container22052\" class=\"truvid_ima_container trv-ima-container-hidden\"><\/div>\n<\/div>\n<\/div>\n<\/div>\n<\/div>\n<\/div>\n<\/div>\n<\/div>\n<\/div>\n<\/div>\n<\/div>\n<\/div>\n<\/div>\n<\/div>\n<\/div>\n<\/div>\n<\/div>\n<\/div>\n<\/div>\n<\/div>\n<\/div>\n<\/div>\n<\/div>\n<\/div>\n<\/div>\n<\/div>\n<\/div>\n<\/div>\n<\/div>\n<\/div>\n<\/div>\n<\/div>\n<\/div>\n<\/div>\n<\/div>\n<\/div>\n<\/div>\n<\/div>\n<\/div>\n<\/div>\n<\/div>\n<\/div>\n<\/div>\n<\/div>\n<\/div>\n<\/div>\n<\/div>\n<\/div>\n<\/div>\n<\/div>\n<\/div>\n<\/div>\n<\/div>\n<\/div>\n<\/div>\n<\/div>\n<div class='share-to-whatsapp-wrapper'><div class='share-on-whsp'>Share on: <\/div><a data-text='Festival de Forr\u00f3 da Chapada re\u00fane nomes consagrados neste fim de semana; confira programa\u00e7\u00e3o' data-link='https:\/\/newsinfoco.com.br\/inicio\/festival-de-forro-da-chapada-reune-nomes-consagrados-neste-fim-de-semana-confira-programacao\/' class='whatsapp-button whatsapp-share'>WhatsApp<\/a><div class='clear '><\/div><\/div>","protected":false},"excerpt":{"rendered":"<p>Mucug\u00ea, na Chapada Diamantina, ser\u00e1 o destino dos amantes do forr\u00f3 neste final de semana. De\u00a09 a 12 de outubro, o Festival de Forr\u00f3 da Chapada re\u00fane nomes consagrados e novos talentos em uma programa\u00e7\u00e3o que inclui shows, aulas, concursos e cortejos pelas ruas da cidade. O evento se firma como um dos maiores encontros [&hellip;]<\/p>\n","protected":false},"author":1,"featured_media":46228,"comment_status":"closed","ping_status":"closed","sticky":false,"template":"","format":"standard","meta":{"om_disable_all_campaigns":false,"_exactmetrics_skip_tracking":false,"_exactmetrics_sitenote_active":false,"_exactmetrics_sitenote_note":"","_exactmetrics_sitenote_category":0,"footnotes":""},"categories":[19],"tags":[],"class_list":["post-46227","post","type-post","status-publish","format-standard","has-post-thumbnail","hentry","category-bahia"],"aioseo_notices":[],"_links":{"self":[{"href":"https:\/\/newsinfoco.com.br\/inicio\/wp-json\/wp\/v2\/posts\/46227","targetHints":{"allow":["GET"]}}],"collection":[{"href":"https:\/\/newsinfoco.com.br\/inicio\/wp-json\/wp\/v2\/posts"}],"about":[{"href":"https:\/\/newsinfoco.com.br\/inicio\/wp-json\/wp\/v2\/types\/post"}],"author":[{"embeddable":true,"href":"https:\/\/newsinfoco.com.br\/inicio\/wp-json\/wp\/v2\/users\/1"}],"replies":[{"embeddable":true,"href":"https:\/\/newsinfoco.com.br\/inicio\/wp-json\/wp\/v2\/comments?post=46227"}],"version-history":[{"count":1,"href":"https:\/\/newsinfoco.com.br\/inicio\/wp-json\/wp\/v2\/posts\/46227\/revisions"}],"predecessor-version":[{"id":46229,"href":"https:\/\/newsinfoco.com.br\/inicio\/wp-json\/wp\/v2\/posts\/46227\/revisions\/46229"}],"wp:featuredmedia":[{"embeddable":true,"href":"https:\/\/newsinfoco.com.br\/inicio\/wp-json\/wp\/v2\/media\/46228"}],"wp:attachment":[{"href":"https:\/\/newsinfoco.com.br\/inicio\/wp-json\/wp\/v2\/media?parent=46227"}],"wp:term":[{"taxonomy":"category","embeddable":true,"href":"https:\/\/newsinfoco.com.br\/inicio\/wp-json\/wp\/v2\/categories?post=46227"},{"taxonomy":"post_tag","embeddable":true,"href":"https:\/\/newsinfoco.com.br\/inicio\/wp-json\/wp\/v2\/tags?post=46227"}],"curies":[{"name":"wp","href":"https:\/\/api.w.org\/{rel}","templated":true}]}}