{"id":46230,"date":"2025-10-09T14:03:56","date_gmt":"2025-10-09T17:03:56","guid":{"rendered":"https:\/\/newsinfoco.com.br\/inicio\/?p=46230"},"modified":"2025-10-09T14:03:56","modified_gmt":"2025-10-09T17:03:56","slug":"everton-ribeiro-celebra-sucesso-em-cirurgia-apos-cancer","status":"publish","type":"post","link":"https:\/\/newsinfoco.com.br\/inicio\/everton-ribeiro-celebra-sucesso-em-cirurgia-apos-cancer\/","title":{"rendered":"Everton Ribeiro celebra sucesso em cirurgia ap\u00f3s c\u00e2ncer"},"content":{"rendered":"<p>O meio-campista Everton Ribeiro, do Bahia, divulgou um v\u00eddeo na noite desta quarta-feira (8) atualizando seu estado de sa\u00fade ap\u00f3s o diagn\u00f3stico de c\u00e2ncer na tireoide. O atleta, de 36 anos, disse que a cirurgia de retirada do n\u00f3dulo, realizada na \u00faltima segunda (6), havia sido um sucesso.<\/p>\n<p>\u201cA cirurgia foi um sucesso, foi feita a retirada total da tireoide. Gra\u00e7as a Deus, ontem (ter\u00e7a-feira) recebemos uma not\u00edcia \u00f3tima. A patologia chegou e descobrimos que n\u00e3o temos que fazer nenhum tratamento adicional\u201d, afirmou.<\/p><div class=\"newsi-conteudo_19\" id=\"newsi-2859273001\"><a href=\"https:\/\/www.instagram.com\/prefeituraalagoinhas?igsh=YzgzdDJ1bWR3aWI4\" aria-label=\"SAVE_20251006_221555\"><img loading=\"lazy\" decoding=\"async\" src=\"https:\/\/newsinfoco.com.br\/inicio\/wp-content\/uploads\/2025\/10\/SAVE_20251006_221555-rotated.jpg\" alt=\"\"  srcset=\"https:\/\/newsinfoco.com.br\/inicio\/wp-content\/uploads\/2025\/10\/SAVE_20251006_221555-rotated.jpg 1140w, https:\/\/newsinfoco.com.br\/inicio\/wp-content\/uploads\/2025\/10\/SAVE_20251006_221555-300x52.jpg 300w, https:\/\/newsinfoco.com.br\/inicio\/wp-content\/uploads\/2025\/10\/SAVE_20251006_221555-1024x177.jpg 1024w, https:\/\/newsinfoco.com.br\/inicio\/wp-content\/uploads\/2025\/10\/SAVE_20251006_221555-768x133.jpg 768w, https:\/\/newsinfoco.com.br\/inicio\/wp-content\/uploads\/2025\/10\/SAVE_20251006_221555-600x104.jpg 600w, https:\/\/newsinfoco.com.br\/inicio\/wp-content\/uploads\/2025\/10\/SAVE_20251006_221555-696x120.jpg 696w, https:\/\/newsinfoco.com.br\/inicio\/wp-content\/uploads\/2025\/10\/SAVE_20251006_221555-1068x185.jpg 1068w\" sizes=\"(max-width: 1140px) 100vw, 1140px\" width=\"1140\" height=\"197\"   \/><\/a><\/div>\n<p>O atleta foi diagnosticado com c\u00e2ncer na tireoide h\u00e1 cerca de um m\u00eas. O departamento m\u00e9dico do clube baiano identificou altera\u00e7\u00f5es durante exames de rotina.<\/p>\n<p>\u201cGostaria de agradecer ao departamento m\u00e9dico do Bahia, que perceberam essas altera\u00e7\u00f5es nos meus exames de sangue de rotina e logo interviram, me direcionando ao que fazer, at\u00e9 a descoberta do diagn\u00f3stico\u201d, disse.<\/p>\n<p>Everton Ribeiro j\u00e1 est\u00e1 em casa, onde deu in\u00edcio ao processo de recupera\u00e7\u00e3o. O camisa 10 espera voltar aos gramados 100%.<\/p>\n<div>\n<div>\n<div class=\"trv-player-container\">\n<div class=\"trv-wrapper\">\n<div id=\"br_video_player_0020301e134121e4444497febf5fbf9dc3c659f9\" class=\"trvd_video_player trvdinstream\">\n<div class=\"media-player\">\n<div class=\"trv-video\">\n<div id=\"truvid_ima_container10439\" class=\"truvid_ima_container\">\n<div>\n<div>\n<div>\n<div>\n<div>\n<div class=\"trv-player-container\">\n<div class=\"trv-wrapper\">\n<div id=\"br_video_player_0020301e134121e4444497febf5fbf9dc3c659f9\" class=\"trvd_video_player trvdinstream\">\n<div class=\"media-player\">\n<div class=\"trv-video\">\n<div id=\"truvid_ima_container10439\" class=\"truvid_ima_container\">\n<div>\n<div>\n<div>\n<div>\n<div>\n<div class=\"trv-player-container\">\n<div class=\"trv-wrapper\">\n<div id=\"br_video_player_0020301e134121e4444497febf5fbf9dc3c659f9\" class=\"trvd_video_player trvdinstream\">\n<div class=\"media-player\">\n<div class=\"trv-video\">\n<div id=\"truvid_ima_container10439\" class=\"truvid_ima_container\">\n<div>\n<div>\n<div>\n<div>\n<div>\n<div class=\"trv-player-container\">\n<div class=\"trv-wrapper\">\n<div id=\"br_video_player_0020301e134121e4444497febf5fbf9dc3c659f9\" class=\"trvd_video_player trvdinstream\">\n<div class=\"media-player\">\n<div class=\"trv-video\">\n<div id=\"truvid_ima_container10439\" class=\"truvid_ima_container\">\n<div>\n<div>\n<div>\n<div class=\"conteudo_post\">\n<p>\u201cAgora tem um per\u00edodo de recupera\u00e7\u00e3o, junto com os doutores, tra\u00e7amos uma meta, um caminho a ser tomado, com toda a seguran\u00e7a, no tempo certo. Mas com a certeza e a f\u00e9 de que voltarei 100%, focado, forte e feliz, a jogar futebol, ajudar meus companheiros e estar nos gramados, que \u00e9 onde me sinto feliz e realizado\u201d, finalizou.<\/p>\n<p>O Bahia trata o retorno de Everton Ribeiro com cautela e n\u00e3o definiu um prazo para o camisa 10 voltar a atuar. Ele jogou a \u00faltima partida no triunfo sobre o Flamengo por 1 a 0, na Arena Fonte Nova, pela 27\u00aa rodada do Campeonato Brasileiro. Ocupando o sexto lugar na tabela de classifica\u00e7\u00e3o com 43 pontos, o Tricolor enfrenta o rival Vit\u00f3ria na pr\u00f3xima quinta (16), \u00e0s 21h30. O cl\u00e1ssico Ba-Vi acontece no Barrad\u00e3o, pela 28\u00aa jornada.<\/p>\n<\/div>\n<div id=\"div-share\">Bahia.Ba<\/div>\n<\/div>\n<\/div>\n<\/div>\n<\/div>\n<\/div>\n<\/div>\n<\/div>\n<\/div>\n<\/div>\n<\/div>\n<\/div>\n<\/div>\n<\/div>\n<\/div>\n<\/div>\n<\/div>\n<\/div>\n<\/div>\n<\/div>\n<\/div>\n<\/div>\n<\/div>\n<\/div>\n<\/div>\n<\/div>\n<\/div>\n<\/div>\n<\/div>\n<\/div>\n<\/div>\n<\/div>\n<\/div>\n<\/div>\n<\/div>\n<\/div>\n<\/div>\n<\/div>\n<\/div>\n<\/div>\n<\/div>\n<\/div>\n<\/div>\n<\/div>\n<\/div>\n<div class='share-to-whatsapp-wrapper'><div class='share-on-whsp'>Share on: <\/div><a data-text='Everton Ribeiro celebra sucesso em cirurgia ap\u00f3s c\u00e2ncer' data-link='https:\/\/newsinfoco.com.br\/inicio\/everton-ribeiro-celebra-sucesso-em-cirurgia-apos-cancer\/' class='whatsapp-button whatsapp-share'>WhatsApp<\/a><div class='clear '><\/div><\/div>","protected":false},"excerpt":{"rendered":"<p>O meio-campista Everton Ribeiro, do Bahia, divulgou um v\u00eddeo na noite desta quarta-feira (8) atualizando seu estado de sa\u00fade ap\u00f3s o diagn\u00f3stico de c\u00e2ncer na tireoide. O atleta, de 36 anos, disse que a cirurgia de retirada do n\u00f3dulo, realizada na \u00faltima segunda (6), havia sido um sucesso. \u201cA cirurgia foi um sucesso, foi feita [&hellip;]<\/p>\n","protected":false},"author":1,"featured_media":46231,"comment_status":"closed","ping_status":"closed","sticky":false,"template":"","format":"standard","meta":{"om_disable_all_campaigns":false,"_exactmetrics_skip_tracking":false,"_exactmetrics_sitenote_active":false,"_exactmetrics_sitenote_note":"","_exactmetrics_sitenote_category":0,"footnotes":""},"categories":[19],"tags":[],"class_list":["post-46230","post","type-post","status-publish","format-standard","has-post-thumbnail","hentry","category-bahia"],"aioseo_notices":[],"_links":{"self":[{"href":"https:\/\/newsinfoco.com.br\/inicio\/wp-json\/wp\/v2\/posts\/46230","targetHints":{"allow":["GET"]}}],"collection":[{"href":"https:\/\/newsinfoco.com.br\/inicio\/wp-json\/wp\/v2\/posts"}],"about":[{"href":"https:\/\/newsinfoco.com.br\/inicio\/wp-json\/wp\/v2\/types\/post"}],"author":[{"embeddable":true,"href":"https:\/\/newsinfoco.com.br\/inicio\/wp-json\/wp\/v2\/users\/1"}],"replies":[{"embeddable":true,"href":"https:\/\/newsinfoco.com.br\/inicio\/wp-json\/wp\/v2\/comments?post=46230"}],"version-history":[{"count":1,"href":"https:\/\/newsinfoco.com.br\/inicio\/wp-json\/wp\/v2\/posts\/46230\/revisions"}],"predecessor-version":[{"id":46232,"href":"https:\/\/newsinfoco.com.br\/inicio\/wp-json\/wp\/v2\/posts\/46230\/revisions\/46232"}],"wp:featuredmedia":[{"embeddable":true,"href":"https:\/\/newsinfoco.com.br\/inicio\/wp-json\/wp\/v2\/media\/46231"}],"wp:attachment":[{"href":"https:\/\/newsinfoco.com.br\/inicio\/wp-json\/wp\/v2\/media?parent=46230"}],"wp:term":[{"taxonomy":"category","embeddable":true,"href":"https:\/\/newsinfoco.com.br\/inicio\/wp-json\/wp\/v2\/categories?post=46230"},{"taxonomy":"post_tag","embeddable":true,"href":"https:\/\/newsinfoco.com.br\/inicio\/wp-json\/wp\/v2\/tags?post=46230"}],"curies":[{"name":"wp","href":"https:\/\/api.w.org\/{rel}","templated":true}]}}