{"id":46401,"date":"2025-10-13T18:55:48","date_gmt":"2025-10-13T21:55:48","guid":{"rendered":"https:\/\/newsinfoco.com.br\/inicio\/?p=46401"},"modified":"2025-10-13T18:55:48","modified_gmt":"2025-10-13T21:55:48","slug":"prefeitura-de-alagoinhas-celebra-o-dia-das-criancas-com-acoes-em-varios-pontos-da-cidade","status":"publish","type":"post","link":"https:\/\/newsinfoco.com.br\/inicio\/prefeitura-de-alagoinhas-celebra-o-dia-das-criancas-com-acoes-em-varios-pontos-da-cidade\/","title":{"rendered":"Prefeitura de Alagoinhas celebra o Dia das Crian\u00e7as com a\u00e7\u00f5es em v\u00e1rios pontos da cidade"},"content":{"rendered":"<p>Neste domingo, 12, a Prefeitura de Alagoinhas, por meio da Secretaria Municipal de Desenvolvimento Social (Sedes), realizou uma vasta programa\u00e7\u00e3o voltada para o p\u00fablico infantil em diversos bairros e distritos do munic\u00edpio. A data foi marcada por momentos de alegria e brincadeiras para centenas de fam\u00edlias.<\/p>\n<p>As atividades aconteceram no 8 de Dezembro, Bananal, Barreiro, Encantado, Magal\u00f4, al\u00e9m dos distritos de Riacho da Guia e Boa Uni\u00e3o. A secret\u00e1ria municipal de Planejamento e Capta\u00e7\u00e3o de Recursos e primeira-dama do munic\u00edpio, Lianne Carmo, destacou a import\u00e2ncia da celebra\u00e7\u00e3o. \u201cOs eventos de hoje alegram a nossa alma. \u00c9 muito importante fazer as crian\u00e7as felizes. Foi um dia especial, que movimentou a cidade e trouxe alegria, dignidade e lazer. Cada sorriso de crian\u00e7a renova nossa esperan\u00e7a de continuar batalhando por um mundo melhor\u201d, pontuou.<\/p><div class=\"newsi-conteudo_19\" id=\"newsi-3306455833\"><a href=\"https:\/\/www.instagram.com\/prefeituraalagoinhas?igsh=YzgzdDJ1bWR3aWI4\" aria-label=\"SAVE_20251006_221555\"><img loading=\"lazy\" decoding=\"async\" src=\"https:\/\/newsinfoco.com.br\/inicio\/wp-content\/uploads\/2025\/10\/SAVE_20251006_221555-rotated.jpg\" alt=\"\"  srcset=\"https:\/\/newsinfoco.com.br\/inicio\/wp-content\/uploads\/2025\/10\/SAVE_20251006_221555-rotated.jpg 1140w, https:\/\/newsinfoco.com.br\/inicio\/wp-content\/uploads\/2025\/10\/SAVE_20251006_221555-300x52.jpg 300w, https:\/\/newsinfoco.com.br\/inicio\/wp-content\/uploads\/2025\/10\/SAVE_20251006_221555-1024x177.jpg 1024w, https:\/\/newsinfoco.com.br\/inicio\/wp-content\/uploads\/2025\/10\/SAVE_20251006_221555-768x133.jpg 768w, https:\/\/newsinfoco.com.br\/inicio\/wp-content\/uploads\/2025\/10\/SAVE_20251006_221555-600x104.jpg 600w, https:\/\/newsinfoco.com.br\/inicio\/wp-content\/uploads\/2025\/10\/SAVE_20251006_221555-696x120.jpg 696w, https:\/\/newsinfoco.com.br\/inicio\/wp-content\/uploads\/2025\/10\/SAVE_20251006_221555-1068x185.jpg 1068w\" sizes=\"(max-width: 1140px) 100vw, 1140px\" width=\"1140\" height=\"197\"   \/><\/a><\/div>\n<p>O secret\u00e1rio da Sedes, Jo\u00e3o Rabelo, reiterou o simbolismo das celebra\u00e7\u00f5es alusivas \u00e0 data. \u201cComemorar a Padroeira do Brasil e o Dia das Crian\u00e7as, neste 12 de outubro, mostra uma simbiose entre a sociedade, incluindo o poder p\u00fablico. A distribui\u00e7\u00e3o de brinquedos e as festas, nestas localidades, est\u00e3o completas, com tudo aquilo que as nossas crian\u00e7as merecem e t\u00eam direito\u201d, disse.<\/p>\n<p>Luciana Cavalcante, que acompanhava o filho no evento, contou da alegria em presenciar as demais crian\u00e7as se divertindo durante a a\u00e7\u00e3o. \u201cCertamente ser\u00e1 algo \u00edmpar para eles, inesquec\u00edvel. Agradecemos \u00e0 prefeitura por essa celebra\u00e7\u00e3o. \u00c9 importante viver esse momento de alegria porque cria boas lembran\u00e7as da inf\u00e2ncia.\u201d<\/p>\n<p>A festividade deste domingo contou ainda com o apoio de vereadores e lideran\u00e7as comunit\u00e1rias. Em Boa Uni\u00e3o, o evento teve a parceria com o vereador Cleto da Banana, que falou sobre o momento: \u201cA prefeitura providenciou transporte para todas as comunidades, trazendo as crian\u00e7as para a Pra\u00e7a de Boa Uni\u00e3o. Esse evento \u00e9 a realiza\u00e7\u00e3o de um sonho. Junto com a Prefeitura de Alagoinhas, com emenda parlamentar, conseguimos concretizar esse momento lindo. Meu cora\u00e7\u00e3o se enche de alegria.\u201d<\/p>\n<p>O vereador Xandinho e o ex-vereador Gode Luxo tamb\u00e9m promoveram a\u00e7\u00f5es em parceria com a Sedes, refor\u00e7ando o compromisso conjunto de proporcionar um dia de muita alegria para a crian\u00e7ada.<\/p>\n<p>O prefeito Gustavo Carmo destacou o significado da data e o empenho das equipes municipais na realiza\u00e7\u00e3o dessas comemora\u00e7\u00f5es. \u201cFoi um Dia das Crian\u00e7as muito especial. No primeiro ano de governo, fico muito feliz pela qualidade das atividades e pela diversidade das iniciativas, tanto na zona urbana quanto na rural. A prefeitura se esfor\u00e7ou ao m\u00e1ximo para atingir o maior n\u00famero poss\u00edvel de crian\u00e7as, oferecendo lazer e divers\u00e3o com muito carinho\u201d, concluiu o prefeito.<\/p>\n<p>&nbsp;<\/p>\n<p>Fotos:\u00a0Ana J\u00falia\/Secom\/Alagoinhas<\/p>\n<div class='share-to-whatsapp-wrapper'><div class='share-on-whsp'>Share on: <\/div><a data-text='Prefeitura de Alagoinhas celebra o Dia das Crian\u00e7as com a\u00e7\u00f5es em v\u00e1rios pontos da cidade' data-link='https:\/\/newsinfoco.com.br\/inicio\/prefeitura-de-alagoinhas-celebra-o-dia-das-criancas-com-acoes-em-varios-pontos-da-cidade\/' class='whatsapp-button whatsapp-share'>WhatsApp<\/a><div class='clear '><\/div><\/div>","protected":false},"excerpt":{"rendered":"<p>Neste domingo, 12, a Prefeitura de Alagoinhas, por meio da Secretaria Municipal de Desenvolvimento Social (Sedes), realizou uma vasta programa\u00e7\u00e3o voltada para o p\u00fablico infantil em diversos bairros e distritos do munic\u00edpio. A data foi marcada por momentos de alegria e brincadeiras para centenas de fam\u00edlias. As atividades aconteceram no 8 de Dezembro, Bananal, Barreiro, [&hellip;]<\/p>\n","protected":false},"author":1,"featured_media":46402,"comment_status":"closed","ping_status":"closed","sticky":false,"template":"","format":"standard","meta":{"om_disable_all_campaigns":false,"_exactmetrics_skip_tracking":false,"_exactmetrics_sitenote_active":false,"_exactmetrics_sitenote_note":"","_exactmetrics_sitenote_category":0,"footnotes":""},"categories":[38,30,167],"tags":[],"class_list":["post-46401","post","type-post","status-publish","format-standard","has-post-thumbnail","hentry","category-alagoinhas-e-regiao","category-destaque","category-exclusivas"],"aioseo_notices":[],"_links":{"self":[{"href":"https:\/\/newsinfoco.com.br\/inicio\/wp-json\/wp\/v2\/posts\/46401","targetHints":{"allow":["GET"]}}],"collection":[{"href":"https:\/\/newsinfoco.com.br\/inicio\/wp-json\/wp\/v2\/posts"}],"about":[{"href":"https:\/\/newsinfoco.com.br\/inicio\/wp-json\/wp\/v2\/types\/post"}],"author":[{"embeddable":true,"href":"https:\/\/newsinfoco.com.br\/inicio\/wp-json\/wp\/v2\/users\/1"}],"replies":[{"embeddable":true,"href":"https:\/\/newsinfoco.com.br\/inicio\/wp-json\/wp\/v2\/comments?post=46401"}],"version-history":[{"count":1,"href":"https:\/\/newsinfoco.com.br\/inicio\/wp-json\/wp\/v2\/posts\/46401\/revisions"}],"predecessor-version":[{"id":46403,"href":"https:\/\/newsinfoco.com.br\/inicio\/wp-json\/wp\/v2\/posts\/46401\/revisions\/46403"}],"wp:featuredmedia":[{"embeddable":true,"href":"https:\/\/newsinfoco.com.br\/inicio\/wp-json\/wp\/v2\/media\/46402"}],"wp:attachment":[{"href":"https:\/\/newsinfoco.com.br\/inicio\/wp-json\/wp\/v2\/media?parent=46401"}],"wp:term":[{"taxonomy":"category","embeddable":true,"href":"https:\/\/newsinfoco.com.br\/inicio\/wp-json\/wp\/v2\/categories?post=46401"},{"taxonomy":"post_tag","embeddable":true,"href":"https:\/\/newsinfoco.com.br\/inicio\/wp-json\/wp\/v2\/tags?post=46401"}],"curies":[{"name":"wp","href":"https:\/\/api.w.org\/{rel}","templated":true}]}}