{"id":46410,"date":"2025-10-14T11:10:36","date_gmt":"2025-10-14T14:10:36","guid":{"rendered":"https:\/\/newsinfoco.com.br\/inicio\/?p=46410"},"modified":"2025-10-14T11:10:36","modified_gmt":"2025-10-14T14:10:36","slug":"julgamento-do-nucleo-da-desinformacao-comeca-nesta-terca-14","status":"publish","type":"post","link":"https:\/\/newsinfoco.com.br\/inicio\/julgamento-do-nucleo-da-desinformacao-comeca-nesta-terca-14\/","title":{"rendered":"Julgamento do N\u00facleo da Desinforma\u00e7\u00e3o come\u00e7a nesta ter\u00e7a (14)"},"content":{"rendered":"<p><span data-contrast=\"auto\">O Ministro do Supremo Tribunal Federal (STF), Fl\u00e1vio Dino, ser\u00e1 o respons\u00e1vel por conduzir o julgamento da Trama Golpista que, a partir desta ter\u00e7a-feira (14), julgar\u00e1 o n\u00facleo 4, tamb\u00e9m conhecido como \u201cN\u00facleo da Desinforma\u00e7\u00e3o\u201d. A posi\u00e7\u00e3o de Dino ocorre ap\u00f3s tomar posse como presidente da primeira turma da Suprema Corte.\u00a0<\/span><span data-ccp-props=\"{&quot;134233117&quot;:false,&quot;134233118&quot;:false,&quot;201341983&quot;:0,&quot;335551550&quot;:6,&quot;335551620&quot;:6,&quot;335559685&quot;:0,&quot;335559737&quot;:0,&quot;335559738&quot;:0,&quot;335559739&quot;:160,&quot;335559740&quot;:360}\">\u00a0<\/span><\/p>\n<p><span data-contrast=\"auto\">Anteriormente, a posi\u00e7\u00e3o era do ministro Cristiano Zanin, que foi respons\u00e1vel por conduzir o julgamento que condenou o ex-presidente Jair Bolsonaro (PL) a 27 anos e tr\u00eas meses de pris\u00e3o por liderar o grupo. Al\u00e9m disse, o pol\u00edtico foi sentenciado a ficar ineleg\u00edvel at\u00e9 2060. A posi\u00e7\u00e3o passa por um \u201crod\u00edzio\u201d pelo colegiado, que dura 1 ano.\u00a0<\/span><span data-ccp-props=\"{&quot;134233117&quot;:false,&quot;134233118&quot;:false,&quot;201341983&quot;:0,&quot;335551550&quot;:6,&quot;335551620&quot;:6,&quot;335559685&quot;:0,&quot;335559737&quot;:0,&quot;335559738&quot;:0,&quot;335559739&quot;:160,&quot;335559740&quot;:360}\">\u00a0<\/span><\/p><div class=\"newsi-conteudo_19\" id=\"newsi-4067089241\"><a href=\"https:\/\/www.instagram.com\/prefeituraalagoinhas?igsh=YzgzdDJ1bWR3aWI4\" aria-label=\"SAVE_20251006_221555\"><img loading=\"lazy\" decoding=\"async\" src=\"https:\/\/newsinfoco.com.br\/inicio\/wp-content\/uploads\/2025\/10\/SAVE_20251006_221555-rotated.jpg\" alt=\"\"  srcset=\"https:\/\/newsinfoco.com.br\/inicio\/wp-content\/uploads\/2025\/10\/SAVE_20251006_221555-rotated.jpg 1140w, https:\/\/newsinfoco.com.br\/inicio\/wp-content\/uploads\/2025\/10\/SAVE_20251006_221555-300x52.jpg 300w, https:\/\/newsinfoco.com.br\/inicio\/wp-content\/uploads\/2025\/10\/SAVE_20251006_221555-1024x177.jpg 1024w, https:\/\/newsinfoco.com.br\/inicio\/wp-content\/uploads\/2025\/10\/SAVE_20251006_221555-768x133.jpg 768w, https:\/\/newsinfoco.com.br\/inicio\/wp-content\/uploads\/2025\/10\/SAVE_20251006_221555-600x104.jpg 600w, https:\/\/newsinfoco.com.br\/inicio\/wp-content\/uploads\/2025\/10\/SAVE_20251006_221555-696x120.jpg 696w, https:\/\/newsinfoco.com.br\/inicio\/wp-content\/uploads\/2025\/10\/SAVE_20251006_221555-1068x185.jpg 1068w\" sizes=\"(max-width: 1140px) 100vw, 1140px\" width=\"1140\" height=\"197\"   \/><\/a><\/div>\n<p><span data-contrast=\"auto\">Dos 11 ministros da Suprema Corte, 5 fazem parte da primeira turma, sendo eles Fl\u00e1vio Dino,\u00a0Alexandre de Moraes,\u00a0C\u00e1rmen L\u00facia,\u00a0Cristiano Zanin\u00a0e\u00a0Luiz Fux.\u00a0<\/span><span data-ccp-props=\"{&quot;134233117&quot;:false,&quot;134233118&quot;:false,&quot;201341983&quot;:0,&quot;335551550&quot;:6,&quot;335551620&quot;:6,&quot;335559685&quot;:0,&quot;335559737&quot;:0,&quot;335559738&quot;:0,&quot;335559739&quot;:160,&quot;335559740&quot;:360}\">\u00a0<\/span><\/p>\n<p><span data-contrast=\"auto\">O ministro assume o cargo no in\u00edcio de mais um julgamento pela trama golpista, que focar\u00e1 no grupo acusado de divulgar not\u00edcias falsas contra o sistema eleitoral brasileiro e as urnas eletr\u00f4nicas. A Procuradoria-Geral da Rep\u00fablica (PGR) pediu que todos os r\u00e9us fossem condenados.\u00a0<\/span><span data-ccp-props=\"{&quot;134233117&quot;:false,&quot;134233118&quot;:false,&quot;201341983&quot;:0,&quot;335551550&quot;:6,&quot;335551620&quot;:6,&quot;335559685&quot;:0,&quot;335559737&quot;:0,&quot;335559738&quot;:0,&quot;335559739&quot;:160,&quot;335559740&quot;:360}\">\u00a0<\/span><\/p>\n<p><span data-contrast=\"auto\">Em contrapartida, os acusados negam qualquer atro criminoso apontando pela PGR e suas defesas pediram que sejam absolvidos. Eles s\u00e3o acusados pelos crimes de organiza\u00e7\u00e3o criminosa armada, tentativa de aboli\u00e7\u00e3o violenta do Estado Democr\u00e1tico de Direito, golpe de Estado, dano qualificado pela viol\u00eancia e grave amea\u00e7a e deteriora\u00e7\u00e3o de patrim\u00f4nio tombado.<\/span><span data-ccp-props=\"{&quot;134233117&quot;:false,&quot;134233118&quot;:false,&quot;201341983&quot;:0,&quot;335551550&quot;:6,&quot;335551620&quot;:6,&quot;335559685&quot;:0,&quot;335559737&quot;:0,&quot;335559738&quot;:0,&quot;335559739&quot;:160,&quot;335559740&quot;:360}\">\u00a0<\/span><\/p>\n<div>\n<div>\n<div class=\"trv-player-container\">\n<div class=\"trv-wrapper\">\n<div id=\"br_video_player_b656bde6da3072fce615992a91d1a09dc3c659f9\" class=\"trvd_video_player trvdinstream\">\n<div class=\"media-player\"><\/div>\n<div class=\"trv-autoskip-container\">\n<div class=\"trv-autoskip-background\">\n<div class=\"trv-autoskip-line-top\">\n<div>\n<p><strong>Entre os r\u00e9us est\u00e3o:\u00a0<\/strong><\/p>\n<ul>\n<li><span data-contrast=\"auto\">Ailton Gon\u00e7alves Moraes Barros,\u00a0major da reserva;<\/span><span data-ccp-props=\"{&quot;134233117&quot;:false,&quot;134233118&quot;:false,&quot;201341983&quot;:0,&quot;335551550&quot;:6,&quot;335551620&quot;:6,&quot;335559685&quot;:0,&quot;335559737&quot;:0,&quot;335559738&quot;:0,&quot;335559739&quot;:160,&quot;335559740&quot;:360}\">\u00a0<\/span><\/li>\n<li><span data-contrast=\"auto\">\u00c2ngelo Martins Denicoli,\u00a0major da reserva;<\/span><span data-ccp-props=\"{&quot;134233117&quot;:false,&quot;134233118&quot;:false,&quot;201341983&quot;:0,&quot;335551550&quot;:6,&quot;335551620&quot;:6,&quot;335559685&quot;:0,&quot;335559737&quot;:0,&quot;335559738&quot;:0,&quot;335559739&quot;:160,&quot;335559740&quot;:360}\">\u00a0<\/span><\/li>\n<li><span data-contrast=\"auto\">Carlos Cesar Moretzsohn Rocha,\u00a0presidente do Instituto Voto Legal;<\/span><span data-ccp-props=\"{&quot;134233117&quot;:false,&quot;134233118&quot;:false,&quot;201341983&quot;:0,&quot;335551550&quot;:6,&quot;335551620&quot;:6,&quot;335559685&quot;:0,&quot;335559737&quot;:0,&quot;335559738&quot;:0,&quot;335559739&quot;:160,&quot;335559740&quot;:360}\">\u00a0<\/span><\/li>\n<li><span data-contrast=\"auto\">Giancarlo Gomes Rodrigues,\u00a0subtenente;<\/span><span data-ccp-props=\"{&quot;134233117&quot;:false,&quot;134233118&quot;:false,&quot;201341983&quot;:0,&quot;335551550&quot;:6,&quot;335551620&quot;:6,&quot;335559685&quot;:0,&quot;335559737&quot;:0,&quot;335559738&quot;:0,&quot;335559739&quot;:160,&quot;335559740&quot;:360}\">\u00a0<\/span><\/li>\n<li><span data-contrast=\"auto\">Guilherme Marques de Almeida,\u00a0tenente-coronel;<\/span><span data-ccp-props=\"{&quot;134233117&quot;:false,&quot;134233118&quot;:false,&quot;201341983&quot;:0,&quot;335551550&quot;:6,&quot;335551620&quot;:6,&quot;335559685&quot;:0,&quot;335559737&quot;:0,&quot;335559738&quot;:0,&quot;335559739&quot;:160,&quot;335559740&quot;:360}\">\u00a0<\/span><\/li>\n<li><span data-contrast=\"auto\">Marcelo Ara\u00fajo Bormevet,\u00a0policial federal;<\/span><span data-ccp-props=\"{&quot;134233117&quot;:false,&quot;134233118&quot;:false,&quot;201341983&quot;:0,&quot;335551550&quot;:6,&quot;335551620&quot;:6,&quot;335559685&quot;:0,&quot;335559737&quot;:0,&quot;335559738&quot;:0,&quot;335559739&quot;:160,&quot;335559740&quot;:360}\">\u00a0<\/span><\/li>\n<li><span data-contrast=\"auto\">Reginaldo Vieira de Abreu,\u00a0coronel;<\/span><span data-ccp-props=\"{&quot;134233117&quot;:false,&quot;134233118&quot;:false,&quot;201341983&quot;:0,&quot;335551550&quot;:6,&quot;335551620&quot;:6,&quot;335559685&quot;:0,&quot;335559737&quot;:0,&quot;335559738&quot;:0,&quot;335559739&quot;:160,&quot;335559740&quot;:360}\">\u00a0<\/span><\/li>\n<\/ul>\n<p><span data-contrast=\"auto\">O julgamento acontece entre os dias 14, 15, 21 e 22 de outubro, sempre das 9h00 \u00e0s 12h00, no per\u00edodo da manh\u00e3, e das 14h00 \u00e0s 19h00 no per\u00edodo da tarde. Apenas no dia 15 (nesta quarta-feira) o julgamento ocorre exclusivamente pelo hor\u00e1rio da manh\u00e3.\u00a0<\/span><\/p>\n<p>Bahia.Ba<\/p>\n<\/div>\n<\/div>\n<\/div>\n<div class=\"autoskip-btn autoskip-btn-gray\"><\/div>\n<\/div>\n<div><\/div>\n<p><img decoding=\"async\" src=\"https:\/\/ads.stickyadstv.com\/auto-user-sync?_fw_gdpr=0&amp;_fw_gdpr_consent=\" \/><img decoding=\"async\" src=\"https:\/\/ads.stickyadstv.com\/user-matching?id=2545&amp;_fw_gdpr=0&amp;_fw_gdpr_consent=\" \/><\/div>\n<\/div>\n<\/div>\n<\/div>\n<\/div>\n<div class='share-to-whatsapp-wrapper'><div class='share-on-whsp'>Share on: <\/div><a data-text='Julgamento do N\u00facleo da Desinforma\u00e7\u00e3o come\u00e7a nesta ter\u00e7a (14)' data-link='https:\/\/newsinfoco.com.br\/inicio\/julgamento-do-nucleo-da-desinformacao-comeca-nesta-terca-14\/' class='whatsapp-button whatsapp-share'>WhatsApp<\/a><div class='clear '><\/div><\/div>","protected":false},"excerpt":{"rendered":"<p>O Ministro do Supremo Tribunal Federal (STF), Fl\u00e1vio Dino, ser\u00e1 o respons\u00e1vel por conduzir o julgamento da Trama Golpista que, a partir desta ter\u00e7a-feira (14), julgar\u00e1 o n\u00facleo 4, tamb\u00e9m conhecido como \u201cN\u00facleo da Desinforma\u00e7\u00e3o\u201d. A posi\u00e7\u00e3o de Dino ocorre ap\u00f3s tomar posse como presidente da primeira turma da Suprema Corte.\u00a0\u00a0 Anteriormente, a posi\u00e7\u00e3o era [&hellip;]<\/p>\n","protected":false},"author":1,"featured_media":46412,"comment_status":"closed","ping_status":"closed","sticky":false,"template":"","format":"standard","meta":{"om_disable_all_campaigns":false,"_exactmetrics_skip_tracking":false,"_exactmetrics_sitenote_active":false,"_exactmetrics_sitenote_note":"","_exactmetrics_sitenote_category":0,"footnotes":""},"categories":[21],"tags":[],"class_list":["post-46410","post","type-post","status-publish","format-standard","has-post-thumbnail","hentry","category-brasil"],"aioseo_notices":[],"_links":{"self":[{"href":"https:\/\/newsinfoco.com.br\/inicio\/wp-json\/wp\/v2\/posts\/46410","targetHints":{"allow":["GET"]}}],"collection":[{"href":"https:\/\/newsinfoco.com.br\/inicio\/wp-json\/wp\/v2\/posts"}],"about":[{"href":"https:\/\/newsinfoco.com.br\/inicio\/wp-json\/wp\/v2\/types\/post"}],"author":[{"embeddable":true,"href":"https:\/\/newsinfoco.com.br\/inicio\/wp-json\/wp\/v2\/users\/1"}],"replies":[{"embeddable":true,"href":"https:\/\/newsinfoco.com.br\/inicio\/wp-json\/wp\/v2\/comments?post=46410"}],"version-history":[{"count":1,"href":"https:\/\/newsinfoco.com.br\/inicio\/wp-json\/wp\/v2\/posts\/46410\/revisions"}],"predecessor-version":[{"id":46413,"href":"https:\/\/newsinfoco.com.br\/inicio\/wp-json\/wp\/v2\/posts\/46410\/revisions\/46413"}],"wp:featuredmedia":[{"embeddable":true,"href":"https:\/\/newsinfoco.com.br\/inicio\/wp-json\/wp\/v2\/media\/46412"}],"wp:attachment":[{"href":"https:\/\/newsinfoco.com.br\/inicio\/wp-json\/wp\/v2\/media?parent=46410"}],"wp:term":[{"taxonomy":"category","embeddable":true,"href":"https:\/\/newsinfoco.com.br\/inicio\/wp-json\/wp\/v2\/categories?post=46410"},{"taxonomy":"post_tag","embeddable":true,"href":"https:\/\/newsinfoco.com.br\/inicio\/wp-json\/wp\/v2\/tags?post=46410"}],"curies":[{"name":"wp","href":"https:\/\/api.w.org\/{rel}","templated":true}]}}