{"id":46415,"date":"2025-10-14T11:17:23","date_gmt":"2025-10-14T14:17:23","guid":{"rendered":"https:\/\/newsinfoco.com.br\/inicio\/?p=46415"},"modified":"2025-10-14T11:17:23","modified_gmt":"2025-10-14T14:17:23","slug":"stf-invalida-lei-da-bahia-que-limitava-sancoes-do-tribunal-de-contas-a-gestores-publicos","status":"publish","type":"post","link":"https:\/\/newsinfoco.com.br\/inicio\/stf-invalida-lei-da-bahia-que-limitava-sancoes-do-tribunal-de-contas-a-gestores-publicos\/","title":{"rendered":"STF invalida lei da Bahia que limitava san\u00e7\u00f5es do tribunal de contas a gestores p\u00fablicos"},"content":{"rendered":"<p>O Supremo Tribunal Federal (STF) decidiu, por unanimidade, anular uma lei da Bahia que restringia a aplica\u00e7\u00e3o de multas e outras puni\u00e7\u00f5es a gestores p\u00fablicos. Segundo a norma, s\u00f3 haveria responsabiliza\u00e7\u00e3o se fosse comprovado que o desvio de recursos beneficiou o pr\u00f3prio agente ou seus familiares.<\/p>\n<p>A decis\u00e3o foi tomada no julgamento da A\u00e7\u00e3o Direta de Inconstitucionalidade (ADI) 7082, na sess\u00e3o virtual finalizada no dia 26 de setembro. A decis\u00e3o transitou em julgado na \u00faltima sexta-feira (10).<\/p><div class=\"newsi-conteudo_19\" id=\"newsi-2225481882\"><a href=\"https:\/\/www.instagram.com\/prefeituraalagoinhas?igsh=YzgzdDJ1bWR3aWI4\" aria-label=\"SAVE_20251006_221555\"><img loading=\"lazy\" decoding=\"async\" src=\"https:\/\/newsinfoco.com.br\/inicio\/wp-content\/uploads\/2025\/10\/SAVE_20251006_221555-rotated.jpg\" alt=\"\"  srcset=\"https:\/\/newsinfoco.com.br\/inicio\/wp-content\/uploads\/2025\/10\/SAVE_20251006_221555-rotated.jpg 1140w, https:\/\/newsinfoco.com.br\/inicio\/wp-content\/uploads\/2025\/10\/SAVE_20251006_221555-300x52.jpg 300w, https:\/\/newsinfoco.com.br\/inicio\/wp-content\/uploads\/2025\/10\/SAVE_20251006_221555-1024x177.jpg 1024w, https:\/\/newsinfoco.com.br\/inicio\/wp-content\/uploads\/2025\/10\/SAVE_20251006_221555-768x133.jpg 768w, https:\/\/newsinfoco.com.br\/inicio\/wp-content\/uploads\/2025\/10\/SAVE_20251006_221555-600x104.jpg 600w, https:\/\/newsinfoco.com.br\/inicio\/wp-content\/uploads\/2025\/10\/SAVE_20251006_221555-696x120.jpg 696w, https:\/\/newsinfoco.com.br\/inicio\/wp-content\/uploads\/2025\/10\/SAVE_20251006_221555-1068x185.jpg 1068w\" sizes=\"(max-width: 1140px) 100vw, 1140px\" width=\"1140\" height=\"197\"   \/><\/a><\/div>\n<p>A Lei estadual 14.460\/2022 trata das atribui\u00e7\u00f5es, da estrutura e do funcionamento do\u00a0<b>Tribunal de Contas dos Munic\u00edpios e do<\/b>\u00a0Estado da Bahia (TCM-BA) e foi proposta pelo deputado estadual\u00a0<b>Adolfo Menezes (PSD)<\/b>.<\/p>\n<p>A lei, que tem apenas dois artigos, diz que \u201cnos julgamentos de contas de gestores p\u00fablicos, no \u00e2mbito do Tribunal de Contas dos Munic\u00edpios,\u00a0<b>fica vedada a aplica\u00e7\u00e3o de multas<\/b>\u00a0e\/ ou\u00a0<b>responsabiliza\u00e7\u00e3o pessoal aos gestores p\u00fablicos<\/b>\u00a0nos seguintes termos: quando n\u00e3o comprovado o desvio de recursos em benef\u00edcio pr\u00f3prio ou de familiares e quando n\u00e3o comprovado que o gestor agiu com dolo no ordenamento de despesas.\u201d<\/p>\n<p>Segundo a<b>\u00a0Associa\u00e7\u00e3o dos Membros dos Tribunais de Contas do Brasil (Atricon)<\/b>, que apresentou a ADI,\u00a0a lei s\u00f3 poderia ter sido proposta pelo pr\u00f3prio tribunal.<\/p>\n<p>O relator da a\u00e7\u00e3o foi o ministro Cristiano Zanin. Em voto que conduziu o julgamento, ele afirmou que o STF j\u00e1 decidiu que\u00a0<b>leis de iniciativa parlamentar sobre a organiza\u00e7\u00e3o e o funcionamento de tribunais de contas s\u00e3o inconstitucionais<\/b>, pois violam a autonomia desses \u00f3rg\u00e3os.<\/p>\n<div>\n<div>\n<div class=\"trv-player-container\">\n<div class=\"trv-wrapper\">\n<div id=\"br_video_player_636c6f29b49f48a7c364992a91d1a09dc3c659f9\" class=\"trvd_video_player trvdinstream\">\n<div class=\"media-player\">\n<div class=\"trv-video\">\n<div id=\"truvid_ima_container15296\" class=\"truvid_ima_container\">\n<div>\n<div>\n<div>\n<p>Segundo o relator, embora o Legislativo tenha o dever de fiscalizar as contas p\u00fablicas com o apoio dos tribunais de contas, isso n\u00e3o significa que os tribunais sejam subordinados ao Parlamento.<\/p>\n<p>Para Zanin, a lei baiana alterou, na pr\u00e1tica, a Lei de Improbidade Administrativa ao excluir a modalidade culposa e admitir apenas o dolo (inten\u00e7\u00e3o) do agente p\u00fablico. Para o ministro, essa mudan\u00e7a n\u00e3o pode, fora do processo legislativo adequado, reduzir as compet\u00eancias da corte de contas.<\/p>\n<p>Bahia.Ba<\/p>\n<\/div>\n<\/div>\n<\/div>\n<\/div>\n<\/div>\n<\/div>\n<\/div>\n<\/div>\n<\/div>\n<\/div>\n<\/div>\n<div class='share-to-whatsapp-wrapper'><div class='share-on-whsp'>Share on: <\/div><a data-text='STF invalida lei da Bahia que limitava san\u00e7\u00f5es do tribunal de contas a gestores p\u00fablicos' data-link='https:\/\/newsinfoco.com.br\/inicio\/stf-invalida-lei-da-bahia-que-limitava-sancoes-do-tribunal-de-contas-a-gestores-publicos\/' class='whatsapp-button whatsapp-share'>WhatsApp<\/a><div class='clear '><\/div><\/div>","protected":false},"excerpt":{"rendered":"<p>O Supremo Tribunal Federal (STF) decidiu, por unanimidade, anular uma lei da Bahia que restringia a aplica\u00e7\u00e3o de multas e outras puni\u00e7\u00f5es a gestores p\u00fablicos. Segundo a norma, s\u00f3 haveria responsabiliza\u00e7\u00e3o se fosse comprovado que o desvio de recursos beneficiou o pr\u00f3prio agente ou seus familiares. A decis\u00e3o foi tomada no julgamento da A\u00e7\u00e3o Direta [&hellip;]<\/p>\n","protected":false},"author":1,"featured_media":46416,"comment_status":"closed","ping_status":"closed","sticky":false,"template":"","format":"standard","meta":{"om_disable_all_campaigns":false,"_exactmetrics_skip_tracking":false,"_exactmetrics_sitenote_active":false,"_exactmetrics_sitenote_note":"","_exactmetrics_sitenote_category":0,"footnotes":""},"categories":[21],"tags":[],"class_list":["post-46415","post","type-post","status-publish","format-standard","has-post-thumbnail","hentry","category-brasil"],"aioseo_notices":[],"_links":{"self":[{"href":"https:\/\/newsinfoco.com.br\/inicio\/wp-json\/wp\/v2\/posts\/46415","targetHints":{"allow":["GET"]}}],"collection":[{"href":"https:\/\/newsinfoco.com.br\/inicio\/wp-json\/wp\/v2\/posts"}],"about":[{"href":"https:\/\/newsinfoco.com.br\/inicio\/wp-json\/wp\/v2\/types\/post"}],"author":[{"embeddable":true,"href":"https:\/\/newsinfoco.com.br\/inicio\/wp-json\/wp\/v2\/users\/1"}],"replies":[{"embeddable":true,"href":"https:\/\/newsinfoco.com.br\/inicio\/wp-json\/wp\/v2\/comments?post=46415"}],"version-history":[{"count":1,"href":"https:\/\/newsinfoco.com.br\/inicio\/wp-json\/wp\/v2\/posts\/46415\/revisions"}],"predecessor-version":[{"id":46417,"href":"https:\/\/newsinfoco.com.br\/inicio\/wp-json\/wp\/v2\/posts\/46415\/revisions\/46417"}],"wp:featuredmedia":[{"embeddable":true,"href":"https:\/\/newsinfoco.com.br\/inicio\/wp-json\/wp\/v2\/media\/46416"}],"wp:attachment":[{"href":"https:\/\/newsinfoco.com.br\/inicio\/wp-json\/wp\/v2\/media?parent=46415"}],"wp:term":[{"taxonomy":"category","embeddable":true,"href":"https:\/\/newsinfoco.com.br\/inicio\/wp-json\/wp\/v2\/categories?post=46415"},{"taxonomy":"post_tag","embeddable":true,"href":"https:\/\/newsinfoco.com.br\/inicio\/wp-json\/wp\/v2\/tags?post=46415"}],"curies":[{"name":"wp","href":"https:\/\/api.w.org\/{rel}","templated":true}]}}