{"id":47063,"date":"2025-11-01T13:52:01","date_gmt":"2025-11-01T16:52:01","guid":{"rendered":"https:\/\/newsinfoco.com.br\/inicio\/?p=47063"},"modified":"2025-11-01T13:52:01","modified_gmt":"2025-11-01T16:52:01","slug":"festival-do-queijo-artesanal-reune-produtores-e-impulsiona-economia-baiana","status":"publish","type":"post","link":"https:\/\/newsinfoco.com.br\/inicio\/festival-do-queijo-artesanal-reune-produtores-e-impulsiona-economia-baiana\/","title":{"rendered":"Festival do Queijo Artesanal re\u00fane produtores e impulsiona economia baiana"},"content":{"rendered":"<p>O Festival do Queijo Artesanal da Bahia chega \u00e0 sua segunda edi\u00e7\u00e3o e segue at\u00e9 este s\u00e1bado (1\u00ba), no Mercado do Rio Vermelho, em Salvador. O evento re\u00fane dezenas de produtores de diferentes regi\u00f5es do estado e busca valorizar a tradi\u00e7\u00e3o e a diversidade do queijo artesanal baiano, al\u00e9m de fortalecer a cadeia produtiva e movimentar a economia local.<\/p>\n<p>Na sexta-feira (31), o governador Jer\u00f4nimo Rodrigues (PT) visitou o festival e destacou a import\u00e2ncia de reconhecer e apoiar a produ\u00e7\u00e3o artesanal. \u201cO queijo artesanal da Bahia \u00e9 s\u00edmbolo da for\u00e7a do nosso povo do campo. Cada produtor representa uma hist\u00f3ria e uma oportunidade de crescimento. \u00c9 fundamental que essa produ\u00e7\u00e3o continue sendo reconhecida e valorizada\u201d, afirmou o governador, ao relacionar o setor \u00e0 gera\u00e7\u00e3o de renda e ao desenvolvimento social.<\/p><div class=\"newsi-conteudo_19\" id=\"newsi-1983727883\"><a href=\"https:\/\/www.instagram.com\/prefeituraalagoinhas?igsh=YzgzdDJ1bWR3aWI4\" aria-label=\"SAVE_20251006_221555\"><img loading=\"lazy\" decoding=\"async\" src=\"https:\/\/newsinfoco.com.br\/inicio\/wp-content\/uploads\/2025\/10\/SAVE_20251006_221555-rotated.jpg\" alt=\"\"  srcset=\"https:\/\/newsinfoco.com.br\/inicio\/wp-content\/uploads\/2025\/10\/SAVE_20251006_221555-rotated.jpg 1140w, https:\/\/newsinfoco.com.br\/inicio\/wp-content\/uploads\/2025\/10\/SAVE_20251006_221555-300x52.jpg 300w, https:\/\/newsinfoco.com.br\/inicio\/wp-content\/uploads\/2025\/10\/SAVE_20251006_221555-1024x177.jpg 1024w, https:\/\/newsinfoco.com.br\/inicio\/wp-content\/uploads\/2025\/10\/SAVE_20251006_221555-768x133.jpg 768w, https:\/\/newsinfoco.com.br\/inicio\/wp-content\/uploads\/2025\/10\/SAVE_20251006_221555-600x104.jpg 600w, https:\/\/newsinfoco.com.br\/inicio\/wp-content\/uploads\/2025\/10\/SAVE_20251006_221555-696x120.jpg 696w, https:\/\/newsinfoco.com.br\/inicio\/wp-content\/uploads\/2025\/10\/SAVE_20251006_221555-1068x185.jpg 1068w\" sizes=\"(max-width: 1140px) 100vw, 1140px\" width=\"1140\" height=\"197\"   \/><\/a><\/div>\n<p>O evento conta com 40 estandes que re\u00fanem produtores como Abela Est\u00e2ncia da Barra, Queijos da Drikah, Fazenda Bantu, Capril Flor D\u2019A\u00e7\u00facena, Queijaria Nobre e Queijaria Maria Bonita, entre outros. A programa\u00e7\u00e3o inclui palestras, oficinas, degusta\u00e7\u00f5es, harmoniza\u00e7\u00f5es e apresenta\u00e7\u00f5es musicais, promovendo a troca de experi\u00eancias entre produtores, especialistas e consumidores.<\/p>\n<div>\n<div class=\"trv-player-container\">\n<div class=\"trv-wrapper\">\n<div id=\"br_video_player_0bef53759d51fa82752df0a28529249dc3c659f9\" class=\"trvd_video_player trvdinstream\">\n<div class=\"media-player\">\n<div class=\"trv-video\">\n<div id=\"truvid_ima_container25639\" class=\"truvid_ima_container\">\n<div class=\"conteudo_post\">\n<p>Entre as novidades desta edi\u00e7\u00e3o est\u00e1 o 1\u00ba Concurso do Queijo Artesanal da Bahia, que premiar\u00e1 os melhores queijos do estado com base na avalia\u00e7\u00e3o de jurados especializados. Os vencedores ganham proje\u00e7\u00e3o nacional.<\/p>\n<p>O secret\u00e1rio de Desenvolvimento Rural, Osni Cardoso, ressaltou o impacto positivo do evento. Segundo ele, o apoio da Companhia de Desenvolvimento e A\u00e7\u00e3o Regional (CAR) tem ampliado as oportunidades para os produtores. \u201cO festival \u00e9 uma vitrine do trabalho de cada produtor, promovendo capacita\u00e7\u00e3o, visibilidade e novas oportunidades de mercado\u201d, afirmou.<\/p>\n<p>Bahia.Ba<\/p>\n<\/div>\n<\/div>\n<\/div>\n<\/div>\n<\/div>\n<\/div>\n<\/div>\n<\/div>\n<div class='share-to-whatsapp-wrapper'><div class='share-on-whsp'>Share on: <\/div><a data-text='Festival do Queijo Artesanal re\u00fane produtores e impulsiona economia baiana' data-link='https:\/\/newsinfoco.com.br\/inicio\/festival-do-queijo-artesanal-reune-produtores-e-impulsiona-economia-baiana\/' class='whatsapp-button whatsapp-share'>WhatsApp<\/a><div class='clear '><\/div><\/div>","protected":false},"excerpt":{"rendered":"<p>O Festival do Queijo Artesanal da Bahia chega \u00e0 sua segunda edi\u00e7\u00e3o e segue at\u00e9 este s\u00e1bado (1\u00ba), no Mercado do Rio Vermelho, em Salvador. O evento re\u00fane dezenas de produtores de diferentes regi\u00f5es do estado e busca valorizar a tradi\u00e7\u00e3o e a diversidade do queijo artesanal baiano, al\u00e9m de fortalecer a cadeia produtiva e [&hellip;]<\/p>\n","protected":false},"author":1,"featured_media":47064,"comment_status":"closed","ping_status":"closed","sticky":false,"template":"","format":"standard","meta":{"om_disable_all_campaigns":false,"_exactmetrics_skip_tracking":false,"_exactmetrics_sitenote_active":false,"_exactmetrics_sitenote_note":"","_exactmetrics_sitenote_category":0,"footnotes":""},"categories":[19],"tags":[],"class_list":["post-47063","post","type-post","status-publish","format-standard","has-post-thumbnail","hentry","category-bahia"],"aioseo_notices":[],"_links":{"self":[{"href":"https:\/\/newsinfoco.com.br\/inicio\/wp-json\/wp\/v2\/posts\/47063","targetHints":{"allow":["GET"]}}],"collection":[{"href":"https:\/\/newsinfoco.com.br\/inicio\/wp-json\/wp\/v2\/posts"}],"about":[{"href":"https:\/\/newsinfoco.com.br\/inicio\/wp-json\/wp\/v2\/types\/post"}],"author":[{"embeddable":true,"href":"https:\/\/newsinfoco.com.br\/inicio\/wp-json\/wp\/v2\/users\/1"}],"replies":[{"embeddable":true,"href":"https:\/\/newsinfoco.com.br\/inicio\/wp-json\/wp\/v2\/comments?post=47063"}],"version-history":[{"count":1,"href":"https:\/\/newsinfoco.com.br\/inicio\/wp-json\/wp\/v2\/posts\/47063\/revisions"}],"predecessor-version":[{"id":47065,"href":"https:\/\/newsinfoco.com.br\/inicio\/wp-json\/wp\/v2\/posts\/47063\/revisions\/47065"}],"wp:featuredmedia":[{"embeddable":true,"href":"https:\/\/newsinfoco.com.br\/inicio\/wp-json\/wp\/v2\/media\/47064"}],"wp:attachment":[{"href":"https:\/\/newsinfoco.com.br\/inicio\/wp-json\/wp\/v2\/media?parent=47063"}],"wp:term":[{"taxonomy":"category","embeddable":true,"href":"https:\/\/newsinfoco.com.br\/inicio\/wp-json\/wp\/v2\/categories?post=47063"},{"taxonomy":"post_tag","embeddable":true,"href":"https:\/\/newsinfoco.com.br\/inicio\/wp-json\/wp\/v2\/tags?post=47063"}],"curies":[{"name":"wp","href":"https:\/\/api.w.org\/{rel}","templated":true}]}}