{"id":47066,"date":"2025-11-01T14:02:09","date_gmt":"2025-11-01T17:02:09","guid":{"rendered":"https:\/\/newsinfoco.com.br\/inicio\/?p=47066"},"modified":"2025-11-01T14:02:09","modified_gmt":"2025-11-01T17:02:09","slug":"datafolha-mostra-que-maioria-da-populacao-do-rj-aprova-operacao-policial-mais-letal-da-historia","status":"publish","type":"post","link":"https:\/\/newsinfoco.com.br\/inicio\/datafolha-mostra-que-maioria-da-populacao-do-rj-aprova-operacao-policial-mais-letal-da-historia\/","title":{"rendered":"Datafolha mostra que maioria da popula\u00e7\u00e3o do RJ aprova opera\u00e7\u00e3o policial mais letal da hist\u00f3ria"},"content":{"rendered":"<p>A opera\u00e7\u00e3o policial realizada na \u00faltima ter\u00e7a-feira (28), considerada a mais letal da hist\u00f3ria do Rio de Janeiro e que deixou pelo menos 121 mortos, foi vista como acertada para 57% dos moradores da capital e da regi\u00e3o metropolitana, segundo pesquisa Datafolha divulgada nesta sexta-feira (31). Outros 39% desaprovam a a\u00e7\u00e3o.<\/p>\n<p>O levantamento foi feito por telefone com 626 eleitores entre quinta (30) e sexta-feira (31), com margem de erro de quatro pontos percentuais para mais ou para menos.<\/p><div class=\"newsi-conteudo_19\" id=\"newsi-659653803\"><a href=\"https:\/\/www.instagram.com\/prefeituraalagoinhas?igsh=YzgzdDJ1bWR3aWI4\" aria-label=\"SAVE_20251006_221555\"><img loading=\"lazy\" decoding=\"async\" src=\"https:\/\/newsinfoco.com.br\/inicio\/wp-content\/uploads\/2025\/10\/SAVE_20251006_221555-rotated.jpg\" alt=\"\"  srcset=\"https:\/\/newsinfoco.com.br\/inicio\/wp-content\/uploads\/2025\/10\/SAVE_20251006_221555-rotated.jpg 1140w, https:\/\/newsinfoco.com.br\/inicio\/wp-content\/uploads\/2025\/10\/SAVE_20251006_221555-300x52.jpg 300w, https:\/\/newsinfoco.com.br\/inicio\/wp-content\/uploads\/2025\/10\/SAVE_20251006_221555-1024x177.jpg 1024w, https:\/\/newsinfoco.com.br\/inicio\/wp-content\/uploads\/2025\/10\/SAVE_20251006_221555-768x133.jpg 768w, https:\/\/newsinfoco.com.br\/inicio\/wp-content\/uploads\/2025\/10\/SAVE_20251006_221555-600x104.jpg 600w, https:\/\/newsinfoco.com.br\/inicio\/wp-content\/uploads\/2025\/10\/SAVE_20251006_221555-696x120.jpg 696w, https:\/\/newsinfoco.com.br\/inicio\/wp-content\/uploads\/2025\/10\/SAVE_20251006_221555-1068x185.jpg 1068w\" sizes=\"(max-width: 1140px) 100vw, 1140px\" width=\"1140\" height=\"197\"   \/><\/a><\/div>\n<p>A pesquisa indicou que 38% dos entrevistados consideraram a opera\u00e7\u00e3o bem-sucedida de forma integral, enquanto 18% aprovaram parcialmente. Por outro lado, 27% discordaram totalmente da avalia\u00e7\u00e3o positiva, e 12% discordaram em parte. Outros 3% n\u00e3o se posicionaram e 2% n\u00e3o souberam responder.<\/p>\n<p>Segundo o Datafolha, a aprova\u00e7\u00e3o n\u00e3o variou significativamente entre moradores de favelas e regi\u00f5es mais ricas da cidade, embora as comunidades do Alem\u00e3o e da Penha tenham sido os principais cen\u00e1rios do confronto.<\/p>\n<div>\n<div>\n<div class=\"trv-player-container\">\n<div class=\"trv-wrapper\">\n<div id=\"br_video_player_6eb088f8ae1353d323fcf0a28529249dc3c659f9\" class=\"trvd_video_player trvdinstream\">\n<div class=\"media-player\">\n<div class=\"trv-video\">\n<div id=\"truvid_ima_container56205\" class=\"truvid_ima_container\">\n<div>\n<div>\n<div class=\"conteudo_post\">\n<p>Al\u00e9m da avalia\u00e7\u00e3o do sucesso da opera\u00e7\u00e3o, 48% dos entrevistados afirmaram que a a\u00e7\u00e3o foi bem executada. J\u00e1 21% apontaram falhas e 24% a reprovaram. Outros 7% disseram n\u00e3o saber avaliar.<\/p>\n<p>A opera\u00e7\u00e3o, desencadeada contra a fac\u00e7\u00e3o criminosa Comando Vermelho, gerou forte embate pol\u00edtico entre o governador Cl\u00e1udio Castro (PL), que classificou a a\u00e7\u00e3o como bem-sucedida, e o governo federal, comandado pelo presidente Lula (PT), destacando diverg\u00eancias sobre o manejo da seguran\u00e7a p\u00fablica na cidade e no pa\u00eds.<\/p>\n<\/div>\n<div id=\"div-share\">Bahia.Ba<\/div>\n<\/div>\n<\/div>\n<\/div>\n<\/div>\n<\/div>\n<\/div>\n<\/div>\n<\/div>\n<\/div>\n<\/div>\n<div class='share-to-whatsapp-wrapper'><div class='share-on-whsp'>Share on: <\/div><a data-text='Datafolha mostra que maioria da popula\u00e7\u00e3o do RJ aprova opera\u00e7\u00e3o policial mais letal da hist\u00f3ria' data-link='https:\/\/newsinfoco.com.br\/inicio\/datafolha-mostra-que-maioria-da-populacao-do-rj-aprova-operacao-policial-mais-letal-da-historia\/' class='whatsapp-button whatsapp-share'>WhatsApp<\/a><div class='clear '><\/div><\/div>","protected":false},"excerpt":{"rendered":"<p>A opera\u00e7\u00e3o policial realizada na \u00faltima ter\u00e7a-feira (28), considerada a mais letal da hist\u00f3ria do Rio de Janeiro e que deixou pelo menos 121 mortos, foi vista como acertada para 57% dos moradores da capital e da regi\u00e3o metropolitana, segundo pesquisa Datafolha divulgada nesta sexta-feira (31). Outros 39% desaprovam a a\u00e7\u00e3o. O levantamento foi feito [&hellip;]<\/p>\n","protected":false},"author":1,"featured_media":47067,"comment_status":"closed","ping_status":"closed","sticky":false,"template":"","format":"standard","meta":{"om_disable_all_campaigns":false,"_exactmetrics_skip_tracking":false,"_exactmetrics_sitenote_active":false,"_exactmetrics_sitenote_note":"","_exactmetrics_sitenote_category":0,"footnotes":""},"categories":[21],"tags":[],"class_list":["post-47066","post","type-post","status-publish","format-standard","has-post-thumbnail","hentry","category-brasil"],"aioseo_notices":[],"_links":{"self":[{"href":"https:\/\/newsinfoco.com.br\/inicio\/wp-json\/wp\/v2\/posts\/47066","targetHints":{"allow":["GET"]}}],"collection":[{"href":"https:\/\/newsinfoco.com.br\/inicio\/wp-json\/wp\/v2\/posts"}],"about":[{"href":"https:\/\/newsinfoco.com.br\/inicio\/wp-json\/wp\/v2\/types\/post"}],"author":[{"embeddable":true,"href":"https:\/\/newsinfoco.com.br\/inicio\/wp-json\/wp\/v2\/users\/1"}],"replies":[{"embeddable":true,"href":"https:\/\/newsinfoco.com.br\/inicio\/wp-json\/wp\/v2\/comments?post=47066"}],"version-history":[{"count":1,"href":"https:\/\/newsinfoco.com.br\/inicio\/wp-json\/wp\/v2\/posts\/47066\/revisions"}],"predecessor-version":[{"id":47068,"href":"https:\/\/newsinfoco.com.br\/inicio\/wp-json\/wp\/v2\/posts\/47066\/revisions\/47068"}],"wp:featuredmedia":[{"embeddable":true,"href":"https:\/\/newsinfoco.com.br\/inicio\/wp-json\/wp\/v2\/media\/47067"}],"wp:attachment":[{"href":"https:\/\/newsinfoco.com.br\/inicio\/wp-json\/wp\/v2\/media?parent=47066"}],"wp:term":[{"taxonomy":"category","embeddable":true,"href":"https:\/\/newsinfoco.com.br\/inicio\/wp-json\/wp\/v2\/categories?post=47066"},{"taxonomy":"post_tag","embeddable":true,"href":"https:\/\/newsinfoco.com.br\/inicio\/wp-json\/wp\/v2\/tags?post=47066"}],"curies":[{"name":"wp","href":"https:\/\/api.w.org\/{rel}","templated":true}]}}