{"id":47069,"date":"2025-11-01T14:12:46","date_gmt":"2025-11-01T17:12:46","guid":{"rendered":"https:\/\/newsinfoco.com.br\/inicio\/?p=47069"},"modified":"2025-11-01T14:12:46","modified_gmt":"2025-11-01T17:12:46","slug":"governo-propoe-curso-teorico-da-cnh-como-atividade-no-ensino-medio-saiba-mais","status":"publish","type":"post","link":"https:\/\/newsinfoco.com.br\/inicio\/governo-propoe-curso-teorico-da-cnh-como-atividade-no-ensino-medio-saiba-mais\/","title":{"rendered":"Governo prop\u00f5e curso te\u00f3rico da CNH como atividade no Ensino M\u00e9dio; saiba mais"},"content":{"rendered":"<p>O Minist\u00e9rio dos Transportes prop\u00f4s que o curso te\u00f3rico necess\u00e1rio para tirar a Carteira Nacional de Habilita\u00e7\u00e3o (CNH) possa ser realizado ainda no Ensino M\u00e9dio, como atividade extracurricular. A medida integra o projeto \u201cCNH Acess\u00edvel\u201d, que busca reduzir custos e ampliar o acesso ao documento.<\/p>\n<p>A proposta permite que escolas p\u00fablicas e privadas ofere\u00e7am o curso sem custo adicional ao aluno. Quem tiver pelo menos 75% de presen\u00e7a e for aprovado nas atividades receber\u00e1 um certificado que, ao completar 18 anos, permitir\u00e1 avan\u00e7ar diretamente para os exames e aulas pr\u00e1ticas.<\/p><div class=\"newsi-conteudo_19\" id=\"newsi-1179469432\"><a href=\"https:\/\/www.instagram.com\/prefeituraalagoinhas?igsh=YzgzdDJ1bWR3aWI4\" aria-label=\"SAVE_20251006_221555\"><img loading=\"lazy\" decoding=\"async\" src=\"https:\/\/newsinfoco.com.br\/inicio\/wp-content\/uploads\/2025\/10\/SAVE_20251006_221555-rotated.jpg\" alt=\"\"  srcset=\"https:\/\/newsinfoco.com.br\/inicio\/wp-content\/uploads\/2025\/10\/SAVE_20251006_221555-rotated.jpg 1140w, https:\/\/newsinfoco.com.br\/inicio\/wp-content\/uploads\/2025\/10\/SAVE_20251006_221555-300x52.jpg 300w, https:\/\/newsinfoco.com.br\/inicio\/wp-content\/uploads\/2025\/10\/SAVE_20251006_221555-1024x177.jpg 1024w, https:\/\/newsinfoco.com.br\/inicio\/wp-content\/uploads\/2025\/10\/SAVE_20251006_221555-768x133.jpg 768w, https:\/\/newsinfoco.com.br\/inicio\/wp-content\/uploads\/2025\/10\/SAVE_20251006_221555-600x104.jpg 600w, https:\/\/newsinfoco.com.br\/inicio\/wp-content\/uploads\/2025\/10\/SAVE_20251006_221555-696x120.jpg 696w, https:\/\/newsinfoco.com.br\/inicio\/wp-content\/uploads\/2025\/10\/SAVE_20251006_221555-1068x185.jpg 1068w\" sizes=\"(max-width: 1140px) 100vw, 1140px\" width=\"1140\" height=\"197\"   \/><\/a><\/div>\n<p>Segundo o Minist\u00e9rio, a iniciativa tamb\u00e9m pretende refor\u00e7ar a educa\u00e7\u00e3o para o tr\u00e2nsito nas escolas, estimulando dire\u00e7\u00e3o segura. Atualmente, 51% dos jovens de 18 a 21 anos n\u00e3o possuem CNH, percentual que o governo espera reduzir caso a medida seja aprovada.<\/p>\n<p>Para oferecer o curso, as escolas dever\u00e3o se credenciar junto ao Detran e seguir o plano de aulas definido pelo Contran.<\/p>\n<div>\n<div class=\"trv-player-container\">\n<div class=\"trv-wrapper\">\n<div id=\"br_video_player_fc5ef4447a3c4deadec1f0a28529249dc3c659f9\" class=\"trvd_video_player trvdinstream\">\n<div class=\"media-player\">\n<div class=\"trv-video\">\n<div id=\"truvid_ima_container48990\" class=\"truvid_ima_container\">\n<p>O Minist\u00e9rio dos Transportes prop\u00f4s que o curso te\u00f3rico necess\u00e1rio para tirar a Carteira Nacional de Habilita\u00e7\u00e3o (CNH) possa ser realizado ainda no Ensino M\u00e9dio, como atividade extracurricular. A medida integra o projeto \u201cCNH Acess\u00edvel\u201d, que busca reduzir custos e ampliar o acesso ao documento.<\/p>\n<p>A proposta permite que escolas p\u00fablicas e privadas ofere\u00e7am o curso sem custo adicional ao aluno. Quem tiver pelo menos 75% de presen\u00e7a e for aprovado nas atividades receber\u00e1 um certificado que, ao completar 18 anos, permitir\u00e1 avan\u00e7ar diretamente para os exames e aulas pr\u00e1ticas.<\/p>\n<p>Segundo o Minist\u00e9rio, a iniciativa tamb\u00e9m pretende refor\u00e7ar a educa\u00e7\u00e3o para o tr\u00e2nsito nas escolas, estimulando dire\u00e7\u00e3o segura. Atualmente, 51% dos jovens de 18 a 21 anos n\u00e3o possuem CNH, percentual que o governo espera reduzir caso a medida seja aprovada.<\/p>\n<p>Para oferecer o curso, as escolas dever\u00e3o se credenciar junto ao Detran e seguir o plano de aulas definido pelo Contran.<\/p>\n<div>\n<div>\n<div class=\"trv-player-container\">\n<div class=\"trv-wrapper\">\n<div id=\"br_video_player_fc5ef4447a3c4deadec1f0a28529249dc3c659f9\" class=\"trvd_video_player trvdinstream\">\n<div class=\"media-player\">\n<div class=\"trv-video\">\n<div id=\"truvid_ima_container48990\" class=\"truvid_ima_container\">\n<div>\n<div>Bahia.Ba<\/div>\n<\/div>\n<\/div>\n<\/div>\n<\/div>\n<\/div>\n<\/div>\n<\/div>\n<\/div>\n<\/div>\n<\/div>\n<\/div>\n<\/div>\n<\/div>\n<\/div>\n<\/div>\n<\/div>\n<div class='share-to-whatsapp-wrapper'><div class='share-on-whsp'>Share on: <\/div><a data-text='Governo prop\u00f5e curso te\u00f3rico da CNH como atividade no Ensino M\u00e9dio; saiba mais' data-link='https:\/\/newsinfoco.com.br\/inicio\/governo-propoe-curso-teorico-da-cnh-como-atividade-no-ensino-medio-saiba-mais\/' class='whatsapp-button whatsapp-share'>WhatsApp<\/a><div class='clear '><\/div><\/div>","protected":false},"excerpt":{"rendered":"<p>O Minist\u00e9rio dos Transportes prop\u00f4s que o curso te\u00f3rico necess\u00e1rio para tirar a Carteira Nacional de Habilita\u00e7\u00e3o (CNH) possa ser realizado ainda no Ensino M\u00e9dio, como atividade extracurricular. A medida integra o projeto \u201cCNH Acess\u00edvel\u201d, que busca reduzir custos e ampliar o acesso ao documento. A proposta permite que escolas p\u00fablicas e privadas ofere\u00e7am o [&hellip;]<\/p>\n","protected":false},"author":1,"featured_media":47070,"comment_status":"closed","ping_status":"closed","sticky":false,"template":"","format":"standard","meta":{"om_disable_all_campaigns":false,"_exactmetrics_skip_tracking":false,"_exactmetrics_sitenote_active":false,"_exactmetrics_sitenote_note":"","_exactmetrics_sitenote_category":0,"footnotes":""},"categories":[21],"tags":[],"class_list":["post-47069","post","type-post","status-publish","format-standard","has-post-thumbnail","hentry","category-brasil"],"aioseo_notices":[],"_links":{"self":[{"href":"https:\/\/newsinfoco.com.br\/inicio\/wp-json\/wp\/v2\/posts\/47069","targetHints":{"allow":["GET"]}}],"collection":[{"href":"https:\/\/newsinfoco.com.br\/inicio\/wp-json\/wp\/v2\/posts"}],"about":[{"href":"https:\/\/newsinfoco.com.br\/inicio\/wp-json\/wp\/v2\/types\/post"}],"author":[{"embeddable":true,"href":"https:\/\/newsinfoco.com.br\/inicio\/wp-json\/wp\/v2\/users\/1"}],"replies":[{"embeddable":true,"href":"https:\/\/newsinfoco.com.br\/inicio\/wp-json\/wp\/v2\/comments?post=47069"}],"version-history":[{"count":1,"href":"https:\/\/newsinfoco.com.br\/inicio\/wp-json\/wp\/v2\/posts\/47069\/revisions"}],"predecessor-version":[{"id":47071,"href":"https:\/\/newsinfoco.com.br\/inicio\/wp-json\/wp\/v2\/posts\/47069\/revisions\/47071"}],"wp:featuredmedia":[{"embeddable":true,"href":"https:\/\/newsinfoco.com.br\/inicio\/wp-json\/wp\/v2\/media\/47070"}],"wp:attachment":[{"href":"https:\/\/newsinfoco.com.br\/inicio\/wp-json\/wp\/v2\/media?parent=47069"}],"wp:term":[{"taxonomy":"category","embeddable":true,"href":"https:\/\/newsinfoco.com.br\/inicio\/wp-json\/wp\/v2\/categories?post=47069"},{"taxonomy":"post_tag","embeddable":true,"href":"https:\/\/newsinfoco.com.br\/inicio\/wp-json\/wp\/v2\/tags?post=47069"}],"curies":[{"name":"wp","href":"https:\/\/api.w.org\/{rel}","templated":true}]}}