{"id":47075,"date":"2025-11-01T14:52:53","date_gmt":"2025-11-01T17:52:53","guid":{"rendered":"https:\/\/newsinfoco.com.br\/inicio\/?p=47075"},"modified":"2025-11-01T14:52:53","modified_gmt":"2025-11-01T17:52:53","slug":"jeronimo-reage-ao-consorcio-da-paz-e-critica-uso-politico-da-operacao-no-rj","status":"publish","type":"post","link":"https:\/\/newsinfoco.com.br\/inicio\/jeronimo-reage-ao-consorcio-da-paz-e-critica-uso-politico-da-operacao-no-rj\/","title":{"rendered":"Jer\u00f4nimo reage ao \u2018Cons\u00f3rcio da Paz\u2019 e critica uso pol\u00edtico da opera\u00e7\u00e3o no RJ"},"content":{"rendered":"<p data-start=\"838\" data-end=\"1200\">O governador defendeu que os estados se articulem, mas sem transformar o tema da seguran\u00e7a em instrumento de palanque. \u201c\u00c9 importante que possamos aprovar uma PEC que abra caminhos para garantir recursos para os fundos da Pol\u00edcia Militar e dos pres\u00eddios. A seguran\u00e7a p\u00fablica precisa de base, planejamento e investimento, n\u00e3o de discursos inflamados\u201d, completou.<\/p>\n<p data-start=\"1202\" data-end=\"1693\" data-is-last-node=\"\" data-is-only-node=\"\">Jer\u00f4nimo comentou ainda sobre os seis baianos que est\u00e3o entre os mortos ligados ao crime organizado na opera\u00e7\u00e3o no Rio e disse ter determinado ao secret\u00e1rio da Seguran\u00e7a P\u00fablica, Marcelo Werner, que coopere com as investiga\u00e7\u00f5es.<\/p><div class=\"newsi-conteudo_19\" id=\"newsi-3547747282\"><a href=\"https:\/\/www.instagram.com\/prefeituraalagoinhas?igsh=YzgzdDJ1bWR3aWI4\" aria-label=\"SAVE_20251006_221555\"><img loading=\"lazy\" decoding=\"async\" src=\"https:\/\/newsinfoco.com.br\/inicio\/wp-content\/uploads\/2025\/10\/SAVE_20251006_221555-rotated.jpg\" alt=\"\"  srcset=\"https:\/\/newsinfoco.com.br\/inicio\/wp-content\/uploads\/2025\/10\/SAVE_20251006_221555-rotated.jpg 1140w, https:\/\/newsinfoco.com.br\/inicio\/wp-content\/uploads\/2025\/10\/SAVE_20251006_221555-300x52.jpg 300w, https:\/\/newsinfoco.com.br\/inicio\/wp-content\/uploads\/2025\/10\/SAVE_20251006_221555-1024x177.jpg 1024w, https:\/\/newsinfoco.com.br\/inicio\/wp-content\/uploads\/2025\/10\/SAVE_20251006_221555-768x133.jpg 768w, https:\/\/newsinfoco.com.br\/inicio\/wp-content\/uploads\/2025\/10\/SAVE_20251006_221555-600x104.jpg 600w, https:\/\/newsinfoco.com.br\/inicio\/wp-content\/uploads\/2025\/10\/SAVE_20251006_221555-696x120.jpg 696w, https:\/\/newsinfoco.com.br\/inicio\/wp-content\/uploads\/2025\/10\/SAVE_20251006_221555-1068x185.jpg 1068w\" sizes=\"(max-width: 1140px) 100vw, 1140px\" width=\"1140\" height=\"197\"   \/><\/a><\/div>\n<article class=\"text-token-text-primary w-full focus:outline-none [--shadow-height:45px] has-data-writing-block:pointer-events-none has-data-writing-block:-mt-(--shadow-height) has-data-writing-block:pt-(--shadow-height) [&amp;:has([data-writing-block])&gt;*]:pointer-events-auto [content-visibility:auto] supports-[content-visibility:auto]:[contain-intrinsic-size:auto_100lvh] scroll-mt-[calc(var(--header-height)+min(200px,max(70px,20svh)))]\" dir=\"auto\" tabindex=\"-1\" data-turn-id=\"11c3b804-2efd-4bd5-a817-8f7b819c9200\" data-testid=\"conversation-turn-12\" data-scroll-anchor=\"true\" data-turn=\"assistant\">\n<div class=\"text-base my-auto mx-auto pb-10 [--thread-content-margin:--spacing(4)] thread-sm:[--thread-content-margin:--spacing(6)] thread-lg:[--thread-content-margin:--spacing(16)] px-(--thread-content-margin)\">\n<div class=\"[--thread-content-max-width:40rem] thread-lg:[--thread-content-max-width:48rem] mx-auto max-w-(--thread-content-max-width) flex-1 group\/turn-messages focus-visible:outline-hidden relative flex w-full min-w-0 flex-col agent-turn\" tabindex=\"-1\">\n<div class=\"flex max-w-full flex-col grow\">\n<div class=\"min-h-8 text-message relative flex w-full flex-col items-end gap-2 text-start break-words whitespace-normal [.text-message+&amp;]:mt-1\" dir=\"auto\" data-message-author-role=\"assistant\" data-message-id=\"33431c5d-3b98-467a-9bbd-ae05c956c46d\" data-message-model-slug=\"gpt-5-t-mini\">\n<div class=\"flex w-full flex-col gap-1 empty:hidden first:pt-[1px]\">\n<div class=\"markdown prose dark:prose-invert w-full break-words light markdown-new-styling\">\n<p data-start=\"0\" data-end=\"271\" data-is-last-node=\"\" data-is-only-node=\"\">\u201cAo meu secret\u00e1rio, Marcelo Werner, eu pedi que se coloque \u00e0 disposi\u00e7\u00e3o para qualquer informa\u00e7\u00e3o que as intelig\u00eancias do Rio ou de Bras\u00edlia precisarem, para que possamos colaborar, da mesma forma que avaliaremos o que podemos fazer daqui para frente no estado da Bahia\u201d, disse Jer\u00f4nimo.<\/p>\n<\/div>\n<\/div>\n<\/div>\n<\/div>\n<\/div>\n<\/div>\n<\/article>\n<div>\n<div class=\"trv-player-container\">\n<div class=\"trv-wrapper\">\n<div id=\"br_video_player_01e4f05cee73db7dd624f0a28529249dc3c659f9\" class=\"trvd_video_player trvdinstream\">\n<div class=\"media-player\"><\/div>\n<div class=\"trv-autoskip-container\">\n<div class=\"trv-autoskip-background\">\n<div class=\"trv-autoskip-line-bottom\">\n<div>\n<p data-start=\"1202\" data-end=\"1693\" data-is-last-node=\"\" data-is-only-node=\"\">Por fim, o governador tamb\u00e9m anunciou que, na pr\u00f3xima semana, apresentar\u00e1 um pacote de medidas para fortalecer a seguran\u00e7a na Bahia.<\/p>\n<p data-start=\"1202\" data-end=\"1693\" data-is-last-node=\"\" data-is-only-node=\"\">\u201cEu vou na semana que vem apresentar um pacote de medidas, de a\u00e7\u00f5es, de concurso p\u00fablico, de an\u00fancios de entregas de viaturas, de armamentos, de concurso e de um centro de forma\u00e7\u00e3o voltado para o alinhamento e a capacita\u00e7\u00e3o dos nossos profissionais\u201d, finalizou.<\/p>\n<\/div>\n<\/div>\n<\/div>\n<\/div>\n<div>Bahia.Ba<\/div>\n<p><img decoding=\"async\" src=\"https:\/\/ads.stickyadstv.com\/auto-user-sync?_fw_gdpr=0&amp;_fw_gdpr_consent=\" \/><img decoding=\"async\" src=\"https:\/\/ads.stickyadstv.com\/user-matching?id=2545&amp;_fw_gdpr=0&amp;_fw_gdpr_consent=\" \/><\/p>\n<\/div>\n<\/div>\n<\/div>\n<\/div>\n<div class='share-to-whatsapp-wrapper'><div class='share-on-whsp'>Share on: <\/div><a data-text='Jer\u00f4nimo reage ao \u2018Cons\u00f3rcio da Paz\u2019 e critica uso pol\u00edtico da opera\u00e7\u00e3o no RJ' data-link='https:\/\/newsinfoco.com.br\/inicio\/jeronimo-reage-ao-consorcio-da-paz-e-critica-uso-politico-da-operacao-no-rj\/' class='whatsapp-button whatsapp-share'>WhatsApp<\/a><div class='clear '><\/div><\/div>","protected":false},"excerpt":{"rendered":"<p>O governador defendeu que os estados se articulem, mas sem transformar o tema da seguran\u00e7a em instrumento de palanque. \u201c\u00c9 importante que possamos aprovar uma PEC que abra caminhos para garantir recursos para os fundos da Pol\u00edcia Militar e dos pres\u00eddios. A seguran\u00e7a p\u00fablica precisa de base, planejamento e investimento, n\u00e3o de discursos inflamados\u201d, completou. [&hellip;]<\/p>\n","protected":false},"author":1,"featured_media":47077,"comment_status":"closed","ping_status":"closed","sticky":false,"template":"","format":"standard","meta":{"om_disable_all_campaigns":false,"_exactmetrics_skip_tracking":false,"_exactmetrics_sitenote_active":false,"_exactmetrics_sitenote_note":"","_exactmetrics_sitenote_category":0,"footnotes":""},"categories":[19],"tags":[],"class_list":["post-47075","post","type-post","status-publish","format-standard","has-post-thumbnail","hentry","category-bahia"],"aioseo_notices":[],"_links":{"self":[{"href":"https:\/\/newsinfoco.com.br\/inicio\/wp-json\/wp\/v2\/posts\/47075","targetHints":{"allow":["GET"]}}],"collection":[{"href":"https:\/\/newsinfoco.com.br\/inicio\/wp-json\/wp\/v2\/posts"}],"about":[{"href":"https:\/\/newsinfoco.com.br\/inicio\/wp-json\/wp\/v2\/types\/post"}],"author":[{"embeddable":true,"href":"https:\/\/newsinfoco.com.br\/inicio\/wp-json\/wp\/v2\/users\/1"}],"replies":[{"embeddable":true,"href":"https:\/\/newsinfoco.com.br\/inicio\/wp-json\/wp\/v2\/comments?post=47075"}],"version-history":[{"count":1,"href":"https:\/\/newsinfoco.com.br\/inicio\/wp-json\/wp\/v2\/posts\/47075\/revisions"}],"predecessor-version":[{"id":47078,"href":"https:\/\/newsinfoco.com.br\/inicio\/wp-json\/wp\/v2\/posts\/47075\/revisions\/47078"}],"wp:featuredmedia":[{"embeddable":true,"href":"https:\/\/newsinfoco.com.br\/inicio\/wp-json\/wp\/v2\/media\/47077"}],"wp:attachment":[{"href":"https:\/\/newsinfoco.com.br\/inicio\/wp-json\/wp\/v2\/media?parent=47075"}],"wp:term":[{"taxonomy":"category","embeddable":true,"href":"https:\/\/newsinfoco.com.br\/inicio\/wp-json\/wp\/v2\/categories?post=47075"},{"taxonomy":"post_tag","embeddable":true,"href":"https:\/\/newsinfoco.com.br\/inicio\/wp-json\/wp\/v2\/tags?post=47075"}],"curies":[{"name":"wp","href":"https:\/\/api.w.org\/{rel}","templated":true}]}}