{"id":47079,"date":"2025-11-01T15:09:05","date_gmt":"2025-11-01T18:09:05","guid":{"rendered":"https:\/\/newsinfoco.com.br\/inicio\/?p=47079"},"modified":"2025-11-01T15:09:05","modified_gmt":"2025-11-01T18:09:05","slug":"governadores-defendem-enquadrar-cv-e-pcc-como-terrorismo","status":"publish","type":"post","link":"https:\/\/newsinfoco.com.br\/inicio\/governadores-defendem-enquadrar-cv-e-pcc-como-terrorismo\/","title":{"rendered":"Governadores defendem enquadrar CV e PCC como terrorismo"},"content":{"rendered":"<p>Governadores de seis estados se reuniram nesta quinta-feira (30), no Rio de Janeiro, para apoiar a opera\u00e7\u00e3o do governo Cl\u00e1udio Castro (PL) contra o Comando Vermelho e articular press\u00e3o sobre o Congresso para aprovar projetos que classificam fac\u00e7\u00f5es como organiza\u00e7\u00f5es terroristas.<\/p>\n<p>Participaram do encontro Romeu Zema (Novo-MG), Jorginho Mello (PL-SC), Ronaldo Caiado (Uni\u00e3o-GO), Eduardo Riedel (MS), Tarc\u00edsio de Freitas (Republicanos-SP), de forma virtual, al\u00e9m da vice-governadora do DF, Celina Le\u00e3o. Todos fazem oposi\u00e7\u00e3o ao governo federal.<\/p><div class=\"newsi-conteudo_19\" id=\"newsi-789836981\"><a href=\"https:\/\/www.instagram.com\/prefeituraalagoinhas?igsh=YzgzdDJ1bWR3aWI4\" aria-label=\"SAVE_20251006_221555\"><img loading=\"lazy\" decoding=\"async\" src=\"https:\/\/newsinfoco.com.br\/inicio\/wp-content\/uploads\/2025\/10\/SAVE_20251006_221555-rotated.jpg\" alt=\"\"  srcset=\"https:\/\/newsinfoco.com.br\/inicio\/wp-content\/uploads\/2025\/10\/SAVE_20251006_221555-rotated.jpg 1140w, https:\/\/newsinfoco.com.br\/inicio\/wp-content\/uploads\/2025\/10\/SAVE_20251006_221555-300x52.jpg 300w, https:\/\/newsinfoco.com.br\/inicio\/wp-content\/uploads\/2025\/10\/SAVE_20251006_221555-1024x177.jpg 1024w, https:\/\/newsinfoco.com.br\/inicio\/wp-content\/uploads\/2025\/10\/SAVE_20251006_221555-768x133.jpg 768w, https:\/\/newsinfoco.com.br\/inicio\/wp-content\/uploads\/2025\/10\/SAVE_20251006_221555-600x104.jpg 600w, https:\/\/newsinfoco.com.br\/inicio\/wp-content\/uploads\/2025\/10\/SAVE_20251006_221555-696x120.jpg 696w, https:\/\/newsinfoco.com.br\/inicio\/wp-content\/uploads\/2025\/10\/SAVE_20251006_221555-1068x185.jpg 1068w\" sizes=\"(max-width: 1140px) 100vw, 1140px\" width=\"1140\" height=\"197\"   \/><\/a><\/div>\n<p>O grupo manifestou apoio ao PL 1283\/2025, do deputado Danilo Forte (Uni\u00e3o-CE), que aguarda vota\u00e7\u00e3o no plen\u00e1rio da C\u00e2mara ap\u00f3s ter urg\u00eancia aprovada.<\/p>\n<p>O texto altera a Lei Antiterrorismo (13.260\/2016) para aplicar penas de terrorismo a fac\u00e7\u00f5es e mil\u00edcias que pratiquem domina\u00e7\u00e3o territorial, ataques a servi\u00e7os essenciais e intimida\u00e7\u00e3o coletiva.<\/p>\n<p>Outro projeto em tramita\u00e7\u00e3o \u00e9 o PL 2428\/2025, de Capit\u00e3o Alden (PL-BA), aprovado na Comiss\u00e3o de Seguran\u00e7a P\u00fablica e agora na CCJ, sob relatoria de Nikolas Ferreira (PL-MG). Alden pediu que a proposta seja apensada ao PL 1283\/25.<\/p>\n<p>O texto do deputado baiano lista como atos equiparados ao terrorismo pr\u00e1ticas como controle coercitivo de comunidades, cobran\u00e7a de \u201ctaxas de prote\u00e7\u00e3o\u201d, ataques para garantir impunidade e a\u00e7\u00f5es que ameacem a soberania do Estado, al\u00e9m de prever aumento de at\u00e9 dois ter\u00e7os das penas para l\u00edderes das fac\u00e7\u00f5es.<\/p>\n<div>\n<div>\n<div class=\"trv-player-container\">\n<div class=\"trv-wrapper\">\n<div id=\"br_video_player_a3a37dabf2d6322979dcf0a28529249dc3c659f9\" class=\"trvd_video_player trvdinstream\">\n<div class=\"media-player\">\n<div class=\"trv-video\">\n<div id=\"truvid_ima_container97468\" class=\"truvid_ima_container\">\n<div>\n<div>\n<div>\n<div>\n<div class=\"trv-player-container\">\n<div class=\"trv-wrapper\">\n<div id=\"br_video_player_a3a37dabf2d6322979dcf0a28529249dc3c659f9\" class=\"trvd_video_player trvdinstream\">\n<div class=\"media-player\">\n<div class=\"trv-video\">\n<div id=\"truvid_ima_container97468\" class=\"truvid_ima_container\">\n<div>\n<div>\n<div class=\"conteudo_post\">\n<p><strong>Confira as condutas propostas por Alden<\/strong><\/p>\n<p>\u2013 causar terror na popula\u00e7\u00e3o ou em grupos espec\u00edficos mediante viol\u00eancia ou intimida\u00e7\u00e3o coletiva;<br \/>\n\u2013 desestabilizar institui\u00e7\u00f5es governamentais, incluindo for\u00e7as de seguran\u00e7a e sistemas de justi\u00e7a, para assegurar a impunidade ou impedir seu funcionamento;<br \/>\n\u2013 promover medo generalizado, p\u00e2nico ou coa\u00e7\u00e3o;<br \/>\n\u2013 realizar a\u00e7\u00f5es contra a integridade territorial ou a soberania do Estado;<br \/>\n\u2013 engajar-se em atividades transnacionais que ameacem a paz e a seguran\u00e7a internacionais;<br \/>\n\u2013 estabelecer dom\u00ednio territorial para a pr\u00e1tica de crimes violentos, como planejamento e<br \/>\nexecu\u00e7\u00e3o de ataques; tr\u00e1fico de drogas, armas e explosivos.<\/p>\n<\/div>\n<div id=\"author-info\" class=\"ui items\">\n<div class=\"item\">Bqhia.Ba<\/div>\n<\/div>\n<\/div>\n<\/div>\n<\/div>\n<\/div>\n<\/div>\n<\/div>\n<\/div>\n<\/div>\n<\/div>\n<\/div>\n<\/div>\n<\/div>\n<\/div>\n<\/div>\n<\/div>\n<\/div>\n<\/div>\n<\/div>\n<\/div>\n<\/div>\n<div class='share-to-whatsapp-wrapper'><div class='share-on-whsp'>Share on: <\/div><a data-text='Governadores defendem enquadrar CV e PCC como terrorismo' data-link='https:\/\/newsinfoco.com.br\/inicio\/governadores-defendem-enquadrar-cv-e-pcc-como-terrorismo\/' class='whatsapp-button whatsapp-share'>WhatsApp<\/a><div class='clear '><\/div><\/div>","protected":false},"excerpt":{"rendered":"<p>Governadores de seis estados se reuniram nesta quinta-feira (30), no Rio de Janeiro, para apoiar a opera\u00e7\u00e3o do governo Cl\u00e1udio Castro (PL) contra o Comando Vermelho e articular press\u00e3o sobre o Congresso para aprovar projetos que classificam fac\u00e7\u00f5es como organiza\u00e7\u00f5es terroristas. Participaram do encontro Romeu Zema (Novo-MG), Jorginho Mello (PL-SC), Ronaldo Caiado (Uni\u00e3o-GO), Eduardo Riedel [&hellip;]<\/p>\n","protected":false},"author":1,"featured_media":47080,"comment_status":"closed","ping_status":"closed","sticky":false,"template":"","format":"standard","meta":{"om_disable_all_campaigns":false,"_exactmetrics_skip_tracking":false,"_exactmetrics_sitenote_active":false,"_exactmetrics_sitenote_note":"","_exactmetrics_sitenote_category":0,"footnotes":""},"categories":[21],"tags":[],"class_list":["post-47079","post","type-post","status-publish","format-standard","has-post-thumbnail","hentry","category-brasil"],"aioseo_notices":[],"_links":{"self":[{"href":"https:\/\/newsinfoco.com.br\/inicio\/wp-json\/wp\/v2\/posts\/47079","targetHints":{"allow":["GET"]}}],"collection":[{"href":"https:\/\/newsinfoco.com.br\/inicio\/wp-json\/wp\/v2\/posts"}],"about":[{"href":"https:\/\/newsinfoco.com.br\/inicio\/wp-json\/wp\/v2\/types\/post"}],"author":[{"embeddable":true,"href":"https:\/\/newsinfoco.com.br\/inicio\/wp-json\/wp\/v2\/users\/1"}],"replies":[{"embeddable":true,"href":"https:\/\/newsinfoco.com.br\/inicio\/wp-json\/wp\/v2\/comments?post=47079"}],"version-history":[{"count":1,"href":"https:\/\/newsinfoco.com.br\/inicio\/wp-json\/wp\/v2\/posts\/47079\/revisions"}],"predecessor-version":[{"id":47081,"href":"https:\/\/newsinfoco.com.br\/inicio\/wp-json\/wp\/v2\/posts\/47079\/revisions\/47081"}],"wp:featuredmedia":[{"embeddable":true,"href":"https:\/\/newsinfoco.com.br\/inicio\/wp-json\/wp\/v2\/media\/47080"}],"wp:attachment":[{"href":"https:\/\/newsinfoco.com.br\/inicio\/wp-json\/wp\/v2\/media?parent=47079"}],"wp:term":[{"taxonomy":"category","embeddable":true,"href":"https:\/\/newsinfoco.com.br\/inicio\/wp-json\/wp\/v2\/categories?post=47079"},{"taxonomy":"post_tag","embeddable":true,"href":"https:\/\/newsinfoco.com.br\/inicio\/wp-json\/wp\/v2\/tags?post=47079"}],"curies":[{"name":"wp","href":"https:\/\/api.w.org\/{rel}","templated":true}]}}