{"id":47091,"date":"2025-11-01T15:31:29","date_gmt":"2025-11-01T18:31:29","guid":{"rendered":"https:\/\/newsinfoco.com.br\/inicio\/?p=47091"},"modified":"2025-11-01T20:08:48","modified_gmt":"2025-11-01T23:08:48","slug":"wagner-e-otto-irao-integrar-cpi-do-crime-organizado-no-senado","status":"publish","type":"post","link":"https:\/\/newsinfoco.com.br\/inicio\/wagner-e-otto-irao-integrar-cpi-do-crime-organizado-no-senado\/","title":{"rendered":"Wagner e Otto ir\u00e3o integrar CPI do Crime Organizado no Senado"},"content":{"rendered":"<p>Os senadores baianos Jaques Wagner (PT) e Otto Alencar (PSD) ir\u00e3o compor a Comiss\u00e3o Parlamentar de Inqu\u00e9rito (CPI) do Crime Organizado, que ser\u00e1 instalada na pr\u00f3xima ter\u00e7a-feira (4). O colegiado ter\u00e1 como foco a apura\u00e7\u00e3o da atua\u00e7\u00e3o de mil\u00edcias e fac\u00e7\u00f5es criminosas em todo o pa\u00eds.<\/p>\n<p>Wagner foi indicado pelo Partido dos Trabalhadores para representar a base governista, enquanto Otto tamb\u00e9m integrar\u00e1 o grupo como representante da Bahia. Pela oposi\u00e7\u00e3o, dois nomes de destaque da direita foram indicados: Fl\u00e1vio Bolsonaro (PL) e S\u00e9rgio Moro (Uni\u00e3o Brasil).<\/p><div class=\"newsi-conteudo_19\" id=\"newsi-2857966098\"><a href=\"https:\/\/www.instagram.com\/prefeituraalagoinhas?igsh=YzgzdDJ1bWR3aWI4\" aria-label=\"SAVE_20251006_221555\"><img loading=\"lazy\" decoding=\"async\" src=\"https:\/\/newsinfoco.com.br\/inicio\/wp-content\/uploads\/2025\/10\/SAVE_20251006_221555-rotated.jpg\" alt=\"\"  srcset=\"https:\/\/newsinfoco.com.br\/inicio\/wp-content\/uploads\/2025\/10\/SAVE_20251006_221555-rotated.jpg 1140w, https:\/\/newsinfoco.com.br\/inicio\/wp-content\/uploads\/2025\/10\/SAVE_20251006_221555-300x52.jpg 300w, https:\/\/newsinfoco.com.br\/inicio\/wp-content\/uploads\/2025\/10\/SAVE_20251006_221555-1024x177.jpg 1024w, https:\/\/newsinfoco.com.br\/inicio\/wp-content\/uploads\/2025\/10\/SAVE_20251006_221555-768x133.jpg 768w, https:\/\/newsinfoco.com.br\/inicio\/wp-content\/uploads\/2025\/10\/SAVE_20251006_221555-600x104.jpg 600w, https:\/\/newsinfoco.com.br\/inicio\/wp-content\/uploads\/2025\/10\/SAVE_20251006_221555-696x120.jpg 696w, https:\/\/newsinfoco.com.br\/inicio\/wp-content\/uploads\/2025\/10\/SAVE_20251006_221555-1068x185.jpg 1068w\" sizes=\"(max-width: 1140px) 100vw, 1140px\" width=\"1140\" height=\"197\"   \/><\/a><\/div>\n<p>\u201cA comiss\u00e3o ir\u00e1 apurar a estrutura\u00e7\u00e3o, a expans\u00e3o e o funcionamento do crime organizado, com foco na atua\u00e7\u00e3o de mil\u00edcias e fac\u00e7\u00f5es\u201d, disse o presidente do Senado, Davi Alcolumbre (Uni\u00e3o Brasil), em comunicado sobre a instala\u00e7\u00e3o da CPI.<\/p>\n<p><strong>Veja os integrantes da CPI do Crime Organizado:<\/strong><\/p>\n<p><strong>Titulares<\/strong><\/p>\n<p>Alessandro Vieira (MDB)<br \/>\nS\u00e9rgio Moro (Uni\u00e3o)<br \/>\nMarcos do Val (Podemos)<br \/>\nOtto Alencar (PSD)<br \/>\nNelsinho Trad (PSD)<br \/>\nJorge Kajuru (PSB)<br \/>\nFl\u00e1vio Bolsonaro (PL)<br \/>\nMagno Malta (PL)<br \/>\nRog\u00e9rio Carvalho (PT)<br \/>\nJaques Wagner (PT)<\/p>\n<div>\n<div>\n<div class=\"trv-player-container\">\n<div class=\"trv-wrapper\">\n<div id=\"br_video_player_36815e2ea2669bc417a1f0a28529249dc3c659f9\" class=\"trvd_video_player trvdinstream\">\n<div class=\"media-player\">\n<div class=\"trv-video\">\n<div id=\"truvid_ima_container9076\" class=\"truvid_ima_container\">\n<div>\n<div>\n<div class=\"conteudo_post\">\n<p><strong>Suplentes<\/strong><\/p>\n<p>Marcio Bittar (PL)<br \/>\nZenaide Maia (PSD)<br \/>\nEduardo Gir\u00e3o (Novo)<br \/>\nFabiano Contarato (PT)<\/p>\n<\/div>\n<div id=\"author-info\" class=\"ui items\">\n<div class=\"item\">Bahia.Ba<\/div>\n<\/div>\n<\/div>\n<\/div>\n<\/div>\n<\/div>\n<\/div>\n<\/div>\n<\/div>\n<\/div>\n<\/div>\n<\/div>\n<div class='share-to-whatsapp-wrapper'><div class='share-on-whsp'>Share on: <\/div><a data-text='Wagner e Otto ir\u00e3o integrar CPI do Crime Organizado no Senado' data-link='https:\/\/newsinfoco.com.br\/inicio\/wagner-e-otto-irao-integrar-cpi-do-crime-organizado-no-senado\/' class='whatsapp-button whatsapp-share'>WhatsApp<\/a><div class='clear '><\/div><\/div>","protected":false},"excerpt":{"rendered":"<p>Os senadores baianos Jaques Wagner (PT) e Otto Alencar (PSD) ir\u00e3o compor a Comiss\u00e3o Parlamentar de Inqu\u00e9rito (CPI) do Crime Organizado, que ser\u00e1 instalada na pr\u00f3xima ter\u00e7a-feira (4). O colegiado ter\u00e1 como foco a apura\u00e7\u00e3o da atua\u00e7\u00e3o de mil\u00edcias e fac\u00e7\u00f5es criminosas em todo o pa\u00eds. Wagner foi indicado pelo Partido dos Trabalhadores para representar [&hellip;]<\/p>\n","protected":false},"author":1,"featured_media":47092,"comment_status":"closed","ping_status":"closed","sticky":false,"template":"","format":"standard","meta":{"om_disable_all_campaigns":false,"_exactmetrics_skip_tracking":false,"_exactmetrics_sitenote_active":false,"_exactmetrics_sitenote_note":"","_exactmetrics_sitenote_category":0,"footnotes":""},"categories":[19,1],"tags":[],"class_list":["post-47091","post","type-post","status-publish","format-standard","has-post-thumbnail","hentry","category-bahia","category-sem-categoria"],"aioseo_notices":[],"_links":{"self":[{"href":"https:\/\/newsinfoco.com.br\/inicio\/wp-json\/wp\/v2\/posts\/47091","targetHints":{"allow":["GET"]}}],"collection":[{"href":"https:\/\/newsinfoco.com.br\/inicio\/wp-json\/wp\/v2\/posts"}],"about":[{"href":"https:\/\/newsinfoco.com.br\/inicio\/wp-json\/wp\/v2\/types\/post"}],"author":[{"embeddable":true,"href":"https:\/\/newsinfoco.com.br\/inicio\/wp-json\/wp\/v2\/users\/1"}],"replies":[{"embeddable":true,"href":"https:\/\/newsinfoco.com.br\/inicio\/wp-json\/wp\/v2\/comments?post=47091"}],"version-history":[{"count":1,"href":"https:\/\/newsinfoco.com.br\/inicio\/wp-json\/wp\/v2\/posts\/47091\/revisions"}],"predecessor-version":[{"id":47093,"href":"https:\/\/newsinfoco.com.br\/inicio\/wp-json\/wp\/v2\/posts\/47091\/revisions\/47093"}],"wp:featuredmedia":[{"embeddable":true,"href":"https:\/\/newsinfoco.com.br\/inicio\/wp-json\/wp\/v2\/media\/47092"}],"wp:attachment":[{"href":"https:\/\/newsinfoco.com.br\/inicio\/wp-json\/wp\/v2\/media?parent=47091"}],"wp:term":[{"taxonomy":"category","embeddable":true,"href":"https:\/\/newsinfoco.com.br\/inicio\/wp-json\/wp\/v2\/categories?post=47091"},{"taxonomy":"post_tag","embeddable":true,"href":"https:\/\/newsinfoco.com.br\/inicio\/wp-json\/wp\/v2\/tags?post=47091"}],"curies":[{"name":"wp","href":"https:\/\/api.w.org\/{rel}","templated":true}]}}