{"id":47095,"date":"2025-11-01T15:41:05","date_gmt":"2025-11-01T18:41:05","guid":{"rendered":"https:\/\/newsinfoco.com.br\/inicio\/?p=47095"},"modified":"2025-11-01T15:41:05","modified_gmt":"2025-11-01T18:41:05","slug":"deputado-bolsonarista-baiano-propoe-comenda-2-de-julho-ao-governador-do-rj","status":"publish","type":"post","link":"https:\/\/newsinfoco.com.br\/inicio\/deputado-bolsonarista-baiano-propoe-comenda-2-de-julho-ao-governador-do-rj\/","title":{"rendered":"Deputado bolsonarista baiano prop\u00f5e Comenda 2 de Julho ao governador do RJ"},"content":{"rendered":"<p>O deputado bolsonarista baiano Leandro de Jesus (PL) apresentou, nesta quinta-feira (30), na Assembleia Legislativa da Bahia (ALBA), um projeto de resolu\u00e7\u00e3o que prop\u00f5e conceder a Comenda Dois de Julho ao governador do Rio de Janeiro, Cl\u00e1udio Castro.<\/p>\n<p>Na justificativa do projeto, o parlamentar destacou a atua\u00e7\u00e3o de Cl\u00e1udio Castro no combate ao crime organizado, com \u00eanfase na megaopera\u00e7\u00e3o deflagrada nesta semana contra a fac\u00e7\u00e3o criminosa Comando Vermelho.<\/p><div class=\"newsi-conteudo_19\" id=\"newsi-1176926771\"><a href=\"https:\/\/www.instagram.com\/prefeituraalagoinhas?igsh=YzgzdDJ1bWR3aWI4\" aria-label=\"SAVE_20251006_221555\"><img loading=\"lazy\" decoding=\"async\" src=\"https:\/\/newsinfoco.com.br\/inicio\/wp-content\/uploads\/2025\/10\/SAVE_20251006_221555-rotated.jpg\" alt=\"\"  srcset=\"https:\/\/newsinfoco.com.br\/inicio\/wp-content\/uploads\/2025\/10\/SAVE_20251006_221555-rotated.jpg 1140w, https:\/\/newsinfoco.com.br\/inicio\/wp-content\/uploads\/2025\/10\/SAVE_20251006_221555-300x52.jpg 300w, https:\/\/newsinfoco.com.br\/inicio\/wp-content\/uploads\/2025\/10\/SAVE_20251006_221555-1024x177.jpg 1024w, https:\/\/newsinfoco.com.br\/inicio\/wp-content\/uploads\/2025\/10\/SAVE_20251006_221555-768x133.jpg 768w, https:\/\/newsinfoco.com.br\/inicio\/wp-content\/uploads\/2025\/10\/SAVE_20251006_221555-600x104.jpg 600w, https:\/\/newsinfoco.com.br\/inicio\/wp-content\/uploads\/2025\/10\/SAVE_20251006_221555-696x120.jpg 696w, https:\/\/newsinfoco.com.br\/inicio\/wp-content\/uploads\/2025\/10\/SAVE_20251006_221555-1068x185.jpg 1068w\" sizes=\"(max-width: 1140px) 100vw, 1140px\" width=\"1140\" height=\"197\"   \/><\/a><\/div>\n<div class=\"conteudo_post\">\n<p>\u201cA iniciativa refor\u00e7a a import\u00e2ncia da coopera\u00e7\u00e3o federativa no enfrentamento das organiza\u00e7\u00f5es criminosas que transcendem fronteiras estaduais, e o governador Cl\u00e1udio Castro tem sido um exemplo de lideran\u00e7a e compromisso com a ordem p\u00fablica\u201d, justificou o deputado.<\/p>\n<p>Leandro de Jesus afirmou ainda que conceder a Comenda Dois de Julho ao governador \u00e9 um ato de justi\u00e7a e reconhecimento. \u201c\u00c9 uma forma de agradecer pela contribui\u00e7\u00e3o concreta \u00e0 seguran\u00e7a dos baianos e de valorizar quem, com coragem e determina\u00e7\u00e3o, enfrenta o crime e defende a vida\u201d, afirmou.<\/p>\n<\/div>\n<div id=\"author-info\" class=\"ui items\">\n<div class=\"item\">Bahia.Ba<\/div>\n<\/div>\n<div>\n<div>\n<div class=\"trv-player-container\">\n<div class=\"trv-wrapper\">\n<div id=\"br_video_player_10c6d4b3404dbe2b2603f0a28529249dc3c659f9\" class=\"trvd_video_player trvdinstream\">\n<div class=\"media-player\">\n<div class=\"trv-video\">\n<div id=\"truvid_ima_container33882\" class=\"truvid_ima_container\">\n<div>\n<div><\/div>\n<\/div>\n<\/div>\n<\/div>\n<\/div>\n<\/div>\n<\/div>\n<\/div>\n<\/div>\n<\/div>\n<div class='share-to-whatsapp-wrapper'><div class='share-on-whsp'>Share on: <\/div><a data-text='Deputado bolsonarista baiano prop\u00f5e Comenda 2 de Julho ao governador do RJ' data-link='https:\/\/newsinfoco.com.br\/inicio\/deputado-bolsonarista-baiano-propoe-comenda-2-de-julho-ao-governador-do-rj\/' class='whatsapp-button whatsapp-share'>WhatsApp<\/a><div class='clear '><\/div><\/div>","protected":false},"excerpt":{"rendered":"<p>O deputado bolsonarista baiano Leandro de Jesus (PL) apresentou, nesta quinta-feira (30), na Assembleia Legislativa da Bahia (ALBA), um projeto de resolu\u00e7\u00e3o que prop\u00f5e conceder a Comenda Dois de Julho ao governador do Rio de Janeiro, Cl\u00e1udio Castro. Na justificativa do projeto, o parlamentar destacou a atua\u00e7\u00e3o de Cl\u00e1udio Castro no combate ao crime organizado, [&hellip;]<\/p>\n","protected":false},"author":1,"featured_media":47096,"comment_status":"closed","ping_status":"closed","sticky":false,"template":"","format":"standard","meta":{"om_disable_all_campaigns":false,"_exactmetrics_skip_tracking":false,"_exactmetrics_sitenote_active":false,"_exactmetrics_sitenote_note":"","_exactmetrics_sitenote_category":0,"footnotes":""},"categories":[19],"tags":[],"class_list":["post-47095","post","type-post","status-publish","format-standard","has-post-thumbnail","hentry","category-bahia"],"aioseo_notices":[],"_links":{"self":[{"href":"https:\/\/newsinfoco.com.br\/inicio\/wp-json\/wp\/v2\/posts\/47095","targetHints":{"allow":["GET"]}}],"collection":[{"href":"https:\/\/newsinfoco.com.br\/inicio\/wp-json\/wp\/v2\/posts"}],"about":[{"href":"https:\/\/newsinfoco.com.br\/inicio\/wp-json\/wp\/v2\/types\/post"}],"author":[{"embeddable":true,"href":"https:\/\/newsinfoco.com.br\/inicio\/wp-json\/wp\/v2\/users\/1"}],"replies":[{"embeddable":true,"href":"https:\/\/newsinfoco.com.br\/inicio\/wp-json\/wp\/v2\/comments?post=47095"}],"version-history":[{"count":1,"href":"https:\/\/newsinfoco.com.br\/inicio\/wp-json\/wp\/v2\/posts\/47095\/revisions"}],"predecessor-version":[{"id":47097,"href":"https:\/\/newsinfoco.com.br\/inicio\/wp-json\/wp\/v2\/posts\/47095\/revisions\/47097"}],"wp:featuredmedia":[{"embeddable":true,"href":"https:\/\/newsinfoco.com.br\/inicio\/wp-json\/wp\/v2\/media\/47096"}],"wp:attachment":[{"href":"https:\/\/newsinfoco.com.br\/inicio\/wp-json\/wp\/v2\/media?parent=47095"}],"wp:term":[{"taxonomy":"category","embeddable":true,"href":"https:\/\/newsinfoco.com.br\/inicio\/wp-json\/wp\/v2\/categories?post=47095"},{"taxonomy":"post_tag","embeddable":true,"href":"https:\/\/newsinfoco.com.br\/inicio\/wp-json\/wp\/v2\/tags?post=47095"}],"curies":[{"name":"wp","href":"https:\/\/api.w.org\/{rel}","templated":true}]}}