{"id":47901,"date":"2025-11-26T15:40:16","date_gmt":"2025-11-26T18:40:16","guid":{"rendered":"https:\/\/newsinfoco.com.br\/inicio\/?p=47901"},"modified":"2025-11-26T15:40:16","modified_gmt":"2025-11-26T18:40:16","slug":"na-tribuna-da-camara-iraci-gama-agradece-emendas-a-figam-e-recebe-apoio-para-preservacao-da-memoria-de-alagoinhas","status":"publish","type":"post","link":"https:\/\/newsinfoco.com.br\/inicio\/na-tribuna-da-camara-iraci-gama-agradece-emendas-a-figam-e-recebe-apoio-para-preservacao-da-memoria-de-alagoinhas\/","title":{"rendered":"Na Tribuna da C\u00e2mara, Iraci Gama agradece emendas \u00e0 FIGAM e recebe apoio  para preserva\u00e7\u00e3o da mem\u00f3ria de Alagoinhas"},"content":{"rendered":"<p>A sess\u00e3o desta ter\u00e7a-feira (25) na C\u00e2mara Municipal transformou-se em um ato de reafirma\u00e7\u00e3o da identidade cultural do munic\u00edpio. A Tribuna Popular foi ocupada pela professora e gestora Iraci Gama, que esteve na Casa para agradecer a emenda coletiva (R$150 mil) destinada \u00e0 Funda\u00e7\u00e3o Iraci Gama de Cultura (FIGAM) e expor os desafios para 2026.<\/p>\n<p>Iraci Gama conectou sua presen\u00e7a a duas datas importantes: o Dia da Baiana de Acaraj\u00e9 e o Dia Internacional de Combate \u00e0 Viol\u00eancia contra a Mulher. Em sua presta\u00e7\u00e3o de contas, foi enf\u00e1tica sobre a import\u00e2ncia do apoio legislativo: \u201cN\u00e3o fosse essa emenda que a C\u00e2mara aprovou, certamente n\u00f3s n\u00e3o estar\u00edamos funcionando neste ano\u201d, salientou.<\/p><div class=\"newsi-conteudo_19\" id=\"newsi-2056988101\"><a href=\"https:\/\/www.instagram.com\/prefeituraalagoinhas?igsh=YzgzdDJ1bWR3aWI4\" aria-label=\"SAVE_20251006_221555\"><img loading=\"lazy\" decoding=\"async\" src=\"https:\/\/newsinfoco.com.br\/inicio\/wp-content\/uploads\/2025\/10\/SAVE_20251006_221555-rotated.jpg\" alt=\"\"  srcset=\"https:\/\/newsinfoco.com.br\/inicio\/wp-content\/uploads\/2025\/10\/SAVE_20251006_221555-rotated.jpg 1140w, https:\/\/newsinfoco.com.br\/inicio\/wp-content\/uploads\/2025\/10\/SAVE_20251006_221555-300x52.jpg 300w, https:\/\/newsinfoco.com.br\/inicio\/wp-content\/uploads\/2025\/10\/SAVE_20251006_221555-1024x177.jpg 1024w, https:\/\/newsinfoco.com.br\/inicio\/wp-content\/uploads\/2025\/10\/SAVE_20251006_221555-768x133.jpg 768w, https:\/\/newsinfoco.com.br\/inicio\/wp-content\/uploads\/2025\/10\/SAVE_20251006_221555-600x104.jpg 600w, https:\/\/newsinfoco.com.br\/inicio\/wp-content\/uploads\/2025\/10\/SAVE_20251006_221555-696x120.jpg 696w, https:\/\/newsinfoco.com.br\/inicio\/wp-content\/uploads\/2025\/10\/SAVE_20251006_221555-1068x185.jpg 1068w\" sizes=\"(max-width: 1140px) 100vw, 1140px\" width=\"1140\" height=\"197\"   \/><\/a><\/div>\n<p>A professora afirmou que, apesar do sucesso do novo projeto \u201cEsta\u00e7\u00e3o de Mem\u00f3rias\u201d \u2013 realizado em parceria com a VLI e a Ag\u00eancia de Iniciativas Cidad\u00e3s (AIC), via Lei Rouanet -, os custos de manuten\u00e7\u00e3o dispararam. \u201cA nossa energia saltou de R$ 400 para quase R$ 900, porque tem uma aparelhagem especial de climatiza\u00e7\u00e3o que fica ligada direto\u201d, explicou.<\/p>\n<p>Iraci rebateu cr\u00edticas sobre a titularidade da institui\u00e7\u00e3o: \u201cDizem: \u2018quem tem funda\u00e7\u00e3o \u00e9 Roberto Marinho\u2019. A funda\u00e7\u00e3o n\u00e3o foi criada por mim, foi uma proposta do professor Luiz Ademir. N\u00e3o \u00e9 vaidade, \u00e9 necessidade de manter a mem\u00f3ria da nossa terra protegida\u201d, argumentou. \u00a0Ela encerrou pedindo apoio para a restaura\u00e7\u00e3o do pr\u00e9dio da Esta\u00e7\u00e3o S\u00e3o Francisco, cujo projeto passa por revis\u00e3o.<\/p>\n<p>O primeiro a falar ap\u00f3s o discurso da professora Iraci Gama foi o vereador Luciano Almeida, que sugeriu uma solu\u00e7\u00e3o definitiva: a cria\u00e7\u00e3o de um Museu Municipal em cogest\u00e3o com a FIGAM. \u201cTem documentos datados do s\u00e9culo passado que precisavam estar em c\u00e2maras refrigeradas\u201d, alertou. Luciano exaltou a vitalidade da gestora: \u201cNo auge dos seus mais de 80 anos, a senhora tem o brilho de uma crian\u00e7a nos olhos\u201d.<\/p>\n<div class=\"wp-block-image\">\n<p>Na sequ\u00eancia, a vereadora Juci Cardoso contextualizou a luta de Iraci com a pauta feminina do dia. Classificando a professora como um \u201cbaluarte\u201d e \u00edcone pol\u00edtico, Juci defendeu n\u00e3o apenas a manuten\u00e7\u00e3o, mas o aumento do repasse: \u201cEspero que esta Casa reconduza a aprova\u00e7\u00e3o, majorando este valor. Precisamos demarcar esse espa\u00e7o de valoriza\u00e7\u00e3o de uma mulher hist\u00f3rica\u201d.<\/p>\n<div class=\"wp-block-image\">\n<p>O vereador Francisco Thor de Ninha interveio para fazer uma corre\u00e7\u00e3o simb\u00f3lica sobre o pertencimento da institui\u00e7\u00e3o. \u201cMuitas pessoas dizem que \u00e9 a funda\u00e7\u00e3o\u00a0<em>de<\/em>\u00a0Iraci. Eu digo que n\u00e3o tem preposi\u00e7\u00e3o. \u00c9 a Funda\u00e7\u00e3o Iraci Gama, patrim\u00f4nio dessa cidade. E a senhora tamb\u00e9m n\u00e3o se pertence mais, \u00e9 patrim\u00f4nio de Alagoinhas\u201d, afirmou Thor, comprometendo-se a enviar tamb\u00e9m uma emenda individual.<\/p>\n<div class=\"wp-block-image\">\n<p>Trazendo um tom familiar e emotivo, a vereadora Jaldice Nunes relatou a influ\u00eancia de Iraci sobre as novas gera\u00e7\u00f5es, citando seu sobrinho Arthur, de 7 anos. \u201cEle \u00e9 um disc\u00edpulo seu, apaixonado pelo trem. Ganhou uma maquete enorme e a m\u00e3e est\u00e1 sem saber onde colocar o sof\u00e1, mas ele diz que vai tomar conta da esta\u00e7\u00e3o\u201d, contou Jaldice, celebrando a visita da ex-colega de suas tias, as ex-vereadoras Ris\u00e9lia e Rob\u00e9lia.<\/p>\n<p>O vereador Edy da Sa\u00fade refor\u00e7ou a argumenta\u00e7\u00e3o \u00a0e destacou a lideran\u00e7a de Iraci tamb\u00e9m no \u00e2mbito partid\u00e1rio, como presidente do PV. \u201cQuer saber de Alagoinhas? Procure a Pr\u00f3 Iraci. A senhora \u00e9 uma refer\u00eancia em todos os sentidos\u201d, pontuou.<\/p>\n<p>J\u00e1 o vereador Jos\u00e9 Ed\u00e9sio relembrou as dificuldades do passado, citando a \u00e9poca em que o acervo era guardado de forma improvisada em um im\u00f3vel na Urbis. \u201cQuem quiser ver uma ata escrita no papel de manteiga, a bico de pena, procure a professora Iraci\u201d, disse. Ed\u00e9sio tamb\u00e9m recordou a incompreens\u00e3o que a gestora enfrentava quando secret\u00e1ria de Cultura ao trazer orquestras para a cidade em vez de trios el\u00e9tricos.<\/p>\n<div class=\"wp-block-image\">\n<p>Encerrando a sequ\u00eancia de falas e selando o compromisso institucional, o presidente da C\u00e2mara, vereador Jos\u00e9 Cleto, garantiu a viabilidade de emenda para a FIGAM na pr\u00f3xima pe\u00e7a or\u00e7ament\u00e1ria.<\/p>\n<p>Cleto assegurou que o Legislativo atender\u00e1 ao clamor dos vereadores por mais recursos. \u201cA senhora tem o respeito desta Casa e da cidade. Sobre a emenda, sem sombras de d\u00favida, quando nos reunirmos para votar a pe\u00e7a or\u00e7ament\u00e1ria, vamos manter a emenda\u201d, declarou o presidente, fazendo a ressalva decisiva: \u201cPor\u00e9m, como foi observado por todos os vereadores, vamos ampliar este valor, porque compreendemos a import\u00e2ncia do que tem sido a funda\u00e7\u00e3o para o nosso munic\u00edpio\u201d.<\/p>\n<div class=\"wp-block-image\">\n<div class=\"elementor-column elementor-col-50 elementor-top-column elementor-element elementor-element-166fa74c\" data-id=\"166fa74c\" data-element_type=\"column\">\n<div class=\"elementor-widget-wrap elementor-element-populated\">\n<div class=\"elementor-element elementor-element-8956c80 elementor-widget elementor-widget-theme-post-content\" data-id=\"8956c80\" data-element_type=\"widget\" data-widget_type=\"theme-post-content.default\">\n<div class=\"elementor-widget-container\">\n<p><strong>Para assistir a sess\u00e3o na \u00edntegra, clique no link:\u00a0<\/strong><a href=\"https:\/\/www.youtube.com\/watch?v=hXr_AUNLDcI\" target=\"_blank\" rel=\"noreferrer noopener\"><strong>TV C\u00e2mara Alagoinhas<\/strong><\/a><\/p>\n<p><strong>Ascom \u2013 C\u00e2mara Municipal de Alagoinhas<\/strong><strong>Fotos \u2013 Jh\u00f4 Paz<\/strong><\/p>\n<\/div>\n<\/div>\n<\/div>\n<\/div>\n<div class=\"elementor-column elementor-col-50 elementor-top-column elementor-element elementor-element-263f143b\" data-id=\"263f143b\" data-element_type=\"column\">\n<div class=\"elementor-widget-wrap elementor-element-populated\">\n<div class=\"elementor-element elementor-element-19118fd7 elementor-widget elementor-widget-heading\" data-id=\"19118fd7\" data-element_type=\"widget\" data-widget_type=\"heading.default\">\n<div class=\"elementor-widget-container\"><\/div>\n<\/div>\n<\/div>\n<\/div>\n<\/div>\n<\/div>\n<\/div>\n<\/div>\n<\/div>\n<div class='share-to-whatsapp-wrapper'><div class='share-on-whsp'>Share on: <\/div><a data-text='Na Tribuna da C\u00e2mara, Iraci Gama agradece emendas \u00e0 FIGAM e recebe apoio  para preserva\u00e7\u00e3o da mem\u00f3ria de Alagoinhas' data-link='https:\/\/newsinfoco.com.br\/inicio\/na-tribuna-da-camara-iraci-gama-agradece-emendas-a-figam-e-recebe-apoio-para-preservacao-da-memoria-de-alagoinhas\/' class='whatsapp-button whatsapp-share'>WhatsApp<\/a><div class='clear '><\/div><\/div>","protected":false},"excerpt":{"rendered":"<p>A sess\u00e3o desta ter\u00e7a-feira (25) na C\u00e2mara Municipal transformou-se em um ato de reafirma\u00e7\u00e3o da identidade cultural do munic\u00edpio. A Tribuna Popular foi ocupada pela professora e gestora Iraci Gama, que esteve na Casa para agradecer a emenda coletiva (R$150 mil) destinada \u00e0 Funda\u00e7\u00e3o Iraci Gama de Cultura (FIGAM) e expor os desafios para 2026. [&hellip;]<\/p>\n","protected":false},"author":1,"featured_media":47902,"comment_status":"closed","ping_status":"closed","sticky":false,"template":"","format":"standard","meta":{"om_disable_all_campaigns":false,"_exactmetrics_skip_tracking":false,"_exactmetrics_sitenote_active":false,"_exactmetrics_sitenote_note":"","_exactmetrics_sitenote_category":0,"footnotes":""},"categories":[38,167],"tags":[],"class_list":["post-47901","post","type-post","status-publish","format-standard","has-post-thumbnail","hentry","category-alagoinhas-e-regiao","category-exclusivas"],"aioseo_notices":[],"_links":{"self":[{"href":"https:\/\/newsinfoco.com.br\/inicio\/wp-json\/wp\/v2\/posts\/47901","targetHints":{"allow":["GET"]}}],"collection":[{"href":"https:\/\/newsinfoco.com.br\/inicio\/wp-json\/wp\/v2\/posts"}],"about":[{"href":"https:\/\/newsinfoco.com.br\/inicio\/wp-json\/wp\/v2\/types\/post"}],"author":[{"embeddable":true,"href":"https:\/\/newsinfoco.com.br\/inicio\/wp-json\/wp\/v2\/users\/1"}],"replies":[{"embeddable":true,"href":"https:\/\/newsinfoco.com.br\/inicio\/wp-json\/wp\/v2\/comments?post=47901"}],"version-history":[{"count":1,"href":"https:\/\/newsinfoco.com.br\/inicio\/wp-json\/wp\/v2\/posts\/47901\/revisions"}],"predecessor-version":[{"id":47903,"href":"https:\/\/newsinfoco.com.br\/inicio\/wp-json\/wp\/v2\/posts\/47901\/revisions\/47903"}],"wp:featuredmedia":[{"embeddable":true,"href":"https:\/\/newsinfoco.com.br\/inicio\/wp-json\/wp\/v2\/media\/47902"}],"wp:attachment":[{"href":"https:\/\/newsinfoco.com.br\/inicio\/wp-json\/wp\/v2\/media?parent=47901"}],"wp:term":[{"taxonomy":"category","embeddable":true,"href":"https:\/\/newsinfoco.com.br\/inicio\/wp-json\/wp\/v2\/categories?post=47901"},{"taxonomy":"post_tag","embeddable":true,"href":"https:\/\/newsinfoco.com.br\/inicio\/wp-json\/wp\/v2\/tags?post=47901"}],"curies":[{"name":"wp","href":"https:\/\/api.w.org\/{rel}","templated":true}]}}