{"id":47904,"date":"2025-11-26T15:49:03","date_gmt":"2025-11-26T18:49:03","guid":{"rendered":"https:\/\/newsinfoco.com.br\/inicio\/?p=47904"},"modified":"2025-11-26T15:49:03","modified_gmt":"2025-11-26T18:49:03","slug":"vereadora-jaldice-nunes-alerta-populacao-sobre-a-importancia-da-doacao-de-sangue","status":"publish","type":"post","link":"https:\/\/newsinfoco.com.br\/inicio\/vereadora-jaldice-nunes-alerta-populacao-sobre-a-importancia-da-doacao-de-sangue\/","title":{"rendered":"Vereadora Jaldice Nunes alerta popula\u00e7\u00e3o sobre a import\u00e2ncia da doa\u00e7\u00e3o de sangue"},"content":{"rendered":"<div class=\"elementor-column elementor-col-50 elementor-top-column elementor-element elementor-element-166fa74c\" data-id=\"166fa74c\" data-element_type=\"column\">\n<div class=\"elementor-widget-wrap elementor-element-populated\">\n<div class=\"elementor-element elementor-element-8956c80 elementor-widget elementor-widget-theme-post-content\" data-id=\"8956c80\" data-element_type=\"widget\" data-widget_type=\"theme-post-content.default\">\n<div class=\"elementor-widget-container\">\n<p>A sess\u00e3o desta ter\u00e7a-feira (25) na C\u00e2mara Municipal foi marcada por um apelo urgente e emocionado em prol da vida. Aproveitando o in\u00edcio da Semana Nacional do Doador de Sangue, a vereadora Jaldice Nunes utilizou a tribuna para alertar sobre import\u00e2ncia da doa\u00e7\u00e3o de sangue, o baixo comparecimento de doadores ao Hemoba\u00a0e convocou os parlamentares e a sociedade para reverterem esse quadro.<\/p>\n<p>Jaldice\u00a0 relembrou a luta de seu filho, Luan, que necessitou de transfus\u00f5es. O relato comoveu o plen\u00e1rio ao descrever o impacto imediato da doa\u00e7\u00e3o na sa\u00fade de quem precisa.\u00a0 \u201cEu falo como uma m\u00e3e que sentiu na pele o que \u00e9 passar a noite em claro pedindo a Deus que apare\u00e7a uma bolsa de sangue. Quando o Luan estava precisando, ele ficava sem \u00e2nimo nenhum. Mas quando chegava a bolsa era uma coisa incr\u00edvel, parecia m\u00e1gica. Era o sangue entrando pelas veias e ele j\u00e1 tomava um f\u00f4lego de vida\u201d, relatou.<\/p><div class=\"newsi-conteudo_19\" id=\"newsi-1770061236\"><a href=\"https:\/\/www.instagram.com\/prefeituraalagoinhas?igsh=YzgzdDJ1bWR3aWI4\" aria-label=\"SAVE_20251006_221555\"><img loading=\"lazy\" decoding=\"async\" src=\"https:\/\/newsinfoco.com.br\/inicio\/wp-content\/uploads\/2025\/10\/SAVE_20251006_221555-rotated.jpg\" alt=\"\"  srcset=\"https:\/\/newsinfoco.com.br\/inicio\/wp-content\/uploads\/2025\/10\/SAVE_20251006_221555-rotated.jpg 1140w, https:\/\/newsinfoco.com.br\/inicio\/wp-content\/uploads\/2025\/10\/SAVE_20251006_221555-300x52.jpg 300w, https:\/\/newsinfoco.com.br\/inicio\/wp-content\/uploads\/2025\/10\/SAVE_20251006_221555-1024x177.jpg 1024w, https:\/\/newsinfoco.com.br\/inicio\/wp-content\/uploads\/2025\/10\/SAVE_20251006_221555-768x133.jpg 768w, https:\/\/newsinfoco.com.br\/inicio\/wp-content\/uploads\/2025\/10\/SAVE_20251006_221555-600x104.jpg 600w, https:\/\/newsinfoco.com.br\/inicio\/wp-content\/uploads\/2025\/10\/SAVE_20251006_221555-696x120.jpg 696w, https:\/\/newsinfoco.com.br\/inicio\/wp-content\/uploads\/2025\/10\/SAVE_20251006_221555-1068x185.jpg 1068w\" sizes=\"(max-width: 1140px) 100vw, 1140px\" width=\"1140\" height=\"197\"   \/><\/a><\/div>\n<p>Jaldice destacou que uma \u00fanica bolsa pode salvar at\u00e9 quatro vidas e pediu aos colegas que utilizem suas redes sociais para potencializar a campanha. \u201cO sangue \u00e9 vida. \u00c9 algo muito s\u00e9rio e necess\u00e1rio\u201d, refor\u00e7ou.<\/p>\n<p>A vereadora anunciou uma novidade estrat\u00e9gica para facilitar a ades\u00e3o dos trabalhadores: o Hemoba de Alagoinhas, que normalmente funciona de segunda a sexta, abrir\u00e1 excepcionalmente neste s\u00e1bado (30), em virtude da semana comemorativa.<\/p>\n<p>Al\u00e9m da mobiliza\u00e7\u00e3o imediata, Jaldice informou que est\u00e1 em tramita\u00e7\u00e3o na Casa um Projeto de Lei de sua autoria que cria a Semana Municipal do Doador de Sangue, visando institucionalizar campanhas peri\u00f3dicas e educativas na cidade.<\/p>\n<p>O vereador Jos\u00e9 Ed\u00e9sio aparteou a colega para refor\u00e7ar a import\u00e2ncia biol\u00f3gica e social do ato. \u201c\u00c9 necess\u00e1rio que haja a cultura da compreens\u00e3o de que sangue \u00e9 vida. Onde n\u00e3o existe sangue, n\u00e3o tem vida no ser humano, nem o osso sobrevive sem ele\u201d, pontuou Ed\u00e9sio.<\/p>\n<p>O vereador tamb\u00e9m prestou uma homenagem \u00e0 mem\u00f3ria de Eduardo, antigo capitaneador de campanhas de doa\u00e7\u00e3o na cidade, lembrando que a luta pela conscientiza\u00e7\u00e3o deve ser di\u00e1ria. \u201cConte conosco, Jaldice, nesse sentimento que voc\u00ea carrega 24 horas por dia\u201d, concluiu.<\/p>\n<p><strong>SERVI\u00c7O<\/strong><\/p>\n<ul class=\"wp-block-list\">\n<li><strong>Onde doar:<\/strong>\u00a0Hemoba Alagoinhas.<\/li>\n<li><strong>Quando:<\/strong>\u00a0De segunda a sexta-feira e, excepcionalmente, neste s\u00e1bado (30\/11).<\/li>\n<li><strong>Requisitos b\u00e1sicos:<\/strong>\u00a0Estar em boas condi\u00e7\u00f5es de sa\u00fade, pesar acima de 50 kg e apresentar documento oficial com foto.<\/li>\n<\/ul>\n<p><strong>Para assistir a sess\u00e3o na \u00edntegra, clique no link:\u00a0<\/strong><a href=\"https:\/\/www.youtube.com\/watch?v=hXr_AUNLDcI\" target=\"_blank\" rel=\"noreferrer noopener\"><strong>TV C\u00e2mara Alagoinhas<\/strong><\/a><\/p>\n<p><strong>Ascom \u2013 C\u00e2mara Municipal de Alagoinhas<\/strong><\/p>\n<p><strong>Fotos \u2013 Jh\u00f4 Paz<\/strong><\/p>\n<\/div>\n<\/div>\n<\/div>\n<\/div>\n<div class=\"elementor-column elementor-col-50 elementor-top-column elementor-element elementor-element-263f143b\" data-id=\"263f143b\" data-element_type=\"column\">\n<div class=\"elementor-widget-wrap elementor-element-populated\">\n<div class=\"elementor-element elementor-element-19118fd7 elementor-widget elementor-widget-heading\" data-id=\"19118fd7\" data-element_type=\"widget\" data-widget_type=\"heading.default\">\n<div class=\"elementor-widget-container\"><\/div>\n<\/div>\n<\/div>\n<\/div>\n<div class='share-to-whatsapp-wrapper'><div class='share-on-whsp'>Share on: <\/div><a data-text='Vereadora Jaldice Nunes alerta popula\u00e7\u00e3o sobre a import\u00e2ncia da doa\u00e7\u00e3o de sangue' data-link='https:\/\/newsinfoco.com.br\/inicio\/vereadora-jaldice-nunes-alerta-populacao-sobre-a-importancia-da-doacao-de-sangue\/' class='whatsapp-button whatsapp-share'>WhatsApp<\/a><div class='clear '><\/div><\/div>","protected":false},"excerpt":{"rendered":"<p>A sess\u00e3o desta ter\u00e7a-feira (25) na C\u00e2mara Municipal foi marcada por um apelo urgente e emocionado em prol da vida. Aproveitando o in\u00edcio da Semana Nacional do Doador de Sangue, a vereadora Jaldice Nunes utilizou a tribuna para alertar sobre import\u00e2ncia da doa\u00e7\u00e3o de sangue, o baixo comparecimento de doadores ao Hemoba\u00a0e convocou os parlamentares [&hellip;]<\/p>\n","protected":false},"author":1,"featured_media":47906,"comment_status":"closed","ping_status":"closed","sticky":false,"template":"","format":"standard","meta":{"om_disable_all_campaigns":false,"_exactmetrics_skip_tracking":false,"_exactmetrics_sitenote_active":false,"_exactmetrics_sitenote_note":"","_exactmetrics_sitenote_category":0,"footnotes":""},"categories":[19],"tags":[],"class_list":["post-47904","post","type-post","status-publish","format-standard","has-post-thumbnail","hentry","category-bahia"],"aioseo_notices":[],"_links":{"self":[{"href":"https:\/\/newsinfoco.com.br\/inicio\/wp-json\/wp\/v2\/posts\/47904","targetHints":{"allow":["GET"]}}],"collection":[{"href":"https:\/\/newsinfoco.com.br\/inicio\/wp-json\/wp\/v2\/posts"}],"about":[{"href":"https:\/\/newsinfoco.com.br\/inicio\/wp-json\/wp\/v2\/types\/post"}],"author":[{"embeddable":true,"href":"https:\/\/newsinfoco.com.br\/inicio\/wp-json\/wp\/v2\/users\/1"}],"replies":[{"embeddable":true,"href":"https:\/\/newsinfoco.com.br\/inicio\/wp-json\/wp\/v2\/comments?post=47904"}],"version-history":[{"count":1,"href":"https:\/\/newsinfoco.com.br\/inicio\/wp-json\/wp\/v2\/posts\/47904\/revisions"}],"predecessor-version":[{"id":47907,"href":"https:\/\/newsinfoco.com.br\/inicio\/wp-json\/wp\/v2\/posts\/47904\/revisions\/47907"}],"wp:featuredmedia":[{"embeddable":true,"href":"https:\/\/newsinfoco.com.br\/inicio\/wp-json\/wp\/v2\/media\/47906"}],"wp:attachment":[{"href":"https:\/\/newsinfoco.com.br\/inicio\/wp-json\/wp\/v2\/media?parent=47904"}],"wp:term":[{"taxonomy":"category","embeddable":true,"href":"https:\/\/newsinfoco.com.br\/inicio\/wp-json\/wp\/v2\/categories?post=47904"},{"taxonomy":"post_tag","embeddable":true,"href":"https:\/\/newsinfoco.com.br\/inicio\/wp-json\/wp\/v2\/tags?post=47904"}],"curies":[{"name":"wp","href":"https:\/\/api.w.org\/{rel}","templated":true}]}}