{"id":47908,"date":"2025-11-26T16:39:54","date_gmt":"2025-11-26T19:39:54","guid":{"rendered":"https:\/\/newsinfoco.com.br\/inicio\/?p=47908"},"modified":"2025-11-26T16:39:54","modified_gmt":"2025-11-26T19:39:54","slug":"camara-municipal-realiza-sessao-especial-em-homenagem-aos-catadores-e-catadoras-de-reciclagem","status":"publish","type":"post","link":"https:\/\/newsinfoco.com.br\/inicio\/camara-municipal-realiza-sessao-especial-em-homenagem-aos-catadores-e-catadoras-de-reciclagem\/","title":{"rendered":"C\u00e2mara Municipal realiza sess\u00e3o especial em homenagem aos catadores e catadoras de reciclagem"},"content":{"rendered":"<p>A C\u00e2mara Municipal realizou, na tarde desta ter\u00e7a-feira (25), sess\u00e3o especial em homenagem aos catadores e catadoras de reciclagem, proposta pelos vereadores Cleto da Banana e Gleyser Soares, como forma de reconhecer o papel essencial desses trabalhadores para a sustentabilidade, a sa\u00fade p\u00fablica e o cuidado com o meio ambiente.<\/p>\n<p>Em seu pronunciamento inicial, o presidente Cleto da Banana classificou os catadores como agentes ambientais fundamentais, respons\u00e1veis por transformar o que \u00e9 descartado em novas possibilidades de uso e por garantir que materiais retornem ao ciclo produtivo. O parlamentar lembrou que a Pol\u00edtica Municipal de Res\u00edduos S\u00f3lidos (Lei 2670\/2023) refor\u00e7a a inclus\u00e3o produtiva da categoria e prioriza a participa\u00e7\u00e3o das cooperativas nas a\u00e7\u00f5es do munic\u00edpio.<\/p><div class=\"newsi-conteudo_19\" id=\"newsi-4019915204\"><a href=\"https:\/\/www.instagram.com\/prefeituraalagoinhas?igsh=YzgzdDJ1bWR3aWI4\" aria-label=\"SAVE_20251006_221555\"><img loading=\"lazy\" decoding=\"async\" src=\"https:\/\/newsinfoco.com.br\/inicio\/wp-content\/uploads\/2025\/10\/SAVE_20251006_221555-rotated.jpg\" alt=\"\"  srcset=\"https:\/\/newsinfoco.com.br\/inicio\/wp-content\/uploads\/2025\/10\/SAVE_20251006_221555-rotated.jpg 1140w, https:\/\/newsinfoco.com.br\/inicio\/wp-content\/uploads\/2025\/10\/SAVE_20251006_221555-300x52.jpg 300w, https:\/\/newsinfoco.com.br\/inicio\/wp-content\/uploads\/2025\/10\/SAVE_20251006_221555-1024x177.jpg 1024w, https:\/\/newsinfoco.com.br\/inicio\/wp-content\/uploads\/2025\/10\/SAVE_20251006_221555-768x133.jpg 768w, https:\/\/newsinfoco.com.br\/inicio\/wp-content\/uploads\/2025\/10\/SAVE_20251006_221555-600x104.jpg 600w, https:\/\/newsinfoco.com.br\/inicio\/wp-content\/uploads\/2025\/10\/SAVE_20251006_221555-696x120.jpg 696w, https:\/\/newsinfoco.com.br\/inicio\/wp-content\/uploads\/2025\/10\/SAVE_20251006_221555-1068x185.jpg 1068w\" sizes=\"(max-width: 1140px) 100vw, 1140px\" width=\"1140\" height=\"197\"   \/><\/a><\/div>\n<p>\u201cVoc\u00eas merecem dignidade, seguran\u00e7a e reconhecimento. Esta Casa Legislativa seguir\u00e1 defendendo melhores condi\u00e7\u00f5es de trabalho para todos os catadores de Alagoinhas\u201d, pontuou.<\/p>\n<p>O vereador Gleyser Soares agradeceu a participa\u00e7\u00e3o da categoria e chamou aten\u00e7\u00e3o para a import\u00e2ncia da colabora\u00e7\u00e3o da popula\u00e7\u00e3o na separa\u00e7\u00e3o dos res\u00edduos e no cuidado com materiais cortantes.<\/p>\n<p>\u201c\u00c9 uma miss\u00e3o \u00e1rdua, mas bela. Alagoinhas se orgulha do trabalho de voc\u00eas. Muito j\u00e1 avan\u00e7amos, mas ainda h\u00e1 muito a ser feito\u201d, observou.<\/p>\n<div class=\"wp-block-image\">\n<div class=\"wp-block-image\">\n<div class=\"wp-block-image\">\n<div class=\"wp-block-image\">\n<p>A comandante da Guarda Civil Municipal, Silv\u00e2nia Soares, enalteceu o trabalho \u201ctransformador, mas muitas vezes invis\u00edvel\u201d dos catadores e renovou o compromisso da institui\u00e7\u00e3o com a categoria. \u201cVoc\u00eas cuidam da cidade com amor e merecem respeito. Estamos \u00e0 disposi\u00e7\u00e3o\u201d, declarou.<\/p>\n<div class=\"wp-block-image\">\n<div class=\"wp-block-image\">\n<p>Representando o Conselho Municipal de Sa\u00fade, Edinaldo Lima destacou o impacto direto da reciclagem na sa\u00fade p\u00fablica e na qualidade de vida dos moradores. \u201cVoc\u00eas s\u00e3o exemplo, defendem o meio ambiente e a sa\u00fade. S\u00e3o os her\u00f3is do nosso munic\u00edpio\u201d, disse.<\/p>\n<div class=\"wp-block-image\">\n<div class=\"wp-block-image\">\n<div class=\"wp-block-image\">\n<div class=\"wp-block-image\">\n<div class=\"wp-block-image\">\n<p>A presidente da Cooperativa CORAL, Rose Meire Queiroz, emocionou os presentes ao relembrar a hist\u00f3ria de luta da categoria e refor\u00e7ar a import\u00e2ncia da uni\u00e3o entre os trabalhadores.<\/p>\n<p>\u201cSe um palito de f\u00f3sforo quebra sozinho, uma caixa inteira n\u00e3o se quebra. Unidos, ningu\u00e9m derruba os catadores. Somos pe\u00e7as fundamentais para a vida \u00fatil do aterro e para a sa\u00fade do munic\u00edpio\u201d, frisou.<\/p>\n<div class=\"wp-block-image\">\n<p>O diretor comercial da Associa\u00e7\u00e3o de Catadores e Catadoras de Material Recicl\u00e1vel (ACRIAN), Luiz Eudes, afirmou que a sess\u00e3o marca um novo ciclo para a categoria e fortalece a parceria entre cooperativas, sociedade e Poder Legislativo. \u201cHoje nasce um novo tempo. Vamos seguir colhendo frutos e fortalecendo esse trabalho que tanto orgulha Alagoinhas\u201d, destacou.<\/p>\n<div class=\"wp-block-image\">\n<p>O secret\u00e1rio de Desenvolvimento Econ\u00f4mico e Emprego, Deraldo Alves, e o secret\u00e1rio de Desenvolvimento Rural e Meio Ambiente, Djalma Santos, tamb\u00e9m participaram da solenidade e reiteraram o compromisso da prefeitura em ampliar as a\u00e7\u00f5es de apoio \u00e0 coleta seletiva, ao fortalecimento das cooperativas e \u00e0 valoriza\u00e7\u00e3o dos catadores.<\/p>\n<p>Deraldo relatou a visita realizada \u00e0 CORAL e chamou aten\u00e7\u00e3o para o preju\u00edzo causado pelos atravessadores na venda dos recicl\u00e1veis, defendendo que o lucro retorne integralmente aos trabalhadores.<\/p>\n<p>\u201cVoc\u00eas, que tomam sol e chuva, merecem receber integralmente a remunera\u00e7\u00e3o. Alagoinhas n\u00e3o precisa de terceirizados. Vamos fortalecer o trabalho de voc\u00eas\u201d, sustentou.<\/p>\n<div class=\"wp-block-image\">\n<p>Djalma refor\u00e7ou que a gest\u00e3o municipal est\u00e1 empenhada em construir melhorias concretas para a categoria. \u201cVoc\u00eas s\u00e3o mais do que funcion\u00e1rios, pois trabalham porque gostam do que fazem. Estamos empenhados em ampliar esse projeto de reciclagem que transforma a cidade e melhora a vida de todos\u201d, pontuou.<\/p>\n<div class=\"wp-block-image\">\n<p>O secret\u00e1rio de Manuten\u00e7\u00e3o, Cl\u00e1udio Espinheira, representando o prefeito Gustavo Carmo, agradeceu o empenho di\u00e1rio dos catadores e refor\u00e7ou que o trabalho da categoria tem impacto direto na preserva\u00e7\u00e3o ambiental do munic\u00edpio.<\/p>\n<p>\u201cEsta \u00e9 uma tarde de agradecimento. Voc\u00eas contribuem enormemente para o meio ambiente da nossa cidade e merecem o reconhecimento de todos n\u00f3s\u201d, frisou.<\/p>\n<div class=\"wp-block-image\">\n<p>Representando a deputada estadual Ludmilla Fiscina, o assessor parlamentar Raimundo Queiroz elogiou a iniciativa da C\u00e2mara e frisou que Alagoinhas se tornou refer\u00eancia no apoio \u00e0s cooperativas de reciclagem: \u201cPoucas cidades na Bahia t\u00eam o compromisso que Alagoinhas demonstra com os catadores. O trabalho de voc\u00eas \u00e9 bel\u00edssimo e precisa ser valorizado\u201d.<\/p>\n<div class=\"wp-block-image\">\n<p><strong>Palestra<\/strong><\/p>\n<p>A palestrante e mentora G\u00e9ssica Ronise, representando a ACRIAN, trouxe uma reflex\u00e3o sobre o impacto social e ambiental da coleta seletiva, destacando a import\u00e2ncia da conscientiza\u00e7\u00e3o em escolas e comunidades.<\/p>\n<p>\u201cVoc\u00eas proporcionam um mundo melhor para ser habitado. Todos n\u00f3s somos agentes de transforma\u00e7\u00e3o e precisamos respeitar quem cuida da nossa cidade\u201d, enfatizou.<\/p>\n<div class=\"wp-block-image\">\n<div class=\"elementor-column elementor-col-50 elementor-top-column elementor-element elementor-element-166fa74c\" data-id=\"166fa74c\" data-element_type=\"column\">\n<div class=\"elementor-widget-wrap elementor-element-populated\">\n<div class=\"elementor-element elementor-element-8956c80 elementor-widget elementor-widget-theme-post-content\" data-id=\"8956c80\" data-element_type=\"widget\" data-widget_type=\"theme-post-content.default\">\n<div class=\"elementor-widget-container\">\n<p>Ap\u00f3s o momento das homenagens, o vereador Gleyser Soares agradeceu a presen\u00e7a de todos e refor\u00e7ou que a C\u00e2mara Municipal \u00e9, de fato, a casa do povo: \u201cVoltem sempre, acompanhem nosso trabalho e contem com o nosso mandato. Esta Casa seguir\u00e1 reconhecendo o valor de cada um de voc\u00eas\u201d.<\/p>\n<p>O presidente Cleto da Banana concluiu a sess\u00e3o agradecendo \u00e0s equipes envolvidas e reafirmando que a homenagem passar\u00e1 a integrar o calend\u00e1rio anual da Casa Legislativa. \u201cEste momento se perpetuar\u00e1 enquanto houver cooperativas e trabalhadores dedicados a essa miss\u00e3o. Contem conosco hoje e sempre. A defesa de voc\u00eas \u00e9 compromisso desta Casa\u201d, finalizou.<\/p>\n<p><strong>Para assistir a sess\u00e3o na \u00edntegra, clique no link:\u00a0<\/strong><a href=\"https:\/\/www.youtube.com\/watch?v=y-ui_kP0SuU&amp;pp=0gcJCRUKAYcqIYzv\" target=\"_blank\" rel=\"noreferrer noopener\"><strong>TV C\u00e2mara Alagoinhas<\/strong><\/a><\/p>\n<p><strong>Ascom \u2013 C\u00e2mara Municipal de Alagoinhas<\/strong><\/p>\n<p><strong>Fotos \u2013 Jh\u00f4 Paz<\/strong><\/p>\n<\/div>\n<\/div>\n<\/div>\n<\/div>\n<div class=\"elementor-column elementor-col-50 elementor-top-column elementor-element elementor-element-263f143b\" data-id=\"263f143b\" data-element_type=\"column\">\n<div class=\"elementor-widget-wrap elementor-element-populated\">\n<div class=\"elementor-element elementor-element-19118fd7 elementor-widget elementor-widget-heading\" data-id=\"19118fd7\" data-element_type=\"widget\" data-widget_type=\"heading.default\">\n<div class=\"elementor-widget-container\">\n<div class=\"elementor-column elementor-col-50 elementor-top-column elementor-element elementor-element-166fa74c\" data-id=\"166fa74c\" data-element_type=\"column\">\n<div class=\"elementor-widget-wrap elementor-element-populated\">\n<div class=\"elementor-element elementor-element-8956c80 elementor-widget elementor-widget-theme-post-content\" data-id=\"8956c80\" data-element_type=\"widget\" data-widget_type=\"theme-post-content.default\">\n<div class=\"elementor-widget-container\"><\/div>\n<\/div>\n<\/div>\n<\/div>\n<div class=\"elementor-column elementor-col-50 elementor-top-column elementor-element elementor-element-263f143b\" data-id=\"263f143b\" data-element_type=\"column\">\n<div class=\"elementor-widget-wrap elementor-element-populated\">\n<div class=\"elementor-element elementor-element-19118fd7 elementor-widget elementor-widget-heading\" data-id=\"19118fd7\" data-element_type=\"widget\" data-widget_type=\"heading.default\">\n<div class=\"elementor-widget-container\">\n<div class=\"elementor-column elementor-col-50 elementor-top-column elementor-element elementor-element-263f143b\" data-id=\"263f143b\" data-element_type=\"column\">\n<div class=\"elementor-widget-wrap elementor-element-populated\">\n<div class=\"elementor-element elementor-element-19118fd7 elementor-widget elementor-widget-heading\" data-id=\"19118fd7\" data-element_type=\"widget\" data-widget_type=\"heading.default\">\n<div class=\"elementor-widget-container\">\n<div class=\"elementor-column elementor-col-50 elementor-top-column elementor-element elementor-element-263f143b\" data-id=\"263f143b\" data-element_type=\"column\">\n<div class=\"elementor-widget-wrap elementor-element-populated\">\n<div class=\"elementor-element elementor-element-19118fd7 elementor-widget elementor-widget-heading\" data-id=\"19118fd7\" data-element_type=\"widget\" data-widget_type=\"heading.default\">\n<div class=\"elementor-widget-container\">\n<div class=\"elementor-column elementor-col-50 elementor-top-column elementor-element elementor-element-263f143b\" data-id=\"263f143b\" data-element_type=\"column\">\n<div class=\"elementor-widget-wrap elementor-element-populated\">\n<div class=\"elementor-element elementor-element-19118fd7 elementor-widget elementor-widget-heading\" data-id=\"19118fd7\" data-element_type=\"widget\" data-widget_type=\"heading.default\">\n<div class=\"elementor-widget-container\">\n<div class=\"elementor-column elementor-col-50 elementor-top-column elementor-element elementor-element-263f143b\" data-id=\"263f143b\" data-element_type=\"column\">\n<div class=\"elementor-widget-wrap elementor-element-populated\">\n<div class=\"elementor-element elementor-element-19118fd7 elementor-widget elementor-widget-heading\" data-id=\"19118fd7\" data-element_type=\"widget\" data-widget_type=\"heading.default\">\n<div class=\"elementor-widget-container\">\n<div class=\"elementor-column elementor-col-50 elementor-top-column elementor-element elementor-element-263f143b\" data-id=\"263f143b\" data-element_type=\"column\">\n<div class=\"elementor-widget-wrap elementor-element-populated\">\n<div class=\"elementor-element elementor-element-19118fd7 elementor-widget elementor-widget-heading\" data-id=\"19118fd7\" data-element_type=\"widget\" data-widget_type=\"heading.default\">\n<div class=\"elementor-widget-container\">\n<div class=\"elementor-column elementor-col-50 elementor-top-column elementor-element elementor-element-263f143b\" data-id=\"263f143b\" data-element_type=\"column\">\n<div class=\"elementor-widget-wrap elementor-element-populated\">\n<div class=\"elementor-element elementor-element-19118fd7 elementor-widget elementor-widget-heading\" data-id=\"19118fd7\" data-element_type=\"widget\" data-widget_type=\"heading.default\">\n<div class=\"elementor-widget-container\">\n<div class=\"elementor-column elementor-col-50 elementor-top-column elementor-element elementor-element-263f143b\" data-id=\"263f143b\" data-element_type=\"column\">\n<div class=\"elementor-widget-wrap elementor-element-populated\">\n<div class=\"elementor-element elementor-element-19118fd7 elementor-widget elementor-widget-heading\" data-id=\"19118fd7\" data-element_type=\"widget\" data-widget_type=\"heading.default\">\n<div class=\"elementor-widget-container\">\n<div class=\"elementor-column elementor-col-50 elementor-top-column elementor-element elementor-element-263f143b\" data-id=\"263f143b\" data-element_type=\"column\">\n<div class=\"elementor-widget-wrap elementor-element-populated\">\n<div class=\"elementor-element elementor-element-19118fd7 elementor-widget elementor-widget-heading\" data-id=\"19118fd7\" data-element_type=\"widget\" data-widget_type=\"heading.default\">\n<div class=\"elementor-widget-container\">\n<div class=\"elementor-column elementor-col-50 elementor-top-column elementor-element elementor-element-263f143b\" data-id=\"263f143b\" data-element_type=\"column\">\n<div class=\"elementor-widget-wrap elementor-element-populated\">\n<div class=\"elementor-element elementor-element-19118fd7 elementor-widget elementor-widget-heading\" data-id=\"19118fd7\" data-element_type=\"widget\" data-widget_type=\"heading.default\">\n<div class=\"elementor-widget-container\">\n<div class=\"elementor-column elementor-col-50 elementor-top-column elementor-element elementor-element-263f143b\" data-id=\"263f143b\" data-element_type=\"column\">\n<div class=\"elementor-widget-wrap elementor-element-populated\">\n<div class=\"elementor-element elementor-element-19118fd7 elementor-widget elementor-widget-heading\" data-id=\"19118fd7\" data-element_type=\"widget\" data-widget_type=\"heading.default\">\n<div class=\"elementor-widget-container\">\n<div class=\"elementor-column elementor-col-50 elementor-top-column elementor-element elementor-element-263f143b\" data-id=\"263f143b\" data-element_type=\"column\">\n<div class=\"elementor-widget-wrap elementor-element-populated\">\n<div class=\"elementor-element elementor-element-19118fd7 elementor-widget elementor-widget-heading\" data-id=\"19118fd7\" data-element_type=\"widget\" data-widget_type=\"heading.default\">\n<div class=\"elementor-widget-container\">\n<div class=\"elementor-column elementor-col-50 elementor-top-column elementor-element elementor-element-263f143b\" data-id=\"263f143b\" data-element_type=\"column\">\n<div class=\"elementor-widget-wrap elementor-element-populated\">\n<div class=\"elementor-element elementor-element-19118fd7 elementor-widget elementor-widget-heading\" data-id=\"19118fd7\" data-element_type=\"widget\" data-widget_type=\"heading.default\">\n<div class=\"elementor-widget-container\"><\/div>\n<\/div>\n<\/div>\n<\/div>\n<\/div>\n<\/div>\n<\/div>\n<\/div>\n<\/div>\n<\/div>\n<\/div>\n<\/div>\n<\/div>\n<\/div>\n<\/div>\n<\/div>\n<\/div>\n<\/div>\n<\/div>\n<\/div>\n<\/div>\n<\/div>\n<\/div>\n<\/div>\n<\/div>\n<\/div>\n<\/div>\n<\/div>\n<\/div>\n<\/div>\n<\/div>\n<\/div>\n<\/div>\n<\/div>\n<\/div>\n<\/div>\n<\/div>\n<\/div>\n<\/div>\n<\/div>\n<\/div>\n<\/div>\n<\/div>\n<\/div>\n<\/div>\n<\/div>\n<\/div>\n<\/div>\n<\/div>\n<\/div>\n<\/div>\n<\/div>\n<\/div>\n<\/div>\n<\/div>\n<\/div>\n<\/div>\n<\/div>\n<\/div>\n<\/div>\n<\/div>\n<\/div>\n<\/div>\n<\/div>\n<\/div>\n<\/div>\n<\/div>\n<\/div>\n<\/div>\n<\/div>\n<\/div>\n<\/div>\n<\/div>\n<\/div>\n<div class='share-to-whatsapp-wrapper'><div class='share-on-whsp'>Share on: <\/div><a data-text='C\u00e2mara Municipal realiza sess\u00e3o especial em homenagem aos catadores e catadoras de reciclagem' data-link='https:\/\/newsinfoco.com.br\/inicio\/camara-municipal-realiza-sessao-especial-em-homenagem-aos-catadores-e-catadoras-de-reciclagem\/' class='whatsapp-button whatsapp-share'>WhatsApp<\/a><div class='clear '><\/div><\/div>","protected":false},"excerpt":{"rendered":"<p>A C\u00e2mara Municipal realizou, na tarde desta ter\u00e7a-feira (25), sess\u00e3o especial em homenagem aos catadores e catadoras de reciclagem, proposta pelos vereadores Cleto da Banana e Gleyser Soares, como forma de reconhecer o papel essencial desses trabalhadores para a sustentabilidade, a sa\u00fade p\u00fablica e o cuidado com o meio ambiente. Em seu pronunciamento inicial, o [&hellip;]<\/p>\n","protected":false},"author":1,"featured_media":47909,"comment_status":"closed","ping_status":"closed","sticky":false,"template":"","format":"standard","meta":{"om_disable_all_campaigns":false,"_exactmetrics_skip_tracking":false,"_exactmetrics_sitenote_active":false,"_exactmetrics_sitenote_note":"","_exactmetrics_sitenote_category":0,"footnotes":""},"categories":[19],"tags":[],"class_list":["post-47908","post","type-post","status-publish","format-standard","has-post-thumbnail","hentry","category-bahia"],"aioseo_notices":[],"_links":{"self":[{"href":"https:\/\/newsinfoco.com.br\/inicio\/wp-json\/wp\/v2\/posts\/47908","targetHints":{"allow":["GET"]}}],"collection":[{"href":"https:\/\/newsinfoco.com.br\/inicio\/wp-json\/wp\/v2\/posts"}],"about":[{"href":"https:\/\/newsinfoco.com.br\/inicio\/wp-json\/wp\/v2\/types\/post"}],"author":[{"embeddable":true,"href":"https:\/\/newsinfoco.com.br\/inicio\/wp-json\/wp\/v2\/users\/1"}],"replies":[{"embeddable":true,"href":"https:\/\/newsinfoco.com.br\/inicio\/wp-json\/wp\/v2\/comments?post=47908"}],"version-history":[{"count":1,"href":"https:\/\/newsinfoco.com.br\/inicio\/wp-json\/wp\/v2\/posts\/47908\/revisions"}],"predecessor-version":[{"id":47910,"href":"https:\/\/newsinfoco.com.br\/inicio\/wp-json\/wp\/v2\/posts\/47908\/revisions\/47910"}],"wp:featuredmedia":[{"embeddable":true,"href":"https:\/\/newsinfoco.com.br\/inicio\/wp-json\/wp\/v2\/media\/47909"}],"wp:attachment":[{"href":"https:\/\/newsinfoco.com.br\/inicio\/wp-json\/wp\/v2\/media?parent=47908"}],"wp:term":[{"taxonomy":"category","embeddable":true,"href":"https:\/\/newsinfoco.com.br\/inicio\/wp-json\/wp\/v2\/categories?post=47908"},{"taxonomy":"post_tag","embeddable":true,"href":"https:\/\/newsinfoco.com.br\/inicio\/wp-json\/wp\/v2\/tags?post=47908"}],"curies":[{"name":"wp","href":"https:\/\/api.w.org\/{rel}","templated":true}]}}